{"id":180721,"date":"2026-01-29T07:25:47","date_gmt":"2026-01-29T10:25:47","guid":{"rendered":"https:\/\/portaltela.pt\/noticias\/2026\/01\/29\/famalicao-sorteia-em-abril-as-primeiras-habitacoes-para-arrendamento-acessivel\/"},"modified":"2026-01-29T07:25:47","modified_gmt":"2026-01-29T10:25:47","slug":"famalicao-sorteia-em-abril-as-primeiras-habitacoes-para-arrendamento-acessivel","status":"publish","type":"post","link":"https:\/\/portaltela.pt\/noticias\/2026\/01\/29\/famalicao-sorteia-em-abril-as-primeiras-habitacoes-para-arrendamento-acessivel\/","title":{"rendered":"Famalic\u00e3o sorteia em abril as primeiras habita\u00e7\u00f5es para arrendamento acess\u00edvel"},"content":{"rendered":"<p>O presidente da C\u00e2mara Municipal de Vila Nova de Famalic\u00e3o, M\u00e1rio Passos, anunciou que o primeiro sorteio para atribui\u00e7\u00e3o de habita\u00e7\u00f5es em regime de arrendamento acess\u00edvel ocorre j\u00e1 em abril. A not\u00edcia surgiu no final de uma sess\u00e3o dedicada \u00e0 Habita\u00e7\u00e3o, ap\u00f3s acompanhar o andamento das obras de novos fogos em v\u00e1rias \u00e1reas do concelho.<\/p>\n<p>Durante a visita, o autarca salientou o cumprimento dos prazos de conclus\u00e3o das obras. Em Telhado, Castel\u00f5es, Del\u00e3es e Oliveira Santa Maria est\u00e3o em curso 117 fogos, num total de mais de 200 unidades enquadradas no programa 1\u00ba Direito, com investimento de 27 milh\u00f5es de euros cofinanciado pelo PRR.<\/p>\n<p>As inscri\u00e7\u00f5es para os sorteios decorrem online em viver.famalicao.pt ou presencialmente, mediante marca\u00e7\u00e3o na Divis\u00e3o de Habita\u00e7\u00e3o. O munic\u00edpio indica que cerca de 170 agregados familiares j\u00e1 reunem elegibilidade para participar.<\/p>\n<h3>Elegibilidade e candidaturas<\/h3>\n<p>Entre os crit\u00e9rios est\u00e3o resid\u00eancia no concelho h\u00e1 pelo menos 3 anos, situa\u00e7\u00e3o de indignidade habitacional e situa\u00e7\u00e3o profissional (empregado ou reformado\/pensionista). A inscri\u00e7\u00e3o \u00e9 obrigat\u00f3ria para concorrer aos fogos do programa 1\u00ba Direito, cuja lista de crit\u00e9rios est\u00e1 dispon\u00edvel no portal.<\/p>\n","protected":false},"excerpt":{"rendered":"<ul>\n<li>O presidente da C\u00e2mara de Vila Nova de Famalic\u00e3o, M\u00e1rio Passos, anunciou que o primeiro sorteio para habita\u00e7\u00f5es de arrendamento acess\u00edvel dever\u00e1 ocorrer em abril.<\/li>\n<li>A visita aos locais de Telhado, Castel\u00f5es, Del\u00e3es e Oliveira Santa Maria revelou que 117 das mais de 200 habita\u00e7\u00f5es em constru\u00e7\u00e3o integram o programa 1\u00ba Direito, com um investimento de 27 milh\u00f5es de euros cofinanciado pelo PRR.<\/li>\n<li>O objetivo \u00e9 entregar as primeiras dezenas de habita\u00e7\u00f5es atrav\u00e9s do sorteio, numa iniciativa de arrendamento acess\u00edvel para fam\u00edlias do concelho.<\/li>\n<li>Est\u00e3o eleg\u00edveis para os sorteios cerca de 170 agregados familiares, com inscri\u00e7\u00f5es obrigat\u00f3rias para quem pretenda candidatar-se.<\/li>\n<li>As candidaturas podem ser feitas online, no portal viver.famalicao.pt, ou presencialmente, mediante marca\u00e7\u00e3o na Divis\u00e3o de Habita\u00e7\u00e3o, com os crit\u00e9rios de elegibilidade j\u00e1 dispon\u00edveis no portal.<\/li>\n<\/ul>\n","protected":false},"author":2,"featured_media":180741,"comment_status":"closed","ping_status":"closed","sticky":false,"template":"","format":"standard","meta":{"footnotes":""},"categories":[1],"tags":[4648,3014,2531,150,1167,2817],"class_list":["post-180721","post","type-post","status-publish","format-standard","has-post-thumbnail","hentry","category-noticias","tag-1o-direito","tag-arrendamento","tag-arrendamentos","tag-habitacao","tag-habitacao-social","tag-habitacoes"],"yoast_head":"<!-- This site is optimized with the Yoast SEO plugin v27.2 - https:\/\/yoast.com\/product\/yoast-seo-wordpress\/ -->\n<title>Famalic\u00e3o sorteia em abril as primeiras habita\u00e7\u00f5es para arrendamento acess\u00edvel - Portal Tela Portugal<\/title>\n<meta name=\"robots\" content=\"index, follow, max-snippet:-1, max-image-preview:large, max-video-preview:-1\" \/>\n<meta property=\"og:locale\" content=\"pt_PT\" \/>\n<meta property=\"og:type\" content=\"article\" \/>\n<meta property=\"og:title\" content=\"Famalic\u00e3o sorteia em abril as primeiras habita\u00e7\u00f5es para arrendamento acess\u00edvel - Portal Tela Portugal\" \/>\n<meta property=\"og:description\" content=\"O presidente da C\u00e2mara de Vila Nova de Famalic\u00e3o, M\u00e1rio Passos, anunciou que o primeiro sorteio para habita\u00e7\u00f5es de arrendamento acess\u00edvel dever\u00e1 ocorrer em abril. A visita aos locais de Telhado, Castel\u00f5es, Del\u00e3es e Oliveira Santa Maria revelou que 117 das mais de 200 habita\u00e7\u00f5es em constru\u00e7\u00e3o integram o programa 1\u00ba Direito, com um investimento de 27 milh\u00f5es de euros cofinanciado pelo PRR. O objetivo \u00e9 entregar as primeiras dezenas de habita\u00e7\u00f5es atrav\u00e9s do sorteio, numa iniciativa de arrendamento acess\u00edvel para fam\u00edlias do concelho. Est\u00e3o eleg\u00edveis para os sorteios cerca de 170 agregados familiares, com inscri\u00e7\u00f5es obrigat\u00f3rias para quem pretenda candidatar-se. As candidaturas podem ser feitas online, no portal viver.famalicao.pt, ou presencialmente, mediante marca\u00e7\u00e3o na Divis\u00e3o de Habita\u00e7\u00e3o, com os crit\u00e9rios de elegibilidade j\u00e1 dispon\u00edveis no portal.\" \/>\n<meta property=\"og:url\" content=\"https:\/\/portaltela.pt\/noticias\/2026\/01\/29\/famalicao-sorteia-em-abril-as-primeiras-habitacoes-para-arrendamento-acessivel\/\" \/>\n<meta property=\"og:site_name\" content=\"Portal Tela Portugal\" \/>\n<meta property=\"article:published_time\" content=\"2026-01-29T10:25:47+00:00\" \/>\n<meta name=\"author\" content=\"Telinha\" \/>\n<meta name=\"twitter:card\" content=\"summary_large_image\" \/>\n<meta name=\"twitter:label1\" content=\"Escrito por\" \/>\n\t<meta name=\"twitter:data1\" content=\"Telinha\" \/>\n\t<meta name=\"twitter:label2\" content=\"Tempo estimado de leitura\" \/>\n\t<meta name=\"twitter:data2\" content=\"1 minuto\" \/>\n<script type=\"application\/ld+json\" class=\"yoast-schema-graph\">{\"@context\":\"https:\/\/schema.org\",\"@graph\":[{\"@type\":\"Article\",\"@id\":\"https:\/\/portaltela.pt\/noticias\/2026\/01\/29\/famalicao-sorteia-em-abril-as-primeiras-habitacoes-para-arrendamento-acessivel\/#article\",\"isPartOf\":{\"@id\":\"https:\/\/portaltela.pt\/noticias\/2026\/01\/29\/famalicao-sorteia-em-abril-as-primeiras-habitacoes-para-arrendamento-acessivel\/\"},\"author\":{\"name\":\"Telinha\",\"@id\":\"https:\/\/portaltela.pt\/#\/schema\/person\/c4278d4a6028830caff9ee44b42d32ed\"},\"headline\":\"Famalic\u00e3o sorteia em abril as primeiras habita\u00e7\u00f5es para arrendamento acess\u00edvel\",\"datePublished\":\"2026-01-29T10:25:47+00:00\",\"mainEntityOfPage\":{\"@id\":\"https:\/\/portaltela.pt\/noticias\/2026\/01\/29\/famalicao-sorteia-em-abril-as-primeiras-habitacoes-para-arrendamento-acessivel\/\"},\"wordCount\":217,\"image\":{\"@id\":\"https:\/\/portaltela.pt\/noticias\/2026\/01\/29\/famalicao-sorteia-em-abril-as-primeiras-habitacoes-para-arrendamento-acessivel\/#primaryimage\"},\"thumbnailUrl\":\"https:\/\/portaltela.pt\/s.01k8rhncp4jt1\/2026\/01\/unnamed-file-5753.jpg\",\"keywords\":[\"1\u00ba Direito\",\"arrendamento\",\"arrendamentos\",\"habita\u00e7\u00e3o\",\"habita\u00e7\u00e3o social\",\"habita\u00e7\u00f5es\"],\"articleSection\":[\"Not\u00edcias\"],\"inLanguage\":\"pt-PT\"},{\"@type\":\"WebPage\",\"@id\":\"https:\/\/portaltela.pt\/noticias\/2026\/01\/29\/famalicao-sorteia-em-abril-as-primeiras-habitacoes-para-arrendamento-acessivel\/\",\"url\":\"https:\/\/portaltela.pt\/noticias\/2026\/01\/29\/famalicao-sorteia-em-abril-as-primeiras-habitacoes-para-arrendamento-acessivel\/\",\"name\":\"Famalic\u00e3o sorteia em abril as primeiras habita\u00e7\u00f5es para arrendamento acess\u00edvel - Portal Tela Portugal\",\"isPartOf\":{\"@id\":\"https:\/\/portaltela.pt\/#website\"},\"primaryImageOfPage\":{\"@id\":\"https:\/\/portaltela.pt\/noticias\/2026\/01\/29\/famalicao-sorteia-em-abril-as-primeiras-habitacoes-para-arrendamento-acessivel\/#primaryimage\"},\"image\":{\"@id\":\"https:\/\/portaltela.pt\/noticias\/2026\/01\/29\/famalicao-sorteia-em-abril-as-primeiras-habitacoes-para-arrendamento-acessivel\/#primaryimage\"},\"thumbnailUrl\":\"https:\/\/portaltela.pt\/s.01k8rhncp4jt1\/2026\/01\/unnamed-file-5753.jpg\",\"datePublished\":\"2026-01-29T10:25:47+00:00\",\"author\":{\"@id\":\"https:\/\/portaltela.pt\/#\/schema\/person\/c4278d4a6028830caff9ee44b42d32ed\"},\"breadcrumb\":{\"@id\":\"https:\/\/portaltela.pt\/noticias\/2026\/01\/29\/famalicao-sorteia-em-abril-as-primeiras-habitacoes-para-arrendamento-acessivel\/#breadcrumb\"},\"inLanguage\":\"pt-PT\",\"potentialAction\":[{\"@type\":\"ReadAction\",\"target\":[\"https:\/\/portaltela.pt\/noticias\/2026\/01\/29\/famalicao-sorteia-em-abril-as-primeiras-habitacoes-para-arrendamento-acessivel\/\"]}]},{\"@type\":\"ImageObject\",\"inLanguage\":\"pt-PT\",\"@id\":\"https:\/\/portaltela.pt\/noticias\/2026\/01\/29\/famalicao-sorteia-em-abril-as-primeiras-habitacoes-para-arrendamento-acessivel\/#primaryimage\",\"url\":\"https:\/\/portaltela.pt\/s.01k8rhncp4jt1\/2026\/01\/unnamed-file-5753.jpg\",\"contentUrl\":\"https:\/\/portaltela.pt\/s.01k8rhncp4jt1\/2026\/01\/unnamed-file-5753.jpg\",\"width\":796,\"height\":448,\"caption\":\"Famalic\u00e3o sorteia em abril primeiras habita\u00e7\u00f5es para arrendamento acess\u00edvel\"},{\"@type\":\"BreadcrumbList\",\"@id\":\"https:\/\/portaltela.pt\/noticias\/2026\/01\/29\/famalicao-sorteia-em-abril-as-primeiras-habitacoes-para-arrendamento-acessivel\/#breadcrumb\",\"itemListElement\":[{\"@type\":\"ListItem\",\"position\":1,\"name\":\"In\u00edcio\",\"item\":\"https:\/\/portaltela.pt\/\"},{\"@type\":\"ListItem\",\"position\":2,\"name\":\"Famalic\u00e3o sorteia em abril as primeiras habita\u00e7\u00f5es para arrendamento acess\u00edvel\"}]},{\"@type\":\"WebSite\",\"@id\":\"https:\/\/portaltela.pt\/#website\",\"url\":\"https:\/\/portaltela.pt\/\",\"name\":\"Portal Tela Portugal\",\"description\":\"\",\"potentialAction\":[{\"@type\":\"SearchAction\",\"target\":{\"@type\":\"EntryPoint\",\"urlTemplate\":\"https:\/\/portaltela.pt\/?s={search_term_string}\"},\"query-input\":{\"@type\":\"PropertyValueSpecification\",\"valueRequired\":true,\"valueName\":\"search_term_string\"}}],\"inLanguage\":\"pt-PT\"},{\"@type\":\"Person\",\"@id\":\"https:\/\/portaltela.pt\/#\/schema\/person\/c4278d4a6028830caff9ee44b42d32ed\",\"name\":\"Telinha\",\"image\":{\"@type\":\"ImageObject\",\"inLanguage\":\"pt-PT\",\"@id\":\"https:\/\/portaltela.pt\/s.01k8rhncp4jt1\/2025\/11\/talking-bot-125x125.png\",\"url\":\"https:\/\/portaltela.pt\/s.01k8rhncp4jt1\/2025\/11\/talking-bot-125x125.png\",\"contentUrl\":\"https:\/\/portaltela.pt\/s.01k8rhncp4jt1\/2025\/11\/talking-bot-125x125.png\",\"caption\":\"Telinha\"},\"sameAs\":[\"https:\/\/portaltela.pt\/\"],\"url\":\"https:\/\/portaltela.pt\/por\/367410592786\/\"}]}<\/script>\n<!-- \/ Yoast SEO plugin. -->","yoast_head_json":{"title":"Famalic\u00e3o sorteia em abril as primeiras habita\u00e7\u00f5es para arrendamento acess\u00edvel - Portal Tela Portugal","robots":{"index":"index","follow":"follow","max-snippet":"max-snippet:-1","max-image-preview":"max-image-preview:large","max-video-preview":"max-video-preview:-1"},"og_locale":"pt_PT","og_type":"article","og_title":"Famalic\u00e3o sorteia em abril as primeiras habita\u00e7\u00f5es para arrendamento acess\u00edvel - Portal Tela Portugal","og_description":"O presidente da C\u00e2mara de Vila Nova de Famalic\u00e3o, M\u00e1rio Passos, anunciou que o primeiro sorteio para habita\u00e7\u00f5es de arrendamento acess\u00edvel dever\u00e1 ocorrer em abril. A visita aos locais de Telhado, Castel\u00f5es, Del\u00e3es e Oliveira Santa Maria revelou que 117 das mais de 200 habita\u00e7\u00f5es em constru\u00e7\u00e3o integram o programa 1\u00ba Direito, com um investimento de 27 milh\u00f5es de euros cofinanciado pelo PRR. O objetivo \u00e9 entregar as primeiras dezenas de habita\u00e7\u00f5es atrav\u00e9s do sorteio, numa iniciativa de arrendamento acess\u00edvel para fam\u00edlias do concelho. Est\u00e3o eleg\u00edveis para os sorteios cerca de 170 agregados familiares, com inscri\u00e7\u00f5es obrigat\u00f3rias para quem pretenda candidatar-se. As candidaturas podem ser feitas online, no portal viver.famalicao.pt, ou presencialmente, mediante marca\u00e7\u00e3o na Divis\u00e3o de Habita\u00e7\u00e3o, com os crit\u00e9rios de elegibilidade j\u00e1 dispon\u00edveis no portal.","og_url":"https:\/\/portaltela.pt\/noticias\/2026\/01\/29\/famalicao-sorteia-em-abril-as-primeiras-habitacoes-para-arrendamento-acessivel\/","og_site_name":"Portal Tela Portugal","article_published_time":"2026-01-29T10:25:47+00:00","author":"Telinha","twitter_card":"summary_large_image","twitter_misc":{"Escrito por":"Telinha","Tempo estimado de leitura":"1 minuto"},"schema":{"@context":"https:\/\/schema.org","@graph":[{"@type":"Article","@id":"https:\/\/portaltela.pt\/noticias\/2026\/01\/29\/famalicao-sorteia-em-abril-as-primeiras-habitacoes-para-arrendamento-acessivel\/#article","isPartOf":{"@id":"https:\/\/portaltela.pt\/noticias\/2026\/01\/29\/famalicao-sorteia-em-abril-as-primeiras-habitacoes-para-arrendamento-acessivel\/"},"author":{"name":"Telinha","@id":"https:\/\/portaltela.pt\/#\/schema\/person\/c4278d4a6028830caff9ee44b42d32ed"},"headline":"Famalic\u00e3o sorteia em abril as primeiras habita\u00e7\u00f5es para arrendamento acess\u00edvel","datePublished":"2026-01-29T10:25:47+00:00","mainEntityOfPage":{"@id":"https:\/\/portaltela.pt\/noticias\/2026\/01\/29\/famalicao-sorteia-em-abril-as-primeiras-habitacoes-para-arrendamento-acessivel\/"},"wordCount":217,"image":{"@id":"https:\/\/portaltela.pt\/noticias\/2026\/01\/29\/famalicao-sorteia-em-abril-as-primeiras-habitacoes-para-arrendamento-acessivel\/#primaryimage"},"thumbnailUrl":"https:\/\/portaltela.pt\/s.01k8rhncp4jt1\/2026\/01\/unnamed-file-5753.jpg","keywords":["1\u00ba Direito","arrendamento","arrendamentos","habita\u00e7\u00e3o","habita\u00e7\u00e3o social","habita\u00e7\u00f5es"],"articleSection":["Not\u00edcias"],"inLanguage":"pt-PT"},{"@type":"WebPage","@id":"https:\/\/portaltela.pt\/noticias\/2026\/01\/29\/famalicao-sorteia-em-abril-as-primeiras-habitacoes-para-arrendamento-acessivel\/","url":"https:\/\/portaltela.pt\/noticias\/2026\/01\/29\/famalicao-sorteia-em-abril-as-primeiras-habitacoes-para-arrendamento-acessivel\/","name":"Famalic\u00e3o sorteia em abril as primeiras habita\u00e7\u00f5es para arrendamento acess\u00edvel - Portal Tela Portugal","isPartOf":{"@id":"https:\/\/portaltela.pt\/#website"},"primaryImageOfPage":{"@id":"https:\/\/portaltela.pt\/noticias\/2026\/01\/29\/famalicao-sorteia-em-abril-as-primeiras-habitacoes-para-arrendamento-acessivel\/#primaryimage"},"image":{"@id":"https:\/\/portaltela.pt\/noticias\/2026\/01\/29\/famalicao-sorteia-em-abril-as-primeiras-habitacoes-para-arrendamento-acessivel\/#primaryimage"},"thumbnailUrl":"https:\/\/portaltela.pt\/s.01k8rhncp4jt1\/2026\/01\/unnamed-file-5753.jpg","datePublished":"2026-01-29T10:25:47+00:00","author":{"@id":"https:\/\/portaltela.pt\/#\/schema\/person\/c4278d4a6028830caff9ee44b42d32ed"},"breadcrumb":{"@id":"https:\/\/portaltela.pt\/noticias\/2026\/01\/29\/famalicao-sorteia-em-abril-as-primeiras-habitacoes-para-arrendamento-acessivel\/#breadcrumb"},"inLanguage":"pt-PT","potentialAction":[{"@type":"ReadAction","target":["https:\/\/portaltela.pt\/noticias\/2026\/01\/29\/famalicao-sorteia-em-abril-as-primeiras-habitacoes-para-arrendamento-acessivel\/"]}]},{"@type":"ImageObject","inLanguage":"pt-PT","@id":"https:\/\/portaltela.pt\/noticias\/2026\/01\/29\/famalicao-sorteia-em-abril-as-primeiras-habitacoes-para-arrendamento-acessivel\/#primaryimage","url":"https:\/\/portaltela.pt\/s.01k8rhncp4jt1\/2026\/01\/unnamed-file-5753.jpg","contentUrl":"https:\/\/portaltela.pt\/s.01k8rhncp4jt1\/2026\/01\/unnamed-file-5753.jpg","width":796,"height":448,"caption":"Famalic\u00e3o sorteia em abril primeiras habita\u00e7\u00f5es para arrendamento acess\u00edvel"},{"@type":"BreadcrumbList","@id":"https:\/\/portaltela.pt\/noticias\/2026\/01\/29\/famalicao-sorteia-em-abril-as-primeiras-habitacoes-para-arrendamento-acessivel\/#breadcrumb","itemListElement":[{"@type":"ListItem","position":1,"name":"In\u00edcio","item":"https:\/\/portaltela.pt\/"},{"@type":"ListItem","position":2,"name":"Famalic\u00e3o sorteia em abril as primeiras habita\u00e7\u00f5es para arrendamento acess\u00edvel"}]},{"@type":"WebSite","@id":"https:\/\/portaltela.pt\/#website","url":"https:\/\/portaltela.pt\/","name":"Portal Tela Portugal","description":"","potentialAction":[{"@type":"SearchAction","target":{"@type":"EntryPoint","urlTemplate":"https:\/\/portaltela.pt\/?s={search_term_string}"},"query-input":{"@type":"PropertyValueSpecification","valueRequired":true,"valueName":"search_term_string"}}],"inLanguage":"pt-PT"},{"@type":"Person","@id":"https:\/\/portaltela.pt\/#\/schema\/person\/c4278d4a6028830caff9ee44b42d32ed","name":"Telinha","image":{"@type":"ImageObject","inLanguage":"pt-PT","@id":"https:\/\/portaltela.pt\/s.01k8rhncp4jt1\/2025\/11\/talking-bot-125x125.png","url":"https:\/\/portaltela.pt\/s.01k8rhncp4jt1\/2025\/11\/talking-bot-125x125.png","contentUrl":"https:\/\/portaltela.pt\/s.01k8rhncp4jt1\/2025\/11\/talking-bot-125x125.png","caption":"Telinha"},"sameAs":["https:\/\/portaltela.pt\/"],"url":"https:\/\/portaltela.pt\/por\/367410592786\/"}]}},"_links":{"self":[{"href":"https:\/\/portaltela.pt\/api\/wp\/v2\/posts\/180721","targetHints":{"allow":["GET"]}}],"collection":[{"href":"https:\/\/portaltela.pt\/api\/wp\/v2\/posts"}],"about":[{"href":"https:\/\/portaltela.pt\/api\/wp\/v2\/types\/post"}],"author":[{"embeddable":true,"href":"https:\/\/portaltela.pt\/api\/wp\/v2\/users\/2"}],"replies":[{"embeddable":true,"href":"https:\/\/portaltela.pt\/api\/wp\/v2\/comments?post=180721"}],"version-history":[{"count":0,"href":"https:\/\/portaltela.pt\/api\/wp\/v2\/posts\/180721\/revisions"}],"wp:featuredmedia":[{"embeddable":true,"href":"https:\/\/portaltela.pt\/api\/wp\/v2\/media\/180741"}],"wp:attachment":[{"href":"https:\/\/portaltela.pt\/api\/wp\/v2\/media?parent=180721"}],"wp:term":[{"taxonomy":"category","embeddable":true,"href":"https:\/\/portaltela.pt\/api\/wp\/v2\/categories?post=180721"},{"taxonomy":"post_tag","embeddable":true,"href":"https:\/\/portaltela.pt\/api\/wp\/v2\/tags?post=180721"}],"curies":[{"name":"wp","href":"https:\/\/api.w.org\/{rel}","templated":true}]}}