{"id":180713,"date":"2026-01-29T07:43:00","date_gmt":"2026-01-29T10:43:00","guid":{"rendered":"https:\/\/portaltela.pt\/noticias\/2026\/01\/29\/homem-condenado-a-19-anos-por-homicidio-em-belmonte-diante-do-filho\/"},"modified":"2026-01-29T07:43:00","modified_gmt":"2026-01-29T10:43:00","slug":"homem-condenado-a-19-anos-por-homicidio-em-belmonte-diante-do-filho","status":"publish","type":"post","link":"https:\/\/portaltela.pt\/noticias\/2026\/01\/29\/homem-condenado-a-19-anos-por-homicidio-em-belmonte-diante-do-filho\/","title":{"rendered":"Homem condenado a 19 anos por homic\u00eddio em Belmonte, diante do filho"},"content":{"rendered":"<p>Um homem de 39 anos foi condenado a 19 anos e nove meses de pris\u00e3o efetiva pela morte de um homem de 44 anos, ocorrida em outubro de 2024, em Inguias, Belmonte. O veredito foi proferido em 12 de janeiro por um tribunal de j\u00fari.<\/p>\n<p>Segundo o ac\u00f3rd\u00e3o, o r\u00e9u estava acusado de homic\u00eddio qualificado, deten\u00e7\u00e3o de arma proibida e condu\u00e7\u00e3o de ve\u00edculo sem habilita\u00e7\u00e3o legal. O crime ocorreu no dia 30 de outubro de 2024, quando a v\u00edtima se encontrava a trabalhar na casa da ex-companheira do arguido.<\/p>\n<p>O arguido ter\u00e1 ido ao local com uma ca\u00e7adeira e perguntou \u00e0 v\u00edtima quanto lhe devia. Alega que n\u00e3o pretendia matar, apenas intimidar, e que o disparo foi acidental, ap\u00f3s a v\u00edtima agarrar o cano da arma. Mesmo assim, atingiu a v\u00edtima na virilha esquerda e este morreu no local.<\/p>\n<h3>Condena\u00e7\u00e3o e responsabilidades<\/h3>\n<p>O Minist\u00e9rio P\u00fablico sustentou que o arguido previa tirar a vida, dado o local atingido, a letalidade da arma e a rela\u00e7\u00e3o com d\u00edvidas na obra. Al\u00e9m da pena de pris\u00e3o, foi requerida indemniza\u00e7\u00e3o aos familiares da v\u00edtima.<\/p>\n<p>O tribunal determinou o pagamento de 300 mil euros \u00e0 assistente e aos sete filhos da v\u00edtima, a cargo de danos n\u00e3o patrimoniais, rejeitando parte do pedido do pai da v\u00edtima. A v\u00edtima era o sustento de familiares da companheira do condenado e contribu\u00eda para o pai, tamb\u00e9m assistente no processo.<\/p>\n<h3>Contexto e antecedentes<\/h3>\n<p>O arguido geria uma explora\u00e7\u00e3o agr\u00edcola e possu\u00eda um registo criminal com v\u00e1rias condena\u00e7\u00f5es, na sua maioria suspensas, por condu\u00e7\u00e3o sem habilita\u00e7\u00e3o, bem como por ofensas \u00e0 integridade f\u00edsica, coa\u00e7\u00e3o e roubo. Ap\u00f3s o crime, manteve-se foragido durante uma semana antes de se entregar \u00e0 Pol\u00edcia Judici\u00e1ria da Guarda, sendo mantido em pris\u00e3o preventiva at\u00e9 o julgamento em Castelo Branco.<\/p>\n","protected":false},"excerpt":{"rendered":"<ul>\n<li>Condenado a 19 anos e nove meses de pris\u00e3o efetiva pelo homic\u00eddio qualificado de um homem de 44 anos em Inguias, Belmonte, a 30 de outubro de 2024.<\/li>\n<li>V\u00edtima, construtor civil, estava a trabalhar na casa da ex-companheira do arguido quando este, com uma ca\u00e7adeira, disparou na virilha esquerda; a v\u00edtima morreu no local.<\/li>\n<li>O tribunal de j\u00fari considerou o homic\u00eddio qualificado, deten\u00e7\u00e3o de arma proibida e condu\u00e7\u00e3o de ve\u00edculo sem habilita\u00e7\u00e3o legal; o arguido alegou ter pretendido apenas intimidar e que o disparo foi acidental.<\/li>\n<li>O Minist\u00e9rio P\u00fablico entendeu que o arguido previa a morte da v\u00edtima, motivado por d\u00edvidas e atrasos na obra; foi fixado um indemnizat\u00f3rio de 300 mil euros a favor da assistente e dos sete filhos da v\u00edtima.<\/li>\n<li>Ap\u00f3s o crime, o arguido ficou a monte uma semana, entregou-se \u00e0 PJ da Guarda, foi presente a primeiro interrogat\u00f3rio em Castelo Branco e permanece em pris\u00e3o preventiva; possui antecedentes por condu\u00e7\u00e3o sem habilita\u00e7\u00e3o e outras infra\u00e7\u00f5es.<\/li>\n<\/ul>\n","protected":false},"author":2,"featured_media":180738,"comment_status":"closed","ping_status":"closed","sticky":false,"template":"","format":"standard","meta":{"footnotes":""},"categories":[1],"tags":[574,124,1112,4647,1345,52],"class_list":["post-180713","post","type-post","status-publish","format-standard","has-post-thumbnail","hentry","category-noticias","tag-acordao","tag-arma-de-fogo","tag-castelo-branco","tag-conducao-de-veiculo-sem-habilitacao","tag-homicidio","tag-tribunal"],"yoast_head":"<!-- This site is optimized with the Yoast SEO plugin v27.2 - https:\/\/yoast.com\/product\/yoast-seo-wordpress\/ -->\n<title>Homem condenado a 19 anos por homic\u00eddio em Belmonte, diante do filho - Portal Tela Portugal<\/title>\n<meta name=\"robots\" content=\"index, follow, max-snippet:-1, max-image-preview:large, max-video-preview:-1\" \/>\n<meta property=\"og:locale\" content=\"pt_PT\" \/>\n<meta property=\"og:type\" content=\"article\" \/>\n<meta property=\"og:title\" content=\"Homem condenado a 19 anos por homic\u00eddio em Belmonte, diante do filho - Portal Tela Portugal\" \/>\n<meta property=\"og:description\" content=\"Condenado a 19 anos e nove meses de pris\u00e3o efetiva pelo homic\u00eddio qualificado de um homem de 44 anos em Inguias, Belmonte, a 30 de outubro de 2024. V\u00edtima, construtor civil, estava a trabalhar na casa da ex-companheira do arguido quando este, com uma ca\u00e7adeira, disparou na virilha esquerda; a v\u00edtima morreu no local. O tribunal de j\u00fari considerou o homic\u00eddio qualificado, deten\u00e7\u00e3o de arma proibida e condu\u00e7\u00e3o de ve\u00edculo sem habilita\u00e7\u00e3o legal; o arguido alegou ter pretendido apenas intimidar e que o disparo foi acidental. O Minist\u00e9rio P\u00fablico entendeu que o arguido previa a morte da v\u00edtima, motivado por d\u00edvidas e atrasos na obra; foi fixado um indemnizat\u00f3rio de 300 mil euros a favor da assistente e dos sete filhos da v\u00edtima. Ap\u00f3s o crime, o arguido ficou a monte uma semana, entregou-se \u00e0 PJ da Guarda, foi presente a primeiro interrogat\u00f3rio em Castelo Branco e permanece em pris\u00e3o preventiva; possui antecedentes por condu\u00e7\u00e3o sem habilita\u00e7\u00e3o e outras infra\u00e7\u00f5es.\" \/>\n<meta property=\"og:url\" content=\"https:\/\/portaltela.pt\/noticias\/2026\/01\/29\/homem-condenado-a-19-anos-por-homicidio-em-belmonte-diante-do-filho\/\" \/>\n<meta property=\"og:site_name\" content=\"Portal Tela Portugal\" \/>\n<meta property=\"article:published_time\" content=\"2026-01-29T10:43:00+00:00\" \/>\n<meta name=\"author\" content=\"Telinha\" \/>\n<meta name=\"twitter:card\" content=\"summary_large_image\" \/>\n<meta name=\"twitter:label1\" content=\"Escrito por\" \/>\n\t<meta name=\"twitter:data1\" content=\"Telinha\" \/>\n\t<meta name=\"twitter:label2\" content=\"Tempo estimado de leitura\" \/>\n\t<meta name=\"twitter:data2\" content=\"2 minutos\" \/>\n<script type=\"application\/ld+json\" class=\"yoast-schema-graph\">{\"@context\":\"https:\/\/schema.org\",\"@graph\":[{\"@type\":\"Article\",\"@id\":\"https:\/\/portaltela.pt\/noticias\/2026\/01\/29\/homem-condenado-a-19-anos-por-homicidio-em-belmonte-diante-do-filho\/#article\",\"isPartOf\":{\"@id\":\"https:\/\/portaltela.pt\/noticias\/2026\/01\/29\/homem-condenado-a-19-anos-por-homicidio-em-belmonte-diante-do-filho\/\"},\"author\":{\"name\":\"Telinha\",\"@id\":\"https:\/\/portaltela.pt\/#\/schema\/person\/c4278d4a6028830caff9ee44b42d32ed\"},\"headline\":\"Homem condenado a 19 anos por homic\u00eddio em Belmonte, diante do filho\",\"datePublished\":\"2026-01-29T10:43:00+00:00\",\"mainEntityOfPage\":{\"@id\":\"https:\/\/portaltela.pt\/noticias\/2026\/01\/29\/homem-condenado-a-19-anos-por-homicidio-em-belmonte-diante-do-filho\/\"},\"wordCount\":339,\"image\":{\"@id\":\"https:\/\/portaltela.pt\/noticias\/2026\/01\/29\/homem-condenado-a-19-anos-por-homicidio-em-belmonte-diante-do-filho\/#primaryimage\"},\"thumbnailUrl\":\"https:\/\/portaltela.pt\/s.01k8rhncp4jt1\/2026\/01\/img_1500x1000uu2026-01-29-10-43-31-2174698.jpg\",\"keywords\":[\"ac\u00f3rd\u00e3o\",\"arma de fogo\",\"Castelo Branco\",\"condu\u00e7\u00e3o de ve\u00edculo sem habilita\u00e7\u00e3o\",\"homic\u00eddio\",\"tribunal\"],\"articleSection\":[\"Not\u00edcias\"],\"inLanguage\":\"pt-PT\"},{\"@type\":\"WebPage\",\"@id\":\"https:\/\/portaltela.pt\/noticias\/2026\/01\/29\/homem-condenado-a-19-anos-por-homicidio-em-belmonte-diante-do-filho\/\",\"url\":\"https:\/\/portaltela.pt\/noticias\/2026\/01\/29\/homem-condenado-a-19-anos-por-homicidio-em-belmonte-diante-do-filho\/\",\"name\":\"Homem condenado a 19 anos por homic\u00eddio em Belmonte, diante do filho - Portal Tela Portugal\",\"isPartOf\":{\"@id\":\"https:\/\/portaltela.pt\/#website\"},\"primaryImageOfPage\":{\"@id\":\"https:\/\/portaltela.pt\/noticias\/2026\/01\/29\/homem-condenado-a-19-anos-por-homicidio-em-belmonte-diante-do-filho\/#primaryimage\"},\"image\":{\"@id\":\"https:\/\/portaltela.pt\/noticias\/2026\/01\/29\/homem-condenado-a-19-anos-por-homicidio-em-belmonte-diante-do-filho\/#primaryimage\"},\"thumbnailUrl\":\"https:\/\/portaltela.pt\/s.01k8rhncp4jt1\/2026\/01\/img_1500x1000uu2026-01-29-10-43-31-2174698.jpg\",\"datePublished\":\"2026-01-29T10:43:00+00:00\",\"author\":{\"@id\":\"https:\/\/portaltela.pt\/#\/schema\/person\/c4278d4a6028830caff9ee44b42d32ed\"},\"breadcrumb\":{\"@id\":\"https:\/\/portaltela.pt\/noticias\/2026\/01\/29\/homem-condenado-a-19-anos-por-homicidio-em-belmonte-diante-do-filho\/#breadcrumb\"},\"inLanguage\":\"pt-PT\",\"potentialAction\":[{\"@type\":\"ReadAction\",\"target\":[\"https:\/\/portaltela.pt\/noticias\/2026\/01\/29\/homem-condenado-a-19-anos-por-homicidio-em-belmonte-diante-do-filho\/\"]}]},{\"@type\":\"ImageObject\",\"inLanguage\":\"pt-PT\",\"@id\":\"https:\/\/portaltela.pt\/noticias\/2026\/01\/29\/homem-condenado-a-19-anos-por-homicidio-em-belmonte-diante-do-filho\/#primaryimage\",\"url\":\"https:\/\/portaltela.pt\/s.01k8rhncp4jt1\/2026\/01\/img_1500x1000uu2026-01-29-10-43-31-2174698.jpg\",\"contentUrl\":\"https:\/\/portaltela.pt\/s.01k8rhncp4jt1\/2026\/01\/img_1500x1000uu2026-01-29-10-43-31-2174698.jpg\",\"width\":796,\"height\":448,\"caption\":\"Agostinho Calheiros tinha 44 anos\"},{\"@type\":\"BreadcrumbList\",\"@id\":\"https:\/\/portaltela.pt\/noticias\/2026\/01\/29\/homem-condenado-a-19-anos-por-homicidio-em-belmonte-diante-do-filho\/#breadcrumb\",\"itemListElement\":[{\"@type\":\"ListItem\",\"position\":1,\"name\":\"In\u00edcio\",\"item\":\"https:\/\/portaltela.pt\/\"},{\"@type\":\"ListItem\",\"position\":2,\"name\":\"Homem condenado a 19 anos por homic\u00eddio em Belmonte, diante do filho\"}]},{\"@type\":\"WebSite\",\"@id\":\"https:\/\/portaltela.pt\/#website\",\"url\":\"https:\/\/portaltela.pt\/\",\"name\":\"Portal Tela Portugal\",\"description\":\"\",\"potentialAction\":[{\"@type\":\"SearchAction\",\"target\":{\"@type\":\"EntryPoint\",\"urlTemplate\":\"https:\/\/portaltela.pt\/?s={search_term_string}\"},\"query-input\":{\"@type\":\"PropertyValueSpecification\",\"valueRequired\":true,\"valueName\":\"search_term_string\"}}],\"inLanguage\":\"pt-PT\"},{\"@type\":\"Person\",\"@id\":\"https:\/\/portaltela.pt\/#\/schema\/person\/c4278d4a6028830caff9ee44b42d32ed\",\"name\":\"Telinha\",\"image\":{\"@type\":\"ImageObject\",\"inLanguage\":\"pt-PT\",\"@id\":\"https:\/\/portaltela.pt\/s.01k8rhncp4jt1\/2025\/11\/talking-bot-125x125.png\",\"url\":\"https:\/\/portaltela.pt\/s.01k8rhncp4jt1\/2025\/11\/talking-bot-125x125.png\",\"contentUrl\":\"https:\/\/portaltela.pt\/s.01k8rhncp4jt1\/2025\/11\/talking-bot-125x125.png\",\"caption\":\"Telinha\"},\"sameAs\":[\"https:\/\/portaltela.pt\/\"],\"url\":\"https:\/\/portaltela.pt\/por\/367410592786\/\"}]}<\/script>\n<!-- \/ Yoast SEO plugin. -->","yoast_head_json":{"title":"Homem condenado a 19 anos por homic\u00eddio em Belmonte, diante do filho - Portal Tela Portugal","robots":{"index":"index","follow":"follow","max-snippet":"max-snippet:-1","max-image-preview":"max-image-preview:large","max-video-preview":"max-video-preview:-1"},"og_locale":"pt_PT","og_type":"article","og_title":"Homem condenado a 19 anos por homic\u00eddio em Belmonte, diante do filho - Portal Tela Portugal","og_description":"Condenado a 19 anos e nove meses de pris\u00e3o efetiva pelo homic\u00eddio qualificado de um homem de 44 anos em Inguias, Belmonte, a 30 de outubro de 2024. V\u00edtima, construtor civil, estava a trabalhar na casa da ex-companheira do arguido quando este, com uma ca\u00e7adeira, disparou na virilha esquerda; a v\u00edtima morreu no local. O tribunal de j\u00fari considerou o homic\u00eddio qualificado, deten\u00e7\u00e3o de arma proibida e condu\u00e7\u00e3o de ve\u00edculo sem habilita\u00e7\u00e3o legal; o arguido alegou ter pretendido apenas intimidar e que o disparo foi acidental. O Minist\u00e9rio P\u00fablico entendeu que o arguido previa a morte da v\u00edtima, motivado por d\u00edvidas e atrasos na obra; foi fixado um indemnizat\u00f3rio de 300 mil euros a favor da assistente e dos sete filhos da v\u00edtima. Ap\u00f3s o crime, o arguido ficou a monte uma semana, entregou-se \u00e0 PJ da Guarda, foi presente a primeiro interrogat\u00f3rio em Castelo Branco e permanece em pris\u00e3o preventiva; possui antecedentes por condu\u00e7\u00e3o sem habilita\u00e7\u00e3o e outras infra\u00e7\u00f5es.","og_url":"https:\/\/portaltela.pt\/noticias\/2026\/01\/29\/homem-condenado-a-19-anos-por-homicidio-em-belmonte-diante-do-filho\/","og_site_name":"Portal Tela Portugal","article_published_time":"2026-01-29T10:43:00+00:00","author":"Telinha","twitter_card":"summary_large_image","twitter_misc":{"Escrito por":"Telinha","Tempo estimado de leitura":"2 minutos"},"schema":{"@context":"https:\/\/schema.org","@graph":[{"@type":"Article","@id":"https:\/\/portaltela.pt\/noticias\/2026\/01\/29\/homem-condenado-a-19-anos-por-homicidio-em-belmonte-diante-do-filho\/#article","isPartOf":{"@id":"https:\/\/portaltela.pt\/noticias\/2026\/01\/29\/homem-condenado-a-19-anos-por-homicidio-em-belmonte-diante-do-filho\/"},"author":{"name":"Telinha","@id":"https:\/\/portaltela.pt\/#\/schema\/person\/c4278d4a6028830caff9ee44b42d32ed"},"headline":"Homem condenado a 19 anos por homic\u00eddio em Belmonte, diante do filho","datePublished":"2026-01-29T10:43:00+00:00","mainEntityOfPage":{"@id":"https:\/\/portaltela.pt\/noticias\/2026\/01\/29\/homem-condenado-a-19-anos-por-homicidio-em-belmonte-diante-do-filho\/"},"wordCount":339,"image":{"@id":"https:\/\/portaltela.pt\/noticias\/2026\/01\/29\/homem-condenado-a-19-anos-por-homicidio-em-belmonte-diante-do-filho\/#primaryimage"},"thumbnailUrl":"https:\/\/portaltela.pt\/s.01k8rhncp4jt1\/2026\/01\/img_1500x1000uu2026-01-29-10-43-31-2174698.jpg","keywords":["ac\u00f3rd\u00e3o","arma de fogo","Castelo Branco","condu\u00e7\u00e3o de ve\u00edculo sem habilita\u00e7\u00e3o","homic\u00eddio","tribunal"],"articleSection":["Not\u00edcias"],"inLanguage":"pt-PT"},{"@type":"WebPage","@id":"https:\/\/portaltela.pt\/noticias\/2026\/01\/29\/homem-condenado-a-19-anos-por-homicidio-em-belmonte-diante-do-filho\/","url":"https:\/\/portaltela.pt\/noticias\/2026\/01\/29\/homem-condenado-a-19-anos-por-homicidio-em-belmonte-diante-do-filho\/","name":"Homem condenado a 19 anos por homic\u00eddio em Belmonte, diante do filho - Portal Tela Portugal","isPartOf":{"@id":"https:\/\/portaltela.pt\/#website"},"primaryImageOfPage":{"@id":"https:\/\/portaltela.pt\/noticias\/2026\/01\/29\/homem-condenado-a-19-anos-por-homicidio-em-belmonte-diante-do-filho\/#primaryimage"},"image":{"@id":"https:\/\/portaltela.pt\/noticias\/2026\/01\/29\/homem-condenado-a-19-anos-por-homicidio-em-belmonte-diante-do-filho\/#primaryimage"},"thumbnailUrl":"https:\/\/portaltela.pt\/s.01k8rhncp4jt1\/2026\/01\/img_1500x1000uu2026-01-29-10-43-31-2174698.jpg","datePublished":"2026-01-29T10:43:00+00:00","author":{"@id":"https:\/\/portaltela.pt\/#\/schema\/person\/c4278d4a6028830caff9ee44b42d32ed"},"breadcrumb":{"@id":"https:\/\/portaltela.pt\/noticias\/2026\/01\/29\/homem-condenado-a-19-anos-por-homicidio-em-belmonte-diante-do-filho\/#breadcrumb"},"inLanguage":"pt-PT","potentialAction":[{"@type":"ReadAction","target":["https:\/\/portaltela.pt\/noticias\/2026\/01\/29\/homem-condenado-a-19-anos-por-homicidio-em-belmonte-diante-do-filho\/"]}]},{"@type":"ImageObject","inLanguage":"pt-PT","@id":"https:\/\/portaltela.pt\/noticias\/2026\/01\/29\/homem-condenado-a-19-anos-por-homicidio-em-belmonte-diante-do-filho\/#primaryimage","url":"https:\/\/portaltela.pt\/s.01k8rhncp4jt1\/2026\/01\/img_1500x1000uu2026-01-29-10-43-31-2174698.jpg","contentUrl":"https:\/\/portaltela.pt\/s.01k8rhncp4jt1\/2026\/01\/img_1500x1000uu2026-01-29-10-43-31-2174698.jpg","width":796,"height":448,"caption":"Agostinho Calheiros tinha 44 anos"},{"@type":"BreadcrumbList","@id":"https:\/\/portaltela.pt\/noticias\/2026\/01\/29\/homem-condenado-a-19-anos-por-homicidio-em-belmonte-diante-do-filho\/#breadcrumb","itemListElement":[{"@type":"ListItem","position":1,"name":"In\u00edcio","item":"https:\/\/portaltela.pt\/"},{"@type":"ListItem","position":2,"name":"Homem condenado a 19 anos por homic\u00eddio em Belmonte, diante do filho"}]},{"@type":"WebSite","@id":"https:\/\/portaltela.pt\/#website","url":"https:\/\/portaltela.pt\/","name":"Portal Tela Portugal","description":"","potentialAction":[{"@type":"SearchAction","target":{"@type":"EntryPoint","urlTemplate":"https:\/\/portaltela.pt\/?s={search_term_string}"},"query-input":{"@type":"PropertyValueSpecification","valueRequired":true,"valueName":"search_term_string"}}],"inLanguage":"pt-PT"},{"@type":"Person","@id":"https:\/\/portaltela.pt\/#\/schema\/person\/c4278d4a6028830caff9ee44b42d32ed","name":"Telinha","image":{"@type":"ImageObject","inLanguage":"pt-PT","@id":"https:\/\/portaltela.pt\/s.01k8rhncp4jt1\/2025\/11\/talking-bot-125x125.png","url":"https:\/\/portaltela.pt\/s.01k8rhncp4jt1\/2025\/11\/talking-bot-125x125.png","contentUrl":"https:\/\/portaltela.pt\/s.01k8rhncp4jt1\/2025\/11\/talking-bot-125x125.png","caption":"Telinha"},"sameAs":["https:\/\/portaltela.pt\/"],"url":"https:\/\/portaltela.pt\/por\/367410592786\/"}]}},"_links":{"self":[{"href":"https:\/\/portaltela.pt\/api\/wp\/v2\/posts\/180713","targetHints":{"allow":["GET"]}}],"collection":[{"href":"https:\/\/portaltela.pt\/api\/wp\/v2\/posts"}],"about":[{"href":"https:\/\/portaltela.pt\/api\/wp\/v2\/types\/post"}],"author":[{"embeddable":true,"href":"https:\/\/portaltela.pt\/api\/wp\/v2\/users\/2"}],"replies":[{"embeddable":true,"href":"https:\/\/portaltela.pt\/api\/wp\/v2\/comments?post=180713"}],"version-history":[{"count":0,"href":"https:\/\/portaltela.pt\/api\/wp\/v2\/posts\/180713\/revisions"}],"wp:featuredmedia":[{"embeddable":true,"href":"https:\/\/portaltela.pt\/api\/wp\/v2\/media\/180738"}],"wp:attachment":[{"href":"https:\/\/portaltela.pt\/api\/wp\/v2\/media?parent=180713"}],"wp:term":[{"taxonomy":"category","embeddable":true,"href":"https:\/\/portaltela.pt\/api\/wp\/v2\/categories?post=180713"},{"taxonomy":"post_tag","embeddable":true,"href":"https:\/\/portaltela.pt\/api\/wp\/v2\/tags?post=180713"}],"curies":[{"name":"wp","href":"https:\/\/api.w.org\/{rel}","templated":true}]}}