{"id":180699,"date":"2026-01-29T07:30:00","date_gmt":"2026-01-29T10:30:00","guid":{"rendered":"https:\/\/portaltela.pt\/noticias\/2026\/01\/29\/camara-e-deco-mantem-protocolo-de-colaboracao-em-viana-do-alentejo-este-ano\/"},"modified":"2026-01-29T07:30:00","modified_gmt":"2026-01-29T10:30:00","slug":"camara-e-deco-mantem-protocolo-de-colaboracao-em-viana-do-alentejo-este-ano","status":"publish","type":"post","link":"https:\/\/portaltela.pt\/noticias\/2026\/01\/29\/camara-e-deco-mantem-protocolo-de-colaboracao-em-viana-do-alentejo-este-ano\/","title":{"rendered":"C\u00e2mara e DECO mant\u00eam protocolo de colabora\u00e7\u00e3o em Viana do Alentejo este ano"},"content":{"rendered":"<p>A C\u00e2mara de Viana do Alentejo e a DECO \u2013 Associa\u00e7\u00e3o Portuguesa para a Defesa do Consumidor mant\u00eam, este ano, o protocolo de coopera\u00e7\u00e3o que assegura atendimento gratuito ao consumidor no concelho. A parceria foi assinada pela primeira vez em 2012.<\/p>\n<p>Em comunicado, a autarquia explica que a DECO presta um conjunto alargado de servi\u00e7os, incluindo sess\u00f5es gratuitas de atendimento jur\u00eddico para consumidores em mat\u00e9ria de consumo, endividamento e resolu\u00e7\u00e3o de conflitos.<\/p>\n<p>O objetivo \u00e9 informar, aconselhar e assegurar apoio jur\u00eddico aos consumidores. S\u00e3o ainda dinamizadas sess\u00f5es de esclarecimento e workshops sobre literacia financeira e educa\u00e7\u00e3o para o consumo.<\/p>\n<h3>Sess\u00f5es e temas<\/h3>\n<p>Este ano est\u00e3o agendadas tr\u00eas sess\u00f5es tem\u00e1ticas, com foco em poupan\u00e7a de energia, habita\u00e7\u00e3o e comunica\u00e7\u00e3o. A iniciativa integra a\u00e7\u00f5es de forma\u00e7\u00e3o e orienta\u00e7\u00e3o para o p\u00fablico em geral.<\/p>\n","protected":false},"excerpt":{"rendered":"<ul>\n<li>A C\u00e2mara de Viana do Alentejo e a DECO mant\u00eam, este ano, o protocolo de coopera\u00e7\u00e3o que garante atendimento\/apoio gratuito ao consumidor no concelho.<\/li>\n<li>A parceria, assinada pela primeira vez em dois mil e doze, permite que a DECO preste um conjunto alargado de servi\u00e7os, incluindo sess\u00f5es gratuitas de atendimento jur\u00eddico.<\/li>\n<li>O objetivo \u00e9 informar, aconselhar e assegurar apoio jur\u00eddico aos consumidores sobre os seus direitos em mat\u00e9ria de consumo, sobre-endividamento e resolu\u00e7\u00e3o de conflitos nessas \u00e1reas.<\/li>\n<li>Al\u00e9m disso, s\u00e3o dinamizadas sess\u00f5es de esclarecimento e workshops sobre literacia financeira e educa\u00e7\u00e3o para o consumo, com tr\u00eas sess\u00f5es agendadas este ano sobre poupan\u00e7a de energia, habita\u00e7\u00e3o e comunica\u00e7\u00e3o.<\/li>\n<li>A iniciativa refor\u00e7a o apoio ao consumidor local atrav\u00e9s de atividades de orienta\u00e7\u00e3o jur\u00eddica e forma\u00e7\u00e3o em temas relevantes para a comunidade.<\/li>\n<\/ul>\n","protected":false},"author":2,"featured_media":180734,"comment_status":"closed","ping_status":"closed","sticky":false,"template":"","format":"standard","meta":{"footnotes":""},"categories":[1],"tags":[2040,163,174,150,195,4649],"class_list":["post-180699","post","type-post","status-publish","format-standard","has-post-thumbnail","hentry","category-noticias","tag-deco","tag-educacao","tag-energia","tag-habitacao","tag-informacao","tag-literacia-financeira"],"yoast_head":"<!-- This site is optimized with the Yoast SEO plugin v27.2 - https:\/\/yoast.com\/product\/yoast-seo-wordpress\/ -->\n<title>C\u00e2mara e DECO mant\u00eam protocolo de colabora\u00e7\u00e3o em Viana do Alentejo este ano - Portal Tela Portugal<\/title>\n<meta name=\"robots\" content=\"index, follow, max-snippet:-1, max-image-preview:large, max-video-preview:-1\" \/>\n<meta property=\"og:locale\" content=\"pt_PT\" \/>\n<meta property=\"og:type\" content=\"article\" \/>\n<meta property=\"og:title\" content=\"C\u00e2mara e DECO mant\u00eam protocolo de colabora\u00e7\u00e3o em Viana do Alentejo este ano - Portal Tela Portugal\" \/>\n<meta property=\"og:description\" content=\"A C\u00e2mara de Viana do Alentejo e a DECO mant\u00eam, este ano, o protocolo de coopera\u00e7\u00e3o que garante atendimento\/apoio gratuito ao consumidor no concelho. A parceria, assinada pela primeira vez em dois mil e doze, permite que a DECO preste um conjunto alargado de servi\u00e7os, incluindo sess\u00f5es gratuitas de atendimento jur\u00eddico. O objetivo \u00e9 informar, aconselhar e assegurar apoio jur\u00eddico aos consumidores sobre os seus direitos em mat\u00e9ria de consumo, sobre-endividamento e resolu\u00e7\u00e3o de conflitos nessas \u00e1reas. Al\u00e9m disso, s\u00e3o dinamizadas sess\u00f5es de esclarecimento e workshops sobre literacia financeira e educa\u00e7\u00e3o para o consumo, com tr\u00eas sess\u00f5es agendadas este ano sobre poupan\u00e7a de energia, habita\u00e7\u00e3o e comunica\u00e7\u00e3o. A iniciativa refor\u00e7a o apoio ao consumidor local atrav\u00e9s de atividades de orienta\u00e7\u00e3o jur\u00eddica e forma\u00e7\u00e3o em temas relevantes para a comunidade.\" \/>\n<meta property=\"og:url\" content=\"https:\/\/portaltela.pt\/noticias\/2026\/01\/29\/camara-e-deco-mantem-protocolo-de-colaboracao-em-viana-do-alentejo-este-ano\/\" \/>\n<meta property=\"og:site_name\" content=\"Portal Tela Portugal\" \/>\n<meta property=\"article:published_time\" content=\"2026-01-29T10:30:00+00:00\" \/>\n<meta name=\"author\" content=\"Telinha\" \/>\n<meta name=\"twitter:card\" content=\"summary_large_image\" \/>\n<meta name=\"twitter:label1\" content=\"Escrito por\" \/>\n\t<meta name=\"twitter:data1\" content=\"Telinha\" \/>\n\t<meta name=\"twitter:label2\" content=\"Tempo estimado de leitura\" \/>\n\t<meta name=\"twitter:data2\" content=\"1 minuto\" \/>\n<script type=\"application\/ld+json\" class=\"yoast-schema-graph\">{\"@context\":\"https:\/\/schema.org\",\"@graph\":[{\"@type\":\"Article\",\"@id\":\"https:\/\/portaltela.pt\/noticias\/2026\/01\/29\/camara-e-deco-mantem-protocolo-de-colaboracao-em-viana-do-alentejo-este-ano\/#article\",\"isPartOf\":{\"@id\":\"https:\/\/portaltela.pt\/noticias\/2026\/01\/29\/camara-e-deco-mantem-protocolo-de-colaboracao-em-viana-do-alentejo-este-ano\/\"},\"author\":{\"name\":\"Telinha\",\"@id\":\"https:\/\/portaltela.pt\/#\/schema\/person\/c4278d4a6028830caff9ee44b42d32ed\"},\"headline\":\"C\u00e2mara e DECO mant\u00eam protocolo de colabora\u00e7\u00e3o em Viana do Alentejo este ano\",\"datePublished\":\"2026-01-29T10:30:00+00:00\",\"mainEntityOfPage\":{\"@id\":\"https:\/\/portaltela.pt\/noticias\/2026\/01\/29\/camara-e-deco-mantem-protocolo-de-colaboracao-em-viana-do-alentejo-este-ano\/\"},\"wordCount\":169,\"image\":{\"@id\":\"https:\/\/portaltela.pt\/noticias\/2026\/01\/29\/camara-e-deco-mantem-protocolo-de-colaboracao-em-viana-do-alentejo-este-ano\/#primaryimage\"},\"thumbnailUrl\":\"https:\/\/portaltela.pt\/s.01k8rhncp4jt1\/2026\/01\/deco_moraBC3I3574-Copy.jpg\",\"keywords\":[\"Deco\",\"educa\u00e7\u00e3o\",\"energia\",\"habita\u00e7\u00e3o\",\"informa\u00e7\u00e3o\",\"literacia financeira\"],\"articleSection\":[\"Not\u00edcias\"],\"inLanguage\":\"pt-PT\"},{\"@type\":\"WebPage\",\"@id\":\"https:\/\/portaltela.pt\/noticias\/2026\/01\/29\/camara-e-deco-mantem-protocolo-de-colaboracao-em-viana-do-alentejo-este-ano\/\",\"url\":\"https:\/\/portaltela.pt\/noticias\/2026\/01\/29\/camara-e-deco-mantem-protocolo-de-colaboracao-em-viana-do-alentejo-este-ano\/\",\"name\":\"C\u00e2mara e DECO mant\u00eam protocolo de colabora\u00e7\u00e3o em Viana do Alentejo este ano - Portal Tela Portugal\",\"isPartOf\":{\"@id\":\"https:\/\/portaltela.pt\/#website\"},\"primaryImageOfPage\":{\"@id\":\"https:\/\/portaltela.pt\/noticias\/2026\/01\/29\/camara-e-deco-mantem-protocolo-de-colaboracao-em-viana-do-alentejo-este-ano\/#primaryimage\"},\"image\":{\"@id\":\"https:\/\/portaltela.pt\/noticias\/2026\/01\/29\/camara-e-deco-mantem-protocolo-de-colaboracao-em-viana-do-alentejo-este-ano\/#primaryimage\"},\"thumbnailUrl\":\"https:\/\/portaltela.pt\/s.01k8rhncp4jt1\/2026\/01\/deco_moraBC3I3574-Copy.jpg\",\"datePublished\":\"2026-01-29T10:30:00+00:00\",\"author\":{\"@id\":\"https:\/\/portaltela.pt\/#\/schema\/person\/c4278d4a6028830caff9ee44b42d32ed\"},\"breadcrumb\":{\"@id\":\"https:\/\/portaltela.pt\/noticias\/2026\/01\/29\/camara-e-deco-mantem-protocolo-de-colaboracao-em-viana-do-alentejo-este-ano\/#breadcrumb\"},\"inLanguage\":\"pt-PT\",\"potentialAction\":[{\"@type\":\"ReadAction\",\"target\":[\"https:\/\/portaltela.pt\/noticias\/2026\/01\/29\/camara-e-deco-mantem-protocolo-de-colaboracao-em-viana-do-alentejo-este-ano\/\"]}]},{\"@type\":\"ImageObject\",\"inLanguage\":\"pt-PT\",\"@id\":\"https:\/\/portaltela.pt\/noticias\/2026\/01\/29\/camara-e-deco-mantem-protocolo-de-colaboracao-em-viana-do-alentejo-este-ano\/#primaryimage\",\"url\":\"https:\/\/portaltela.pt\/s.01k8rhncp4jt1\/2026\/01\/deco_moraBC3I3574-Copy.jpg\",\"contentUrl\":\"https:\/\/portaltela.pt\/s.01k8rhncp4jt1\/2026\/01\/deco_moraBC3I3574-Copy.jpg\",\"width\":796,\"height\":448,\"caption\":\"Alentejo Litoral: DECO refor\u00e7a apoio aos mun\u00edcipes na \u00e1rea da energia e habita\u00e7\u00e3o\"},{\"@type\":\"BreadcrumbList\",\"@id\":\"https:\/\/portaltela.pt\/noticias\/2026\/01\/29\/camara-e-deco-mantem-protocolo-de-colaboracao-em-viana-do-alentejo-este-ano\/#breadcrumb\",\"itemListElement\":[{\"@type\":\"ListItem\",\"position\":1,\"name\":\"In\u00edcio\",\"item\":\"https:\/\/portaltela.pt\/\"},{\"@type\":\"ListItem\",\"position\":2,\"name\":\"C\u00e2mara e DECO mant\u00eam protocolo de colabora\u00e7\u00e3o em Viana do Alentejo este ano\"}]},{\"@type\":\"WebSite\",\"@id\":\"https:\/\/portaltela.pt\/#website\",\"url\":\"https:\/\/portaltela.pt\/\",\"name\":\"Portal Tela Portugal\",\"description\":\"\",\"potentialAction\":[{\"@type\":\"SearchAction\",\"target\":{\"@type\":\"EntryPoint\",\"urlTemplate\":\"https:\/\/portaltela.pt\/?s={search_term_string}\"},\"query-input\":{\"@type\":\"PropertyValueSpecification\",\"valueRequired\":true,\"valueName\":\"search_term_string\"}}],\"inLanguage\":\"pt-PT\"},{\"@type\":\"Person\",\"@id\":\"https:\/\/portaltela.pt\/#\/schema\/person\/c4278d4a6028830caff9ee44b42d32ed\",\"name\":\"Telinha\",\"image\":{\"@type\":\"ImageObject\",\"inLanguage\":\"pt-PT\",\"@id\":\"https:\/\/portaltela.pt\/s.01k8rhncp4jt1\/2025\/11\/talking-bot-125x125.png\",\"url\":\"https:\/\/portaltela.pt\/s.01k8rhncp4jt1\/2025\/11\/talking-bot-125x125.png\",\"contentUrl\":\"https:\/\/portaltela.pt\/s.01k8rhncp4jt1\/2025\/11\/talking-bot-125x125.png\",\"caption\":\"Telinha\"},\"sameAs\":[\"https:\/\/portaltela.pt\/\"],\"url\":\"https:\/\/portaltela.pt\/por\/367410592786\/\"}]}<\/script>\n<!-- \/ Yoast SEO plugin. -->","yoast_head_json":{"title":"C\u00e2mara e DECO mant\u00eam protocolo de colabora\u00e7\u00e3o em Viana do Alentejo este ano - Portal Tela Portugal","robots":{"index":"index","follow":"follow","max-snippet":"max-snippet:-1","max-image-preview":"max-image-preview:large","max-video-preview":"max-video-preview:-1"},"og_locale":"pt_PT","og_type":"article","og_title":"C\u00e2mara e DECO mant\u00eam protocolo de colabora\u00e7\u00e3o em Viana do Alentejo este ano - Portal Tela Portugal","og_description":"A C\u00e2mara de Viana do Alentejo e a DECO mant\u00eam, este ano, o protocolo de coopera\u00e7\u00e3o que garante atendimento\/apoio gratuito ao consumidor no concelho. A parceria, assinada pela primeira vez em dois mil e doze, permite que a DECO preste um conjunto alargado de servi\u00e7os, incluindo sess\u00f5es gratuitas de atendimento jur\u00eddico. O objetivo \u00e9 informar, aconselhar e assegurar apoio jur\u00eddico aos consumidores sobre os seus direitos em mat\u00e9ria de consumo, sobre-endividamento e resolu\u00e7\u00e3o de conflitos nessas \u00e1reas. Al\u00e9m disso, s\u00e3o dinamizadas sess\u00f5es de esclarecimento e workshops sobre literacia financeira e educa\u00e7\u00e3o para o consumo, com tr\u00eas sess\u00f5es agendadas este ano sobre poupan\u00e7a de energia, habita\u00e7\u00e3o e comunica\u00e7\u00e3o. A iniciativa refor\u00e7a o apoio ao consumidor local atrav\u00e9s de atividades de orienta\u00e7\u00e3o jur\u00eddica e forma\u00e7\u00e3o em temas relevantes para a comunidade.","og_url":"https:\/\/portaltela.pt\/noticias\/2026\/01\/29\/camara-e-deco-mantem-protocolo-de-colaboracao-em-viana-do-alentejo-este-ano\/","og_site_name":"Portal Tela Portugal","article_published_time":"2026-01-29T10:30:00+00:00","author":"Telinha","twitter_card":"summary_large_image","twitter_misc":{"Escrito por":"Telinha","Tempo estimado de leitura":"1 minuto"},"schema":{"@context":"https:\/\/schema.org","@graph":[{"@type":"Article","@id":"https:\/\/portaltela.pt\/noticias\/2026\/01\/29\/camara-e-deco-mantem-protocolo-de-colaboracao-em-viana-do-alentejo-este-ano\/#article","isPartOf":{"@id":"https:\/\/portaltela.pt\/noticias\/2026\/01\/29\/camara-e-deco-mantem-protocolo-de-colaboracao-em-viana-do-alentejo-este-ano\/"},"author":{"name":"Telinha","@id":"https:\/\/portaltela.pt\/#\/schema\/person\/c4278d4a6028830caff9ee44b42d32ed"},"headline":"C\u00e2mara e DECO mant\u00eam protocolo de colabora\u00e7\u00e3o em Viana do Alentejo este ano","datePublished":"2026-01-29T10:30:00+00:00","mainEntityOfPage":{"@id":"https:\/\/portaltela.pt\/noticias\/2026\/01\/29\/camara-e-deco-mantem-protocolo-de-colaboracao-em-viana-do-alentejo-este-ano\/"},"wordCount":169,"image":{"@id":"https:\/\/portaltela.pt\/noticias\/2026\/01\/29\/camara-e-deco-mantem-protocolo-de-colaboracao-em-viana-do-alentejo-este-ano\/#primaryimage"},"thumbnailUrl":"https:\/\/portaltela.pt\/s.01k8rhncp4jt1\/2026\/01\/deco_moraBC3I3574-Copy.jpg","keywords":["Deco","educa\u00e7\u00e3o","energia","habita\u00e7\u00e3o","informa\u00e7\u00e3o","literacia financeira"],"articleSection":["Not\u00edcias"],"inLanguage":"pt-PT"},{"@type":"WebPage","@id":"https:\/\/portaltela.pt\/noticias\/2026\/01\/29\/camara-e-deco-mantem-protocolo-de-colaboracao-em-viana-do-alentejo-este-ano\/","url":"https:\/\/portaltela.pt\/noticias\/2026\/01\/29\/camara-e-deco-mantem-protocolo-de-colaboracao-em-viana-do-alentejo-este-ano\/","name":"C\u00e2mara e DECO mant\u00eam protocolo de colabora\u00e7\u00e3o em Viana do Alentejo este ano - Portal Tela Portugal","isPartOf":{"@id":"https:\/\/portaltela.pt\/#website"},"primaryImageOfPage":{"@id":"https:\/\/portaltela.pt\/noticias\/2026\/01\/29\/camara-e-deco-mantem-protocolo-de-colaboracao-em-viana-do-alentejo-este-ano\/#primaryimage"},"image":{"@id":"https:\/\/portaltela.pt\/noticias\/2026\/01\/29\/camara-e-deco-mantem-protocolo-de-colaboracao-em-viana-do-alentejo-este-ano\/#primaryimage"},"thumbnailUrl":"https:\/\/portaltela.pt\/s.01k8rhncp4jt1\/2026\/01\/deco_moraBC3I3574-Copy.jpg","datePublished":"2026-01-29T10:30:00+00:00","author":{"@id":"https:\/\/portaltela.pt\/#\/schema\/person\/c4278d4a6028830caff9ee44b42d32ed"},"breadcrumb":{"@id":"https:\/\/portaltela.pt\/noticias\/2026\/01\/29\/camara-e-deco-mantem-protocolo-de-colaboracao-em-viana-do-alentejo-este-ano\/#breadcrumb"},"inLanguage":"pt-PT","potentialAction":[{"@type":"ReadAction","target":["https:\/\/portaltela.pt\/noticias\/2026\/01\/29\/camara-e-deco-mantem-protocolo-de-colaboracao-em-viana-do-alentejo-este-ano\/"]}]},{"@type":"ImageObject","inLanguage":"pt-PT","@id":"https:\/\/portaltela.pt\/noticias\/2026\/01\/29\/camara-e-deco-mantem-protocolo-de-colaboracao-em-viana-do-alentejo-este-ano\/#primaryimage","url":"https:\/\/portaltela.pt\/s.01k8rhncp4jt1\/2026\/01\/deco_moraBC3I3574-Copy.jpg","contentUrl":"https:\/\/portaltela.pt\/s.01k8rhncp4jt1\/2026\/01\/deco_moraBC3I3574-Copy.jpg","width":796,"height":448,"caption":"Alentejo Litoral: DECO refor\u00e7a apoio aos mun\u00edcipes na \u00e1rea da energia e habita\u00e7\u00e3o"},{"@type":"BreadcrumbList","@id":"https:\/\/portaltela.pt\/noticias\/2026\/01\/29\/camara-e-deco-mantem-protocolo-de-colaboracao-em-viana-do-alentejo-este-ano\/#breadcrumb","itemListElement":[{"@type":"ListItem","position":1,"name":"In\u00edcio","item":"https:\/\/portaltela.pt\/"},{"@type":"ListItem","position":2,"name":"C\u00e2mara e DECO mant\u00eam protocolo de colabora\u00e7\u00e3o em Viana do Alentejo este ano"}]},{"@type":"WebSite","@id":"https:\/\/portaltela.pt\/#website","url":"https:\/\/portaltela.pt\/","name":"Portal Tela Portugal","description":"","potentialAction":[{"@type":"SearchAction","target":{"@type":"EntryPoint","urlTemplate":"https:\/\/portaltela.pt\/?s={search_term_string}"},"query-input":{"@type":"PropertyValueSpecification","valueRequired":true,"valueName":"search_term_string"}}],"inLanguage":"pt-PT"},{"@type":"Person","@id":"https:\/\/portaltela.pt\/#\/schema\/person\/c4278d4a6028830caff9ee44b42d32ed","name":"Telinha","image":{"@type":"ImageObject","inLanguage":"pt-PT","@id":"https:\/\/portaltela.pt\/s.01k8rhncp4jt1\/2025\/11\/talking-bot-125x125.png","url":"https:\/\/portaltela.pt\/s.01k8rhncp4jt1\/2025\/11\/talking-bot-125x125.png","contentUrl":"https:\/\/portaltela.pt\/s.01k8rhncp4jt1\/2025\/11\/talking-bot-125x125.png","caption":"Telinha"},"sameAs":["https:\/\/portaltela.pt\/"],"url":"https:\/\/portaltela.pt\/por\/367410592786\/"}]}},"_links":{"self":[{"href":"https:\/\/portaltela.pt\/api\/wp\/v2\/posts\/180699","targetHints":{"allow":["GET"]}}],"collection":[{"href":"https:\/\/portaltela.pt\/api\/wp\/v2\/posts"}],"about":[{"href":"https:\/\/portaltela.pt\/api\/wp\/v2\/types\/post"}],"author":[{"embeddable":true,"href":"https:\/\/portaltela.pt\/api\/wp\/v2\/users\/2"}],"replies":[{"embeddable":true,"href":"https:\/\/portaltela.pt\/api\/wp\/v2\/comments?post=180699"}],"version-history":[{"count":0,"href":"https:\/\/portaltela.pt\/api\/wp\/v2\/posts\/180699\/revisions"}],"wp:featuredmedia":[{"embeddable":true,"href":"https:\/\/portaltela.pt\/api\/wp\/v2\/media\/180734"}],"wp:attachment":[{"href":"https:\/\/portaltela.pt\/api\/wp\/v2\/media?parent=180699"}],"wp:term":[{"taxonomy":"category","embeddable":true,"href":"https:\/\/portaltela.pt\/api\/wp\/v2\/categories?post=180699"},{"taxonomy":"post_tag","embeddable":true,"href":"https:\/\/portaltela.pt\/api\/wp\/v2\/tags?post=180699"}],"curies":[{"name":"wp","href":"https:\/\/api.w.org\/{rel}","templated":true}]}}