{"id":180648,"date":"2026-01-29T07:00:00","date_gmt":"2026-01-29T10:00:00","guid":{"rendered":"https:\/\/portaltela.pt\/noticias\/2026\/01\/29\/piscina-coberta-de-portalegre-encerra-indeterminadamente-para-manutencao\/"},"modified":"2026-01-29T07:00:00","modified_gmt":"2026-01-29T10:00:00","slug":"piscina-coberta-de-portalegre-encerra-indeterminadamente-para-manutencao","status":"publish","type":"post","link":"https:\/\/portaltela.pt\/noticias\/2026\/01\/29\/piscina-coberta-de-portalegre-encerra-indeterminadamente-para-manutencao\/","title":{"rendered":"Piscina coberta de Portalegre encerra indeterminadamente para manuten\u00e7\u00e3o"},"content":{"rendered":"<p>A Piscina Municipal Coberta dos Assentos, em Portalegre, encerra por tempo indeterminado na quinta-feira para trabalhos de manuten\u00e7\u00e3o, anunciou hoje a C\u00e2mara Municipal. A decis\u00e3o visa garantir a seguran\u00e7a e o normal funcionamento das instala\u00e7\u00f5es.<\/p>\n<p>Numa nota publicada nas redes sociais da autarquia, s\u00e3o referidas \u201canomalias\u201d que afectam sobretudo as temperaturas do ambiente e da \u00e1gua, levando a uma interven\u00e7\u00e3o no sistema das caldeiras. O objetivo \u00e9 restabelecer condi\u00e7\u00f5es adequadas de uso.<\/p>\n<p>Para al\u00e9m da interven\u00e7\u00e3o no sistema de aquecimento, vai decorrer uma manuten\u00e7\u00e3o mais profunda, incluindo limpeza das instala\u00e7\u00f5es e tratamentos intensivos da \u00e1gua da piscina, entre outros trabalhos.<\/p>\n<p>A C\u00e2mara de Portalegre informou ainda que ir\u00e1 comunicar atempadamente a data de reabertura atrav\u00e9s das suas plataformas digitais, sem indicar prazos. O acompanhamento ficar\u00e1 a cargo da autarquia at\u00e9 ao restabelecimento completo.<\/p>\n","protected":false},"excerpt":{"rendered":"<ul>\n<li>A Piscina Municipal Coberta dos Assentos, em Portalegre, encerrou por tempo indeterminado na quinta-feira para trabalhos de manuten\u00e7\u00e3o.<\/li>\n<li>A C\u00e2mara de Portalegre explica que existem anomalias que afetam o funcionamento, principalmente as temperaturas do ambiente e da \u00e1gua.<\/li>\n<li>Vai ser efetuada uma interven\u00e7\u00e3o no sistema das caldeiras.<\/li>\n<li>Ser\u00e1 realizada uma manuten\u00e7\u00e3o mais profunda nas instala\u00e7\u00f5es, incluindo limpeza e tratamentos intensivos da \u00e1gua.<\/li>\n<li>A C\u00e2mara informou que comunicar\u00e1 a data de reabertura atempadamente nas plataformas digitais.<\/li>\n<\/ul>\n","protected":false},"author":2,"featured_media":180660,"comment_status":"closed","ping_status":"closed","sticky":false,"template":"","format":"standard","meta":{"footnotes":""},"categories":[1],"tags":[1090,2671,152,4580,45,1075],"class_list":["post-180648","post","type-post","status-publish","format-standard","has-post-thumbnail","hentry","category-noticias","tag-agua","tag-aquecimento","tag-desporto","tag-instalacao-desportiva","tag-meio-ambiente","tag-portalegre"],"yoast_head":"<!-- This site is optimized with the Yoast SEO plugin v27.2 - https:\/\/yoast.com\/product\/yoast-seo-wordpress\/ -->\n<title>Piscina coberta de Portalegre encerra indeterminadamente para manuten\u00e7\u00e3o - Portal Tela Portugal<\/title>\n<meta name=\"robots\" content=\"index, follow, max-snippet:-1, max-image-preview:large, max-video-preview:-1\" \/>\n<meta property=\"og:locale\" content=\"pt_PT\" \/>\n<meta property=\"og:type\" content=\"article\" \/>\n<meta property=\"og:title\" content=\"Piscina coberta de Portalegre encerra indeterminadamente para manuten\u00e7\u00e3o - Portal Tela Portugal\" \/>\n<meta property=\"og:description\" content=\"A Piscina Municipal Coberta dos Assentos, em Portalegre, encerrou por tempo indeterminado na quinta-feira para trabalhos de manuten\u00e7\u00e3o. A C\u00e2mara de Portalegre explica que existem anomalias que afetam o funcionamento, principalmente as temperaturas do ambiente e da \u00e1gua. Vai ser efetuada uma interven\u00e7\u00e3o no sistema das caldeiras. Ser\u00e1 realizada uma manuten\u00e7\u00e3o mais profunda nas instala\u00e7\u00f5es, incluindo limpeza e tratamentos intensivos da \u00e1gua. A C\u00e2mara informou que comunicar\u00e1 a data de reabertura atempadamente nas plataformas digitais.\" \/>\n<meta property=\"og:url\" content=\"https:\/\/portaltela.pt\/noticias\/2026\/01\/29\/piscina-coberta-de-portalegre-encerra-indeterminadamente-para-manutencao\/\" \/>\n<meta property=\"og:site_name\" content=\"Portal Tela Portugal\" \/>\n<meta property=\"article:published_time\" content=\"2026-01-29T10:00:00+00:00\" \/>\n<meta name=\"author\" content=\"Telinha\" \/>\n<meta name=\"twitter:card\" content=\"summary_large_image\" \/>\n<meta name=\"twitter:label1\" content=\"Escrito por\" \/>\n\t<meta name=\"twitter:data1\" content=\"Telinha\" \/>\n\t<meta name=\"twitter:label2\" content=\"Tempo estimado de leitura\" \/>\n\t<meta name=\"twitter:data2\" content=\"1 minuto\" \/>\n<script type=\"application\/ld+json\" class=\"yoast-schema-graph\">{\"@context\":\"https:\/\/schema.org\",\"@graph\":[{\"@type\":\"Article\",\"@id\":\"https:\/\/portaltela.pt\/noticias\/2026\/01\/29\/piscina-coberta-de-portalegre-encerra-indeterminadamente-para-manutencao\/#article\",\"isPartOf\":{\"@id\":\"https:\/\/portaltela.pt\/noticias\/2026\/01\/29\/piscina-coberta-de-portalegre-encerra-indeterminadamente-para-manutencao\/\"},\"author\":{\"name\":\"Telinha\",\"@id\":\"https:\/\/portaltela.pt\/#\/schema\/person\/c4278d4a6028830caff9ee44b42d32ed\"},\"headline\":\"Piscina coberta de Portalegre encerra indeterminadamente para manuten\u00e7\u00e3o\",\"datePublished\":\"2026-01-29T10:00:00+00:00\",\"mainEntityOfPage\":{\"@id\":\"https:\/\/portaltela.pt\/noticias\/2026\/01\/29\/piscina-coberta-de-portalegre-encerra-indeterminadamente-para-manutencao\/\"},\"wordCount\":155,\"image\":{\"@id\":\"https:\/\/portaltela.pt\/noticias\/2026\/01\/29\/piscina-coberta-de-portalegre-encerra-indeterminadamente-para-manutencao\/#primaryimage\"},\"thumbnailUrl\":\"https:\/\/portaltela.pt\/s.01k8rhncp4jt1\/2026\/01\/piscina_vendas_novas.jpg\",\"keywords\":[\"\u00e1gua\",\"aquecimento\",\"desporto\",\"instala\u00e7\u00e3o desportiva\",\"meio-ambiente\",\"Portalegre\"],\"articleSection\":[\"Not\u00edcias\"],\"inLanguage\":\"pt-PT\"},{\"@type\":\"WebPage\",\"@id\":\"https:\/\/portaltela.pt\/noticias\/2026\/01\/29\/piscina-coberta-de-portalegre-encerra-indeterminadamente-para-manutencao\/\",\"url\":\"https:\/\/portaltela.pt\/noticias\/2026\/01\/29\/piscina-coberta-de-portalegre-encerra-indeterminadamente-para-manutencao\/\",\"name\":\"Piscina coberta de Portalegre encerra indeterminadamente para manuten\u00e7\u00e3o - Portal Tela Portugal\",\"isPartOf\":{\"@id\":\"https:\/\/portaltela.pt\/#website\"},\"primaryImageOfPage\":{\"@id\":\"https:\/\/portaltela.pt\/noticias\/2026\/01\/29\/piscina-coberta-de-portalegre-encerra-indeterminadamente-para-manutencao\/#primaryimage\"},\"image\":{\"@id\":\"https:\/\/portaltela.pt\/noticias\/2026\/01\/29\/piscina-coberta-de-portalegre-encerra-indeterminadamente-para-manutencao\/#primaryimage\"},\"thumbnailUrl\":\"https:\/\/portaltela.pt\/s.01k8rhncp4jt1\/2026\/01\/piscina_vendas_novas.jpg\",\"datePublished\":\"2026-01-29T10:00:00+00:00\",\"author\":{\"@id\":\"https:\/\/portaltela.pt\/#\/schema\/person\/c4278d4a6028830caff9ee44b42d32ed\"},\"breadcrumb\":{\"@id\":\"https:\/\/portaltela.pt\/noticias\/2026\/01\/29\/piscina-coberta-de-portalegre-encerra-indeterminadamente-para-manutencao\/#breadcrumb\"},\"inLanguage\":\"pt-PT\",\"potentialAction\":[{\"@type\":\"ReadAction\",\"target\":[\"https:\/\/portaltela.pt\/noticias\/2026\/01\/29\/piscina-coberta-de-portalegre-encerra-indeterminadamente-para-manutencao\/\"]}]},{\"@type\":\"ImageObject\",\"inLanguage\":\"pt-PT\",\"@id\":\"https:\/\/portaltela.pt\/noticias\/2026\/01\/29\/piscina-coberta-de-portalegre-encerra-indeterminadamente-para-manutencao\/#primaryimage\",\"url\":\"https:\/\/portaltela.pt\/s.01k8rhncp4jt1\/2026\/01\/piscina_vendas_novas.jpg\",\"contentUrl\":\"https:\/\/portaltela.pt\/s.01k8rhncp4jt1\/2026\/01\/piscina_vendas_novas.jpg\",\"width\":796,\"height\":448,\"caption\":\"Piscinas Municipais de Redondo abrem ao p\u00fablico a 7 de junho\"},{\"@type\":\"BreadcrumbList\",\"@id\":\"https:\/\/portaltela.pt\/noticias\/2026\/01\/29\/piscina-coberta-de-portalegre-encerra-indeterminadamente-para-manutencao\/#breadcrumb\",\"itemListElement\":[{\"@type\":\"ListItem\",\"position\":1,\"name\":\"In\u00edcio\",\"item\":\"https:\/\/portaltela.pt\/\"},{\"@type\":\"ListItem\",\"position\":2,\"name\":\"Piscina coberta de Portalegre encerra indeterminadamente para manuten\u00e7\u00e3o\"}]},{\"@type\":\"WebSite\",\"@id\":\"https:\/\/portaltela.pt\/#website\",\"url\":\"https:\/\/portaltela.pt\/\",\"name\":\"Portal Tela Portugal\",\"description\":\"\",\"potentialAction\":[{\"@type\":\"SearchAction\",\"target\":{\"@type\":\"EntryPoint\",\"urlTemplate\":\"https:\/\/portaltela.pt\/?s={search_term_string}\"},\"query-input\":{\"@type\":\"PropertyValueSpecification\",\"valueRequired\":true,\"valueName\":\"search_term_string\"}}],\"inLanguage\":\"pt-PT\"},{\"@type\":\"Person\",\"@id\":\"https:\/\/portaltela.pt\/#\/schema\/person\/c4278d4a6028830caff9ee44b42d32ed\",\"name\":\"Telinha\",\"image\":{\"@type\":\"ImageObject\",\"inLanguage\":\"pt-PT\",\"@id\":\"https:\/\/portaltela.pt\/s.01k8rhncp4jt1\/2025\/11\/talking-bot-125x125.png\",\"url\":\"https:\/\/portaltela.pt\/s.01k8rhncp4jt1\/2025\/11\/talking-bot-125x125.png\",\"contentUrl\":\"https:\/\/portaltela.pt\/s.01k8rhncp4jt1\/2025\/11\/talking-bot-125x125.png\",\"caption\":\"Telinha\"},\"sameAs\":[\"https:\/\/portaltela.pt\/\"],\"url\":\"https:\/\/portaltela.pt\/por\/367410592786\/\"}]}<\/script>\n<!-- \/ Yoast SEO plugin. -->","yoast_head_json":{"title":"Piscina coberta de Portalegre encerra indeterminadamente para manuten\u00e7\u00e3o - Portal Tela Portugal","robots":{"index":"index","follow":"follow","max-snippet":"max-snippet:-1","max-image-preview":"max-image-preview:large","max-video-preview":"max-video-preview:-1"},"og_locale":"pt_PT","og_type":"article","og_title":"Piscina coberta de Portalegre encerra indeterminadamente para manuten\u00e7\u00e3o - Portal Tela Portugal","og_description":"A Piscina Municipal Coberta dos Assentos, em Portalegre, encerrou por tempo indeterminado na quinta-feira para trabalhos de manuten\u00e7\u00e3o. A C\u00e2mara de Portalegre explica que existem anomalias que afetam o funcionamento, principalmente as temperaturas do ambiente e da \u00e1gua. Vai ser efetuada uma interven\u00e7\u00e3o no sistema das caldeiras. Ser\u00e1 realizada uma manuten\u00e7\u00e3o mais profunda nas instala\u00e7\u00f5es, incluindo limpeza e tratamentos intensivos da \u00e1gua. A C\u00e2mara informou que comunicar\u00e1 a data de reabertura atempadamente nas plataformas digitais.","og_url":"https:\/\/portaltela.pt\/noticias\/2026\/01\/29\/piscina-coberta-de-portalegre-encerra-indeterminadamente-para-manutencao\/","og_site_name":"Portal Tela Portugal","article_published_time":"2026-01-29T10:00:00+00:00","author":"Telinha","twitter_card":"summary_large_image","twitter_misc":{"Escrito por":"Telinha","Tempo estimado de leitura":"1 minuto"},"schema":{"@context":"https:\/\/schema.org","@graph":[{"@type":"Article","@id":"https:\/\/portaltela.pt\/noticias\/2026\/01\/29\/piscina-coberta-de-portalegre-encerra-indeterminadamente-para-manutencao\/#article","isPartOf":{"@id":"https:\/\/portaltela.pt\/noticias\/2026\/01\/29\/piscina-coberta-de-portalegre-encerra-indeterminadamente-para-manutencao\/"},"author":{"name":"Telinha","@id":"https:\/\/portaltela.pt\/#\/schema\/person\/c4278d4a6028830caff9ee44b42d32ed"},"headline":"Piscina coberta de Portalegre encerra indeterminadamente para manuten\u00e7\u00e3o","datePublished":"2026-01-29T10:00:00+00:00","mainEntityOfPage":{"@id":"https:\/\/portaltela.pt\/noticias\/2026\/01\/29\/piscina-coberta-de-portalegre-encerra-indeterminadamente-para-manutencao\/"},"wordCount":155,"image":{"@id":"https:\/\/portaltela.pt\/noticias\/2026\/01\/29\/piscina-coberta-de-portalegre-encerra-indeterminadamente-para-manutencao\/#primaryimage"},"thumbnailUrl":"https:\/\/portaltela.pt\/s.01k8rhncp4jt1\/2026\/01\/piscina_vendas_novas.jpg","keywords":["\u00e1gua","aquecimento","desporto","instala\u00e7\u00e3o desportiva","meio-ambiente","Portalegre"],"articleSection":["Not\u00edcias"],"inLanguage":"pt-PT"},{"@type":"WebPage","@id":"https:\/\/portaltela.pt\/noticias\/2026\/01\/29\/piscina-coberta-de-portalegre-encerra-indeterminadamente-para-manutencao\/","url":"https:\/\/portaltela.pt\/noticias\/2026\/01\/29\/piscina-coberta-de-portalegre-encerra-indeterminadamente-para-manutencao\/","name":"Piscina coberta de Portalegre encerra indeterminadamente para manuten\u00e7\u00e3o - Portal Tela Portugal","isPartOf":{"@id":"https:\/\/portaltela.pt\/#website"},"primaryImageOfPage":{"@id":"https:\/\/portaltela.pt\/noticias\/2026\/01\/29\/piscina-coberta-de-portalegre-encerra-indeterminadamente-para-manutencao\/#primaryimage"},"image":{"@id":"https:\/\/portaltela.pt\/noticias\/2026\/01\/29\/piscina-coberta-de-portalegre-encerra-indeterminadamente-para-manutencao\/#primaryimage"},"thumbnailUrl":"https:\/\/portaltela.pt\/s.01k8rhncp4jt1\/2026\/01\/piscina_vendas_novas.jpg","datePublished":"2026-01-29T10:00:00+00:00","author":{"@id":"https:\/\/portaltela.pt\/#\/schema\/person\/c4278d4a6028830caff9ee44b42d32ed"},"breadcrumb":{"@id":"https:\/\/portaltela.pt\/noticias\/2026\/01\/29\/piscina-coberta-de-portalegre-encerra-indeterminadamente-para-manutencao\/#breadcrumb"},"inLanguage":"pt-PT","potentialAction":[{"@type":"ReadAction","target":["https:\/\/portaltela.pt\/noticias\/2026\/01\/29\/piscina-coberta-de-portalegre-encerra-indeterminadamente-para-manutencao\/"]}]},{"@type":"ImageObject","inLanguage":"pt-PT","@id":"https:\/\/portaltela.pt\/noticias\/2026\/01\/29\/piscina-coberta-de-portalegre-encerra-indeterminadamente-para-manutencao\/#primaryimage","url":"https:\/\/portaltela.pt\/s.01k8rhncp4jt1\/2026\/01\/piscina_vendas_novas.jpg","contentUrl":"https:\/\/portaltela.pt\/s.01k8rhncp4jt1\/2026\/01\/piscina_vendas_novas.jpg","width":796,"height":448,"caption":"Piscinas Municipais de Redondo abrem ao p\u00fablico a 7 de junho"},{"@type":"BreadcrumbList","@id":"https:\/\/portaltela.pt\/noticias\/2026\/01\/29\/piscina-coberta-de-portalegre-encerra-indeterminadamente-para-manutencao\/#breadcrumb","itemListElement":[{"@type":"ListItem","position":1,"name":"In\u00edcio","item":"https:\/\/portaltela.pt\/"},{"@type":"ListItem","position":2,"name":"Piscina coberta de Portalegre encerra indeterminadamente para manuten\u00e7\u00e3o"}]},{"@type":"WebSite","@id":"https:\/\/portaltela.pt\/#website","url":"https:\/\/portaltela.pt\/","name":"Portal Tela Portugal","description":"","potentialAction":[{"@type":"SearchAction","target":{"@type":"EntryPoint","urlTemplate":"https:\/\/portaltela.pt\/?s={search_term_string}"},"query-input":{"@type":"PropertyValueSpecification","valueRequired":true,"valueName":"search_term_string"}}],"inLanguage":"pt-PT"},{"@type":"Person","@id":"https:\/\/portaltela.pt\/#\/schema\/person\/c4278d4a6028830caff9ee44b42d32ed","name":"Telinha","image":{"@type":"ImageObject","inLanguage":"pt-PT","@id":"https:\/\/portaltela.pt\/s.01k8rhncp4jt1\/2025\/11\/talking-bot-125x125.png","url":"https:\/\/portaltela.pt\/s.01k8rhncp4jt1\/2025\/11\/talking-bot-125x125.png","contentUrl":"https:\/\/portaltela.pt\/s.01k8rhncp4jt1\/2025\/11\/talking-bot-125x125.png","caption":"Telinha"},"sameAs":["https:\/\/portaltela.pt\/"],"url":"https:\/\/portaltela.pt\/por\/367410592786\/"}]}},"_links":{"self":[{"href":"https:\/\/portaltela.pt\/api\/wp\/v2\/posts\/180648","targetHints":{"allow":["GET"]}}],"collection":[{"href":"https:\/\/portaltela.pt\/api\/wp\/v2\/posts"}],"about":[{"href":"https:\/\/portaltela.pt\/api\/wp\/v2\/types\/post"}],"author":[{"embeddable":true,"href":"https:\/\/portaltela.pt\/api\/wp\/v2\/users\/2"}],"replies":[{"embeddable":true,"href":"https:\/\/portaltela.pt\/api\/wp\/v2\/comments?post=180648"}],"version-history":[{"count":0,"href":"https:\/\/portaltela.pt\/api\/wp\/v2\/posts\/180648\/revisions"}],"wp:featuredmedia":[{"embeddable":true,"href":"https:\/\/portaltela.pt\/api\/wp\/v2\/media\/180660"}],"wp:attachment":[{"href":"https:\/\/portaltela.pt\/api\/wp\/v2\/media?parent=180648"}],"wp:term":[{"taxonomy":"category","embeddable":true,"href":"https:\/\/portaltela.pt\/api\/wp\/v2\/categories?post=180648"},{"taxonomy":"post_tag","embeddable":true,"href":"https:\/\/portaltela.pt\/api\/wp\/v2\/tags?post=180648"}],"curies":[{"name":"wp","href":"https:\/\/api.w.org\/{rel}","templated":true}]}}