{"id":180625,"date":"2026-01-29T07:00:02","date_gmt":"2026-01-29T10:00:02","guid":{"rendered":"https:\/\/portaltela.pt\/noticias\/2026\/01\/29\/estradas-reabertas-em-viseu-apos-queda-de-neve\/"},"modified":"2026-01-29T07:00:02","modified_gmt":"2026-01-29T10:00:02","slug":"estradas-reabertas-em-viseu-apos-queda-de-neve","status":"publish","type":"post","link":"https:\/\/portaltela.pt\/noticias\/2026\/01\/29\/estradas-reabertas-em-viseu-apos-queda-de-neve\/","title":{"rendered":"Estradas reabertas em Viseu ap\u00f3s queda de neve"},"content":{"rendered":"<p>Devido \u00e0 queda de neve, v\u00e1rias estradas nacionais e municipais no distrito de Viseu estiveram cortadas, mas j\u00e1 voltaram a estar transit\u00e1veis. A GNR de Viseu informou que o tr\u00e1fego foi retomado nas vias afetadas, mantendo-se a necessidade de condu\u00e7\u00e3o com prud\u00eancia.<\/p>\n<p>No plano nacional, a EN2 entre Bigorne e Castro Daire (km 131 a 119) j\u00e1 est\u00e1 aberta, tal como a EN321 que liga Cinf\u00e3es a Castro Daire. A EN329, entre Vila Nova de Paiva e Porto da Nave, tamb\u00e9m est\u00e1 aberta.<\/p>\n<p>Contudo, persiste o corte da EN329 entre Vila Ch\u00e3 do Monte e Espinheiro, em Tarouca, devido a um deslizamento de terras. Relativamente \u00e0 rede vi\u00e1ria municipal, reabertas est\u00e3o as estradas 553 (Feir\u00e3o\/Resende a Bigorne\/Lamego), 1126 (Ross\u00e3o a Castro Daire) e 1168 (Mezio a Tarouca).<\/p>\n<p>As autoridades mant\u00eam o acompanhamento da situa\u00e7\u00e3o e apelam \u00e0 condu\u00e7\u00e3o com prud\u00eancia. Esta e outras not\u00edcias podem ser acompanhadas na Esta\u00e7\u00e3o Di\u00e1ria \u2013 96.8 FM, sem links.<\/p>\n","protected":false},"excerpt":{"rendered":"<ul>\n<li>V\u00e1rias estradas nacionais e municipais no distrito de Viseu j\u00e1 foram reabertas ao tr\u00e2nsito ap\u00f3s a queda de neve.<\/li>\n<li>En2, entre Bigorne e Castro Daire (entre os quil\u00f3metros 131 e 119), e En321 (Cinf\u00e3es a Castro Daire) j\u00e1 est\u00e3o transit\u00e1veis.<\/li>\n<li>En329 entre Vila Nova de Paiva e Porto da Nave foi reaberta; contudo, o tro\u00e7o entre Vila Ch\u00e3 do Monte e Espinheiro, Tarouca, mant\u00e9m-se cortado por deslizamento.<\/li>\n<li>Nas vias municipais, reabertas as estradas 553 (Feir\u00e3o \u2014 Resende a Bigorne \u2014 Lamego), 1126 (Ross\u00e3o a Castro Daire) e 1168 (Mezio a Tarouca).<\/li>\n<li>As autoridades continuam a acompanhar a situa\u00e7\u00e3o e apelam \u00e0 condu\u00e7\u00e3o com prud\u00eancia.<\/li>\n<\/ul>\n","protected":false},"author":2,"featured_media":180630,"comment_status":"closed","ping_status":"closed","sticky":false,"template":"","format":"standard","meta":{"footnotes":""},"categories":[1],"tags":[1797,2731,3735,1083,3738,1171],"class_list":["post-180625","post","type-post","status-publish","format-standard","has-post-thumbnail","hentry","category-noticias","tag-castro-daire","tag-cinfaes","tag-deslizamentos","tag-estradas","tag-vias-de-comunicacao","tag-viseu"],"yoast_head":"<!-- This site is optimized with the Yoast SEO plugin v27.2 - https:\/\/yoast.com\/product\/yoast-seo-wordpress\/ -->\n<title>Estradas reabertas em Viseu ap\u00f3s queda de neve - Portal Tela Portugal<\/title>\n<meta name=\"robots\" content=\"index, follow, max-snippet:-1, max-image-preview:large, max-video-preview:-1\" \/>\n<meta property=\"og:locale\" content=\"pt_PT\" \/>\n<meta property=\"og:type\" content=\"article\" \/>\n<meta property=\"og:title\" content=\"Estradas reabertas em Viseu ap\u00f3s queda de neve - Portal Tela Portugal\" \/>\n<meta property=\"og:description\" content=\"V\u00e1rias estradas nacionais e municipais no distrito de Viseu j\u00e1 foram reabertas ao tr\u00e2nsito ap\u00f3s a queda de neve. En2, entre Bigorne e Castro Daire (entre os quil\u00f3metros 131 e 119), e En321 (Cinf\u00e3es a Castro Daire) j\u00e1 est\u00e3o transit\u00e1veis. En329 entre Vila Nova de Paiva e Porto da Nave foi reaberta; contudo, o tro\u00e7o entre Vila Ch\u00e3 do Monte e Espinheiro, Tarouca, mant\u00e9m-se cortado por deslizamento. Nas vias municipais, reabertas as estradas 553 (Feir\u00e3o \u2014 Resende a Bigorne \u2014 Lamego), 1126 (Ross\u00e3o a Castro Daire) e 1168 (Mezio a Tarouca). As autoridades continuam a acompanhar a situa\u00e7\u00e3o e apelam \u00e0 condu\u00e7\u00e3o com prud\u00eancia.\" \/>\n<meta property=\"og:url\" content=\"https:\/\/portaltela.pt\/noticias\/2026\/01\/29\/estradas-reabertas-em-viseu-apos-queda-de-neve\/\" \/>\n<meta property=\"og:site_name\" content=\"Portal Tela Portugal\" \/>\n<meta property=\"article:published_time\" content=\"2026-01-29T10:00:02+00:00\" \/>\n<meta name=\"author\" content=\"Telinha\" \/>\n<meta name=\"twitter:card\" content=\"summary_large_image\" \/>\n<meta name=\"twitter:label1\" content=\"Escrito por\" \/>\n\t<meta name=\"twitter:data1\" content=\"Telinha\" \/>\n\t<meta name=\"twitter:label2\" content=\"Tempo estimado de leitura\" \/>\n\t<meta name=\"twitter:data2\" content=\"1 minuto\" \/>\n<script type=\"application\/ld+json\" class=\"yoast-schema-graph\">{\"@context\":\"https:\/\/schema.org\",\"@graph\":[{\"@type\":\"Article\",\"@id\":\"https:\/\/portaltela.pt\/noticias\/2026\/01\/29\/estradas-reabertas-em-viseu-apos-queda-de-neve\/#article\",\"isPartOf\":{\"@id\":\"https:\/\/portaltela.pt\/noticias\/2026\/01\/29\/estradas-reabertas-em-viseu-apos-queda-de-neve\/\"},\"author\":{\"name\":\"Telinha\",\"@id\":\"https:\/\/portaltela.pt\/#\/schema\/person\/c4278d4a6028830caff9ee44b42d32ed\"},\"headline\":\"Estradas reabertas em Viseu ap\u00f3s queda de neve\",\"datePublished\":\"2026-01-29T10:00:02+00:00\",\"mainEntityOfPage\":{\"@id\":\"https:\/\/portaltela.pt\/noticias\/2026\/01\/29\/estradas-reabertas-em-viseu-apos-queda-de-neve\/\"},\"wordCount\":174,\"image\":{\"@id\":\"https:\/\/portaltela.pt\/noticias\/2026\/01\/29\/estradas-reabertas-em-viseu-apos-queda-de-neve\/#primaryimage\"},\"thumbnailUrl\":\"https:\/\/portaltela.pt\/s.01k8rhncp4jt1\/2026\/01\/neve-cinfaes.jpg\",\"keywords\":[\"Castro Daire\",\"Cinf\u00e3es\",\"deslizamentos\",\"estradas\",\"vias de comunica\u00e7\u00e3o\",\"Viseu\"],\"articleSection\":[\"Not\u00edcias\"],\"inLanguage\":\"pt-PT\"},{\"@type\":\"WebPage\",\"@id\":\"https:\/\/portaltela.pt\/noticias\/2026\/01\/29\/estradas-reabertas-em-viseu-apos-queda-de-neve\/\",\"url\":\"https:\/\/portaltela.pt\/noticias\/2026\/01\/29\/estradas-reabertas-em-viseu-apos-queda-de-neve\/\",\"name\":\"Estradas reabertas em Viseu ap\u00f3s queda de neve - Portal Tela Portugal\",\"isPartOf\":{\"@id\":\"https:\/\/portaltela.pt\/#website\"},\"primaryImageOfPage\":{\"@id\":\"https:\/\/portaltela.pt\/noticias\/2026\/01\/29\/estradas-reabertas-em-viseu-apos-queda-de-neve\/#primaryimage\"},\"image\":{\"@id\":\"https:\/\/portaltela.pt\/noticias\/2026\/01\/29\/estradas-reabertas-em-viseu-apos-queda-de-neve\/#primaryimage\"},\"thumbnailUrl\":\"https:\/\/portaltela.pt\/s.01k8rhncp4jt1\/2026\/01\/neve-cinfaes.jpg\",\"datePublished\":\"2026-01-29T10:00:02+00:00\",\"author\":{\"@id\":\"https:\/\/portaltela.pt\/#\/schema\/person\/c4278d4a6028830caff9ee44b42d32ed\"},\"breadcrumb\":{\"@id\":\"https:\/\/portaltela.pt\/noticias\/2026\/01\/29\/estradas-reabertas-em-viseu-apos-queda-de-neve\/#breadcrumb\"},\"inLanguage\":\"pt-PT\",\"potentialAction\":[{\"@type\":\"ReadAction\",\"target\":[\"https:\/\/portaltela.pt\/noticias\/2026\/01\/29\/estradas-reabertas-em-viseu-apos-queda-de-neve\/\"]}]},{\"@type\":\"ImageObject\",\"inLanguage\":\"pt-PT\",\"@id\":\"https:\/\/portaltela.pt\/noticias\/2026\/01\/29\/estradas-reabertas-em-viseu-apos-queda-de-neve\/#primaryimage\",\"url\":\"https:\/\/portaltela.pt\/s.01k8rhncp4jt1\/2026\/01\/neve-cinfaes.jpg\",\"contentUrl\":\"https:\/\/portaltela.pt\/s.01k8rhncp4jt1\/2026\/01\/neve-cinfaes.jpg\",\"width\":796,\"height\":448,\"caption\":\"Viseu: Estradas da Serra do Montemuro reabriram ap\u00f3s forte nev\u00e3o\"},{\"@type\":\"BreadcrumbList\",\"@id\":\"https:\/\/portaltela.pt\/noticias\/2026\/01\/29\/estradas-reabertas-em-viseu-apos-queda-de-neve\/#breadcrumb\",\"itemListElement\":[{\"@type\":\"ListItem\",\"position\":1,\"name\":\"In\u00edcio\",\"item\":\"https:\/\/portaltela.pt\/\"},{\"@type\":\"ListItem\",\"position\":2,\"name\":\"Estradas reabertas em Viseu ap\u00f3s queda de neve\"}]},{\"@type\":\"WebSite\",\"@id\":\"https:\/\/portaltela.pt\/#website\",\"url\":\"https:\/\/portaltela.pt\/\",\"name\":\"Portal Tela Portugal\",\"description\":\"\",\"potentialAction\":[{\"@type\":\"SearchAction\",\"target\":{\"@type\":\"EntryPoint\",\"urlTemplate\":\"https:\/\/portaltela.pt\/?s={search_term_string}\"},\"query-input\":{\"@type\":\"PropertyValueSpecification\",\"valueRequired\":true,\"valueName\":\"search_term_string\"}}],\"inLanguage\":\"pt-PT\"},{\"@type\":\"Person\",\"@id\":\"https:\/\/portaltela.pt\/#\/schema\/person\/c4278d4a6028830caff9ee44b42d32ed\",\"name\":\"Telinha\",\"image\":{\"@type\":\"ImageObject\",\"inLanguage\":\"pt-PT\",\"@id\":\"https:\/\/portaltela.pt\/s.01k8rhncp4jt1\/2025\/11\/talking-bot-125x125.png\",\"url\":\"https:\/\/portaltela.pt\/s.01k8rhncp4jt1\/2025\/11\/talking-bot-125x125.png\",\"contentUrl\":\"https:\/\/portaltela.pt\/s.01k8rhncp4jt1\/2025\/11\/talking-bot-125x125.png\",\"caption\":\"Telinha\"},\"sameAs\":[\"https:\/\/portaltela.pt\/\"],\"url\":\"https:\/\/portaltela.pt\/por\/367410592786\/\"}]}<\/script>\n<!-- \/ Yoast SEO plugin. -->","yoast_head_json":{"title":"Estradas reabertas em Viseu ap\u00f3s queda de neve - Portal Tela Portugal","robots":{"index":"index","follow":"follow","max-snippet":"max-snippet:-1","max-image-preview":"max-image-preview:large","max-video-preview":"max-video-preview:-1"},"og_locale":"pt_PT","og_type":"article","og_title":"Estradas reabertas em Viseu ap\u00f3s queda de neve - Portal Tela Portugal","og_description":"V\u00e1rias estradas nacionais e municipais no distrito de Viseu j\u00e1 foram reabertas ao tr\u00e2nsito ap\u00f3s a queda de neve. En2, entre Bigorne e Castro Daire (entre os quil\u00f3metros 131 e 119), e En321 (Cinf\u00e3es a Castro Daire) j\u00e1 est\u00e3o transit\u00e1veis. En329 entre Vila Nova de Paiva e Porto da Nave foi reaberta; contudo, o tro\u00e7o entre Vila Ch\u00e3 do Monte e Espinheiro, Tarouca, mant\u00e9m-se cortado por deslizamento. Nas vias municipais, reabertas as estradas 553 (Feir\u00e3o \u2014 Resende a Bigorne \u2014 Lamego), 1126 (Ross\u00e3o a Castro Daire) e 1168 (Mezio a Tarouca). As autoridades continuam a acompanhar a situa\u00e7\u00e3o e apelam \u00e0 condu\u00e7\u00e3o com prud\u00eancia.","og_url":"https:\/\/portaltela.pt\/noticias\/2026\/01\/29\/estradas-reabertas-em-viseu-apos-queda-de-neve\/","og_site_name":"Portal Tela Portugal","article_published_time":"2026-01-29T10:00:02+00:00","author":"Telinha","twitter_card":"summary_large_image","twitter_misc":{"Escrito por":"Telinha","Tempo estimado de leitura":"1 minuto"},"schema":{"@context":"https:\/\/schema.org","@graph":[{"@type":"Article","@id":"https:\/\/portaltela.pt\/noticias\/2026\/01\/29\/estradas-reabertas-em-viseu-apos-queda-de-neve\/#article","isPartOf":{"@id":"https:\/\/portaltela.pt\/noticias\/2026\/01\/29\/estradas-reabertas-em-viseu-apos-queda-de-neve\/"},"author":{"name":"Telinha","@id":"https:\/\/portaltela.pt\/#\/schema\/person\/c4278d4a6028830caff9ee44b42d32ed"},"headline":"Estradas reabertas em Viseu ap\u00f3s queda de neve","datePublished":"2026-01-29T10:00:02+00:00","mainEntityOfPage":{"@id":"https:\/\/portaltela.pt\/noticias\/2026\/01\/29\/estradas-reabertas-em-viseu-apos-queda-de-neve\/"},"wordCount":174,"image":{"@id":"https:\/\/portaltela.pt\/noticias\/2026\/01\/29\/estradas-reabertas-em-viseu-apos-queda-de-neve\/#primaryimage"},"thumbnailUrl":"https:\/\/portaltela.pt\/s.01k8rhncp4jt1\/2026\/01\/neve-cinfaes.jpg","keywords":["Castro Daire","Cinf\u00e3es","deslizamentos","estradas","vias de comunica\u00e7\u00e3o","Viseu"],"articleSection":["Not\u00edcias"],"inLanguage":"pt-PT"},{"@type":"WebPage","@id":"https:\/\/portaltela.pt\/noticias\/2026\/01\/29\/estradas-reabertas-em-viseu-apos-queda-de-neve\/","url":"https:\/\/portaltela.pt\/noticias\/2026\/01\/29\/estradas-reabertas-em-viseu-apos-queda-de-neve\/","name":"Estradas reabertas em Viseu ap\u00f3s queda de neve - Portal Tela Portugal","isPartOf":{"@id":"https:\/\/portaltela.pt\/#website"},"primaryImageOfPage":{"@id":"https:\/\/portaltela.pt\/noticias\/2026\/01\/29\/estradas-reabertas-em-viseu-apos-queda-de-neve\/#primaryimage"},"image":{"@id":"https:\/\/portaltela.pt\/noticias\/2026\/01\/29\/estradas-reabertas-em-viseu-apos-queda-de-neve\/#primaryimage"},"thumbnailUrl":"https:\/\/portaltela.pt\/s.01k8rhncp4jt1\/2026\/01\/neve-cinfaes.jpg","datePublished":"2026-01-29T10:00:02+00:00","author":{"@id":"https:\/\/portaltela.pt\/#\/schema\/person\/c4278d4a6028830caff9ee44b42d32ed"},"breadcrumb":{"@id":"https:\/\/portaltela.pt\/noticias\/2026\/01\/29\/estradas-reabertas-em-viseu-apos-queda-de-neve\/#breadcrumb"},"inLanguage":"pt-PT","potentialAction":[{"@type":"ReadAction","target":["https:\/\/portaltela.pt\/noticias\/2026\/01\/29\/estradas-reabertas-em-viseu-apos-queda-de-neve\/"]}]},{"@type":"ImageObject","inLanguage":"pt-PT","@id":"https:\/\/portaltela.pt\/noticias\/2026\/01\/29\/estradas-reabertas-em-viseu-apos-queda-de-neve\/#primaryimage","url":"https:\/\/portaltela.pt\/s.01k8rhncp4jt1\/2026\/01\/neve-cinfaes.jpg","contentUrl":"https:\/\/portaltela.pt\/s.01k8rhncp4jt1\/2026\/01\/neve-cinfaes.jpg","width":796,"height":448,"caption":"Viseu: Estradas da Serra do Montemuro reabriram ap\u00f3s forte nev\u00e3o"},{"@type":"BreadcrumbList","@id":"https:\/\/portaltela.pt\/noticias\/2026\/01\/29\/estradas-reabertas-em-viseu-apos-queda-de-neve\/#breadcrumb","itemListElement":[{"@type":"ListItem","position":1,"name":"In\u00edcio","item":"https:\/\/portaltela.pt\/"},{"@type":"ListItem","position":2,"name":"Estradas reabertas em Viseu ap\u00f3s queda de neve"}]},{"@type":"WebSite","@id":"https:\/\/portaltela.pt\/#website","url":"https:\/\/portaltela.pt\/","name":"Portal Tela Portugal","description":"","potentialAction":[{"@type":"SearchAction","target":{"@type":"EntryPoint","urlTemplate":"https:\/\/portaltela.pt\/?s={search_term_string}"},"query-input":{"@type":"PropertyValueSpecification","valueRequired":true,"valueName":"search_term_string"}}],"inLanguage":"pt-PT"},{"@type":"Person","@id":"https:\/\/portaltela.pt\/#\/schema\/person\/c4278d4a6028830caff9ee44b42d32ed","name":"Telinha","image":{"@type":"ImageObject","inLanguage":"pt-PT","@id":"https:\/\/portaltela.pt\/s.01k8rhncp4jt1\/2025\/11\/talking-bot-125x125.png","url":"https:\/\/portaltela.pt\/s.01k8rhncp4jt1\/2025\/11\/talking-bot-125x125.png","contentUrl":"https:\/\/portaltela.pt\/s.01k8rhncp4jt1\/2025\/11\/talking-bot-125x125.png","caption":"Telinha"},"sameAs":["https:\/\/portaltela.pt\/"],"url":"https:\/\/portaltela.pt\/por\/367410592786\/"}]}},"_links":{"self":[{"href":"https:\/\/portaltela.pt\/api\/wp\/v2\/posts\/180625","targetHints":{"allow":["GET"]}}],"collection":[{"href":"https:\/\/portaltela.pt\/api\/wp\/v2\/posts"}],"about":[{"href":"https:\/\/portaltela.pt\/api\/wp\/v2\/types\/post"}],"author":[{"embeddable":true,"href":"https:\/\/portaltela.pt\/api\/wp\/v2\/users\/2"}],"replies":[{"embeddable":true,"href":"https:\/\/portaltela.pt\/api\/wp\/v2\/comments?post=180625"}],"version-history":[{"count":0,"href":"https:\/\/portaltela.pt\/api\/wp\/v2\/posts\/180625\/revisions"}],"wp:featuredmedia":[{"embeddable":true,"href":"https:\/\/portaltela.pt\/api\/wp\/v2\/media\/180630"}],"wp:attachment":[{"href":"https:\/\/portaltela.pt\/api\/wp\/v2\/media?parent=180625"}],"wp:term":[{"taxonomy":"category","embeddable":true,"href":"https:\/\/portaltela.pt\/api\/wp\/v2\/categories?post=180625"},{"taxonomy":"post_tag","embeddable":true,"href":"https:\/\/portaltela.pt\/api\/wp\/v2\/tags?post=180625"}],"curies":[{"name":"wp","href":"https:\/\/api.w.org\/{rel}","templated":true}]}}