{"id":180591,"date":"2026-01-29T06:27:12","date_gmt":"2026-01-29T09:27:12","guid":{"rendered":"https:\/\/portaltela.pt\/noticias\/2026\/01\/29\/chega-defende-isencao-de-imi-para-bombeiros-voluntarios\/"},"modified":"2026-01-29T06:27:12","modified_gmt":"2026-01-29T09:27:12","slug":"chega-defende-isencao-de-imi-para-bombeiros-voluntarios","status":"publish","type":"post","link":"https:\/\/portaltela.pt\/noticias\/politica\/2026\/01\/29\/chega-defende-isencao-de-imi-para-bombeiros-voluntarios\/","title":{"rendered":"Chega defende isen\u00e7\u00e3o de IMI para bombeiros volunt\u00e1rios"},"content":{"rendered":"<p>O grupo parlamentar do Chega (CH) na Assembleia da Rep\u00fablica apresentou um projeto de resolu\u00e7\u00e3o que prev\u00ea a isen\u00e7\u00e3o total do IMI sobre a primeira habita\u00e7\u00e3o de todos os bombeiros volunt\u00e1rios, defendendo o papel essencial destes profissionais na prote\u00e7\u00e3o civil e no socorro \u00e0s popula\u00e7\u00f5es.<\/p>\n<p>A iniciativa, apresentada pelo deputado madeirense Francisco Gomes, sustenta que os bombeiros volunt\u00e1rios s\u00e3o uma pedra angular do sistema de emerg\u00eancia, atuando al\u00e9m do combate a inc\u00eandios, em acidentes rodovi\u00e1rios, resgates e situa\u00e7\u00f5es de cat\u00e1strofe.<\/p>\n<p>A proposta aponta a desvaloriza\u00e7\u00e3o estrutural, a falta de reconhecimento e a aus\u00eancia de incentivos como fatores que contribuem para a redu\u00e7\u00e3o de volunt\u00e1rios em Portugal.<\/p>\n<h3>Contexto e objetivos<\/h3>\n<p>O Chega afirma que a medida n\u00e3o \u00e9 apenas um benef\u00edcio fiscal, mas um gesto de justi\u00e7a, respeito e gratid\u00e3o para com quem coloca o interesse p\u00fablico acima do privado, visando refor\u00e7ar o voluntariado e assegurar a continuidade de um servi\u00e7o essencial.<\/p>\n<p>O tema j\u00e1 tinha sido colocado em cima da mesa anteriormente, com uma proposta apresentada em Dezembro de 2024, segundo o partido. O documento de refer\u00eancia \u00e9 o Projeto de Resolu\u00e7\u00e3o n.\u00ba 470\/XVI\/1.\u00aa, em formato PDF.<\/p>\n<p>O deputado Francisco Gomes ressalta que a isen\u00e7\u00e3o de IMI responde a uma desigualdade hist\u00f3rica e \u00e0 necessidade de valorizar os bombeiros volunt\u00e1rios, que arriscam a vida diariamente. Afirmou ainda que o Estado deve agir para p\u00f4r fim a homenagens vazias e manter a prote\u00e7\u00e3o civil nos termos atuais.<\/p>\n<p>O CH critica a aus\u00eancia de medidas estruturais de valoriza\u00e7\u00e3o da carreira por parte de sucessivos governos e aponta a escassez de volunt\u00e1rios como evid\u00eancia dessa falha. A lideran\u00e7a do partido defende que a resolu\u00e7\u00e3o pode contribuir para a estabiliza\u00e7\u00e3o do servi\u00e7o.<\/p>\n","protected":false},"excerpt":{"rendered":"<ul>\n<li>O Chega apresentou, na Assembleia da Rep\u00fablica, um projeto de resolu\u00e7\u00e3o que prev\u00ea a isen\u00e7\u00e3o total do IMI na primeira habita\u00e7\u00e3o de todos os bombeiros volunt\u00e1rios.<\/li>\n<li>A iniciativa afirma que os bombeiros volunt\u00e1rios s\u00e3o fundamentais ao sistema de emerg\u00eancia, atuando tamb\u00e9m em resgates, acidentes rodovi\u00e1rios e cat\u00e1strofes.<\/li>\n<li>O partido critica a desvaloriza\u00e7\u00e3o estrutural, a aus\u00eancia de incentivos e o decl\u00ednio do n\u00famero de volunt\u00e1rios, dizendo que isso precisa ser enfrentado.<\/li>\n<li>A proposta \u00e9 apresentada como uma medida de justi\u00e7a e de refor\u00e7o do voluntariado para assegurar a continuidade de um servi\u00e7o essencial.<\/li>\n<li>O deputado Francisco Gomes sublinha que a ideia responde a uma desigualdade hist\u00f3rica e que \u00e9 necess\u00e1rio agir para valorizar a Prote\u00e7\u00e3o Civil, lembrando propostas similares j\u00e1 apresentadas em dezembro de 2024.<\/li>\n<\/ul>\n","protected":false},"author":2,"featured_media":180611,"comment_status":"closed","ping_status":"closed","sticky":false,"template":"","format":"standard","meta":{"footnotes":""},"categories":[1,5],"tags":[971,4351,2142,1208,2832,320],"class_list":["post-180591","post","type-post","status-publish","format-standard","has-post-thumbnail","hentry","category-noticias","category-politica","tag-bombeiros","tag-bombeiros-voluntarios","tag-chega","tag-imi","tag-politica","tag-protecao-civil"],"yoast_head":"<!-- This site is optimized with the Yoast SEO plugin v27.2 - https:\/\/yoast.com\/product\/yoast-seo-wordpress\/ -->\n<title>Chega defende isen\u00e7\u00e3o de IMI para bombeiros volunt\u00e1rios - Portal Tela Portugal<\/title>\n<meta name=\"robots\" content=\"index, follow, max-snippet:-1, max-image-preview:large, max-video-preview:-1\" \/>\n<meta property=\"og:locale\" content=\"pt_PT\" \/>\n<meta property=\"og:type\" content=\"article\" \/>\n<meta property=\"og:title\" content=\"Chega defende isen\u00e7\u00e3o de IMI para bombeiros volunt\u00e1rios - Portal Tela Portugal\" \/>\n<meta property=\"og:description\" content=\"O Chega apresentou, na Assembleia da Rep\u00fablica, um projeto de resolu\u00e7\u00e3o que prev\u00ea a isen\u00e7\u00e3o total do IMI na primeira habita\u00e7\u00e3o de todos os bombeiros volunt\u00e1rios. A iniciativa afirma que os bombeiros volunt\u00e1rios s\u00e3o fundamentais ao sistema de emerg\u00eancia, atuando tamb\u00e9m em resgates, acidentes rodovi\u00e1rios e cat\u00e1strofes. O partido critica a desvaloriza\u00e7\u00e3o estrutural, a aus\u00eancia de incentivos e o decl\u00ednio do n\u00famero de volunt\u00e1rios, dizendo que isso precisa ser enfrentado. A proposta \u00e9 apresentada como uma medida de justi\u00e7a e de refor\u00e7o do voluntariado para assegurar a continuidade de um servi\u00e7o essencial. O deputado Francisco Gomes sublinha que a ideia responde a uma desigualdade hist\u00f3rica e que \u00e9 necess\u00e1rio agir para valorizar a Prote\u00e7\u00e3o Civil, lembrando propostas similares j\u00e1 apresentadas em dezembro de 2024.\" \/>\n<meta property=\"og:url\" content=\"https:\/\/portaltela.pt\/noticias\/2026\/01\/29\/chega-defende-isencao-de-imi-para-bombeiros-voluntarios\/\" \/>\n<meta property=\"og:site_name\" content=\"Portal Tela Portugal\" \/>\n<meta property=\"article:published_time\" content=\"2026-01-29T09:27:12+00:00\" \/>\n<meta name=\"author\" content=\"Telinha\" \/>\n<meta name=\"twitter:card\" content=\"summary_large_image\" \/>\n<meta name=\"twitter:label1\" content=\"Escrito por\" \/>\n\t<meta name=\"twitter:data1\" content=\"Telinha\" \/>\n\t<meta name=\"twitter:label2\" content=\"Tempo estimado de leitura\" \/>\n\t<meta name=\"twitter:data2\" content=\"2 minutos\" \/>\n<script type=\"application\/ld+json\" class=\"yoast-schema-graph\">{\"@context\":\"https:\/\/schema.org\",\"@graph\":[{\"@type\":\"Article\",\"@id\":\"https:\/\/portaltela.pt\/noticias\/2026\/01\/29\/chega-defende-isencao-de-imi-para-bombeiros-voluntarios\/#article\",\"isPartOf\":{\"@id\":\"https:\/\/portaltela.pt\/noticias\/2026\/01\/29\/chega-defende-isencao-de-imi-para-bombeiros-voluntarios\/\"},\"author\":{\"name\":\"Telinha\",\"@id\":\"https:\/\/portaltela.pt\/#\/schema\/person\/c4278d4a6028830caff9ee44b42d32ed\"},\"headline\":\"Chega defende isen\u00e7\u00e3o de IMI para bombeiros volunt\u00e1rios\",\"datePublished\":\"2026-01-29T09:27:12+00:00\",\"mainEntityOfPage\":{\"@id\":\"https:\/\/portaltela.pt\/noticias\/2026\/01\/29\/chega-defende-isencao-de-imi-para-bombeiros-voluntarios\/\"},\"wordCount\":325,\"image\":{\"@id\":\"https:\/\/portaltela.pt\/noticias\/2026\/01\/29\/chega-defende-isencao-de-imi-para-bombeiros-voluntarios\/#primaryimage\"},\"thumbnailUrl\":\"https:\/\/portaltela.pt\/s.01k8rhncp4jt1\/2026\/01\/unnamed-file-5736.jpg\",\"keywords\":[\"bombeiros\",\"Bombeiros Volunt\u00e1rios\",\"CHEGA\",\"IMI\",\"pol\u00edtica\",\"prote\u00e7\u00e3o civil\"],\"articleSection\":[\"Not\u00edcias\",\"Pol\u00edtica\"],\"inLanguage\":\"pt-PT\"},{\"@type\":\"WebPage\",\"@id\":\"https:\/\/portaltela.pt\/noticias\/2026\/01\/29\/chega-defende-isencao-de-imi-para-bombeiros-voluntarios\/\",\"url\":\"https:\/\/portaltela.pt\/noticias\/2026\/01\/29\/chega-defende-isencao-de-imi-para-bombeiros-voluntarios\/\",\"name\":\"Chega defende isen\u00e7\u00e3o de IMI para bombeiros volunt\u00e1rios - Portal Tela Portugal\",\"isPartOf\":{\"@id\":\"https:\/\/portaltela.pt\/#website\"},\"primaryImageOfPage\":{\"@id\":\"https:\/\/portaltela.pt\/noticias\/2026\/01\/29\/chega-defende-isencao-de-imi-para-bombeiros-voluntarios\/#primaryimage\"},\"image\":{\"@id\":\"https:\/\/portaltela.pt\/noticias\/2026\/01\/29\/chega-defende-isencao-de-imi-para-bombeiros-voluntarios\/#primaryimage\"},\"thumbnailUrl\":\"https:\/\/portaltela.pt\/s.01k8rhncp4jt1\/2026\/01\/unnamed-file-5736.jpg\",\"datePublished\":\"2026-01-29T09:27:12+00:00\",\"author\":{\"@id\":\"https:\/\/portaltela.pt\/#\/schema\/person\/c4278d4a6028830caff9ee44b42d32ed\"},\"breadcrumb\":{\"@id\":\"https:\/\/portaltela.pt\/noticias\/2026\/01\/29\/chega-defende-isencao-de-imi-para-bombeiros-voluntarios\/#breadcrumb\"},\"inLanguage\":\"pt-PT\",\"potentialAction\":[{\"@type\":\"ReadAction\",\"target\":[\"https:\/\/portaltela.pt\/noticias\/2026\/01\/29\/chega-defende-isencao-de-imi-para-bombeiros-voluntarios\/\"]}]},{\"@type\":\"ImageObject\",\"inLanguage\":\"pt-PT\",\"@id\":\"https:\/\/portaltela.pt\/noticias\/2026\/01\/29\/chega-defende-isencao-de-imi-para-bombeiros-voluntarios\/#primaryimage\",\"url\":\"https:\/\/portaltela.pt\/s.01k8rhncp4jt1\/2026\/01\/unnamed-file-5736.jpg\",\"contentUrl\":\"https:\/\/portaltela.pt\/s.01k8rhncp4jt1\/2026\/01\/unnamed-file-5736.jpg\",\"width\":796,\"height\":448,\"caption\":\"Foto DR\/CH\"},{\"@type\":\"BreadcrumbList\",\"@id\":\"https:\/\/portaltela.pt\/noticias\/2026\/01\/29\/chega-defende-isencao-de-imi-para-bombeiros-voluntarios\/#breadcrumb\",\"itemListElement\":[{\"@type\":\"ListItem\",\"position\":1,\"name\":\"In\u00edcio\",\"item\":\"https:\/\/portaltela.pt\/\"},{\"@type\":\"ListItem\",\"position\":2,\"name\":\"Chega defende isen\u00e7\u00e3o de IMI para bombeiros volunt\u00e1rios\"}]},{\"@type\":\"WebSite\",\"@id\":\"https:\/\/portaltela.pt\/#website\",\"url\":\"https:\/\/portaltela.pt\/\",\"name\":\"Portal Tela Portugal\",\"description\":\"\",\"potentialAction\":[{\"@type\":\"SearchAction\",\"target\":{\"@type\":\"EntryPoint\",\"urlTemplate\":\"https:\/\/portaltela.pt\/?s={search_term_string}\"},\"query-input\":{\"@type\":\"PropertyValueSpecification\",\"valueRequired\":true,\"valueName\":\"search_term_string\"}}],\"inLanguage\":\"pt-PT\"},{\"@type\":\"Person\",\"@id\":\"https:\/\/portaltela.pt\/#\/schema\/person\/c4278d4a6028830caff9ee44b42d32ed\",\"name\":\"Telinha\",\"image\":{\"@type\":\"ImageObject\",\"inLanguage\":\"pt-PT\",\"@id\":\"https:\/\/portaltela.pt\/s.01k8rhncp4jt1\/2025\/11\/talking-bot-125x125.png\",\"url\":\"https:\/\/portaltela.pt\/s.01k8rhncp4jt1\/2025\/11\/talking-bot-125x125.png\",\"contentUrl\":\"https:\/\/portaltela.pt\/s.01k8rhncp4jt1\/2025\/11\/talking-bot-125x125.png\",\"caption\":\"Telinha\"},\"sameAs\":[\"https:\/\/portaltela.pt\/\"],\"url\":\"https:\/\/portaltela.pt\/por\/367410592786\/\"}]}<\/script>\n<!-- \/ Yoast SEO plugin. -->","yoast_head_json":{"title":"Chega defende isen\u00e7\u00e3o de IMI para bombeiros volunt\u00e1rios - Portal Tela Portugal","robots":{"index":"index","follow":"follow","max-snippet":"max-snippet:-1","max-image-preview":"max-image-preview:large","max-video-preview":"max-video-preview:-1"},"og_locale":"pt_PT","og_type":"article","og_title":"Chega defende isen\u00e7\u00e3o de IMI para bombeiros volunt\u00e1rios - Portal Tela Portugal","og_description":"O Chega apresentou, na Assembleia da Rep\u00fablica, um projeto de resolu\u00e7\u00e3o que prev\u00ea a isen\u00e7\u00e3o total do IMI na primeira habita\u00e7\u00e3o de todos os bombeiros volunt\u00e1rios. A iniciativa afirma que os bombeiros volunt\u00e1rios s\u00e3o fundamentais ao sistema de emerg\u00eancia, atuando tamb\u00e9m em resgates, acidentes rodovi\u00e1rios e cat\u00e1strofes. O partido critica a desvaloriza\u00e7\u00e3o estrutural, a aus\u00eancia de incentivos e o decl\u00ednio do n\u00famero de volunt\u00e1rios, dizendo que isso precisa ser enfrentado. A proposta \u00e9 apresentada como uma medida de justi\u00e7a e de refor\u00e7o do voluntariado para assegurar a continuidade de um servi\u00e7o essencial. O deputado Francisco Gomes sublinha que a ideia responde a uma desigualdade hist\u00f3rica e que \u00e9 necess\u00e1rio agir para valorizar a Prote\u00e7\u00e3o Civil, lembrando propostas similares j\u00e1 apresentadas em dezembro de 2024.","og_url":"https:\/\/portaltela.pt\/noticias\/2026\/01\/29\/chega-defende-isencao-de-imi-para-bombeiros-voluntarios\/","og_site_name":"Portal Tela Portugal","article_published_time":"2026-01-29T09:27:12+00:00","author":"Telinha","twitter_card":"summary_large_image","twitter_misc":{"Escrito por":"Telinha","Tempo estimado de leitura":"2 minutos"},"schema":{"@context":"https:\/\/schema.org","@graph":[{"@type":"Article","@id":"https:\/\/portaltela.pt\/noticias\/2026\/01\/29\/chega-defende-isencao-de-imi-para-bombeiros-voluntarios\/#article","isPartOf":{"@id":"https:\/\/portaltela.pt\/noticias\/2026\/01\/29\/chega-defende-isencao-de-imi-para-bombeiros-voluntarios\/"},"author":{"name":"Telinha","@id":"https:\/\/portaltela.pt\/#\/schema\/person\/c4278d4a6028830caff9ee44b42d32ed"},"headline":"Chega defende isen\u00e7\u00e3o de IMI para bombeiros volunt\u00e1rios","datePublished":"2026-01-29T09:27:12+00:00","mainEntityOfPage":{"@id":"https:\/\/portaltela.pt\/noticias\/2026\/01\/29\/chega-defende-isencao-de-imi-para-bombeiros-voluntarios\/"},"wordCount":325,"image":{"@id":"https:\/\/portaltela.pt\/noticias\/2026\/01\/29\/chega-defende-isencao-de-imi-para-bombeiros-voluntarios\/#primaryimage"},"thumbnailUrl":"https:\/\/portaltela.pt\/s.01k8rhncp4jt1\/2026\/01\/unnamed-file-5736.jpg","keywords":["bombeiros","Bombeiros Volunt\u00e1rios","CHEGA","IMI","pol\u00edtica","prote\u00e7\u00e3o civil"],"articleSection":["Not\u00edcias","Pol\u00edtica"],"inLanguage":"pt-PT"},{"@type":"WebPage","@id":"https:\/\/portaltela.pt\/noticias\/2026\/01\/29\/chega-defende-isencao-de-imi-para-bombeiros-voluntarios\/","url":"https:\/\/portaltela.pt\/noticias\/2026\/01\/29\/chega-defende-isencao-de-imi-para-bombeiros-voluntarios\/","name":"Chega defende isen\u00e7\u00e3o de IMI para bombeiros volunt\u00e1rios - Portal Tela Portugal","isPartOf":{"@id":"https:\/\/portaltela.pt\/#website"},"primaryImageOfPage":{"@id":"https:\/\/portaltela.pt\/noticias\/2026\/01\/29\/chega-defende-isencao-de-imi-para-bombeiros-voluntarios\/#primaryimage"},"image":{"@id":"https:\/\/portaltela.pt\/noticias\/2026\/01\/29\/chega-defende-isencao-de-imi-para-bombeiros-voluntarios\/#primaryimage"},"thumbnailUrl":"https:\/\/portaltela.pt\/s.01k8rhncp4jt1\/2026\/01\/unnamed-file-5736.jpg","datePublished":"2026-01-29T09:27:12+00:00","author":{"@id":"https:\/\/portaltela.pt\/#\/schema\/person\/c4278d4a6028830caff9ee44b42d32ed"},"breadcrumb":{"@id":"https:\/\/portaltela.pt\/noticias\/2026\/01\/29\/chega-defende-isencao-de-imi-para-bombeiros-voluntarios\/#breadcrumb"},"inLanguage":"pt-PT","potentialAction":[{"@type":"ReadAction","target":["https:\/\/portaltela.pt\/noticias\/2026\/01\/29\/chega-defende-isencao-de-imi-para-bombeiros-voluntarios\/"]}]},{"@type":"ImageObject","inLanguage":"pt-PT","@id":"https:\/\/portaltela.pt\/noticias\/2026\/01\/29\/chega-defende-isencao-de-imi-para-bombeiros-voluntarios\/#primaryimage","url":"https:\/\/portaltela.pt\/s.01k8rhncp4jt1\/2026\/01\/unnamed-file-5736.jpg","contentUrl":"https:\/\/portaltela.pt\/s.01k8rhncp4jt1\/2026\/01\/unnamed-file-5736.jpg","width":796,"height":448,"caption":"Foto DR\/CH"},{"@type":"BreadcrumbList","@id":"https:\/\/portaltela.pt\/noticias\/2026\/01\/29\/chega-defende-isencao-de-imi-para-bombeiros-voluntarios\/#breadcrumb","itemListElement":[{"@type":"ListItem","position":1,"name":"In\u00edcio","item":"https:\/\/portaltela.pt\/"},{"@type":"ListItem","position":2,"name":"Chega defende isen\u00e7\u00e3o de IMI para bombeiros volunt\u00e1rios"}]},{"@type":"WebSite","@id":"https:\/\/portaltela.pt\/#website","url":"https:\/\/portaltela.pt\/","name":"Portal Tela Portugal","description":"","potentialAction":[{"@type":"SearchAction","target":{"@type":"EntryPoint","urlTemplate":"https:\/\/portaltela.pt\/?s={search_term_string}"},"query-input":{"@type":"PropertyValueSpecification","valueRequired":true,"valueName":"search_term_string"}}],"inLanguage":"pt-PT"},{"@type":"Person","@id":"https:\/\/portaltela.pt\/#\/schema\/person\/c4278d4a6028830caff9ee44b42d32ed","name":"Telinha","image":{"@type":"ImageObject","inLanguage":"pt-PT","@id":"https:\/\/portaltela.pt\/s.01k8rhncp4jt1\/2025\/11\/talking-bot-125x125.png","url":"https:\/\/portaltela.pt\/s.01k8rhncp4jt1\/2025\/11\/talking-bot-125x125.png","contentUrl":"https:\/\/portaltela.pt\/s.01k8rhncp4jt1\/2025\/11\/talking-bot-125x125.png","caption":"Telinha"},"sameAs":["https:\/\/portaltela.pt\/"],"url":"https:\/\/portaltela.pt\/por\/367410592786\/"}]}},"_links":{"self":[{"href":"https:\/\/portaltela.pt\/api\/wp\/v2\/posts\/180591","targetHints":{"allow":["GET"]}}],"collection":[{"href":"https:\/\/portaltela.pt\/api\/wp\/v2\/posts"}],"about":[{"href":"https:\/\/portaltela.pt\/api\/wp\/v2\/types\/post"}],"author":[{"embeddable":true,"href":"https:\/\/portaltela.pt\/api\/wp\/v2\/users\/2"}],"replies":[{"embeddable":true,"href":"https:\/\/portaltela.pt\/api\/wp\/v2\/comments?post=180591"}],"version-history":[{"count":0,"href":"https:\/\/portaltela.pt\/api\/wp\/v2\/posts\/180591\/revisions"}],"wp:featuredmedia":[{"embeddable":true,"href":"https:\/\/portaltela.pt\/api\/wp\/v2\/media\/180611"}],"wp:attachment":[{"href":"https:\/\/portaltela.pt\/api\/wp\/v2\/media?parent=180591"}],"wp:term":[{"taxonomy":"category","embeddable":true,"href":"https:\/\/portaltela.pt\/api\/wp\/v2\/categories?post=180591"},{"taxonomy":"post_tag","embeddable":true,"href":"https:\/\/portaltela.pt\/api\/wp\/v2\/tags?post=180591"}],"curies":[{"name":"wp","href":"https:\/\/api.w.org\/{rel}","templated":true}]}}