{"id":180572,"date":"2026-01-29T06:19:39","date_gmt":"2026-01-29T09:19:39","guid":{"rendered":"https:\/\/portaltela.pt\/noticias\/2026\/01\/29\/escolas-reabrem-em-coimbra-exceto-martim-de-freitas\/"},"modified":"2026-01-29T06:19:39","modified_gmt":"2026-01-29T09:19:39","slug":"escolas-reabrem-em-coimbra-exceto-martim-de-freitas","status":"publish","type":"post","link":"https:\/\/portaltela.pt\/noticias\/2026\/01\/29\/escolas-reabrem-em-coimbra-exceto-martim-de-freitas\/","title":{"rendered":"Escolas reabrem em Coimbra, exceto Martim de Freitas"},"content":{"rendered":"<p>O Munic\u00edpio de Coimbra informou que as escolas do concelho retomam hoje a atividade letiva, 29 de janeiro, ap\u00f3s a passagem da depress\u00e3o Kristin, com exce\u00e7\u00e3o da Escola EB 2\/3 Martim de Freitas, que permanecer\u00e1 encerrada por n\u00e3o estarem reunidas as condi\u00e7\u00f5es de seguran\u00e7a.<\/p>\n<p>A Escola EB 2\/3 Martim de Freitas n\u00e3o abrir\u00e1 hoje devido a fatores de seguran\u00e7a, incluindo a presen\u00e7a de \u00e1rvores de grande porte e de maquinaria pesada no recinto, na sequ\u00eancia da depress\u00e3o Kristin.<\/p>\n<p>A decis\u00e3o foi tomada por acordo entre a C\u00e2mara Municipal de Coimbra, a Dire\u00e7\u00e3o-Geral dos Estabelecimentos Escolares (DGEstE), a Associa\u00e7\u00e3o de Pais e a Dire\u00e7\u00e3o da Escola.<\/p>\n<h3>Medidas de Seguran\u00e7a<\/h3>\n<p>As restantes escolas do concelho v\u00e3o retomar a atividade letiva.<\/p>\n<p>A depress\u00e3o Kristin provocou, na madrugada de quarta-feira, 28 de janeiro, condi\u00e7\u00f5es meteorol\u00f3gicas adversas em Coimbra, com vento forte e precipita\u00e7\u00e3o intensa.<\/p>\n<p>Diversas situa\u00e7\u00f5es exigiram a interven\u00e7\u00e3o dos servi\u00e7os municipais e dos agentes de prote\u00e7\u00e3o civil.<\/p>\n","protected":false},"excerpt":{"rendered":"<ul>\n<li>As escolas do concelho de Coimbra retomam hoje, 29 de janeiro, a atividade letiva, ap\u00f3s a passagem da depress\u00e3o Kristin.<\/li>\n<li>A Escola EB 2\/3 Martim de Freitas fica encerrada, por n\u00e3o estarem reunidas as condi\u00e7\u00f5es de seguran\u00e7a.<\/li>\n<li>A decis\u00e3o foi tomada pelo munic\u00edpio, pela Dire\u00e7\u00e3o-Geral dos Estabelecimentos Escolares, pela Associa\u00e7\u00e3o de Pais e pela Dire\u00e7\u00e3o da escola.<\/li>\n<li>As restantes escolas de Coimbra v\u00e3o reabrir e manter as atividades normais.<\/li>\n<li>Durante a madrugada de quarta-feira, a depress\u00e3o Kristin trouxe vento forte e precipita\u00e7\u00e3o intensa, levando a v\u00e1rias interven\u00e7\u00e3o de servi\u00e7os municipais e de prote\u00e7\u00e3o civil.<\/li>\n<\/ul>\n","protected":false},"author":2,"featured_media":180578,"comment_status":"closed","ping_status":"closed","sticky":false,"template":"","format":"standard","meta":{"footnotes":""},"categories":[1],"tags":[1795,1070,163,101,4364,320],"class_list":["post-180572","post","type-post","status-publish","format-standard","has-post-thumbnail","hentry","category-noticias","tag-clima-escolar","tag-coimbra","tag-educacao","tag-escolas","tag-meteorologia","tag-protecao-civil"],"yoast_head":"<!-- This site is optimized with the Yoast SEO plugin v27.2 - https:\/\/yoast.com\/product\/yoast-seo-wordpress\/ -->\n<title>Escolas reabrem em Coimbra, exceto Martim de Freitas - Portal Tela Portugal<\/title>\n<meta name=\"robots\" content=\"index, follow, max-snippet:-1, max-image-preview:large, max-video-preview:-1\" \/>\n<meta property=\"og:locale\" content=\"pt_PT\" \/>\n<meta property=\"og:type\" content=\"article\" \/>\n<meta property=\"og:title\" content=\"Escolas reabrem em Coimbra, exceto Martim de Freitas - Portal Tela Portugal\" \/>\n<meta property=\"og:description\" content=\"As escolas do concelho de Coimbra retomam hoje, 29 de janeiro, a atividade letiva, ap\u00f3s a passagem da depress\u00e3o Kristin. A Escola EB 2\/3 Martim de Freitas fica encerrada, por n\u00e3o estarem reunidas as condi\u00e7\u00f5es de seguran\u00e7a. A decis\u00e3o foi tomada pelo munic\u00edpio, pela Dire\u00e7\u00e3o-Geral dos Estabelecimentos Escolares, pela Associa\u00e7\u00e3o de Pais e pela Dire\u00e7\u00e3o da escola. As restantes escolas de Coimbra v\u00e3o reabrir e manter as atividades normais. Durante a madrugada de quarta-feira, a depress\u00e3o Kristin trouxe vento forte e precipita\u00e7\u00e3o intensa, levando a v\u00e1rias interven\u00e7\u00e3o de servi\u00e7os municipais e de prote\u00e7\u00e3o civil.\" \/>\n<meta property=\"og:url\" content=\"https:\/\/portaltela.pt\/noticias\/2026\/01\/29\/escolas-reabrem-em-coimbra-exceto-martim-de-freitas\/\" \/>\n<meta property=\"og:site_name\" content=\"Portal Tela Portugal\" \/>\n<meta property=\"article:published_time\" content=\"2026-01-29T09:19:39+00:00\" \/>\n<meta name=\"author\" content=\"Telinha\" \/>\n<meta name=\"twitter:card\" content=\"summary_large_image\" \/>\n<meta name=\"twitter:label1\" content=\"Escrito por\" \/>\n\t<meta name=\"twitter:data1\" content=\"Telinha\" \/>\n\t<meta name=\"twitter:label2\" content=\"Tempo estimado de leitura\" \/>\n\t<meta name=\"twitter:data2\" content=\"1 minuto\" \/>\n<script type=\"application\/ld+json\" class=\"yoast-schema-graph\">{\"@context\":\"https:\/\/schema.org\",\"@graph\":[{\"@type\":\"Article\",\"@id\":\"https:\/\/portaltela.pt\/noticias\/2026\/01\/29\/escolas-reabrem-em-coimbra-exceto-martim-de-freitas\/#article\",\"isPartOf\":{\"@id\":\"https:\/\/portaltela.pt\/noticias\/2026\/01\/29\/escolas-reabrem-em-coimbra-exceto-martim-de-freitas\/\"},\"author\":{\"name\":\"Telinha\",\"@id\":\"https:\/\/portaltela.pt\/#\/schema\/person\/c4278d4a6028830caff9ee44b42d32ed\"},\"headline\":\"Escolas reabrem em Coimbra, exceto Martim de Freitas\",\"datePublished\":\"2026-01-29T09:19:39+00:00\",\"mainEntityOfPage\":{\"@id\":\"https:\/\/portaltela.pt\/noticias\/2026\/01\/29\/escolas-reabrem-em-coimbra-exceto-martim-de-freitas\/\"},\"wordCount\":185,\"image\":{\"@id\":\"https:\/\/portaltela.pt\/noticias\/2026\/01\/29\/escolas-reabrem-em-coimbra-exceto-martim-de-freitas\/#primaryimage\"},\"thumbnailUrl\":\"https:\/\/portaltela.pt\/s.01k8rhncp4jt1\/2026\/01\/Captura-de-ecra-2026-01-29-as-09.19.13.jpg\",\"keywords\":[\"clima escolar\",\"Coimbra\",\"educa\u00e7\u00e3o\",\"escolas\",\"meteorologia\",\"prote\u00e7\u00e3o civil\"],\"articleSection\":[\"Not\u00edcias\"],\"inLanguage\":\"pt-PT\"},{\"@type\":\"WebPage\",\"@id\":\"https:\/\/portaltela.pt\/noticias\/2026\/01\/29\/escolas-reabrem-em-coimbra-exceto-martim-de-freitas\/\",\"url\":\"https:\/\/portaltela.pt\/noticias\/2026\/01\/29\/escolas-reabrem-em-coimbra-exceto-martim-de-freitas\/\",\"name\":\"Escolas reabrem em Coimbra, exceto Martim de Freitas - Portal Tela Portugal\",\"isPartOf\":{\"@id\":\"https:\/\/portaltela.pt\/#website\"},\"primaryImageOfPage\":{\"@id\":\"https:\/\/portaltela.pt\/noticias\/2026\/01\/29\/escolas-reabrem-em-coimbra-exceto-martim-de-freitas\/#primaryimage\"},\"image\":{\"@id\":\"https:\/\/portaltela.pt\/noticias\/2026\/01\/29\/escolas-reabrem-em-coimbra-exceto-martim-de-freitas\/#primaryimage\"},\"thumbnailUrl\":\"https:\/\/portaltela.pt\/s.01k8rhncp4jt1\/2026\/01\/Captura-de-ecra-2026-01-29-as-09.19.13.jpg\",\"datePublished\":\"2026-01-29T09:19:39+00:00\",\"author\":{\"@id\":\"https:\/\/portaltela.pt\/#\/schema\/person\/c4278d4a6028830caff9ee44b42d32ed\"},\"breadcrumb\":{\"@id\":\"https:\/\/portaltela.pt\/noticias\/2026\/01\/29\/escolas-reabrem-em-coimbra-exceto-martim-de-freitas\/#breadcrumb\"},\"inLanguage\":\"pt-PT\",\"potentialAction\":[{\"@type\":\"ReadAction\",\"target\":[\"https:\/\/portaltela.pt\/noticias\/2026\/01\/29\/escolas-reabrem-em-coimbra-exceto-martim-de-freitas\/\"]}]},{\"@type\":\"ImageObject\",\"inLanguage\":\"pt-PT\",\"@id\":\"https:\/\/portaltela.pt\/noticias\/2026\/01\/29\/escolas-reabrem-em-coimbra-exceto-martim-de-freitas\/#primaryimage\",\"url\":\"https:\/\/portaltela.pt\/s.01k8rhncp4jt1\/2026\/01\/Captura-de-ecra-2026-01-29-as-09.19.13.jpg\",\"contentUrl\":\"https:\/\/portaltela.pt\/s.01k8rhncp4jt1\/2026\/01\/Captura-de-ecra-2026-01-29-as-09.19.13.jpg\",\"width\":796,\"height\":448,\"caption\":\"Escolas reabrem hoje em Coimbra com exce\u00e7\u00e3o da Martim de Freitas\"},{\"@type\":\"BreadcrumbList\",\"@id\":\"https:\/\/portaltela.pt\/noticias\/2026\/01\/29\/escolas-reabrem-em-coimbra-exceto-martim-de-freitas\/#breadcrumb\",\"itemListElement\":[{\"@type\":\"ListItem\",\"position\":1,\"name\":\"In\u00edcio\",\"item\":\"https:\/\/portaltela.pt\/\"},{\"@type\":\"ListItem\",\"position\":2,\"name\":\"Escolas reabrem em Coimbra, exceto Martim de Freitas\"}]},{\"@type\":\"WebSite\",\"@id\":\"https:\/\/portaltela.pt\/#website\",\"url\":\"https:\/\/portaltela.pt\/\",\"name\":\"Portal Tela Portugal\",\"description\":\"\",\"potentialAction\":[{\"@type\":\"SearchAction\",\"target\":{\"@type\":\"EntryPoint\",\"urlTemplate\":\"https:\/\/portaltela.pt\/?s={search_term_string}\"},\"query-input\":{\"@type\":\"PropertyValueSpecification\",\"valueRequired\":true,\"valueName\":\"search_term_string\"}}],\"inLanguage\":\"pt-PT\"},{\"@type\":\"Person\",\"@id\":\"https:\/\/portaltela.pt\/#\/schema\/person\/c4278d4a6028830caff9ee44b42d32ed\",\"name\":\"Telinha\",\"image\":{\"@type\":\"ImageObject\",\"inLanguage\":\"pt-PT\",\"@id\":\"https:\/\/portaltela.pt\/s.01k8rhncp4jt1\/2025\/11\/talking-bot-125x125.png\",\"url\":\"https:\/\/portaltela.pt\/s.01k8rhncp4jt1\/2025\/11\/talking-bot-125x125.png\",\"contentUrl\":\"https:\/\/portaltela.pt\/s.01k8rhncp4jt1\/2025\/11\/talking-bot-125x125.png\",\"caption\":\"Telinha\"},\"sameAs\":[\"https:\/\/portaltela.pt\/\"],\"url\":\"https:\/\/portaltela.pt\/por\/367410592786\/\"}]}<\/script>\n<!-- \/ Yoast SEO plugin. -->","yoast_head_json":{"title":"Escolas reabrem em Coimbra, exceto Martim de Freitas - Portal Tela Portugal","robots":{"index":"index","follow":"follow","max-snippet":"max-snippet:-1","max-image-preview":"max-image-preview:large","max-video-preview":"max-video-preview:-1"},"og_locale":"pt_PT","og_type":"article","og_title":"Escolas reabrem em Coimbra, exceto Martim de Freitas - Portal Tela Portugal","og_description":"As escolas do concelho de Coimbra retomam hoje, 29 de janeiro, a atividade letiva, ap\u00f3s a passagem da depress\u00e3o Kristin. A Escola EB 2\/3 Martim de Freitas fica encerrada, por n\u00e3o estarem reunidas as condi\u00e7\u00f5es de seguran\u00e7a. A decis\u00e3o foi tomada pelo munic\u00edpio, pela Dire\u00e7\u00e3o-Geral dos Estabelecimentos Escolares, pela Associa\u00e7\u00e3o de Pais e pela Dire\u00e7\u00e3o da escola. As restantes escolas de Coimbra v\u00e3o reabrir e manter as atividades normais. Durante a madrugada de quarta-feira, a depress\u00e3o Kristin trouxe vento forte e precipita\u00e7\u00e3o intensa, levando a v\u00e1rias interven\u00e7\u00e3o de servi\u00e7os municipais e de prote\u00e7\u00e3o civil.","og_url":"https:\/\/portaltela.pt\/noticias\/2026\/01\/29\/escolas-reabrem-em-coimbra-exceto-martim-de-freitas\/","og_site_name":"Portal Tela Portugal","article_published_time":"2026-01-29T09:19:39+00:00","author":"Telinha","twitter_card":"summary_large_image","twitter_misc":{"Escrito por":"Telinha","Tempo estimado de leitura":"1 minuto"},"schema":{"@context":"https:\/\/schema.org","@graph":[{"@type":"Article","@id":"https:\/\/portaltela.pt\/noticias\/2026\/01\/29\/escolas-reabrem-em-coimbra-exceto-martim-de-freitas\/#article","isPartOf":{"@id":"https:\/\/portaltela.pt\/noticias\/2026\/01\/29\/escolas-reabrem-em-coimbra-exceto-martim-de-freitas\/"},"author":{"name":"Telinha","@id":"https:\/\/portaltela.pt\/#\/schema\/person\/c4278d4a6028830caff9ee44b42d32ed"},"headline":"Escolas reabrem em Coimbra, exceto Martim de Freitas","datePublished":"2026-01-29T09:19:39+00:00","mainEntityOfPage":{"@id":"https:\/\/portaltela.pt\/noticias\/2026\/01\/29\/escolas-reabrem-em-coimbra-exceto-martim-de-freitas\/"},"wordCount":185,"image":{"@id":"https:\/\/portaltela.pt\/noticias\/2026\/01\/29\/escolas-reabrem-em-coimbra-exceto-martim-de-freitas\/#primaryimage"},"thumbnailUrl":"https:\/\/portaltela.pt\/s.01k8rhncp4jt1\/2026\/01\/Captura-de-ecra-2026-01-29-as-09.19.13.jpg","keywords":["clima escolar","Coimbra","educa\u00e7\u00e3o","escolas","meteorologia","prote\u00e7\u00e3o civil"],"articleSection":["Not\u00edcias"],"inLanguage":"pt-PT"},{"@type":"WebPage","@id":"https:\/\/portaltela.pt\/noticias\/2026\/01\/29\/escolas-reabrem-em-coimbra-exceto-martim-de-freitas\/","url":"https:\/\/portaltela.pt\/noticias\/2026\/01\/29\/escolas-reabrem-em-coimbra-exceto-martim-de-freitas\/","name":"Escolas reabrem em Coimbra, exceto Martim de Freitas - Portal Tela Portugal","isPartOf":{"@id":"https:\/\/portaltela.pt\/#website"},"primaryImageOfPage":{"@id":"https:\/\/portaltela.pt\/noticias\/2026\/01\/29\/escolas-reabrem-em-coimbra-exceto-martim-de-freitas\/#primaryimage"},"image":{"@id":"https:\/\/portaltela.pt\/noticias\/2026\/01\/29\/escolas-reabrem-em-coimbra-exceto-martim-de-freitas\/#primaryimage"},"thumbnailUrl":"https:\/\/portaltela.pt\/s.01k8rhncp4jt1\/2026\/01\/Captura-de-ecra-2026-01-29-as-09.19.13.jpg","datePublished":"2026-01-29T09:19:39+00:00","author":{"@id":"https:\/\/portaltela.pt\/#\/schema\/person\/c4278d4a6028830caff9ee44b42d32ed"},"breadcrumb":{"@id":"https:\/\/portaltela.pt\/noticias\/2026\/01\/29\/escolas-reabrem-em-coimbra-exceto-martim-de-freitas\/#breadcrumb"},"inLanguage":"pt-PT","potentialAction":[{"@type":"ReadAction","target":["https:\/\/portaltela.pt\/noticias\/2026\/01\/29\/escolas-reabrem-em-coimbra-exceto-martim-de-freitas\/"]}]},{"@type":"ImageObject","inLanguage":"pt-PT","@id":"https:\/\/portaltela.pt\/noticias\/2026\/01\/29\/escolas-reabrem-em-coimbra-exceto-martim-de-freitas\/#primaryimage","url":"https:\/\/portaltela.pt\/s.01k8rhncp4jt1\/2026\/01\/Captura-de-ecra-2026-01-29-as-09.19.13.jpg","contentUrl":"https:\/\/portaltela.pt\/s.01k8rhncp4jt1\/2026\/01\/Captura-de-ecra-2026-01-29-as-09.19.13.jpg","width":796,"height":448,"caption":"Escolas reabrem hoje em Coimbra com exce\u00e7\u00e3o da Martim de Freitas"},{"@type":"BreadcrumbList","@id":"https:\/\/portaltela.pt\/noticias\/2026\/01\/29\/escolas-reabrem-em-coimbra-exceto-martim-de-freitas\/#breadcrumb","itemListElement":[{"@type":"ListItem","position":1,"name":"In\u00edcio","item":"https:\/\/portaltela.pt\/"},{"@type":"ListItem","position":2,"name":"Escolas reabrem em Coimbra, exceto Martim de Freitas"}]},{"@type":"WebSite","@id":"https:\/\/portaltela.pt\/#website","url":"https:\/\/portaltela.pt\/","name":"Portal Tela Portugal","description":"","potentialAction":[{"@type":"SearchAction","target":{"@type":"EntryPoint","urlTemplate":"https:\/\/portaltela.pt\/?s={search_term_string}"},"query-input":{"@type":"PropertyValueSpecification","valueRequired":true,"valueName":"search_term_string"}}],"inLanguage":"pt-PT"},{"@type":"Person","@id":"https:\/\/portaltela.pt\/#\/schema\/person\/c4278d4a6028830caff9ee44b42d32ed","name":"Telinha","image":{"@type":"ImageObject","inLanguage":"pt-PT","@id":"https:\/\/portaltela.pt\/s.01k8rhncp4jt1\/2025\/11\/talking-bot-125x125.png","url":"https:\/\/portaltela.pt\/s.01k8rhncp4jt1\/2025\/11\/talking-bot-125x125.png","contentUrl":"https:\/\/portaltela.pt\/s.01k8rhncp4jt1\/2025\/11\/talking-bot-125x125.png","caption":"Telinha"},"sameAs":["https:\/\/portaltela.pt\/"],"url":"https:\/\/portaltela.pt\/por\/367410592786\/"}]}},"_links":{"self":[{"href":"https:\/\/portaltela.pt\/api\/wp\/v2\/posts\/180572","targetHints":{"allow":["GET"]}}],"collection":[{"href":"https:\/\/portaltela.pt\/api\/wp\/v2\/posts"}],"about":[{"href":"https:\/\/portaltela.pt\/api\/wp\/v2\/types\/post"}],"author":[{"embeddable":true,"href":"https:\/\/portaltela.pt\/api\/wp\/v2\/users\/2"}],"replies":[{"embeddable":true,"href":"https:\/\/portaltela.pt\/api\/wp\/v2\/comments?post=180572"}],"version-history":[{"count":0,"href":"https:\/\/portaltela.pt\/api\/wp\/v2\/posts\/180572\/revisions"}],"wp:featuredmedia":[{"embeddable":true,"href":"https:\/\/portaltela.pt\/api\/wp\/v2\/media\/180578"}],"wp:attachment":[{"href":"https:\/\/portaltela.pt\/api\/wp\/v2\/media?parent=180572"}],"wp:term":[{"taxonomy":"category","embeddable":true,"href":"https:\/\/portaltela.pt\/api\/wp\/v2\/categories?post=180572"},{"taxonomy":"post_tag","embeddable":true,"href":"https:\/\/portaltela.pt\/api\/wp\/v2\/tags?post=180572"}],"curies":[{"name":"wp","href":"https:\/\/api.w.org\/{rel}","templated":true}]}}