{"id":180565,"date":"2026-01-29T06:17:15","date_gmt":"2026-01-29T09:17:15","guid":{"rendered":"https:\/\/portaltela.pt\/noticias\/2026\/01\/29\/municipio-de-meda-abre-candidaturas-as-bolsas-de-estudo-2025-2026\/"},"modified":"2026-01-29T06:17:15","modified_gmt":"2026-01-29T09:17:15","slug":"municipio-de-meda-abre-candidaturas-as-bolsas-de-estudo-2025-2026","status":"publish","type":"post","link":"https:\/\/portaltela.pt\/noticias\/2026\/01\/29\/municipio-de-meda-abre-candidaturas-as-bolsas-de-estudo-2025-2026\/","title":{"rendered":"Munic\u00edpio de M\u00eada abre candidaturas \u00e0s Bolsas de Estudo 2025\/2026"},"content":{"rendered":"<p>O Munic\u00edpio de M\u00eada abriu candidaturas \u00e0s Bolsas de Estudo para o Ensino Superior no ano letivo 2025\/2026, destinadas a apoiar estudantes do concelho. Existem duas modalidades: m\u00e9rito acad\u00e9mico, para alunos com bom desempenho, e insufici\u00eancia econ\u00f3mica, para quem enfrenta dificuldades financeiras.<\/p>\n<p>As bolsas visam apoiar a continuidade de estudos superiores dos estudantes do concelho, promovendo igualdade de oportunidades. A iniciativa decorre no \u00e2mbito das pol\u00edticas municipais de apoio educativo e desenvolvimento local.<\/p>\n<h3>Quem pode candidatar-se<\/h3>\n<p>Podem apresentar candidatura os estudantes do concelho que satisfa\u00e7am os crit\u00e9rios de cada modalidade. A sele\u00e7\u00e3o ter\u00e1 em conta o rendimento familiar e o desempenho acad\u00e9mico, conforme definido pelo munic\u00edpio.<\/p>\n<p>Podem candidatar-se tamb\u00e9m alunos j\u00e1 matriculados em cursos superiores e que cumpram os requisitos especificados para cada linha de apoio. A candidatura compreende a submiss\u00e3o de documenta\u00e7\u00e3o comprovativa.<\/p>\n<h3>Como candidatar-se<\/h3>\n<p>Os interessados devem consultar as condi\u00e7\u00f5es, prazos e documenta\u00e7\u00e3o necess\u00e1ria no site oficial do Munic\u00edpio de M\u00eada. O processo envolve o preenchimento de um formul\u00e1rio de candidatura e a apresenta\u00e7\u00e3o de documentos relevantes.<\/p>\n<p>O munic\u00edpio refor\u00e7a que o formul\u00e1rio de candidatura est\u00e1 dispon\u00edvel online e que n\u00e3o \u00e9 necess\u00e1ria qualquer desloca\u00e7\u00e3o f\u00edsica inicial, salvo exce\u00e7\u00f5es indicadas pelo munic\u00edpio.<\/p>\n","protected":false},"excerpt":{"rendered":"<ul>\n<li>O munic\u00edpio de M\u00eada abriu candidaturas \u00e0s Bolsas de Estudo para o Ensino Superior no ano letivo 2025\/2026.<\/li>\n<li>Existem duas modalidades: m\u00e9rito acad\u00e9mico e insufici\u00eancia econ\u00f3mica.<\/li>\n<li>As bolsas destinam-se a estudantes do concelho que pretendem prosseguir os seus estudos.<\/li>\n<li>Os interessados devem consultar condi\u00e7\u00f5es de candidatura, prazos e documenta\u00e7\u00e3o no site oficial do munic\u00edpio.<\/li>\n<li>Para informa\u00e7\u00f5es e acesso ao formul\u00e1rio de candidatura, aceda ao link fornecido pelo munic\u00edpio.<\/li>\n<\/ul>\n","protected":false},"author":2,"featured_media":180584,"comment_status":"closed","ping_status":"closed","sticky":false,"template":"","format":"standard","meta":{"footnotes":""},"categories":[1],"tags":[1211,2035,163,92,1355,133],"class_list":["post-180565","post","type-post","status-publish","format-standard","has-post-thumbnail","hentry","category-noticias","tag-apoio-social","tag-bolsas","tag-educacao","tag-ensino","tag-meda","tag-politicas-publicas"],"yoast_head":"<!-- This site is optimized with the Yoast SEO plugin v27.2 - https:\/\/yoast.com\/product\/yoast-seo-wordpress\/ -->\n<title>Munic\u00edpio de M\u00eada abre candidaturas \u00e0s Bolsas de Estudo 2025\/2026 - Portal Tela Portugal<\/title>\n<meta name=\"robots\" content=\"index, follow, max-snippet:-1, max-image-preview:large, max-video-preview:-1\" \/>\n<meta property=\"og:locale\" content=\"pt_PT\" \/>\n<meta property=\"og:type\" content=\"article\" \/>\n<meta property=\"og:title\" content=\"Munic\u00edpio de M\u00eada abre candidaturas \u00e0s Bolsas de Estudo 2025\/2026 - Portal Tela Portugal\" \/>\n<meta property=\"og:description\" content=\"O munic\u00edpio de M\u00eada abriu candidaturas \u00e0s Bolsas de Estudo para o Ensino Superior no ano letivo 2025\/2026. Existem duas modalidades: m\u00e9rito acad\u00e9mico e insufici\u00eancia econ\u00f3mica. As bolsas destinam-se a estudantes do concelho que pretendem prosseguir os seus estudos. Os interessados devem consultar condi\u00e7\u00f5es de candidatura, prazos e documenta\u00e7\u00e3o no site oficial do munic\u00edpio. Para informa\u00e7\u00f5es e acesso ao formul\u00e1rio de candidatura, aceda ao link fornecido pelo munic\u00edpio.\" \/>\n<meta property=\"og:url\" content=\"https:\/\/portaltela.pt\/noticias\/2026\/01\/29\/municipio-de-meda-abre-candidaturas-as-bolsas-de-estudo-2025-2026\/\" \/>\n<meta property=\"og:site_name\" content=\"Portal Tela Portugal\" \/>\n<meta property=\"article:published_time\" content=\"2026-01-29T09:17:15+00:00\" \/>\n<meta name=\"author\" content=\"Telinha\" \/>\n<meta name=\"twitter:card\" content=\"summary_large_image\" \/>\n<meta name=\"twitter:label1\" content=\"Escrito por\" \/>\n\t<meta name=\"twitter:data1\" content=\"Telinha\" \/>\n\t<meta name=\"twitter:label2\" content=\"Tempo estimado de leitura\" \/>\n\t<meta name=\"twitter:data2\" content=\"1 minuto\" \/>\n<script type=\"application\/ld+json\" class=\"yoast-schema-graph\">{\"@context\":\"https:\/\/schema.org\",\"@graph\":[{\"@type\":\"Article\",\"@id\":\"https:\/\/portaltela.pt\/noticias\/2026\/01\/29\/municipio-de-meda-abre-candidaturas-as-bolsas-de-estudo-2025-2026\/#article\",\"isPartOf\":{\"@id\":\"https:\/\/portaltela.pt\/noticias\/2026\/01\/29\/municipio-de-meda-abre-candidaturas-as-bolsas-de-estudo-2025-2026\/\"},\"author\":{\"name\":\"Telinha\",\"@id\":\"https:\/\/portaltela.pt\/#\/schema\/person\/c4278d4a6028830caff9ee44b42d32ed\"},\"headline\":\"Munic\u00edpio de M\u00eada abre candidaturas \u00e0s Bolsas de Estudo 2025\/2026\",\"datePublished\":\"2026-01-29T09:17:15+00:00\",\"mainEntityOfPage\":{\"@id\":\"https:\/\/portaltela.pt\/noticias\/2026\/01\/29\/municipio-de-meda-abre-candidaturas-as-bolsas-de-estudo-2025-2026\/\"},\"wordCount\":235,\"image\":{\"@id\":\"https:\/\/portaltela.pt\/noticias\/2026\/01\/29\/municipio-de-meda-abre-candidaturas-as-bolsas-de-estudo-2025-2026\/#primaryimage\"},\"thumbnailUrl\":\"https:\/\/portaltela.pt\/s.01k8rhncp4jt1\/2026\/01\/unnamed-file-5733.jpg\",\"keywords\":[\"Apoio Social\",\"bolsas\",\"educa\u00e7\u00e3o\",\"ensino\",\"M\u00eada\",\"pol\u00edticas p\u00fablicas\"],\"articleSection\":[\"Not\u00edcias\"],\"inLanguage\":\"pt-PT\"},{\"@type\":\"WebPage\",\"@id\":\"https:\/\/portaltela.pt\/noticias\/2026\/01\/29\/municipio-de-meda-abre-candidaturas-as-bolsas-de-estudo-2025-2026\/\",\"url\":\"https:\/\/portaltela.pt\/noticias\/2026\/01\/29\/municipio-de-meda-abre-candidaturas-as-bolsas-de-estudo-2025-2026\/\",\"name\":\"Munic\u00edpio de M\u00eada abre candidaturas \u00e0s Bolsas de Estudo 2025\/2026 - Portal Tela Portugal\",\"isPartOf\":{\"@id\":\"https:\/\/portaltela.pt\/#website\"},\"primaryImageOfPage\":{\"@id\":\"https:\/\/portaltela.pt\/noticias\/2026\/01\/29\/municipio-de-meda-abre-candidaturas-as-bolsas-de-estudo-2025-2026\/#primaryimage\"},\"image\":{\"@id\":\"https:\/\/portaltela.pt\/noticias\/2026\/01\/29\/municipio-de-meda-abre-candidaturas-as-bolsas-de-estudo-2025-2026\/#primaryimage\"},\"thumbnailUrl\":\"https:\/\/portaltela.pt\/s.01k8rhncp4jt1\/2026\/01\/unnamed-file-5733.jpg\",\"datePublished\":\"2026-01-29T09:17:15+00:00\",\"author\":{\"@id\":\"https:\/\/portaltela.pt\/#\/schema\/person\/c4278d4a6028830caff9ee44b42d32ed\"},\"breadcrumb\":{\"@id\":\"https:\/\/portaltela.pt\/noticias\/2026\/01\/29\/municipio-de-meda-abre-candidaturas-as-bolsas-de-estudo-2025-2026\/#breadcrumb\"},\"inLanguage\":\"pt-PT\",\"potentialAction\":[{\"@type\":\"ReadAction\",\"target\":[\"https:\/\/portaltela.pt\/noticias\/2026\/01\/29\/municipio-de-meda-abre-candidaturas-as-bolsas-de-estudo-2025-2026\/\"]}]},{\"@type\":\"ImageObject\",\"inLanguage\":\"pt-PT\",\"@id\":\"https:\/\/portaltela.pt\/noticias\/2026\/01\/29\/municipio-de-meda-abre-candidaturas-as-bolsas-de-estudo-2025-2026\/#primaryimage\",\"url\":\"https:\/\/portaltela.pt\/s.01k8rhncp4jt1\/2026\/01\/unnamed-file-5733.jpg\",\"contentUrl\":\"https:\/\/portaltela.pt\/s.01k8rhncp4jt1\/2026\/01\/unnamed-file-5733.jpg\",\"width\":796,\"height\":448,\"caption\":\"Munic\u00edpio de M\u00eada abre candidaturas \u00e0s Bolsas de Estudo 2025\/2026\"},{\"@type\":\"BreadcrumbList\",\"@id\":\"https:\/\/portaltela.pt\/noticias\/2026\/01\/29\/municipio-de-meda-abre-candidaturas-as-bolsas-de-estudo-2025-2026\/#breadcrumb\",\"itemListElement\":[{\"@type\":\"ListItem\",\"position\":1,\"name\":\"In\u00edcio\",\"item\":\"https:\/\/portaltela.pt\/\"},{\"@type\":\"ListItem\",\"position\":2,\"name\":\"Munic\u00edpio de M\u00eada abre candidaturas \u00e0s Bolsas de Estudo 2025\/2026\"}]},{\"@type\":\"WebSite\",\"@id\":\"https:\/\/portaltela.pt\/#website\",\"url\":\"https:\/\/portaltela.pt\/\",\"name\":\"Portal Tela Portugal\",\"description\":\"\",\"potentialAction\":[{\"@type\":\"SearchAction\",\"target\":{\"@type\":\"EntryPoint\",\"urlTemplate\":\"https:\/\/portaltela.pt\/?s={search_term_string}\"},\"query-input\":{\"@type\":\"PropertyValueSpecification\",\"valueRequired\":true,\"valueName\":\"search_term_string\"}}],\"inLanguage\":\"pt-PT\"},{\"@type\":\"Person\",\"@id\":\"https:\/\/portaltela.pt\/#\/schema\/person\/c4278d4a6028830caff9ee44b42d32ed\",\"name\":\"Telinha\",\"image\":{\"@type\":\"ImageObject\",\"inLanguage\":\"pt-PT\",\"@id\":\"https:\/\/portaltela.pt\/s.01k8rhncp4jt1\/2025\/11\/talking-bot-125x125.png\",\"url\":\"https:\/\/portaltela.pt\/s.01k8rhncp4jt1\/2025\/11\/talking-bot-125x125.png\",\"contentUrl\":\"https:\/\/portaltela.pt\/s.01k8rhncp4jt1\/2025\/11\/talking-bot-125x125.png\",\"caption\":\"Telinha\"},\"sameAs\":[\"https:\/\/portaltela.pt\/\"],\"url\":\"https:\/\/portaltela.pt\/por\/367410592786\/\"}]}<\/script>\n<!-- \/ Yoast SEO plugin. -->","yoast_head_json":{"title":"Munic\u00edpio de M\u00eada abre candidaturas \u00e0s Bolsas de Estudo 2025\/2026 - Portal Tela Portugal","robots":{"index":"index","follow":"follow","max-snippet":"max-snippet:-1","max-image-preview":"max-image-preview:large","max-video-preview":"max-video-preview:-1"},"og_locale":"pt_PT","og_type":"article","og_title":"Munic\u00edpio de M\u00eada abre candidaturas \u00e0s Bolsas de Estudo 2025\/2026 - Portal Tela Portugal","og_description":"O munic\u00edpio de M\u00eada abriu candidaturas \u00e0s Bolsas de Estudo para o Ensino Superior no ano letivo 2025\/2026. Existem duas modalidades: m\u00e9rito acad\u00e9mico e insufici\u00eancia econ\u00f3mica. As bolsas destinam-se a estudantes do concelho que pretendem prosseguir os seus estudos. Os interessados devem consultar condi\u00e7\u00f5es de candidatura, prazos e documenta\u00e7\u00e3o no site oficial do munic\u00edpio. Para informa\u00e7\u00f5es e acesso ao formul\u00e1rio de candidatura, aceda ao link fornecido pelo munic\u00edpio.","og_url":"https:\/\/portaltela.pt\/noticias\/2026\/01\/29\/municipio-de-meda-abre-candidaturas-as-bolsas-de-estudo-2025-2026\/","og_site_name":"Portal Tela Portugal","article_published_time":"2026-01-29T09:17:15+00:00","author":"Telinha","twitter_card":"summary_large_image","twitter_misc":{"Escrito por":"Telinha","Tempo estimado de leitura":"1 minuto"},"schema":{"@context":"https:\/\/schema.org","@graph":[{"@type":"Article","@id":"https:\/\/portaltela.pt\/noticias\/2026\/01\/29\/municipio-de-meda-abre-candidaturas-as-bolsas-de-estudo-2025-2026\/#article","isPartOf":{"@id":"https:\/\/portaltela.pt\/noticias\/2026\/01\/29\/municipio-de-meda-abre-candidaturas-as-bolsas-de-estudo-2025-2026\/"},"author":{"name":"Telinha","@id":"https:\/\/portaltela.pt\/#\/schema\/person\/c4278d4a6028830caff9ee44b42d32ed"},"headline":"Munic\u00edpio de M\u00eada abre candidaturas \u00e0s Bolsas de Estudo 2025\/2026","datePublished":"2026-01-29T09:17:15+00:00","mainEntityOfPage":{"@id":"https:\/\/portaltela.pt\/noticias\/2026\/01\/29\/municipio-de-meda-abre-candidaturas-as-bolsas-de-estudo-2025-2026\/"},"wordCount":235,"image":{"@id":"https:\/\/portaltela.pt\/noticias\/2026\/01\/29\/municipio-de-meda-abre-candidaturas-as-bolsas-de-estudo-2025-2026\/#primaryimage"},"thumbnailUrl":"https:\/\/portaltela.pt\/s.01k8rhncp4jt1\/2026\/01\/unnamed-file-5733.jpg","keywords":["Apoio Social","bolsas","educa\u00e7\u00e3o","ensino","M\u00eada","pol\u00edticas p\u00fablicas"],"articleSection":["Not\u00edcias"],"inLanguage":"pt-PT"},{"@type":"WebPage","@id":"https:\/\/portaltela.pt\/noticias\/2026\/01\/29\/municipio-de-meda-abre-candidaturas-as-bolsas-de-estudo-2025-2026\/","url":"https:\/\/portaltela.pt\/noticias\/2026\/01\/29\/municipio-de-meda-abre-candidaturas-as-bolsas-de-estudo-2025-2026\/","name":"Munic\u00edpio de M\u00eada abre candidaturas \u00e0s Bolsas de Estudo 2025\/2026 - Portal Tela Portugal","isPartOf":{"@id":"https:\/\/portaltela.pt\/#website"},"primaryImageOfPage":{"@id":"https:\/\/portaltela.pt\/noticias\/2026\/01\/29\/municipio-de-meda-abre-candidaturas-as-bolsas-de-estudo-2025-2026\/#primaryimage"},"image":{"@id":"https:\/\/portaltela.pt\/noticias\/2026\/01\/29\/municipio-de-meda-abre-candidaturas-as-bolsas-de-estudo-2025-2026\/#primaryimage"},"thumbnailUrl":"https:\/\/portaltela.pt\/s.01k8rhncp4jt1\/2026\/01\/unnamed-file-5733.jpg","datePublished":"2026-01-29T09:17:15+00:00","author":{"@id":"https:\/\/portaltela.pt\/#\/schema\/person\/c4278d4a6028830caff9ee44b42d32ed"},"breadcrumb":{"@id":"https:\/\/portaltela.pt\/noticias\/2026\/01\/29\/municipio-de-meda-abre-candidaturas-as-bolsas-de-estudo-2025-2026\/#breadcrumb"},"inLanguage":"pt-PT","potentialAction":[{"@type":"ReadAction","target":["https:\/\/portaltela.pt\/noticias\/2026\/01\/29\/municipio-de-meda-abre-candidaturas-as-bolsas-de-estudo-2025-2026\/"]}]},{"@type":"ImageObject","inLanguage":"pt-PT","@id":"https:\/\/portaltela.pt\/noticias\/2026\/01\/29\/municipio-de-meda-abre-candidaturas-as-bolsas-de-estudo-2025-2026\/#primaryimage","url":"https:\/\/portaltela.pt\/s.01k8rhncp4jt1\/2026\/01\/unnamed-file-5733.jpg","contentUrl":"https:\/\/portaltela.pt\/s.01k8rhncp4jt1\/2026\/01\/unnamed-file-5733.jpg","width":796,"height":448,"caption":"Munic\u00edpio de M\u00eada abre candidaturas \u00e0s Bolsas de Estudo 2025\/2026"},{"@type":"BreadcrumbList","@id":"https:\/\/portaltela.pt\/noticias\/2026\/01\/29\/municipio-de-meda-abre-candidaturas-as-bolsas-de-estudo-2025-2026\/#breadcrumb","itemListElement":[{"@type":"ListItem","position":1,"name":"In\u00edcio","item":"https:\/\/portaltela.pt\/"},{"@type":"ListItem","position":2,"name":"Munic\u00edpio de M\u00eada abre candidaturas \u00e0s Bolsas de Estudo 2025\/2026"}]},{"@type":"WebSite","@id":"https:\/\/portaltela.pt\/#website","url":"https:\/\/portaltela.pt\/","name":"Portal Tela Portugal","description":"","potentialAction":[{"@type":"SearchAction","target":{"@type":"EntryPoint","urlTemplate":"https:\/\/portaltela.pt\/?s={search_term_string}"},"query-input":{"@type":"PropertyValueSpecification","valueRequired":true,"valueName":"search_term_string"}}],"inLanguage":"pt-PT"},{"@type":"Person","@id":"https:\/\/portaltela.pt\/#\/schema\/person\/c4278d4a6028830caff9ee44b42d32ed","name":"Telinha","image":{"@type":"ImageObject","inLanguage":"pt-PT","@id":"https:\/\/portaltela.pt\/s.01k8rhncp4jt1\/2025\/11\/talking-bot-125x125.png","url":"https:\/\/portaltela.pt\/s.01k8rhncp4jt1\/2025\/11\/talking-bot-125x125.png","contentUrl":"https:\/\/portaltela.pt\/s.01k8rhncp4jt1\/2025\/11\/talking-bot-125x125.png","caption":"Telinha"},"sameAs":["https:\/\/portaltela.pt\/"],"url":"https:\/\/portaltela.pt\/por\/367410592786\/"}]}},"_links":{"self":[{"href":"https:\/\/portaltela.pt\/api\/wp\/v2\/posts\/180565","targetHints":{"allow":["GET"]}}],"collection":[{"href":"https:\/\/portaltela.pt\/api\/wp\/v2\/posts"}],"about":[{"href":"https:\/\/portaltela.pt\/api\/wp\/v2\/types\/post"}],"author":[{"embeddable":true,"href":"https:\/\/portaltela.pt\/api\/wp\/v2\/users\/2"}],"replies":[{"embeddable":true,"href":"https:\/\/portaltela.pt\/api\/wp\/v2\/comments?post=180565"}],"version-history":[{"count":0,"href":"https:\/\/portaltela.pt\/api\/wp\/v2\/posts\/180565\/revisions"}],"wp:featuredmedia":[{"embeddable":true,"href":"https:\/\/portaltela.pt\/api\/wp\/v2\/media\/180584"}],"wp:attachment":[{"href":"https:\/\/portaltela.pt\/api\/wp\/v2\/media?parent=180565"}],"wp:term":[{"taxonomy":"category","embeddable":true,"href":"https:\/\/portaltela.pt\/api\/wp\/v2\/categories?post=180565"},{"taxonomy":"post_tag","embeddable":true,"href":"https:\/\/portaltela.pt\/api\/wp\/v2\/tags?post=180565"}],"curies":[{"name":"wp","href":"https:\/\/api.w.org\/{rel}","templated":true}]}}