{"id":180548,"date":"2026-01-29T06:21:00","date_gmt":"2026-01-29T09:21:00","guid":{"rendered":"https:\/\/portaltela.pt\/noticias\/2026\/01\/29\/seguranca-social-tem-imoveis-vazios-e-33-milhoes-em-rendas-por-cobrar\/"},"modified":"2026-01-29T06:21:00","modified_gmt":"2026-01-29T09:21:00","slug":"seguranca-social-tem-imoveis-vazios-e-33-milhoes-em-rendas-por-cobrar","status":"publish","type":"post","link":"https:\/\/portaltela.pt\/noticias\/2026\/01\/29\/seguranca-social-tem-imoveis-vazios-e-33-milhoes-em-rendas-por-cobrar\/","title":{"rendered":"Seguran\u00e7a Social tem im\u00f3veis vazios e 33 milh\u00f5es em rendas por cobrar"},"content":{"rendered":"<p>Mais de um ter\u00e7o dos im\u00f3veis geridos pela Seguran\u00e7a Social estavam, no final do ano passado, sem contrato de arrendamento activo. Os dados indicam uma vac\u00e2ncia significativa no patrim\u00f3nio imobili\u00e1rio sob gest\u00e3o p\u00fablica.<\/p>\n<p>O instituto contabilizou 854 im\u00f3veis classificados como devolutos e sem ocupa\u00e7\u00e3o formal. Paralelamente, havia mais de 33 milh\u00f5es de euros em rendas por cobrar \u00e0s entidades p\u00fablicas que ocupam edif\u00edcios da Seguran\u00e7a Social.<\/p>\n<p>As rendas devidas referem-se a contratos de ocupa\u00e7\u00e3o existentes entre a Seguran\u00e7a Social e entidades p\u00fablicas, que n\u00e3o estavam a nascer no regime de arrendamento ativo. A situa\u00e7\u00e3o destacada envolve im\u00f3veis que permanecem devolutos.<\/p>\n<p>As informa\u00e7\u00f5es foram divulgadas pelo p\u00fablico jornal, com dados retirados de fontes oficiais do sector. A administra\u00e7\u00e3o afirma que est\u00e1 a analisar op\u00e7\u00f5es para melhorar a gest\u00e3o do patrim\u00f3nio e reduzir perdas associadas a im\u00f3veis ociosos.<\/p>\n","protected":false},"excerpt":{"rendered":"<ul>\n<li>No fim do ano passado, mais de um ter\u00e7o dos im\u00f3veis geridos pela Seguran\u00e7a Social estavam sem contrato de arrendamento activo.<\/li>\n<li>A institui\u00e7\u00e3o contabiliza 854 im\u00f3veis devolutos no seu patrim\u00f3nio imobili\u00e1rio.<\/li>\n<li>H\u00e1 mais de 33 milh\u00f5es de euros em rendas por cobrar \u00e0s entidades p\u00fablicas que ocupam edif\u00edcios da Seguran\u00e7a Social.<\/li>\n<li>O montante representa rendas devidas por entidades que permanecem nas propriedades do instituto.<\/li>\n<\/ul>\n","protected":false},"author":2,"featured_media":180549,"comment_status":"closed","ping_status":"closed","sticky":false,"template":"","format":"standard","meta":{"footnotes":""},"categories":[1],"tags":[228,814,1582,2493,243,2824],"class_list":["post-180548","post","type-post","status-publish","format-standard","has-post-thumbnail","hentry","category-noticias","tag-imobiliario","tag-patrimonio","tag-propriedade-publica","tag-rendas","tag-seguranca-social","tag-setor-publico"],"yoast_head":"<!-- This site is optimized with the Yoast SEO plugin v27.2 - https:\/\/yoast.com\/product\/yoast-seo-wordpress\/ -->\n<title>Seguran\u00e7a Social tem im\u00f3veis vazios e 33 milh\u00f5es em rendas por cobrar - Portal Tela Portugal<\/title>\n<meta name=\"robots\" content=\"index, follow, max-snippet:-1, max-image-preview:large, max-video-preview:-1\" \/>\n<meta property=\"og:locale\" content=\"pt_PT\" \/>\n<meta property=\"og:type\" content=\"article\" \/>\n<meta property=\"og:title\" content=\"Seguran\u00e7a Social tem im\u00f3veis vazios e 33 milh\u00f5es em rendas por cobrar - Portal Tela Portugal\" \/>\n<meta property=\"og:description\" content=\"No fim do ano passado, mais de um ter\u00e7o dos im\u00f3veis geridos pela Seguran\u00e7a Social estavam sem contrato de arrendamento activo. A institui\u00e7\u00e3o contabiliza 854 im\u00f3veis devolutos no seu patrim\u00f3nio imobili\u00e1rio. H\u00e1 mais de 33 milh\u00f5es de euros em rendas por cobrar \u00e0s entidades p\u00fablicas que ocupam edif\u00edcios da Seguran\u00e7a Social. O montante representa rendas devidas por entidades que permanecem nas propriedades do instituto.\" \/>\n<meta property=\"og:url\" content=\"https:\/\/portaltela.pt\/noticias\/2026\/01\/29\/seguranca-social-tem-imoveis-vazios-e-33-milhoes-em-rendas-por-cobrar\/\" \/>\n<meta property=\"og:site_name\" content=\"Portal Tela Portugal\" \/>\n<meta property=\"article:published_time\" content=\"2026-01-29T09:21:00+00:00\" \/>\n<meta name=\"author\" content=\"Telinha\" \/>\n<meta name=\"twitter:card\" content=\"summary_large_image\" \/>\n<meta name=\"twitter:label1\" content=\"Escrito por\" \/>\n\t<meta name=\"twitter:data1\" content=\"Telinha\" \/>\n\t<meta name=\"twitter:label2\" content=\"Tempo estimado de leitura\" \/>\n\t<meta name=\"twitter:data2\" content=\"1 minuto\" \/>\n<script type=\"application\/ld+json\" class=\"yoast-schema-graph\">{\"@context\":\"https:\/\/schema.org\",\"@graph\":[{\"@type\":\"Article\",\"@id\":\"https:\/\/portaltela.pt\/noticias\/2026\/01\/29\/seguranca-social-tem-imoveis-vazios-e-33-milhoes-em-rendas-por-cobrar\/#article\",\"isPartOf\":{\"@id\":\"https:\/\/portaltela.pt\/noticias\/2026\/01\/29\/seguranca-social-tem-imoveis-vazios-e-33-milhoes-em-rendas-por-cobrar\/\"},\"author\":{\"name\":\"Telinha\",\"@id\":\"https:\/\/portaltela.pt\/#\/schema\/person\/c4278d4a6028830caff9ee44b42d32ed\"},\"headline\":\"Seguran\u00e7a Social tem im\u00f3veis vazios e 33 milh\u00f5es em rendas por cobrar\",\"datePublished\":\"2026-01-29T09:21:00+00:00\",\"mainEntityOfPage\":{\"@id\":\"https:\/\/portaltela.pt\/noticias\/2026\/01\/29\/seguranca-social-tem-imoveis-vazios-e-33-milhoes-em-rendas-por-cobrar\/\"},\"wordCount\":175,\"image\":{\"@id\":\"https:\/\/portaltela.pt\/noticias\/2026\/01\/29\/seguranca-social-tem-imoveis-vazios-e-33-milhoes-em-rendas-por-cobrar\/#primaryimage\"},\"thumbnailUrl\":\"https:\/\/portaltela.pt\/s.01k8rhncp4jt1\/2026\/01\/2062528.jpg\",\"keywords\":[\"imobili\u00e1rio\",\"patrim\u00f3nio\",\"propriedade p\u00fablica\",\"rendas\",\"seguran\u00e7a social\",\"setor p\u00fablico\"],\"articleSection\":[\"Not\u00edcias\"],\"inLanguage\":\"pt-PT\"},{\"@type\":\"WebPage\",\"@id\":\"https:\/\/portaltela.pt\/noticias\/2026\/01\/29\/seguranca-social-tem-imoveis-vazios-e-33-milhoes-em-rendas-por-cobrar\/\",\"url\":\"https:\/\/portaltela.pt\/noticias\/2026\/01\/29\/seguranca-social-tem-imoveis-vazios-e-33-milhoes-em-rendas-por-cobrar\/\",\"name\":\"Seguran\u00e7a Social tem im\u00f3veis vazios e 33 milh\u00f5es em rendas por cobrar - Portal Tela Portugal\",\"isPartOf\":{\"@id\":\"https:\/\/portaltela.pt\/#website\"},\"primaryImageOfPage\":{\"@id\":\"https:\/\/portaltela.pt\/noticias\/2026\/01\/29\/seguranca-social-tem-imoveis-vazios-e-33-milhoes-em-rendas-por-cobrar\/#primaryimage\"},\"image\":{\"@id\":\"https:\/\/portaltela.pt\/noticias\/2026\/01\/29\/seguranca-social-tem-imoveis-vazios-e-33-milhoes-em-rendas-por-cobrar\/#primaryimage\"},\"thumbnailUrl\":\"https:\/\/portaltela.pt\/s.01k8rhncp4jt1\/2026\/01\/2062528.jpg\",\"datePublished\":\"2026-01-29T09:21:00+00:00\",\"author\":{\"@id\":\"https:\/\/portaltela.pt\/#\/schema\/person\/c4278d4a6028830caff9ee44b42d32ed\"},\"breadcrumb\":{\"@id\":\"https:\/\/portaltela.pt\/noticias\/2026\/01\/29\/seguranca-social-tem-imoveis-vazios-e-33-milhoes-em-rendas-por-cobrar\/#breadcrumb\"},\"inLanguage\":\"pt-PT\",\"potentialAction\":[{\"@type\":\"ReadAction\",\"target\":[\"https:\/\/portaltela.pt\/noticias\/2026\/01\/29\/seguranca-social-tem-imoveis-vazios-e-33-milhoes-em-rendas-por-cobrar\/\"]}]},{\"@type\":\"ImageObject\",\"inLanguage\":\"pt-PT\",\"@id\":\"https:\/\/portaltela.pt\/noticias\/2026\/01\/29\/seguranca-social-tem-imoveis-vazios-e-33-milhoes-em-rendas-por-cobrar\/#primaryimage\",\"url\":\"https:\/\/portaltela.pt\/s.01k8rhncp4jt1\/2026\/01\/2062528.jpg\",\"contentUrl\":\"https:\/\/portaltela.pt\/s.01k8rhncp4jt1\/2026\/01\/2062528.jpg\",\"width\":796,\"height\":448,\"caption\":\"Instituto de Gest\u00e3o Financeira da Seguran\u00e7a Social \u00e9 respons\u00e1vel pela gest\u00e3o do patrim\u00f3nio imobili\u00e1rio da Seguran\u00e7a Social\"},{\"@type\":\"BreadcrumbList\",\"@id\":\"https:\/\/portaltela.pt\/noticias\/2026\/01\/29\/seguranca-social-tem-imoveis-vazios-e-33-milhoes-em-rendas-por-cobrar\/#breadcrumb\",\"itemListElement\":[{\"@type\":\"ListItem\",\"position\":1,\"name\":\"In\u00edcio\",\"item\":\"https:\/\/portaltela.pt\/\"},{\"@type\":\"ListItem\",\"position\":2,\"name\":\"Seguran\u00e7a Social tem im\u00f3veis vazios e 33 milh\u00f5es em rendas por cobrar\"}]},{\"@type\":\"WebSite\",\"@id\":\"https:\/\/portaltela.pt\/#website\",\"url\":\"https:\/\/portaltela.pt\/\",\"name\":\"Portal Tela Portugal\",\"description\":\"\",\"potentialAction\":[{\"@type\":\"SearchAction\",\"target\":{\"@type\":\"EntryPoint\",\"urlTemplate\":\"https:\/\/portaltela.pt\/?s={search_term_string}\"},\"query-input\":{\"@type\":\"PropertyValueSpecification\",\"valueRequired\":true,\"valueName\":\"search_term_string\"}}],\"inLanguage\":\"pt-PT\"},{\"@type\":\"Person\",\"@id\":\"https:\/\/portaltela.pt\/#\/schema\/person\/c4278d4a6028830caff9ee44b42d32ed\",\"name\":\"Telinha\",\"image\":{\"@type\":\"ImageObject\",\"inLanguage\":\"pt-PT\",\"@id\":\"https:\/\/portaltela.pt\/s.01k8rhncp4jt1\/2025\/11\/talking-bot-125x125.png\",\"url\":\"https:\/\/portaltela.pt\/s.01k8rhncp4jt1\/2025\/11\/talking-bot-125x125.png\",\"contentUrl\":\"https:\/\/portaltela.pt\/s.01k8rhncp4jt1\/2025\/11\/talking-bot-125x125.png\",\"caption\":\"Telinha\"},\"sameAs\":[\"https:\/\/portaltela.pt\/\"],\"url\":\"https:\/\/portaltela.pt\/por\/367410592786\/\"}]}<\/script>\n<!-- \/ Yoast SEO plugin. -->","yoast_head_json":{"title":"Seguran\u00e7a Social tem im\u00f3veis vazios e 33 milh\u00f5es em rendas por cobrar - Portal Tela Portugal","robots":{"index":"index","follow":"follow","max-snippet":"max-snippet:-1","max-image-preview":"max-image-preview:large","max-video-preview":"max-video-preview:-1"},"og_locale":"pt_PT","og_type":"article","og_title":"Seguran\u00e7a Social tem im\u00f3veis vazios e 33 milh\u00f5es em rendas por cobrar - Portal Tela Portugal","og_description":"No fim do ano passado, mais de um ter\u00e7o dos im\u00f3veis geridos pela Seguran\u00e7a Social estavam sem contrato de arrendamento activo. A institui\u00e7\u00e3o contabiliza 854 im\u00f3veis devolutos no seu patrim\u00f3nio imobili\u00e1rio. H\u00e1 mais de 33 milh\u00f5es de euros em rendas por cobrar \u00e0s entidades p\u00fablicas que ocupam edif\u00edcios da Seguran\u00e7a Social. O montante representa rendas devidas por entidades que permanecem nas propriedades do instituto.","og_url":"https:\/\/portaltela.pt\/noticias\/2026\/01\/29\/seguranca-social-tem-imoveis-vazios-e-33-milhoes-em-rendas-por-cobrar\/","og_site_name":"Portal Tela Portugal","article_published_time":"2026-01-29T09:21:00+00:00","author":"Telinha","twitter_card":"summary_large_image","twitter_misc":{"Escrito por":"Telinha","Tempo estimado de leitura":"1 minuto"},"schema":{"@context":"https:\/\/schema.org","@graph":[{"@type":"Article","@id":"https:\/\/portaltela.pt\/noticias\/2026\/01\/29\/seguranca-social-tem-imoveis-vazios-e-33-milhoes-em-rendas-por-cobrar\/#article","isPartOf":{"@id":"https:\/\/portaltela.pt\/noticias\/2026\/01\/29\/seguranca-social-tem-imoveis-vazios-e-33-milhoes-em-rendas-por-cobrar\/"},"author":{"name":"Telinha","@id":"https:\/\/portaltela.pt\/#\/schema\/person\/c4278d4a6028830caff9ee44b42d32ed"},"headline":"Seguran\u00e7a Social tem im\u00f3veis vazios e 33 milh\u00f5es em rendas por cobrar","datePublished":"2026-01-29T09:21:00+00:00","mainEntityOfPage":{"@id":"https:\/\/portaltela.pt\/noticias\/2026\/01\/29\/seguranca-social-tem-imoveis-vazios-e-33-milhoes-em-rendas-por-cobrar\/"},"wordCount":175,"image":{"@id":"https:\/\/portaltela.pt\/noticias\/2026\/01\/29\/seguranca-social-tem-imoveis-vazios-e-33-milhoes-em-rendas-por-cobrar\/#primaryimage"},"thumbnailUrl":"https:\/\/portaltela.pt\/s.01k8rhncp4jt1\/2026\/01\/2062528.jpg","keywords":["imobili\u00e1rio","patrim\u00f3nio","propriedade p\u00fablica","rendas","seguran\u00e7a social","setor p\u00fablico"],"articleSection":["Not\u00edcias"],"inLanguage":"pt-PT"},{"@type":"WebPage","@id":"https:\/\/portaltela.pt\/noticias\/2026\/01\/29\/seguranca-social-tem-imoveis-vazios-e-33-milhoes-em-rendas-por-cobrar\/","url":"https:\/\/portaltela.pt\/noticias\/2026\/01\/29\/seguranca-social-tem-imoveis-vazios-e-33-milhoes-em-rendas-por-cobrar\/","name":"Seguran\u00e7a Social tem im\u00f3veis vazios e 33 milh\u00f5es em rendas por cobrar - Portal Tela Portugal","isPartOf":{"@id":"https:\/\/portaltela.pt\/#website"},"primaryImageOfPage":{"@id":"https:\/\/portaltela.pt\/noticias\/2026\/01\/29\/seguranca-social-tem-imoveis-vazios-e-33-milhoes-em-rendas-por-cobrar\/#primaryimage"},"image":{"@id":"https:\/\/portaltela.pt\/noticias\/2026\/01\/29\/seguranca-social-tem-imoveis-vazios-e-33-milhoes-em-rendas-por-cobrar\/#primaryimage"},"thumbnailUrl":"https:\/\/portaltela.pt\/s.01k8rhncp4jt1\/2026\/01\/2062528.jpg","datePublished":"2026-01-29T09:21:00+00:00","author":{"@id":"https:\/\/portaltela.pt\/#\/schema\/person\/c4278d4a6028830caff9ee44b42d32ed"},"breadcrumb":{"@id":"https:\/\/portaltela.pt\/noticias\/2026\/01\/29\/seguranca-social-tem-imoveis-vazios-e-33-milhoes-em-rendas-por-cobrar\/#breadcrumb"},"inLanguage":"pt-PT","potentialAction":[{"@type":"ReadAction","target":["https:\/\/portaltela.pt\/noticias\/2026\/01\/29\/seguranca-social-tem-imoveis-vazios-e-33-milhoes-em-rendas-por-cobrar\/"]}]},{"@type":"ImageObject","inLanguage":"pt-PT","@id":"https:\/\/portaltela.pt\/noticias\/2026\/01\/29\/seguranca-social-tem-imoveis-vazios-e-33-milhoes-em-rendas-por-cobrar\/#primaryimage","url":"https:\/\/portaltela.pt\/s.01k8rhncp4jt1\/2026\/01\/2062528.jpg","contentUrl":"https:\/\/portaltela.pt\/s.01k8rhncp4jt1\/2026\/01\/2062528.jpg","width":796,"height":448,"caption":"Instituto de Gest\u00e3o Financeira da Seguran\u00e7a Social \u00e9 respons\u00e1vel pela gest\u00e3o do patrim\u00f3nio imobili\u00e1rio da Seguran\u00e7a Social"},{"@type":"BreadcrumbList","@id":"https:\/\/portaltela.pt\/noticias\/2026\/01\/29\/seguranca-social-tem-imoveis-vazios-e-33-milhoes-em-rendas-por-cobrar\/#breadcrumb","itemListElement":[{"@type":"ListItem","position":1,"name":"In\u00edcio","item":"https:\/\/portaltela.pt\/"},{"@type":"ListItem","position":2,"name":"Seguran\u00e7a Social tem im\u00f3veis vazios e 33 milh\u00f5es em rendas por cobrar"}]},{"@type":"WebSite","@id":"https:\/\/portaltela.pt\/#website","url":"https:\/\/portaltela.pt\/","name":"Portal Tela Portugal","description":"","potentialAction":[{"@type":"SearchAction","target":{"@type":"EntryPoint","urlTemplate":"https:\/\/portaltela.pt\/?s={search_term_string}"},"query-input":{"@type":"PropertyValueSpecification","valueRequired":true,"valueName":"search_term_string"}}],"inLanguage":"pt-PT"},{"@type":"Person","@id":"https:\/\/portaltela.pt\/#\/schema\/person\/c4278d4a6028830caff9ee44b42d32ed","name":"Telinha","image":{"@type":"ImageObject","inLanguage":"pt-PT","@id":"https:\/\/portaltela.pt\/s.01k8rhncp4jt1\/2025\/11\/talking-bot-125x125.png","url":"https:\/\/portaltela.pt\/s.01k8rhncp4jt1\/2025\/11\/talking-bot-125x125.png","contentUrl":"https:\/\/portaltela.pt\/s.01k8rhncp4jt1\/2025\/11\/talking-bot-125x125.png","caption":"Telinha"},"sameAs":["https:\/\/portaltela.pt\/"],"url":"https:\/\/portaltela.pt\/por\/367410592786\/"}]}},"_links":{"self":[{"href":"https:\/\/portaltela.pt\/api\/wp\/v2\/posts\/180548","targetHints":{"allow":["GET"]}}],"collection":[{"href":"https:\/\/portaltela.pt\/api\/wp\/v2\/posts"}],"about":[{"href":"https:\/\/portaltela.pt\/api\/wp\/v2\/types\/post"}],"author":[{"embeddable":true,"href":"https:\/\/portaltela.pt\/api\/wp\/v2\/users\/2"}],"replies":[{"embeddable":true,"href":"https:\/\/portaltela.pt\/api\/wp\/v2\/comments?post=180548"}],"version-history":[{"count":0,"href":"https:\/\/portaltela.pt\/api\/wp\/v2\/posts\/180548\/revisions"}],"wp:featuredmedia":[{"embeddable":true,"href":"https:\/\/portaltela.pt\/api\/wp\/v2\/media\/180549"}],"wp:attachment":[{"href":"https:\/\/portaltela.pt\/api\/wp\/v2\/media?parent=180548"}],"wp:term":[{"taxonomy":"category","embeddable":true,"href":"https:\/\/portaltela.pt\/api\/wp\/v2\/categories?post=180548"},{"taxonomy":"post_tag","embeddable":true,"href":"https:\/\/portaltela.pt\/api\/wp\/v2\/tags?post=180548"}],"curies":[{"name":"wp","href":"https:\/\/api.w.org\/{rel}","templated":true}]}}