{"id":180523,"date":"2026-01-29T06:13:00","date_gmt":"2026-01-29T09:13:00","guid":{"rendered":"https:\/\/portaltela.pt\/noticias\/2026\/01\/29\/juros-da-divida-publica-de-portugal-caem-em-2-5-e-10-anos\/"},"modified":"2026-01-29T06:13:00","modified_gmt":"2026-01-29T09:13:00","slug":"juros-da-divida-publica-de-portugal-caem-em-2-5-e-10-anos","status":"publish","type":"post","link":"https:\/\/portaltela.pt\/noticias\/economia\/2026\/01\/29\/juros-da-divida-publica-de-portugal-caem-em-2-5-e-10-anos\/","title":{"rendered":"Juros da d\u00edvida p\u00fablica de Portugal caem em 2, 5 e 10 anos"},"content":{"rendered":"<p>Os juros da d\u00edvida p\u00fablica portuguesa desceram hoje nos vencimentos a 2, 5 e 10 anos em rela\u00e7\u00e3o a quarta-feira. O movimento coloca Portugal alinhado com Espanha, Gr\u00e9cia, Irlanda e It\u00e1lia no que toca a estes prazos.<\/p>\n<p>O recuo foi observado no mercado de d\u00edvida soberana, com demanda de investidores institucionais, bancos e outros operadores a reagirem \u00e0 conjuntura macroecon\u00f3mica da zona euro. A evolu\u00e7\u00e3o reflete uma maior atratividade dos t\u00edtulos portugueses.<\/p>\n<p>Motivos para a queda incluem perspetivas econ\u00f3micas, mudan\u00e7as na pol\u00edtica monet\u00e1ria e fatores de curto prazo que influenciam os juros de refer\u00eancia. O comportamento \u00e9 analisado como parte da flutua\u00e7\u00e3o normal do mercado.<\/p>\n","protected":false},"excerpt":{"rendered":"<ul>\n<li>Juros da d\u00edvida portuguesa desceram hoje para dois, cinco e dez anos, em compara\u00e7\u00e3o com quarta-feira.<\/li>\n<li>Os rendimentos de Portugal ficaram alinhados com os de Espanha, Gr\u00e9cia, Irlanda e It\u00e1lia.<\/li>\n<li>O movimento reflete uma tend\u00eancia de queda nos prazos curtos, m\u00e9dios e longos na regi\u00e3o.<\/li>\n<\/ul>\n","protected":false},"author":2,"featured_media":180536,"comment_status":"closed","ping_status":"closed","sticky":false,"template":"","format":"standard","meta":{"footnotes":""},"categories":[2,1],"tags":[3104,28,3861,733,1014,1632],"class_list":["post-180523","post","type-post","status-publish","format-standard","has-post-thumbnail","hentry","category-economia","category-noticias","tag-divida-soberana","tag-economia","tag-economia-internacional","tag-financas-publicas","tag-portugal","tag-taxas"],"yoast_head":"<!-- This site is optimized with the Yoast SEO plugin v27.2 - https:\/\/yoast.com\/product\/yoast-seo-wordpress\/ -->\n<title>Juros da d\u00edvida p\u00fablica de Portugal caem em 2, 5 e 10 anos - Portal Tela Portugal<\/title>\n<meta name=\"robots\" content=\"index, follow, max-snippet:-1, max-image-preview:large, max-video-preview:-1\" \/>\n<meta property=\"og:locale\" content=\"pt_PT\" \/>\n<meta property=\"og:type\" content=\"article\" \/>\n<meta property=\"og:title\" content=\"Juros da d\u00edvida p\u00fablica de Portugal caem em 2, 5 e 10 anos - Portal Tela Portugal\" \/>\n<meta property=\"og:description\" content=\"Juros da d\u00edvida portuguesa desceram hoje para dois, cinco e dez anos, em compara\u00e7\u00e3o com quarta-feira. Os rendimentos de Portugal ficaram alinhados com os de Espanha, Gr\u00e9cia, Irlanda e It\u00e1lia. O movimento reflete uma tend\u00eancia de queda nos prazos curtos, m\u00e9dios e longos na regi\u00e3o.\" \/>\n<meta property=\"og:url\" content=\"https:\/\/portaltela.pt\/noticias\/2026\/01\/29\/juros-da-divida-publica-de-portugal-caem-em-2-5-e-10-anos\/\" \/>\n<meta property=\"og:site_name\" content=\"Portal Tela Portugal\" \/>\n<meta property=\"article:published_time\" content=\"2026-01-29T09:13:00+00:00\" \/>\n<meta name=\"author\" content=\"Telinha\" \/>\n<meta name=\"twitter:card\" content=\"summary_large_image\" \/>\n<meta name=\"twitter:label1\" content=\"Escrito por\" \/>\n\t<meta name=\"twitter:data1\" content=\"Telinha\" \/>\n\t<meta name=\"twitter:label2\" content=\"Tempo estimado de leitura\" \/>\n\t<meta name=\"twitter:data2\" content=\"1 minuto\" \/>\n<script type=\"application\/ld+json\" class=\"yoast-schema-graph\">{\"@context\":\"https:\/\/schema.org\",\"@graph\":[{\"@type\":\"Article\",\"@id\":\"https:\/\/portaltela.pt\/noticias\/2026\/01\/29\/juros-da-divida-publica-de-portugal-caem-em-2-5-e-10-anos\/#article\",\"isPartOf\":{\"@id\":\"https:\/\/portaltela.pt\/noticias\/2026\/01\/29\/juros-da-divida-publica-de-portugal-caem-em-2-5-e-10-anos\/\"},\"author\":{\"name\":\"Telinha\",\"@id\":\"https:\/\/portaltela.pt\/#\/schema\/person\/c4278d4a6028830caff9ee44b42d32ed\"},\"headline\":\"Juros da d\u00edvida p\u00fablica de Portugal caem em 2, 5 e 10 anos\",\"datePublished\":\"2026-01-29T09:13:00+00:00\",\"mainEntityOfPage\":{\"@id\":\"https:\/\/portaltela.pt\/noticias\/2026\/01\/29\/juros-da-divida-publica-de-portugal-caem-em-2-5-e-10-anos\/\"},\"wordCount\":127,\"image\":{\"@id\":\"https:\/\/portaltela.pt\/noticias\/2026\/01\/29\/juros-da-divida-publica-de-portugal-caem-em-2-5-e-10-anos\/#primaryimage\"},\"thumbnailUrl\":\"https:\/\/portaltela.pt\/s.01k8rhncp4jt1\/2026\/01\/CACHE_780X1200_ANALOG_WATERMARKED_12792372_1191710_02092020112125.jpg\",\"keywords\":[\"d\u00edvida soberana\",\"economia\",\"economia internacional\",\"finan\u00e7as p\u00fablicas\",\"Portugal\",\"taxas\"],\"articleSection\":[\"Economia\",\"Not\u00edcias\"],\"inLanguage\":\"pt-PT\"},{\"@type\":\"WebPage\",\"@id\":\"https:\/\/portaltela.pt\/noticias\/2026\/01\/29\/juros-da-divida-publica-de-portugal-caem-em-2-5-e-10-anos\/\",\"url\":\"https:\/\/portaltela.pt\/noticias\/2026\/01\/29\/juros-da-divida-publica-de-portugal-caem-em-2-5-e-10-anos\/\",\"name\":\"Juros da d\u00edvida p\u00fablica de Portugal caem em 2, 5 e 10 anos - Portal Tela Portugal\",\"isPartOf\":{\"@id\":\"https:\/\/portaltela.pt\/#website\"},\"primaryImageOfPage\":{\"@id\":\"https:\/\/portaltela.pt\/noticias\/2026\/01\/29\/juros-da-divida-publica-de-portugal-caem-em-2-5-e-10-anos\/#primaryimage\"},\"image\":{\"@id\":\"https:\/\/portaltela.pt\/noticias\/2026\/01\/29\/juros-da-divida-publica-de-portugal-caem-em-2-5-e-10-anos\/#primaryimage\"},\"thumbnailUrl\":\"https:\/\/portaltela.pt\/s.01k8rhncp4jt1\/2026\/01\/CACHE_780X1200_ANALOG_WATERMARKED_12792372_1191710_02092020112125.jpg\",\"datePublished\":\"2026-01-29T09:13:00+00:00\",\"author\":{\"@id\":\"https:\/\/portaltela.pt\/#\/schema\/person\/c4278d4a6028830caff9ee44b42d32ed\"},\"breadcrumb\":{\"@id\":\"https:\/\/portaltela.pt\/noticias\/2026\/01\/29\/juros-da-divida-publica-de-portugal-caem-em-2-5-e-10-anos\/#breadcrumb\"},\"inLanguage\":\"pt-PT\",\"potentialAction\":[{\"@type\":\"ReadAction\",\"target\":[\"https:\/\/portaltela.pt\/noticias\/2026\/01\/29\/juros-da-divida-publica-de-portugal-caem-em-2-5-e-10-anos\/\"]}]},{\"@type\":\"ImageObject\",\"inLanguage\":\"pt-PT\",\"@id\":\"https:\/\/portaltela.pt\/noticias\/2026\/01\/29\/juros-da-divida-publica-de-portugal-caem-em-2-5-e-10-anos\/#primaryimage\",\"url\":\"https:\/\/portaltela.pt\/s.01k8rhncp4jt1\/2026\/01\/CACHE_780X1200_ANALOG_WATERMARKED_12792372_1191710_02092020112125.jpg\",\"contentUrl\":\"https:\/\/portaltela.pt\/s.01k8rhncp4jt1\/2026\/01\/CACHE_780X1200_ANALOG_WATERMARKED_12792372_1191710_02092020112125.jpg\",\"width\":768,\"height\":552,\"caption\":\"Juros da d\u00edvida de Portugal descem a dois, a cinco e a 10 anos\"},{\"@type\":\"BreadcrumbList\",\"@id\":\"https:\/\/portaltela.pt\/noticias\/2026\/01\/29\/juros-da-divida-publica-de-portugal-caem-em-2-5-e-10-anos\/#breadcrumb\",\"itemListElement\":[{\"@type\":\"ListItem\",\"position\":1,\"name\":\"In\u00edcio\",\"item\":\"https:\/\/portaltela.pt\/\"},{\"@type\":\"ListItem\",\"position\":2,\"name\":\"Juros da d\u00edvida p\u00fablica de Portugal caem em 2, 5 e 10 anos\"}]},{\"@type\":\"WebSite\",\"@id\":\"https:\/\/portaltela.pt\/#website\",\"url\":\"https:\/\/portaltela.pt\/\",\"name\":\"Portal Tela Portugal\",\"description\":\"\",\"potentialAction\":[{\"@type\":\"SearchAction\",\"target\":{\"@type\":\"EntryPoint\",\"urlTemplate\":\"https:\/\/portaltela.pt\/?s={search_term_string}\"},\"query-input\":{\"@type\":\"PropertyValueSpecification\",\"valueRequired\":true,\"valueName\":\"search_term_string\"}}],\"inLanguage\":\"pt-PT\"},{\"@type\":\"Person\",\"@id\":\"https:\/\/portaltela.pt\/#\/schema\/person\/c4278d4a6028830caff9ee44b42d32ed\",\"name\":\"Telinha\",\"image\":{\"@type\":\"ImageObject\",\"inLanguage\":\"pt-PT\",\"@id\":\"https:\/\/portaltela.pt\/s.01k8rhncp4jt1\/2025\/11\/talking-bot-125x125.png\",\"url\":\"https:\/\/portaltela.pt\/s.01k8rhncp4jt1\/2025\/11\/talking-bot-125x125.png\",\"contentUrl\":\"https:\/\/portaltela.pt\/s.01k8rhncp4jt1\/2025\/11\/talking-bot-125x125.png\",\"caption\":\"Telinha\"},\"sameAs\":[\"https:\/\/portaltela.pt\/\"],\"url\":\"https:\/\/portaltela.pt\/por\/367410592786\/\"}]}<\/script>\n<!-- \/ Yoast SEO plugin. -->","yoast_head_json":{"title":"Juros da d\u00edvida p\u00fablica de Portugal caem em 2, 5 e 10 anos - Portal Tela Portugal","robots":{"index":"index","follow":"follow","max-snippet":"max-snippet:-1","max-image-preview":"max-image-preview:large","max-video-preview":"max-video-preview:-1"},"og_locale":"pt_PT","og_type":"article","og_title":"Juros da d\u00edvida p\u00fablica de Portugal caem em 2, 5 e 10 anos - Portal Tela Portugal","og_description":"Juros da d\u00edvida portuguesa desceram hoje para dois, cinco e dez anos, em compara\u00e7\u00e3o com quarta-feira. Os rendimentos de Portugal ficaram alinhados com os de Espanha, Gr\u00e9cia, Irlanda e It\u00e1lia. O movimento reflete uma tend\u00eancia de queda nos prazos curtos, m\u00e9dios e longos na regi\u00e3o.","og_url":"https:\/\/portaltela.pt\/noticias\/2026\/01\/29\/juros-da-divida-publica-de-portugal-caem-em-2-5-e-10-anos\/","og_site_name":"Portal Tela Portugal","article_published_time":"2026-01-29T09:13:00+00:00","author":"Telinha","twitter_card":"summary_large_image","twitter_misc":{"Escrito por":"Telinha","Tempo estimado de leitura":"1 minuto"},"schema":{"@context":"https:\/\/schema.org","@graph":[{"@type":"Article","@id":"https:\/\/portaltela.pt\/noticias\/2026\/01\/29\/juros-da-divida-publica-de-portugal-caem-em-2-5-e-10-anos\/#article","isPartOf":{"@id":"https:\/\/portaltela.pt\/noticias\/2026\/01\/29\/juros-da-divida-publica-de-portugal-caem-em-2-5-e-10-anos\/"},"author":{"name":"Telinha","@id":"https:\/\/portaltela.pt\/#\/schema\/person\/c4278d4a6028830caff9ee44b42d32ed"},"headline":"Juros da d\u00edvida p\u00fablica de Portugal caem em 2, 5 e 10 anos","datePublished":"2026-01-29T09:13:00+00:00","mainEntityOfPage":{"@id":"https:\/\/portaltela.pt\/noticias\/2026\/01\/29\/juros-da-divida-publica-de-portugal-caem-em-2-5-e-10-anos\/"},"wordCount":127,"image":{"@id":"https:\/\/portaltela.pt\/noticias\/2026\/01\/29\/juros-da-divida-publica-de-portugal-caem-em-2-5-e-10-anos\/#primaryimage"},"thumbnailUrl":"https:\/\/portaltela.pt\/s.01k8rhncp4jt1\/2026\/01\/CACHE_780X1200_ANALOG_WATERMARKED_12792372_1191710_02092020112125.jpg","keywords":["d\u00edvida soberana","economia","economia internacional","finan\u00e7as p\u00fablicas","Portugal","taxas"],"articleSection":["Economia","Not\u00edcias"],"inLanguage":"pt-PT"},{"@type":"WebPage","@id":"https:\/\/portaltela.pt\/noticias\/2026\/01\/29\/juros-da-divida-publica-de-portugal-caem-em-2-5-e-10-anos\/","url":"https:\/\/portaltela.pt\/noticias\/2026\/01\/29\/juros-da-divida-publica-de-portugal-caem-em-2-5-e-10-anos\/","name":"Juros da d\u00edvida p\u00fablica de Portugal caem em 2, 5 e 10 anos - Portal Tela Portugal","isPartOf":{"@id":"https:\/\/portaltela.pt\/#website"},"primaryImageOfPage":{"@id":"https:\/\/portaltela.pt\/noticias\/2026\/01\/29\/juros-da-divida-publica-de-portugal-caem-em-2-5-e-10-anos\/#primaryimage"},"image":{"@id":"https:\/\/portaltela.pt\/noticias\/2026\/01\/29\/juros-da-divida-publica-de-portugal-caem-em-2-5-e-10-anos\/#primaryimage"},"thumbnailUrl":"https:\/\/portaltela.pt\/s.01k8rhncp4jt1\/2026\/01\/CACHE_780X1200_ANALOG_WATERMARKED_12792372_1191710_02092020112125.jpg","datePublished":"2026-01-29T09:13:00+00:00","author":{"@id":"https:\/\/portaltela.pt\/#\/schema\/person\/c4278d4a6028830caff9ee44b42d32ed"},"breadcrumb":{"@id":"https:\/\/portaltela.pt\/noticias\/2026\/01\/29\/juros-da-divida-publica-de-portugal-caem-em-2-5-e-10-anos\/#breadcrumb"},"inLanguage":"pt-PT","potentialAction":[{"@type":"ReadAction","target":["https:\/\/portaltela.pt\/noticias\/2026\/01\/29\/juros-da-divida-publica-de-portugal-caem-em-2-5-e-10-anos\/"]}]},{"@type":"ImageObject","inLanguage":"pt-PT","@id":"https:\/\/portaltela.pt\/noticias\/2026\/01\/29\/juros-da-divida-publica-de-portugal-caem-em-2-5-e-10-anos\/#primaryimage","url":"https:\/\/portaltela.pt\/s.01k8rhncp4jt1\/2026\/01\/CACHE_780X1200_ANALOG_WATERMARKED_12792372_1191710_02092020112125.jpg","contentUrl":"https:\/\/portaltela.pt\/s.01k8rhncp4jt1\/2026\/01\/CACHE_780X1200_ANALOG_WATERMARKED_12792372_1191710_02092020112125.jpg","width":768,"height":552,"caption":"Juros da d\u00edvida de Portugal descem a dois, a cinco e a 10 anos"},{"@type":"BreadcrumbList","@id":"https:\/\/portaltela.pt\/noticias\/2026\/01\/29\/juros-da-divida-publica-de-portugal-caem-em-2-5-e-10-anos\/#breadcrumb","itemListElement":[{"@type":"ListItem","position":1,"name":"In\u00edcio","item":"https:\/\/portaltela.pt\/"},{"@type":"ListItem","position":2,"name":"Juros da d\u00edvida p\u00fablica de Portugal caem em 2, 5 e 10 anos"}]},{"@type":"WebSite","@id":"https:\/\/portaltela.pt\/#website","url":"https:\/\/portaltela.pt\/","name":"Portal Tela Portugal","description":"","potentialAction":[{"@type":"SearchAction","target":{"@type":"EntryPoint","urlTemplate":"https:\/\/portaltela.pt\/?s={search_term_string}"},"query-input":{"@type":"PropertyValueSpecification","valueRequired":true,"valueName":"search_term_string"}}],"inLanguage":"pt-PT"},{"@type":"Person","@id":"https:\/\/portaltela.pt\/#\/schema\/person\/c4278d4a6028830caff9ee44b42d32ed","name":"Telinha","image":{"@type":"ImageObject","inLanguage":"pt-PT","@id":"https:\/\/portaltela.pt\/s.01k8rhncp4jt1\/2025\/11\/talking-bot-125x125.png","url":"https:\/\/portaltela.pt\/s.01k8rhncp4jt1\/2025\/11\/talking-bot-125x125.png","contentUrl":"https:\/\/portaltela.pt\/s.01k8rhncp4jt1\/2025\/11\/talking-bot-125x125.png","caption":"Telinha"},"sameAs":["https:\/\/portaltela.pt\/"],"url":"https:\/\/portaltela.pt\/por\/367410592786\/"}]}},"_links":{"self":[{"href":"https:\/\/portaltela.pt\/api\/wp\/v2\/posts\/180523","targetHints":{"allow":["GET"]}}],"collection":[{"href":"https:\/\/portaltela.pt\/api\/wp\/v2\/posts"}],"about":[{"href":"https:\/\/portaltela.pt\/api\/wp\/v2\/types\/post"}],"author":[{"embeddable":true,"href":"https:\/\/portaltela.pt\/api\/wp\/v2\/users\/2"}],"replies":[{"embeddable":true,"href":"https:\/\/portaltela.pt\/api\/wp\/v2\/comments?post=180523"}],"version-history":[{"count":0,"href":"https:\/\/portaltela.pt\/api\/wp\/v2\/posts\/180523\/revisions"}],"wp:featuredmedia":[{"embeddable":true,"href":"https:\/\/portaltela.pt\/api\/wp\/v2\/media\/180536"}],"wp:attachment":[{"href":"https:\/\/portaltela.pt\/api\/wp\/v2\/media?parent=180523"}],"wp:term":[{"taxonomy":"category","embeddable":true,"href":"https:\/\/portaltela.pt\/api\/wp\/v2\/categories?post=180523"},{"taxonomy":"post_tag","embeddable":true,"href":"https:\/\/portaltela.pt\/api\/wp\/v2\/tags?post=180523"}],"curies":[{"name":"wp","href":"https:\/\/api.w.org\/{rel}","templated":true}]}}