{"id":180495,"date":"2026-01-29T05:48:14","date_gmt":"2026-01-29T08:48:14","guid":{"rendered":"https:\/\/portaltela.pt\/noticias\/2026\/01\/29\/agravamento-do-mau-tempo-entre-16-e-17-de-janeiro\/"},"modified":"2026-01-29T05:48:14","modified_gmt":"2026-01-29T08:48:14","slug":"agravamento-do-mau-tempo-entre-16-e-17-de-janeiro","status":"publish","type":"post","link":"https:\/\/portaltela.pt\/noticias\/2026\/01\/29\/agravamento-do-mau-tempo-entre-16-e-17-de-janeiro\/","title":{"rendered":"Agravamento do mau tempo entre 16 e 17 de janeiro"},"content":{"rendered":"<p>O Instituto Portugu\u00eas do Mar e da Atmosfera (IPMA) prev\u00ea agravamento do quadro meteorol\u00f3gico entre os dias 16 e 17 de janeiro de 2024, em Portugal. A precipita\u00e7\u00e3o dever\u00e1 ser persistente, com chuva forte a partir da tarde do dia 16, acompanhada de trovoadas. No dia 17, os aguaceiros podem manter-se de intensidade vari\u00e1vel, com zonas mais cr\u00edticas entre as 18h de 16h e as 18h de 17h.<\/p>\n<p>O vento pode atingir sul at\u00e9 30 km\/h, com rajadas de at\u00e9 75 km\/h. Os per\u00edodos mais cr\u00edticos: 15h do dia 16 at\u00e9 21h de 17 de janeiro, segundo o aviso do IPMA. O SMPC alerta que solos saturados podem facilitar problemas como enchentes r\u00e1pidas e arrastamentos.<\/p>\n<p>Os efeitos esperados incluem piso escorregadio, len\u00e7\u00f3is de \u00e1gua nas vias e possibilidade de inunda\u00e7\u00f5es urbanas em \u00e1reas de drenagem deficiente. Inunda\u00e7\u00f5es de estruturas subterr\u00e2neas e danos em componentes de redes de comunica\u00e7\u00f5es e energia tamb\u00e9m s\u00e3o poss\u00edveis. Fen\u00f3menos geomorfol\u00f3gicos em vertentes saturadas podem ocorrer.<\/p>\n<h3>Medidas preventivas<\/h3>\n<p>O SMPC recomenda manter desobstru\u00eddos os sistemas de escoamento de \u00e1guas pluviais e remover objetos que atravessem o fluxo h\u00eddrico. Condu\u00e7\u00e3o defensiva, reduzir a velocidade e cuidado com \u00e1gua acumulada nas vias. N\u00e3o atravessar zonas inundadas para evitar arrastamentos. Garantir a fixa\u00e7\u00e3o de estruturas soltas, como andaimes e placards. Permanecer atento \u00e0s informa\u00e7\u00f5es meteorol\u00f3gicas e \u00e0s indica\u00e7\u00f5es das autoridades.<\/p>\n<h3>Recomenda\u00e7\u00f5es<\/h3>\n<p>O SMPC sugere adaptar comportamentos \u00e0s circunst\u00e2ncias previstas, com medidas de preven\u00e7\u00e3o e precau\u00e7\u00e3o e observ\u00e2ncia de proibi\u00e7\u00f5es vigentes. Informa\u00e7\u00f5es atualizadas est\u00e3o dispon\u00edveis nos sites da ANEPC e do IPMA. Contactos \u00fateis: 253 421 212 ou smpc@cm-guimaraes.pt.<\/p>\n","protected":false},"excerpt":{"rendered":"<ul>\n<li>O IPMA prev\u00ea agravamento do tempo nos dias 16 e 17 de janeiro de 2024, com precipita\u00e7\u00e3o persistente e trovoada a partir da tarde do dia 16 e aguaceiros fortes no dia 17, especialmente entre as 18h de 16 de janeiro e as 18h de 17 de janeiro.<\/li>\n<li>O vento ser\u00e1 de sul, at\u00e9 30 km\/h, com rajadas de at\u00e9 75 km\/h, per\u00edodo cr\u00edtico entre as 15h de 16 de janeiro e as 21h de 17 de janeiro.<\/li>\n<li>Devido aos solos imperme\u00e1veis, pode haver piso rodovi\u00e1rio escorregadio, cheias r\u00e1pidas em \u00e1reas urbanas e inunda\u00e7\u00f5es de estruturas subterr\u00e2neas.<\/li>\n<li>Existem riscos de queda de ramos\/\u00e1rvores e danos em infraestruturas de comunica\u00e7\u00f5es e energia, al\u00e9m de fen\u00f3menos geomorfol\u00f3gicos por satura\u00e7\u00e3o de solos.<\/li>\n<li>Recomenda-se desobstruir sistemas de drenagem, condu\u00e7\u00e3o defensiva, evitar zonas inundadas, fixar estruturas soltas e acompanhar informa\u00e7\u00f5es oficiais (ANEPC\/IPMA) atrav\u00e9s dos contactos disponibilizados.<\/li>\n<\/ul>\n","protected":false},"author":2,"featured_media":180516,"comment_status":"closed","ping_status":"closed","sticky":false,"template":"","format":"standard","meta":{"footnotes":""},"categories":[1],"tags":[1932,3812,3931,2293,4364,2345],"class_list":["post-180495","post","type-post","status-publish","format-standard","has-post-thumbnail","hentry","category-noticias","tag-acidentes-de-viacao","tag-alagamentos","tag-chuva-forte","tag-inundacoes","tag-meteorologia","tag-ventos"],"yoast_head":"<!-- This site is optimized with the Yoast SEO plugin v27.2 - https:\/\/yoast.com\/product\/yoast-seo-wordpress\/ -->\n<title>Agravamento do mau tempo entre 16 e 17 de janeiro - Portal Tela Portugal<\/title>\n<meta name=\"robots\" content=\"index, follow, max-snippet:-1, max-image-preview:large, max-video-preview:-1\" \/>\n<meta property=\"og:locale\" content=\"pt_PT\" \/>\n<meta property=\"og:type\" content=\"article\" \/>\n<meta property=\"og:title\" content=\"Agravamento do mau tempo entre 16 e 17 de janeiro - Portal Tela Portugal\" \/>\n<meta property=\"og:description\" content=\"O IPMA prev\u00ea agravamento do tempo nos dias 16 e 17 de janeiro de 2024, com precipita\u00e7\u00e3o persistente e trovoada a partir da tarde do dia 16 e aguaceiros fortes no dia 17, especialmente entre as 18h de 16 de janeiro e as 18h de 17 de janeiro. O vento ser\u00e1 de sul, at\u00e9 30 km\/h, com rajadas de at\u00e9 75 km\/h, per\u00edodo cr\u00edtico entre as 15h de 16 de janeiro e as 21h de 17 de janeiro. Devido aos solos imperme\u00e1veis, pode haver piso rodovi\u00e1rio escorregadio, cheias r\u00e1pidas em \u00e1reas urbanas e inunda\u00e7\u00f5es de estruturas subterr\u00e2neas. Existem riscos de queda de ramos\/\u00e1rvores e danos em infraestruturas de comunica\u00e7\u00f5es e energia, al\u00e9m de fen\u00f3menos geomorfol\u00f3gicos por satura\u00e7\u00e3o de solos. Recomenda-se desobstruir sistemas de drenagem, condu\u00e7\u00e3o defensiva, evitar zonas inundadas, fixar estruturas soltas e acompanhar informa\u00e7\u00f5es oficiais (ANEPC\/IPMA) atrav\u00e9s dos contactos disponibilizados.\" \/>\n<meta property=\"og:url\" content=\"https:\/\/portaltela.pt\/noticias\/2026\/01\/29\/agravamento-do-mau-tempo-entre-16-e-17-de-janeiro\/\" \/>\n<meta property=\"og:site_name\" content=\"Portal Tela Portugal\" \/>\n<meta property=\"article:published_time\" content=\"2026-01-29T08:48:14+00:00\" \/>\n<meta name=\"author\" content=\"Telinha\" \/>\n<meta name=\"twitter:card\" content=\"summary_large_image\" \/>\n<meta name=\"twitter:label1\" content=\"Escrito por\" \/>\n\t<meta name=\"twitter:data1\" content=\"Telinha\" \/>\n\t<meta name=\"twitter:label2\" content=\"Tempo estimado de leitura\" \/>\n\t<meta name=\"twitter:data2\" content=\"1 minuto\" \/>\n<script type=\"application\/ld+json\" class=\"yoast-schema-graph\">{\"@context\":\"https:\/\/schema.org\",\"@graph\":[{\"@type\":\"Article\",\"@id\":\"https:\/\/portaltela.pt\/noticias\/2026\/01\/29\/agravamento-do-mau-tempo-entre-16-e-17-de-janeiro\/#article\",\"isPartOf\":{\"@id\":\"https:\/\/portaltela.pt\/noticias\/2026\/01\/29\/agravamento-do-mau-tempo-entre-16-e-17-de-janeiro\/\"},\"author\":{\"name\":\"Telinha\",\"@id\":\"https:\/\/portaltela.pt\/#\/schema\/person\/c4278d4a6028830caff9ee44b42d32ed\"},\"headline\":\"Agravamento do mau tempo entre 16 e 17 de janeiro\",\"datePublished\":\"2026-01-29T08:48:14+00:00\",\"mainEntityOfPage\":{\"@id\":\"https:\/\/portaltela.pt\/noticias\/2026\/01\/29\/agravamento-do-mau-tempo-entre-16-e-17-de-janeiro\/\"},\"wordCount\":294,\"image\":{\"@id\":\"https:\/\/portaltela.pt\/noticias\/2026\/01\/29\/agravamento-do-mau-tempo-entre-16-e-17-de-janeiro\/#primaryimage\"},\"thumbnailUrl\":\"https:\/\/portaltela.pt\/s.01k8rhncp4jt1\/2026\/01\/unnamed-file-5725.jpg\",\"keywords\":[\"acidentes de via\u00e7\u00e3o\",\"alagamentos\",\"chuva forte\",\"inunda\u00e7\u00f5es\",\"meteorologia\",\"ventos\"],\"articleSection\":[\"Not\u00edcias\"],\"inLanguage\":\"pt-PT\"},{\"@type\":\"WebPage\",\"@id\":\"https:\/\/portaltela.pt\/noticias\/2026\/01\/29\/agravamento-do-mau-tempo-entre-16-e-17-de-janeiro\/\",\"url\":\"https:\/\/portaltela.pt\/noticias\/2026\/01\/29\/agravamento-do-mau-tempo-entre-16-e-17-de-janeiro\/\",\"name\":\"Agravamento do mau tempo entre 16 e 17 de janeiro - Portal Tela Portugal\",\"isPartOf\":{\"@id\":\"https:\/\/portaltela.pt\/#website\"},\"primaryImageOfPage\":{\"@id\":\"https:\/\/portaltela.pt\/noticias\/2026\/01\/29\/agravamento-do-mau-tempo-entre-16-e-17-de-janeiro\/#primaryimage\"},\"image\":{\"@id\":\"https:\/\/portaltela.pt\/noticias\/2026\/01\/29\/agravamento-do-mau-tempo-entre-16-e-17-de-janeiro\/#primaryimage\"},\"thumbnailUrl\":\"https:\/\/portaltela.pt\/s.01k8rhncp4jt1\/2026\/01\/unnamed-file-5725.jpg\",\"datePublished\":\"2026-01-29T08:48:14+00:00\",\"author\":{\"@id\":\"https:\/\/portaltela.pt\/#\/schema\/person\/c4278d4a6028830caff9ee44b42d32ed\"},\"breadcrumb\":{\"@id\":\"https:\/\/portaltela.pt\/noticias\/2026\/01\/29\/agravamento-do-mau-tempo-entre-16-e-17-de-janeiro\/#breadcrumb\"},\"inLanguage\":\"pt-PT\",\"potentialAction\":[{\"@type\":\"ReadAction\",\"target\":[\"https:\/\/portaltela.pt\/noticias\/2026\/01\/29\/agravamento-do-mau-tempo-entre-16-e-17-de-janeiro\/\"]}]},{\"@type\":\"ImageObject\",\"inLanguage\":\"pt-PT\",\"@id\":\"https:\/\/portaltela.pt\/noticias\/2026\/01\/29\/agravamento-do-mau-tempo-entre-16-e-17-de-janeiro\/#primaryimage\",\"url\":\"https:\/\/portaltela.pt\/s.01k8rhncp4jt1\/2026\/01\/unnamed-file-5725.jpg\",\"contentUrl\":\"https:\/\/portaltela.pt\/s.01k8rhncp4jt1\/2026\/01\/unnamed-file-5725.jpg\",\"width\":796,\"height\":448,\"caption\":\"Agravamento quadro meteorol\u00f3gico entre os dias 16 e 17 janeiro\"},{\"@type\":\"BreadcrumbList\",\"@id\":\"https:\/\/portaltela.pt\/noticias\/2026\/01\/29\/agravamento-do-mau-tempo-entre-16-e-17-de-janeiro\/#breadcrumb\",\"itemListElement\":[{\"@type\":\"ListItem\",\"position\":1,\"name\":\"In\u00edcio\",\"item\":\"https:\/\/portaltela.pt\/\"},{\"@type\":\"ListItem\",\"position\":2,\"name\":\"Agravamento do mau tempo entre 16 e 17 de janeiro\"}]},{\"@type\":\"WebSite\",\"@id\":\"https:\/\/portaltela.pt\/#website\",\"url\":\"https:\/\/portaltela.pt\/\",\"name\":\"Portal Tela Portugal\",\"description\":\"\",\"potentialAction\":[{\"@type\":\"SearchAction\",\"target\":{\"@type\":\"EntryPoint\",\"urlTemplate\":\"https:\/\/portaltela.pt\/?s={search_term_string}\"},\"query-input\":{\"@type\":\"PropertyValueSpecification\",\"valueRequired\":true,\"valueName\":\"search_term_string\"}}],\"inLanguage\":\"pt-PT\"},{\"@type\":\"Person\",\"@id\":\"https:\/\/portaltela.pt\/#\/schema\/person\/c4278d4a6028830caff9ee44b42d32ed\",\"name\":\"Telinha\",\"image\":{\"@type\":\"ImageObject\",\"inLanguage\":\"pt-PT\",\"@id\":\"https:\/\/portaltela.pt\/s.01k8rhncp4jt1\/2025\/11\/talking-bot-125x125.png\",\"url\":\"https:\/\/portaltela.pt\/s.01k8rhncp4jt1\/2025\/11\/talking-bot-125x125.png\",\"contentUrl\":\"https:\/\/portaltela.pt\/s.01k8rhncp4jt1\/2025\/11\/talking-bot-125x125.png\",\"caption\":\"Telinha\"},\"sameAs\":[\"https:\/\/portaltela.pt\/\"],\"url\":\"https:\/\/portaltela.pt\/por\/367410592786\/\"}]}<\/script>\n<!-- \/ Yoast SEO plugin. -->","yoast_head_json":{"title":"Agravamento do mau tempo entre 16 e 17 de janeiro - Portal Tela Portugal","robots":{"index":"index","follow":"follow","max-snippet":"max-snippet:-1","max-image-preview":"max-image-preview:large","max-video-preview":"max-video-preview:-1"},"og_locale":"pt_PT","og_type":"article","og_title":"Agravamento do mau tempo entre 16 e 17 de janeiro - Portal Tela Portugal","og_description":"O IPMA prev\u00ea agravamento do tempo nos dias 16 e 17 de janeiro de 2024, com precipita\u00e7\u00e3o persistente e trovoada a partir da tarde do dia 16 e aguaceiros fortes no dia 17, especialmente entre as 18h de 16 de janeiro e as 18h de 17 de janeiro. O vento ser\u00e1 de sul, at\u00e9 30 km\/h, com rajadas de at\u00e9 75 km\/h, per\u00edodo cr\u00edtico entre as 15h de 16 de janeiro e as 21h de 17 de janeiro. Devido aos solos imperme\u00e1veis, pode haver piso rodovi\u00e1rio escorregadio, cheias r\u00e1pidas em \u00e1reas urbanas e inunda\u00e7\u00f5es de estruturas subterr\u00e2neas. Existem riscos de queda de ramos\/\u00e1rvores e danos em infraestruturas de comunica\u00e7\u00f5es e energia, al\u00e9m de fen\u00f3menos geomorfol\u00f3gicos por satura\u00e7\u00e3o de solos. Recomenda-se desobstruir sistemas de drenagem, condu\u00e7\u00e3o defensiva, evitar zonas inundadas, fixar estruturas soltas e acompanhar informa\u00e7\u00f5es oficiais (ANEPC\/IPMA) atrav\u00e9s dos contactos disponibilizados.","og_url":"https:\/\/portaltela.pt\/noticias\/2026\/01\/29\/agravamento-do-mau-tempo-entre-16-e-17-de-janeiro\/","og_site_name":"Portal Tela Portugal","article_published_time":"2026-01-29T08:48:14+00:00","author":"Telinha","twitter_card":"summary_large_image","twitter_misc":{"Escrito por":"Telinha","Tempo estimado de leitura":"1 minuto"},"schema":{"@context":"https:\/\/schema.org","@graph":[{"@type":"Article","@id":"https:\/\/portaltela.pt\/noticias\/2026\/01\/29\/agravamento-do-mau-tempo-entre-16-e-17-de-janeiro\/#article","isPartOf":{"@id":"https:\/\/portaltela.pt\/noticias\/2026\/01\/29\/agravamento-do-mau-tempo-entre-16-e-17-de-janeiro\/"},"author":{"name":"Telinha","@id":"https:\/\/portaltela.pt\/#\/schema\/person\/c4278d4a6028830caff9ee44b42d32ed"},"headline":"Agravamento do mau tempo entre 16 e 17 de janeiro","datePublished":"2026-01-29T08:48:14+00:00","mainEntityOfPage":{"@id":"https:\/\/portaltela.pt\/noticias\/2026\/01\/29\/agravamento-do-mau-tempo-entre-16-e-17-de-janeiro\/"},"wordCount":294,"image":{"@id":"https:\/\/portaltela.pt\/noticias\/2026\/01\/29\/agravamento-do-mau-tempo-entre-16-e-17-de-janeiro\/#primaryimage"},"thumbnailUrl":"https:\/\/portaltela.pt\/s.01k8rhncp4jt1\/2026\/01\/unnamed-file-5725.jpg","keywords":["acidentes de via\u00e7\u00e3o","alagamentos","chuva forte","inunda\u00e7\u00f5es","meteorologia","ventos"],"articleSection":["Not\u00edcias"],"inLanguage":"pt-PT"},{"@type":"WebPage","@id":"https:\/\/portaltela.pt\/noticias\/2026\/01\/29\/agravamento-do-mau-tempo-entre-16-e-17-de-janeiro\/","url":"https:\/\/portaltela.pt\/noticias\/2026\/01\/29\/agravamento-do-mau-tempo-entre-16-e-17-de-janeiro\/","name":"Agravamento do mau tempo entre 16 e 17 de janeiro - Portal Tela Portugal","isPartOf":{"@id":"https:\/\/portaltela.pt\/#website"},"primaryImageOfPage":{"@id":"https:\/\/portaltela.pt\/noticias\/2026\/01\/29\/agravamento-do-mau-tempo-entre-16-e-17-de-janeiro\/#primaryimage"},"image":{"@id":"https:\/\/portaltela.pt\/noticias\/2026\/01\/29\/agravamento-do-mau-tempo-entre-16-e-17-de-janeiro\/#primaryimage"},"thumbnailUrl":"https:\/\/portaltela.pt\/s.01k8rhncp4jt1\/2026\/01\/unnamed-file-5725.jpg","datePublished":"2026-01-29T08:48:14+00:00","author":{"@id":"https:\/\/portaltela.pt\/#\/schema\/person\/c4278d4a6028830caff9ee44b42d32ed"},"breadcrumb":{"@id":"https:\/\/portaltela.pt\/noticias\/2026\/01\/29\/agravamento-do-mau-tempo-entre-16-e-17-de-janeiro\/#breadcrumb"},"inLanguage":"pt-PT","potentialAction":[{"@type":"ReadAction","target":["https:\/\/portaltela.pt\/noticias\/2026\/01\/29\/agravamento-do-mau-tempo-entre-16-e-17-de-janeiro\/"]}]},{"@type":"ImageObject","inLanguage":"pt-PT","@id":"https:\/\/portaltela.pt\/noticias\/2026\/01\/29\/agravamento-do-mau-tempo-entre-16-e-17-de-janeiro\/#primaryimage","url":"https:\/\/portaltela.pt\/s.01k8rhncp4jt1\/2026\/01\/unnamed-file-5725.jpg","contentUrl":"https:\/\/portaltela.pt\/s.01k8rhncp4jt1\/2026\/01\/unnamed-file-5725.jpg","width":796,"height":448,"caption":"Agravamento quadro meteorol\u00f3gico entre os dias 16 e 17 janeiro"},{"@type":"BreadcrumbList","@id":"https:\/\/portaltela.pt\/noticias\/2026\/01\/29\/agravamento-do-mau-tempo-entre-16-e-17-de-janeiro\/#breadcrumb","itemListElement":[{"@type":"ListItem","position":1,"name":"In\u00edcio","item":"https:\/\/portaltela.pt\/"},{"@type":"ListItem","position":2,"name":"Agravamento do mau tempo entre 16 e 17 de janeiro"}]},{"@type":"WebSite","@id":"https:\/\/portaltela.pt\/#website","url":"https:\/\/portaltela.pt\/","name":"Portal Tela Portugal","description":"","potentialAction":[{"@type":"SearchAction","target":{"@type":"EntryPoint","urlTemplate":"https:\/\/portaltela.pt\/?s={search_term_string}"},"query-input":{"@type":"PropertyValueSpecification","valueRequired":true,"valueName":"search_term_string"}}],"inLanguage":"pt-PT"},{"@type":"Person","@id":"https:\/\/portaltela.pt\/#\/schema\/person\/c4278d4a6028830caff9ee44b42d32ed","name":"Telinha","image":{"@type":"ImageObject","inLanguage":"pt-PT","@id":"https:\/\/portaltela.pt\/s.01k8rhncp4jt1\/2025\/11\/talking-bot-125x125.png","url":"https:\/\/portaltela.pt\/s.01k8rhncp4jt1\/2025\/11\/talking-bot-125x125.png","contentUrl":"https:\/\/portaltela.pt\/s.01k8rhncp4jt1\/2025\/11\/talking-bot-125x125.png","caption":"Telinha"},"sameAs":["https:\/\/portaltela.pt\/"],"url":"https:\/\/portaltela.pt\/por\/367410592786\/"}]}},"_links":{"self":[{"href":"https:\/\/portaltela.pt\/api\/wp\/v2\/posts\/180495","targetHints":{"allow":["GET"]}}],"collection":[{"href":"https:\/\/portaltela.pt\/api\/wp\/v2\/posts"}],"about":[{"href":"https:\/\/portaltela.pt\/api\/wp\/v2\/types\/post"}],"author":[{"embeddable":true,"href":"https:\/\/portaltela.pt\/api\/wp\/v2\/users\/2"}],"replies":[{"embeddable":true,"href":"https:\/\/portaltela.pt\/api\/wp\/v2\/comments?post=180495"}],"version-history":[{"count":0,"href":"https:\/\/portaltela.pt\/api\/wp\/v2\/posts\/180495\/revisions"}],"wp:featuredmedia":[{"embeddable":true,"href":"https:\/\/portaltela.pt\/api\/wp\/v2\/media\/180516"}],"wp:attachment":[{"href":"https:\/\/portaltela.pt\/api\/wp\/v2\/media?parent=180495"}],"wp:term":[{"taxonomy":"category","embeddable":true,"href":"https:\/\/portaltela.pt\/api\/wp\/v2\/categories?post=180495"},{"taxonomy":"post_tag","embeddable":true,"href":"https:\/\/portaltela.pt\/api\/wp\/v2\/tags?post=180495"}],"curies":[{"name":"wp","href":"https:\/\/api.w.org\/{rel}","templated":true}]}}