{"id":180481,"date":"2026-01-29T06:02:03","date_gmt":"2026-01-29T09:02:03","guid":{"rendered":"https:\/\/portaltela.pt\/noticias\/2026\/01\/29\/silvia-gap-de-sousa-em-foco\/"},"modified":"2026-01-29T06:02:03","modified_gmt":"2026-01-29T09:02:03","slug":"silvia-gap-de-sousa-em-foco","status":"publish","type":"post","link":"https:\/\/portaltela.pt\/noticias\/2026\/01\/29\/silvia-gap-de-sousa-em-foco\/","title":{"rendered":"S\u00edlvia Gap de Sousa em foco"},"content":{"rendered":"<p>Entre os filmes em estreia, destacam-se t\u00edtulos com perspetivas fortes para pr\u00e9mios internacionais e reconhecimentos em festivais. A lista inclui tamb\u00e9m novidades com alcance local no circuito de salas.<\/p>\n<p>O cinema Nacional prossegue com novidades variadas nesta semana. Entre os destaques, surge um dos favoritos \u00e0 corrida aos \u00d3scares, cuja cerim\u00f3nia decorrer\u00e1 no pr\u00f3ximo dia 15 de mar\u00e7o, al\u00e9m de obras premiadas como o Urso de Prata em Berlim.<\/p>\n<h3>Estreias com potencial internacional<\/h3>\n<p>Entre os filmes em estreia, h\u00e1 t\u00edtulos que captaram aten\u00e7\u00e3o em grandes mostras, com perspetivas de pr\u00e9mio. A cobertura e as cr\u00edticas podem ser consultadas no Cinecartaz e no \u00cdpsilon.<\/p>\n<h3>Destaques de criadores reconhecidos<\/h3>\n<p>Entre as estreias, aparecem Jim Jarmusch e Radu Jude, cujas obras foram premiadas com Le\u00e3o de Ouro em Veneza e Urso de Prata em Berlim, respetivamente, e chegam \u00e0s salas esta semana.<\/p>\n<h3>Novidades para diferentes p\u00fablicos<\/h3>\n<p>A programa\u00e7\u00e3o inclui sete novos filmes, com op\u00e7\u00f5es que v\u00e3o desde o p\u00fablico familiar a t\u00edtulos mais experimentais. O Cinecartaz prop\u00f5e sess\u00f5es alinhadas com a agenda de cada cinema.<\/p>\n<h3>Orienta\u00e7\u00e3o de programa\u00e7\u00e3o<\/h3>\n<p>Quinta-feira marca a renova\u00e7\u00e3o da programa\u00e7\u00e3o, com m\u00faltiplas op\u00e7\u00f5es para quem procura novas sess\u00f5es. O portal Cinecartaz e as cr\u00edticas do \u00cdpsilon ajudam na escolha.<\/p>\n<h3>Filmes para todas as idades<\/h3>\n<p>Entre as estreias, h\u00e1 propostas natal\u00edcias para crian\u00e7as e fam\u00edlias, bem como obras de tom mais adulto. Diversidade tem\u00e1tica \u00e9 uma constante nesta semana.<\/p>\n<h3>Novidades com tem\u00e1ticas relevantes<\/h3>\n<p>Entre as estreias contam-se t\u00edtulos que abordam opress\u00e3o, liberdade e esperan\u00e7a, incluindo produ\u00e7\u00f5es situadas no Ir\u00e3o, que refletem acontecimentos atuais.<\/p>\n<h3>Conjunto de novidades para os f\u00e3s de cinema<\/h3>\n<p>A lista contempla ainda op\u00e7\u00f5es de a\u00e7\u00e3o, suspense e com\u00e9dia, oferecendo oito novas obras para explorar no grande ecr\u00e3 esta semana, com v\u00e1rias sess\u00f5es dispon\u00edveis.<\/p>\n<h3>Filmes para terminar a semana<\/h3>\n<p>Para al\u00e9m das obras j\u00e1 anunciadas, chegam t\u00edtulos que prometem surpreender pela abordagem est\u00e9tica e narrativa, incluindo anima\u00e7\u00e3o destinada aos mais novos.<\/p>\n<h3>Observa\u00e7\u00f5es finais sobre a agenda<\/h3>\n<p>Al\u00e9m das estreias, o cartaz da semana inclui filmes de refer\u00eancia e estreias secund\u00e1rias, com uma variedade de formatos e estilos para os espectadores escolherem onde v\u00e3o ver cinema.<\/p>\n","protected":false},"excerpt":{"rendered":"<ul>\n<li>Entre as estreias desta semana destacam\u2011se um favorito aos \u00d3scares, cuja cerim\u00f3nia \u00e9 no dia 15 de Mar\u00e7o, e o vencedor do Urso de Prata em Berlim.<\/li>\n<li>A lista inclui filmes de Jim Jarmusch e de Radu Jude, reconhecidos com Le\u00e3o de Ouro em Veneza e Urso de Prata em Berlim, respetivamente.<\/li>\n<li>H\u00e1 v\u00e1rias estreias novas nas salas, com cr\u00edticas dispon\u00edveis no \u00cdpsilon e sess\u00f5es no Cinecartaz.<\/li>\n<li>A programa\u00e7\u00e3o inclui op\u00e7\u00f5es com toque natal\u00edcio para crian\u00e7as e t\u00edtulos adequados ao Halloween.<\/li>\n<li>Esta quinta\u2011feira a programa\u00e7\u00e3o renova\u2011se com oito novos filmes para ver no grande ecr\u00e3.<\/li>\n<\/ul>\n","protected":false},"author":2,"featured_media":0,"comment_status":"closed","ping_status":"closed","sticky":false,"template":"","format":"standard","meta":{"footnotes":""},"categories":[12,1],"tags":[1158,112,107,113,3430,2677],"class_list":["post-180481","post","type-post","status-publish","format-standard","hentry","category-entretenimento","category-noticias","tag-berlim","tag-cinema","tag-festivais","tag-filmes-e-series","tag-oscares","tag-veneza"],"yoast_head":"<!-- This site is optimized with the Yoast SEO plugin v27.2 - https:\/\/yoast.com\/product\/yoast-seo-wordpress\/ -->\n<title>S\u00edlvia Gap de Sousa em foco - Portal Tela Portugal<\/title>\n<meta name=\"robots\" content=\"index, follow, max-snippet:-1, max-image-preview:large, max-video-preview:-1\" \/>\n<meta property=\"og:locale\" content=\"pt_PT\" \/>\n<meta property=\"og:type\" content=\"article\" \/>\n<meta property=\"og:title\" content=\"S\u00edlvia Gap de Sousa em foco - Portal Tela Portugal\" \/>\n<meta property=\"og:description\" content=\"Entre as estreias desta semana destacam\u2011se um favorito aos \u00d3scares, cuja cerim\u00f3nia \u00e9 no dia 15 de Mar\u00e7o, e o vencedor do Urso de Prata em Berlim. A lista inclui filmes de Jim Jarmusch e de Radu Jude, reconhecidos com Le\u00e3o de Ouro em Veneza e Urso de Prata em Berlim, respetivamente. H\u00e1 v\u00e1rias estreias novas nas salas, com cr\u00edticas dispon\u00edveis no \u00cdpsilon e sess\u00f5es no Cinecartaz. A programa\u00e7\u00e3o inclui op\u00e7\u00f5es com toque natal\u00edcio para crian\u00e7as e t\u00edtulos adequados ao Halloween. Esta quinta\u2011feira a programa\u00e7\u00e3o renova\u2011se com oito novos filmes para ver no grande ecr\u00e3.\" \/>\n<meta property=\"og:url\" content=\"https:\/\/portaltela.pt\/noticias\/2026\/01\/29\/silvia-gap-de-sousa-em-foco\/\" \/>\n<meta property=\"og:site_name\" content=\"Portal Tela Portugal\" \/>\n<meta property=\"article:published_time\" content=\"2026-01-29T09:02:03+00:00\" \/>\n<meta name=\"author\" content=\"Telinha\" \/>\n<meta name=\"twitter:card\" content=\"summary_large_image\" \/>\n<meta name=\"twitter:label1\" content=\"Escrito por\" \/>\n\t<meta name=\"twitter:data1\" content=\"Telinha\" \/>\n\t<meta name=\"twitter:label2\" content=\"Tempo estimado de leitura\" \/>\n\t<meta name=\"twitter:data2\" content=\"2 minutos\" \/>\n<script type=\"application\/ld+json\" class=\"yoast-schema-graph\">{\"@context\":\"https:\/\/schema.org\",\"@graph\":[{\"@type\":\"Article\",\"@id\":\"https:\/\/portaltela.pt\/noticias\/2026\/01\/29\/silvia-gap-de-sousa-em-foco\/#article\",\"isPartOf\":{\"@id\":\"https:\/\/portaltela.pt\/noticias\/2026\/01\/29\/silvia-gap-de-sousa-em-foco\/\"},\"author\":{\"name\":\"Telinha\",\"@id\":\"https:\/\/portaltela.pt\/#\/schema\/person\/c4278d4a6028830caff9ee44b42d32ed\"},\"headline\":\"S\u00edlvia Gap de Sousa em foco\",\"datePublished\":\"2026-01-29T09:02:03+00:00\",\"mainEntityOfPage\":{\"@id\":\"https:\/\/portaltela.pt\/noticias\/2026\/01\/29\/silvia-gap-de-sousa-em-foco\/\"},\"wordCount\":405,\"keywords\":[\"Berlim\",\"cinema\",\"festivais\",\"filmes e s\u00e9ries\",\"\u00d3scares\",\"Veneza\"],\"articleSection\":[\"Entretenimento\",\"Not\u00edcias\"],\"inLanguage\":\"pt-PT\"},{\"@type\":\"WebPage\",\"@id\":\"https:\/\/portaltela.pt\/noticias\/2026\/01\/29\/silvia-gap-de-sousa-em-foco\/\",\"url\":\"https:\/\/portaltela.pt\/noticias\/2026\/01\/29\/silvia-gap-de-sousa-em-foco\/\",\"name\":\"S\u00edlvia Gap de Sousa em foco - Portal Tela Portugal\",\"isPartOf\":{\"@id\":\"https:\/\/portaltela.pt\/#website\"},\"datePublished\":\"2026-01-29T09:02:03+00:00\",\"author\":{\"@id\":\"https:\/\/portaltela.pt\/#\/schema\/person\/c4278d4a6028830caff9ee44b42d32ed\"},\"breadcrumb\":{\"@id\":\"https:\/\/portaltela.pt\/noticias\/2026\/01\/29\/silvia-gap-de-sousa-em-foco\/#breadcrumb\"},\"inLanguage\":\"pt-PT\",\"potentialAction\":[{\"@type\":\"ReadAction\",\"target\":[\"https:\/\/portaltela.pt\/noticias\/2026\/01\/29\/silvia-gap-de-sousa-em-foco\/\"]}]},{\"@type\":\"BreadcrumbList\",\"@id\":\"https:\/\/portaltela.pt\/noticias\/2026\/01\/29\/silvia-gap-de-sousa-em-foco\/#breadcrumb\",\"itemListElement\":[{\"@type\":\"ListItem\",\"position\":1,\"name\":\"In\u00edcio\",\"item\":\"https:\/\/portaltela.pt\/\"},{\"@type\":\"ListItem\",\"position\":2,\"name\":\"S\u00edlvia Gap de Sousa em foco\"}]},{\"@type\":\"WebSite\",\"@id\":\"https:\/\/portaltela.pt\/#website\",\"url\":\"https:\/\/portaltela.pt\/\",\"name\":\"Portal Tela Portugal\",\"description\":\"\",\"potentialAction\":[{\"@type\":\"SearchAction\",\"target\":{\"@type\":\"EntryPoint\",\"urlTemplate\":\"https:\/\/portaltela.pt\/?s={search_term_string}\"},\"query-input\":{\"@type\":\"PropertyValueSpecification\",\"valueRequired\":true,\"valueName\":\"search_term_string\"}}],\"inLanguage\":\"pt-PT\"},{\"@type\":\"Person\",\"@id\":\"https:\/\/portaltela.pt\/#\/schema\/person\/c4278d4a6028830caff9ee44b42d32ed\",\"name\":\"Telinha\",\"image\":{\"@type\":\"ImageObject\",\"inLanguage\":\"pt-PT\",\"@id\":\"https:\/\/portaltela.pt\/s.01k8rhncp4jt1\/2025\/11\/talking-bot-125x125.png\",\"url\":\"https:\/\/portaltela.pt\/s.01k8rhncp4jt1\/2025\/11\/talking-bot-125x125.png\",\"contentUrl\":\"https:\/\/portaltela.pt\/s.01k8rhncp4jt1\/2025\/11\/talking-bot-125x125.png\",\"caption\":\"Telinha\"},\"sameAs\":[\"https:\/\/portaltela.pt\/\"],\"url\":\"https:\/\/portaltela.pt\/por\/367410592786\/\"}]}<\/script>\n<!-- \/ Yoast SEO plugin. -->","yoast_head_json":{"title":"S\u00edlvia Gap de Sousa em foco - Portal Tela Portugal","robots":{"index":"index","follow":"follow","max-snippet":"max-snippet:-1","max-image-preview":"max-image-preview:large","max-video-preview":"max-video-preview:-1"},"og_locale":"pt_PT","og_type":"article","og_title":"S\u00edlvia Gap de Sousa em foco - Portal Tela Portugal","og_description":"Entre as estreias desta semana destacam\u2011se um favorito aos \u00d3scares, cuja cerim\u00f3nia \u00e9 no dia 15 de Mar\u00e7o, e o vencedor do Urso de Prata em Berlim. A lista inclui filmes de Jim Jarmusch e de Radu Jude, reconhecidos com Le\u00e3o de Ouro em Veneza e Urso de Prata em Berlim, respetivamente. H\u00e1 v\u00e1rias estreias novas nas salas, com cr\u00edticas dispon\u00edveis no \u00cdpsilon e sess\u00f5es no Cinecartaz. A programa\u00e7\u00e3o inclui op\u00e7\u00f5es com toque natal\u00edcio para crian\u00e7as e t\u00edtulos adequados ao Halloween. Esta quinta\u2011feira a programa\u00e7\u00e3o renova\u2011se com oito novos filmes para ver no grande ecr\u00e3.","og_url":"https:\/\/portaltela.pt\/noticias\/2026\/01\/29\/silvia-gap-de-sousa-em-foco\/","og_site_name":"Portal Tela Portugal","article_published_time":"2026-01-29T09:02:03+00:00","author":"Telinha","twitter_card":"summary_large_image","twitter_misc":{"Escrito por":"Telinha","Tempo estimado de leitura":"2 minutos"},"schema":{"@context":"https:\/\/schema.org","@graph":[{"@type":"Article","@id":"https:\/\/portaltela.pt\/noticias\/2026\/01\/29\/silvia-gap-de-sousa-em-foco\/#article","isPartOf":{"@id":"https:\/\/portaltela.pt\/noticias\/2026\/01\/29\/silvia-gap-de-sousa-em-foco\/"},"author":{"name":"Telinha","@id":"https:\/\/portaltela.pt\/#\/schema\/person\/c4278d4a6028830caff9ee44b42d32ed"},"headline":"S\u00edlvia Gap de Sousa em foco","datePublished":"2026-01-29T09:02:03+00:00","mainEntityOfPage":{"@id":"https:\/\/portaltela.pt\/noticias\/2026\/01\/29\/silvia-gap-de-sousa-em-foco\/"},"wordCount":405,"keywords":["Berlim","cinema","festivais","filmes e s\u00e9ries","\u00d3scares","Veneza"],"articleSection":["Entretenimento","Not\u00edcias"],"inLanguage":"pt-PT"},{"@type":"WebPage","@id":"https:\/\/portaltela.pt\/noticias\/2026\/01\/29\/silvia-gap-de-sousa-em-foco\/","url":"https:\/\/portaltela.pt\/noticias\/2026\/01\/29\/silvia-gap-de-sousa-em-foco\/","name":"S\u00edlvia Gap de Sousa em foco - Portal Tela Portugal","isPartOf":{"@id":"https:\/\/portaltela.pt\/#website"},"datePublished":"2026-01-29T09:02:03+00:00","author":{"@id":"https:\/\/portaltela.pt\/#\/schema\/person\/c4278d4a6028830caff9ee44b42d32ed"},"breadcrumb":{"@id":"https:\/\/portaltela.pt\/noticias\/2026\/01\/29\/silvia-gap-de-sousa-em-foco\/#breadcrumb"},"inLanguage":"pt-PT","potentialAction":[{"@type":"ReadAction","target":["https:\/\/portaltela.pt\/noticias\/2026\/01\/29\/silvia-gap-de-sousa-em-foco\/"]}]},{"@type":"BreadcrumbList","@id":"https:\/\/portaltela.pt\/noticias\/2026\/01\/29\/silvia-gap-de-sousa-em-foco\/#breadcrumb","itemListElement":[{"@type":"ListItem","position":1,"name":"In\u00edcio","item":"https:\/\/portaltela.pt\/"},{"@type":"ListItem","position":2,"name":"S\u00edlvia Gap de Sousa em foco"}]},{"@type":"WebSite","@id":"https:\/\/portaltela.pt\/#website","url":"https:\/\/portaltela.pt\/","name":"Portal Tela Portugal","description":"","potentialAction":[{"@type":"SearchAction","target":{"@type":"EntryPoint","urlTemplate":"https:\/\/portaltela.pt\/?s={search_term_string}"},"query-input":{"@type":"PropertyValueSpecification","valueRequired":true,"valueName":"search_term_string"}}],"inLanguage":"pt-PT"},{"@type":"Person","@id":"https:\/\/portaltela.pt\/#\/schema\/person\/c4278d4a6028830caff9ee44b42d32ed","name":"Telinha","image":{"@type":"ImageObject","inLanguage":"pt-PT","@id":"https:\/\/portaltela.pt\/s.01k8rhncp4jt1\/2025\/11\/talking-bot-125x125.png","url":"https:\/\/portaltela.pt\/s.01k8rhncp4jt1\/2025\/11\/talking-bot-125x125.png","contentUrl":"https:\/\/portaltela.pt\/s.01k8rhncp4jt1\/2025\/11\/talking-bot-125x125.png","caption":"Telinha"},"sameAs":["https:\/\/portaltela.pt\/"],"url":"https:\/\/portaltela.pt\/por\/367410592786\/"}]}},"_links":{"self":[{"href":"https:\/\/portaltela.pt\/api\/wp\/v2\/posts\/180481","targetHints":{"allow":["GET"]}}],"collection":[{"href":"https:\/\/portaltela.pt\/api\/wp\/v2\/posts"}],"about":[{"href":"https:\/\/portaltela.pt\/api\/wp\/v2\/types\/post"}],"author":[{"embeddable":true,"href":"https:\/\/portaltela.pt\/api\/wp\/v2\/users\/2"}],"replies":[{"embeddable":true,"href":"https:\/\/portaltela.pt\/api\/wp\/v2\/comments?post=180481"}],"version-history":[{"count":0,"href":"https:\/\/portaltela.pt\/api\/wp\/v2\/posts\/180481\/revisions"}],"wp:attachment":[{"href":"https:\/\/portaltela.pt\/api\/wp\/v2\/media?parent=180481"}],"wp:term":[{"taxonomy":"category","embeddable":true,"href":"https:\/\/portaltela.pt\/api\/wp\/v2\/categories?post=180481"},{"taxonomy":"post_tag","embeddable":true,"href":"https:\/\/portaltela.pt\/api\/wp\/v2\/tags?post=180481"}],"curies":[{"name":"wp","href":"https:\/\/api.w.org\/{rel}","templated":true}]}}