{"id":180407,"date":"2026-01-29T05:04:00","date_gmt":"2026-01-29T08:04:00","guid":{"rendered":"https:\/\/portaltela.pt\/noticias\/2026\/01\/29\/hospital-da-luz-promove-sessao-de-cuidados-infantis-no-inverno\/"},"modified":"2026-01-29T05:04:00","modified_gmt":"2026-01-29T08:04:00","slug":"hospital-da-luz-promove-sessao-de-cuidados-infantis-no-inverno","status":"publish","type":"post","link":"https:\/\/portaltela.pt\/noticias\/2026\/01\/29\/hospital-da-luz-promove-sessao-de-cuidados-infantis-no-inverno\/","title":{"rendered":"Hospital da Luz promove sess\u00e3o de cuidados infantis no inverno"},"content":{"rendered":"<p>O Hospital da Luz Cl\u00ednica Vila Franca de Xira vai promover uma sess\u00e3o informativa dirigida a pais e cuidadores sobre cuidados infantis no inverno. O encontro realiza-se a 31 de janeiro de 2026, das 10h00 \u00e0s 12h00, nas instala\u00e7\u00f5es da unidade. A participa\u00e7\u00e3o \u00e9 gratuita, mas requer inscri\u00e7\u00e3o pr\u00e9via.<\/p>\n<p>A sess\u00e3o ser\u00e1 conduzida pela enfermeira Rafaela Ferreira dos Santos e centra-se nas infe\u00e7\u00f5es respirat\u00f3rias t\u00edpicas da esta\u00e7\u00e3o, bem como nas d\u00favidas das fam\u00edlias sobre como proteger as crian\u00e7as do frio e das doen\u00e7as sazonais.<\/p>\n<p>Entre os temas abordados est\u00e3o os cuidados respirat\u00f3rios em casa, preven\u00e7\u00e3o de infe\u00e7\u00f5es, identifica\u00e7\u00e3o de sinais respirat\u00f3rios, utiliza\u00e7\u00e3o de dispositivos como a c\u00e2mara expansora e t\u00e9cnicas de lavagem nasal. A vacina\u00e7\u00e3o tamb\u00e9m integra o conte\u00fado.<\/p>\n<p>As inscri\u00e7\u00f5es devem ser feitas atrav\u00e9s do correio eletr\u00f3nico administrativos.vfxira@hospitaldaluz.pt.<\/p>\n","protected":false},"excerpt":{"rendered":"<ul>\n<li>O Hospital da Luz Cl\u00ednica Vila Franca de Xira organiza uma sess\u00e3o informativa para pais e cuidadores sobre cuidados infantis no inverno.<\/li>\n<li>A iniciativa \u201cPreparar o inverno dos mais pequenos\u201d realiza-se a 31 de janeiro de 2026, das 10h00 \u00e0s 12h00, nas instala\u00e7\u00f5es da unidade.<\/li>\n<li>A participa\u00e7\u00e3o \u00e9 gratuita, exigindo inscri\u00e7\u00e3o pr\u00e9via.<\/li>\n<li>A enfermeira Rafaela Ferreira dos Santos conduz a sess\u00e3o, que aborda infe\u00e7\u00f5es respirat\u00f3rias, preven\u00e7\u00e3o, sinais respirat\u00f3rios e uso de dispositivos como a c\u00e2mara expansora, al\u00e9m de t\u00e9cnicas de lavagem nasal; a vacina\u00e7\u00e3o tamb\u00e9m est\u00e1 inclu\u00edda.<\/li>\n<li>Inscri\u00e7\u00f5es para o evento devem ser enviadas para administrativos.vfxira@hospitaldaluz.pt.<\/li>\n<\/ul>\n","protected":false},"author":2,"featured_media":180411,"comment_status":"closed","ping_status":"closed","sticky":false,"template":"","format":"standard","meta":{"footnotes":""},"categories":[1],"tags":[163,633,3976,210,172,3949],"class_list":["post-180407","post","type-post","status-publish","format-standard","has-post-thumbnail","hentry","category-noticias","tag-educacao","tag-hospital","tag-infeccoes-respiratorias","tag-pais","tag-saude","tag-vacinacoes"],"yoast_head":"<!-- This site is optimized with the Yoast SEO plugin v27.2 - https:\/\/yoast.com\/product\/yoast-seo-wordpress\/ -->\n<title>Hospital da Luz promove sess\u00e3o de cuidados infantis no inverno - Portal Tela Portugal<\/title>\n<meta name=\"robots\" content=\"index, follow, max-snippet:-1, max-image-preview:large, max-video-preview:-1\" \/>\n<meta property=\"og:locale\" content=\"pt_PT\" \/>\n<meta property=\"og:type\" content=\"article\" \/>\n<meta property=\"og:title\" content=\"Hospital da Luz promove sess\u00e3o de cuidados infantis no inverno - Portal Tela Portugal\" \/>\n<meta property=\"og:description\" content=\"O Hospital da Luz Cl\u00ednica Vila Franca de Xira organiza uma sess\u00e3o informativa para pais e cuidadores sobre cuidados infantis no inverno. A iniciativa \u201cPreparar o inverno dos mais pequenos\u201d realiza-se a 31 de janeiro de 2026, das 10h00 \u00e0s 12h00, nas instala\u00e7\u00f5es da unidade. A participa\u00e7\u00e3o \u00e9 gratuita, exigindo inscri\u00e7\u00e3o pr\u00e9via. A enfermeira Rafaela Ferreira dos Santos conduz a sess\u00e3o, que aborda infe\u00e7\u00f5es respirat\u00f3rias, preven\u00e7\u00e3o, sinais respirat\u00f3rios e uso de dispositivos como a c\u00e2mara expansora, al\u00e9m de t\u00e9cnicas de lavagem nasal; a vacina\u00e7\u00e3o tamb\u00e9m est\u00e1 inclu\u00edda. Inscri\u00e7\u00f5es para o evento devem ser enviadas para administrativos.vfxira@hospitaldaluz.pt.\" \/>\n<meta property=\"og:url\" content=\"https:\/\/portaltela.pt\/noticias\/2026\/01\/29\/hospital-da-luz-promove-sessao-de-cuidados-infantis-no-inverno\/\" \/>\n<meta property=\"og:site_name\" content=\"Portal Tela Portugal\" \/>\n<meta property=\"article:published_time\" content=\"2026-01-29T08:04:00+00:00\" \/>\n<meta name=\"author\" content=\"Telinha\" \/>\n<meta name=\"twitter:card\" content=\"summary_large_image\" \/>\n<meta name=\"twitter:label1\" content=\"Escrito por\" \/>\n\t<meta name=\"twitter:data1\" content=\"Telinha\" \/>\n\t<meta name=\"twitter:label2\" content=\"Tempo estimado de leitura\" \/>\n\t<meta name=\"twitter:data2\" content=\"1 minuto\" \/>\n<script type=\"application\/ld+json\" class=\"yoast-schema-graph\">{\"@context\":\"https:\/\/schema.org\",\"@graph\":[{\"@type\":\"Article\",\"@id\":\"https:\/\/portaltela.pt\/noticias\/2026\/01\/29\/hospital-da-luz-promove-sessao-de-cuidados-infantis-no-inverno\/#article\",\"isPartOf\":{\"@id\":\"https:\/\/portaltela.pt\/noticias\/2026\/01\/29\/hospital-da-luz-promove-sessao-de-cuidados-infantis-no-inverno\/\"},\"author\":{\"name\":\"Telinha\",\"@id\":\"https:\/\/portaltela.pt\/#\/schema\/person\/c4278d4a6028830caff9ee44b42d32ed\"},\"headline\":\"Hospital da Luz promove sess\u00e3o de cuidados infantis no inverno\",\"datePublished\":\"2026-01-29T08:04:00+00:00\",\"mainEntityOfPage\":{\"@id\":\"https:\/\/portaltela.pt\/noticias\/2026\/01\/29\/hospital-da-luz-promove-sessao-de-cuidados-infantis-no-inverno\/\"},\"wordCount\":170,\"image\":{\"@id\":\"https:\/\/portaltela.pt\/noticias\/2026\/01\/29\/hospital-da-luz-promove-sessao-de-cuidados-infantis-no-inverno\/#primaryimage\"},\"thumbnailUrl\":\"https:\/\/portaltela.pt\/s.01k8rhncp4jt1\/2026\/01\/Hospital_Luz_VFX.jpg\",\"keywords\":[\"educa\u00e7\u00e3o\",\"hospital\",\"infec\u00e7\u00f5es respirat\u00f3rias\",\"pais\",\"sa\u00fade\",\"vacina\u00e7\u00f5es\"],\"articleSection\":[\"Not\u00edcias\"],\"inLanguage\":\"pt-PT\"},{\"@type\":\"WebPage\",\"@id\":\"https:\/\/portaltela.pt\/noticias\/2026\/01\/29\/hospital-da-luz-promove-sessao-de-cuidados-infantis-no-inverno\/\",\"url\":\"https:\/\/portaltela.pt\/noticias\/2026\/01\/29\/hospital-da-luz-promove-sessao-de-cuidados-infantis-no-inverno\/\",\"name\":\"Hospital da Luz promove sess\u00e3o de cuidados infantis no inverno - Portal Tela Portugal\",\"isPartOf\":{\"@id\":\"https:\/\/portaltela.pt\/#website\"},\"primaryImageOfPage\":{\"@id\":\"https:\/\/portaltela.pt\/noticias\/2026\/01\/29\/hospital-da-luz-promove-sessao-de-cuidados-infantis-no-inverno\/#primaryimage\"},\"image\":{\"@id\":\"https:\/\/portaltela.pt\/noticias\/2026\/01\/29\/hospital-da-luz-promove-sessao-de-cuidados-infantis-no-inverno\/#primaryimage\"},\"thumbnailUrl\":\"https:\/\/portaltela.pt\/s.01k8rhncp4jt1\/2026\/01\/Hospital_Luz_VFX.jpg\",\"datePublished\":\"2026-01-29T08:04:00+00:00\",\"author\":{\"@id\":\"https:\/\/portaltela.pt\/#\/schema\/person\/c4278d4a6028830caff9ee44b42d32ed\"},\"breadcrumb\":{\"@id\":\"https:\/\/portaltela.pt\/noticias\/2026\/01\/29\/hospital-da-luz-promove-sessao-de-cuidados-infantis-no-inverno\/#breadcrumb\"},\"inLanguage\":\"pt-PT\",\"potentialAction\":[{\"@type\":\"ReadAction\",\"target\":[\"https:\/\/portaltela.pt\/noticias\/2026\/01\/29\/hospital-da-luz-promove-sessao-de-cuidados-infantis-no-inverno\/\"]}]},{\"@type\":\"ImageObject\",\"inLanguage\":\"pt-PT\",\"@id\":\"https:\/\/portaltela.pt\/noticias\/2026\/01\/29\/hospital-da-luz-promove-sessao-de-cuidados-infantis-no-inverno\/#primaryimage\",\"url\":\"https:\/\/portaltela.pt\/s.01k8rhncp4jt1\/2026\/01\/Hospital_Luz_VFX.jpg\",\"contentUrl\":\"https:\/\/portaltela.pt\/s.01k8rhncp4jt1\/2026\/01\/Hospital_Luz_VFX.jpg\",\"width\":796,\"height\":448,\"caption\":\"Hospital da Luz de Vila Franca de Xira organiza sess\u00e3o para pais sobre cuidados infantis no inverno\"},{\"@type\":\"BreadcrumbList\",\"@id\":\"https:\/\/portaltela.pt\/noticias\/2026\/01\/29\/hospital-da-luz-promove-sessao-de-cuidados-infantis-no-inverno\/#breadcrumb\",\"itemListElement\":[{\"@type\":\"ListItem\",\"position\":1,\"name\":\"In\u00edcio\",\"item\":\"https:\/\/portaltela.pt\/\"},{\"@type\":\"ListItem\",\"position\":2,\"name\":\"Hospital da Luz promove sess\u00e3o de cuidados infantis no inverno\"}]},{\"@type\":\"WebSite\",\"@id\":\"https:\/\/portaltela.pt\/#website\",\"url\":\"https:\/\/portaltela.pt\/\",\"name\":\"Portal Tela Portugal\",\"description\":\"\",\"potentialAction\":[{\"@type\":\"SearchAction\",\"target\":{\"@type\":\"EntryPoint\",\"urlTemplate\":\"https:\/\/portaltela.pt\/?s={search_term_string}\"},\"query-input\":{\"@type\":\"PropertyValueSpecification\",\"valueRequired\":true,\"valueName\":\"search_term_string\"}}],\"inLanguage\":\"pt-PT\"},{\"@type\":\"Person\",\"@id\":\"https:\/\/portaltela.pt\/#\/schema\/person\/c4278d4a6028830caff9ee44b42d32ed\",\"name\":\"Telinha\",\"image\":{\"@type\":\"ImageObject\",\"inLanguage\":\"pt-PT\",\"@id\":\"https:\/\/portaltela.pt\/s.01k8rhncp4jt1\/2025\/11\/talking-bot-125x125.png\",\"url\":\"https:\/\/portaltela.pt\/s.01k8rhncp4jt1\/2025\/11\/talking-bot-125x125.png\",\"contentUrl\":\"https:\/\/portaltela.pt\/s.01k8rhncp4jt1\/2025\/11\/talking-bot-125x125.png\",\"caption\":\"Telinha\"},\"sameAs\":[\"https:\/\/portaltela.pt\/\"],\"url\":\"https:\/\/portaltela.pt\/por\/367410592786\/\"}]}<\/script>\n<!-- \/ Yoast SEO plugin. -->","yoast_head_json":{"title":"Hospital da Luz promove sess\u00e3o de cuidados infantis no inverno - Portal Tela Portugal","robots":{"index":"index","follow":"follow","max-snippet":"max-snippet:-1","max-image-preview":"max-image-preview:large","max-video-preview":"max-video-preview:-1"},"og_locale":"pt_PT","og_type":"article","og_title":"Hospital da Luz promove sess\u00e3o de cuidados infantis no inverno - Portal Tela Portugal","og_description":"O Hospital da Luz Cl\u00ednica Vila Franca de Xira organiza uma sess\u00e3o informativa para pais e cuidadores sobre cuidados infantis no inverno. A iniciativa \u201cPreparar o inverno dos mais pequenos\u201d realiza-se a 31 de janeiro de 2026, das 10h00 \u00e0s 12h00, nas instala\u00e7\u00f5es da unidade. A participa\u00e7\u00e3o \u00e9 gratuita, exigindo inscri\u00e7\u00e3o pr\u00e9via. A enfermeira Rafaela Ferreira dos Santos conduz a sess\u00e3o, que aborda infe\u00e7\u00f5es respirat\u00f3rias, preven\u00e7\u00e3o, sinais respirat\u00f3rios e uso de dispositivos como a c\u00e2mara expansora, al\u00e9m de t\u00e9cnicas de lavagem nasal; a vacina\u00e7\u00e3o tamb\u00e9m est\u00e1 inclu\u00edda. Inscri\u00e7\u00f5es para o evento devem ser enviadas para administrativos.vfxira@hospitaldaluz.pt.","og_url":"https:\/\/portaltela.pt\/noticias\/2026\/01\/29\/hospital-da-luz-promove-sessao-de-cuidados-infantis-no-inverno\/","og_site_name":"Portal Tela Portugal","article_published_time":"2026-01-29T08:04:00+00:00","author":"Telinha","twitter_card":"summary_large_image","twitter_misc":{"Escrito por":"Telinha","Tempo estimado de leitura":"1 minuto"},"schema":{"@context":"https:\/\/schema.org","@graph":[{"@type":"Article","@id":"https:\/\/portaltela.pt\/noticias\/2026\/01\/29\/hospital-da-luz-promove-sessao-de-cuidados-infantis-no-inverno\/#article","isPartOf":{"@id":"https:\/\/portaltela.pt\/noticias\/2026\/01\/29\/hospital-da-luz-promove-sessao-de-cuidados-infantis-no-inverno\/"},"author":{"name":"Telinha","@id":"https:\/\/portaltela.pt\/#\/schema\/person\/c4278d4a6028830caff9ee44b42d32ed"},"headline":"Hospital da Luz promove sess\u00e3o de cuidados infantis no inverno","datePublished":"2026-01-29T08:04:00+00:00","mainEntityOfPage":{"@id":"https:\/\/portaltela.pt\/noticias\/2026\/01\/29\/hospital-da-luz-promove-sessao-de-cuidados-infantis-no-inverno\/"},"wordCount":170,"image":{"@id":"https:\/\/portaltela.pt\/noticias\/2026\/01\/29\/hospital-da-luz-promove-sessao-de-cuidados-infantis-no-inverno\/#primaryimage"},"thumbnailUrl":"https:\/\/portaltela.pt\/s.01k8rhncp4jt1\/2026\/01\/Hospital_Luz_VFX.jpg","keywords":["educa\u00e7\u00e3o","hospital","infec\u00e7\u00f5es respirat\u00f3rias","pais","sa\u00fade","vacina\u00e7\u00f5es"],"articleSection":["Not\u00edcias"],"inLanguage":"pt-PT"},{"@type":"WebPage","@id":"https:\/\/portaltela.pt\/noticias\/2026\/01\/29\/hospital-da-luz-promove-sessao-de-cuidados-infantis-no-inverno\/","url":"https:\/\/portaltela.pt\/noticias\/2026\/01\/29\/hospital-da-luz-promove-sessao-de-cuidados-infantis-no-inverno\/","name":"Hospital da Luz promove sess\u00e3o de cuidados infantis no inverno - Portal Tela Portugal","isPartOf":{"@id":"https:\/\/portaltela.pt\/#website"},"primaryImageOfPage":{"@id":"https:\/\/portaltela.pt\/noticias\/2026\/01\/29\/hospital-da-luz-promove-sessao-de-cuidados-infantis-no-inverno\/#primaryimage"},"image":{"@id":"https:\/\/portaltela.pt\/noticias\/2026\/01\/29\/hospital-da-luz-promove-sessao-de-cuidados-infantis-no-inverno\/#primaryimage"},"thumbnailUrl":"https:\/\/portaltela.pt\/s.01k8rhncp4jt1\/2026\/01\/Hospital_Luz_VFX.jpg","datePublished":"2026-01-29T08:04:00+00:00","author":{"@id":"https:\/\/portaltela.pt\/#\/schema\/person\/c4278d4a6028830caff9ee44b42d32ed"},"breadcrumb":{"@id":"https:\/\/portaltela.pt\/noticias\/2026\/01\/29\/hospital-da-luz-promove-sessao-de-cuidados-infantis-no-inverno\/#breadcrumb"},"inLanguage":"pt-PT","potentialAction":[{"@type":"ReadAction","target":["https:\/\/portaltela.pt\/noticias\/2026\/01\/29\/hospital-da-luz-promove-sessao-de-cuidados-infantis-no-inverno\/"]}]},{"@type":"ImageObject","inLanguage":"pt-PT","@id":"https:\/\/portaltela.pt\/noticias\/2026\/01\/29\/hospital-da-luz-promove-sessao-de-cuidados-infantis-no-inverno\/#primaryimage","url":"https:\/\/portaltela.pt\/s.01k8rhncp4jt1\/2026\/01\/Hospital_Luz_VFX.jpg","contentUrl":"https:\/\/portaltela.pt\/s.01k8rhncp4jt1\/2026\/01\/Hospital_Luz_VFX.jpg","width":796,"height":448,"caption":"Hospital da Luz de Vila Franca de Xira organiza sess\u00e3o para pais sobre cuidados infantis no inverno"},{"@type":"BreadcrumbList","@id":"https:\/\/portaltela.pt\/noticias\/2026\/01\/29\/hospital-da-luz-promove-sessao-de-cuidados-infantis-no-inverno\/#breadcrumb","itemListElement":[{"@type":"ListItem","position":1,"name":"In\u00edcio","item":"https:\/\/portaltela.pt\/"},{"@type":"ListItem","position":2,"name":"Hospital da Luz promove sess\u00e3o de cuidados infantis no inverno"}]},{"@type":"WebSite","@id":"https:\/\/portaltela.pt\/#website","url":"https:\/\/portaltela.pt\/","name":"Portal Tela Portugal","description":"","potentialAction":[{"@type":"SearchAction","target":{"@type":"EntryPoint","urlTemplate":"https:\/\/portaltela.pt\/?s={search_term_string}"},"query-input":{"@type":"PropertyValueSpecification","valueRequired":true,"valueName":"search_term_string"}}],"inLanguage":"pt-PT"},{"@type":"Person","@id":"https:\/\/portaltela.pt\/#\/schema\/person\/c4278d4a6028830caff9ee44b42d32ed","name":"Telinha","image":{"@type":"ImageObject","inLanguage":"pt-PT","@id":"https:\/\/portaltela.pt\/s.01k8rhncp4jt1\/2025\/11\/talking-bot-125x125.png","url":"https:\/\/portaltela.pt\/s.01k8rhncp4jt1\/2025\/11\/talking-bot-125x125.png","contentUrl":"https:\/\/portaltela.pt\/s.01k8rhncp4jt1\/2025\/11\/talking-bot-125x125.png","caption":"Telinha"},"sameAs":["https:\/\/portaltela.pt\/"],"url":"https:\/\/portaltela.pt\/por\/367410592786\/"}]}},"_links":{"self":[{"href":"https:\/\/portaltela.pt\/api\/wp\/v2\/posts\/180407","targetHints":{"allow":["GET"]}}],"collection":[{"href":"https:\/\/portaltela.pt\/api\/wp\/v2\/posts"}],"about":[{"href":"https:\/\/portaltela.pt\/api\/wp\/v2\/types\/post"}],"author":[{"embeddable":true,"href":"https:\/\/portaltela.pt\/api\/wp\/v2\/users\/2"}],"replies":[{"embeddable":true,"href":"https:\/\/portaltela.pt\/api\/wp\/v2\/comments?post=180407"}],"version-history":[{"count":0,"href":"https:\/\/portaltela.pt\/api\/wp\/v2\/posts\/180407\/revisions"}],"wp:featuredmedia":[{"embeddable":true,"href":"https:\/\/portaltela.pt\/api\/wp\/v2\/media\/180411"}],"wp:attachment":[{"href":"https:\/\/portaltela.pt\/api\/wp\/v2\/media?parent=180407"}],"wp:term":[{"taxonomy":"category","embeddable":true,"href":"https:\/\/portaltela.pt\/api\/wp\/v2\/categories?post=180407"},{"taxonomy":"post_tag","embeddable":true,"href":"https:\/\/portaltela.pt\/api\/wp\/v2\/tags?post=180407"}],"curies":[{"name":"wp","href":"https:\/\/api.w.org\/{rel}","templated":true}]}}