{"id":180296,"date":"2026-01-29T03:53:00","date_gmt":"2026-01-29T06:53:00","guid":{"rendered":"https:\/\/portaltela.pt\/noticias\/2026\/01\/29\/mais-de-60-da-populacao-tem-excesso-de-peso-segundo-governo-brasileiro\/"},"modified":"2026-01-29T03:53:00","modified_gmt":"2026-01-29T06:53:00","slug":"mais-de-60-da-populacao-tem-excesso-de-peso-segundo-governo-brasileiro","status":"publish","type":"post","link":"https:\/\/portaltela.pt\/noticias\/2026\/01\/29\/mais-de-60-da-populacao-tem-excesso-de-peso-segundo-governo-brasileiro\/","title":{"rendered":"Mais de 60% da popula\u00e7\u00e3o tem excesso de peso, segundo governo brasileiro"},"content":{"rendered":"<p>Mais de 60% da popula\u00e7\u00e3o brasileira tem excesso de peso, aponta o governo. Em 2024, 62,6% dos brasileiros apresentavam excesso de peso, face a 42,6% em 2006. O relat\u00f3rio tamb\u00e9m indica que a obesidade duplicou, passando de 11,8% para 25,7% no mesmo per\u00edodo.<\/p>\n<p>Paralelamente, o n\u00famero de adultos com diabetes no Brasil cresceu 135% entre 2006 e 2024, passando de 5,5% para 12,9%. Os dados foram divulgados pelo Governo na quarta-feira, em meio a preocupa\u00e7\u00f5es com a sa\u00fade p\u00fablica e custos associados.<\/p>\n<p>O ministro da Sa\u00fade, Alexandre Padilha, anunciou hoje a estrat\u00e9gia Viva Mais Brasil, uma mobiliza\u00e7\u00e3o nacional para promover a sa\u00fade, prevenir doen\u00e7as cr\u00f3nicas e melhorar a qualidade de vida. O lan\u00e7amento ocorre no contexto de dados que apontam para crescentes encargos com obesidade e diabetes.<\/p>\n<h3>Viva Mais Brasil<\/h3>\n<p>Segundo o Governo, o programa contar\u00e1 com um investimento de 340 milh\u00f5es de reais (cerca de 55 milh\u00f5es de euros) voltado a pol\u00edticas de promo\u00e7\u00e3o da atividade f\u00edsica. A iniciativa visa estimular a pr\u00e1tica desportiva e a\u00e7\u00f5es de preven\u00e7\u00e3o em diferentes regi\u00f5es do pa\u00eds, incluindo escolas, postos de sa\u00fade e unidades comunit\u00e1rias.<\/p>\n","protected":false},"excerpt":{"rendered":"<ul>\n<li>Em 2024, 62,6% dos brasileiros tinham excesso de peso, contra 42,6% em 2006.<\/li>\n<li>A obesidade passou de 11,8% em 2006 para 25,7% em 2024.<\/li>\n<li>O n\u00famero de adultos com diabetes aumentou 135%, passando de 5,5% para 12,9%.<\/li>\n<li>O ministro da Sa\u00fade lan\u00e7ou a estrat\u00e9gia Viva Mais Brasil, mobiliza\u00e7\u00e3o nacional para promo\u00e7\u00e3o da sa\u00fade e preven\u00e7\u00e3o de doen\u00e7as cr\u00f3nicas.<\/li>\n<li>Ser\u00e3o investidos 340 milh\u00f5es de reais (cerca de 55 milh\u00f5es de euros) em pol\u00edticas de promo\u00e7\u00e3o da atividade f\u00edsica.<\/li>\n<\/ul>\n","protected":false},"author":2,"featured_media":180309,"comment_status":"closed","ping_status":"closed","sticky":false,"template":"","format":"standard","meta":{"footnotes":""},"categories":[1],"tags":[2464,2547,3631,133,74,271],"class_list":["post-180296","post","type-post","status-publish","format-standard","has-post-thumbnail","hentry","category-noticias","tag-atividade-fisica","tag-brasil","tag-diabeticos","tag-politicas-publicas","tag-prevencao","tag-saude-publica"],"yoast_head":"<!-- This site is optimized with the Yoast SEO plugin v27.2 - https:\/\/yoast.com\/product\/yoast-seo-wordpress\/ -->\n<title>Mais de 60% da popula\u00e7\u00e3o tem excesso de peso, segundo governo brasileiro - Portal Tela Portugal<\/title>\n<meta name=\"robots\" content=\"index, follow, max-snippet:-1, max-image-preview:large, max-video-preview:-1\" \/>\n<meta property=\"og:locale\" content=\"pt_PT\" \/>\n<meta property=\"og:type\" content=\"article\" \/>\n<meta property=\"og:title\" content=\"Mais de 60% da popula\u00e7\u00e3o tem excesso de peso, segundo governo brasileiro - Portal Tela Portugal\" \/>\n<meta property=\"og:description\" content=\"Em 2024, 62,6% dos brasileiros tinham excesso de peso, contra 42,6% em 2006. A obesidade passou de 11,8% em 2006 para 25,7% em 2024. O n\u00famero de adultos com diabetes aumentou 135%, passando de 5,5% para 12,9%. O ministro da Sa\u00fade lan\u00e7ou a estrat\u00e9gia Viva Mais Brasil, mobiliza\u00e7\u00e3o nacional para promo\u00e7\u00e3o da sa\u00fade e preven\u00e7\u00e3o de doen\u00e7as cr\u00f3nicas. Ser\u00e3o investidos 340 milh\u00f5es de reais (cerca de 55 milh\u00f5es de euros) em pol\u00edticas de promo\u00e7\u00e3o da atividade f\u00edsica.\" \/>\n<meta property=\"og:url\" content=\"https:\/\/portaltela.pt\/noticias\/2026\/01\/29\/mais-de-60-da-populacao-tem-excesso-de-peso-segundo-governo-brasileiro\/\" \/>\n<meta property=\"og:site_name\" content=\"Portal Tela Portugal\" \/>\n<meta property=\"article:published_time\" content=\"2026-01-29T06:53:00+00:00\" \/>\n<meta name=\"author\" content=\"Telinha\" \/>\n<meta name=\"twitter:card\" content=\"summary_large_image\" \/>\n<meta name=\"twitter:label1\" content=\"Escrito por\" \/>\n\t<meta name=\"twitter:data1\" content=\"Telinha\" \/>\n\t<meta name=\"twitter:label2\" content=\"Tempo estimado de leitura\" \/>\n\t<meta name=\"twitter:data2\" content=\"1 minuto\" \/>\n<script type=\"application\/ld+json\" class=\"yoast-schema-graph\">{\"@context\":\"https:\/\/schema.org\",\"@graph\":[{\"@type\":\"Article\",\"@id\":\"https:\/\/portaltela.pt\/noticias\/2026\/01\/29\/mais-de-60-da-populacao-tem-excesso-de-peso-segundo-governo-brasileiro\/#article\",\"isPartOf\":{\"@id\":\"https:\/\/portaltela.pt\/noticias\/2026\/01\/29\/mais-de-60-da-populacao-tem-excesso-de-peso-segundo-governo-brasileiro\/\"},\"author\":{\"name\":\"Telinha\",\"@id\":\"https:\/\/portaltela.pt\/#\/schema\/person\/c4278d4a6028830caff9ee44b42d32ed\"},\"headline\":\"Mais de 60% da popula\u00e7\u00e3o tem excesso de peso, segundo governo brasileiro\",\"datePublished\":\"2026-01-29T06:53:00+00:00\",\"mainEntityOfPage\":{\"@id\":\"https:\/\/portaltela.pt\/noticias\/2026\/01\/29\/mais-de-60-da-populacao-tem-excesso-de-peso-segundo-governo-brasileiro\/\"},\"wordCount\":207,\"image\":{\"@id\":\"https:\/\/portaltela.pt\/noticias\/2026\/01\/29\/mais-de-60-da-populacao-tem-excesso-de-peso-segundo-governo-brasileiro\/#primaryimage\"},\"thumbnailUrl\":\"https:\/\/portaltela.pt\/s.01k8rhncp4jt1\/2026\/01\/naom_6836be26c7cff.jpg\",\"keywords\":[\"atividade f\u00edsica\",\"Brasil\",\"diab\u00e9ticos\",\"pol\u00edticas p\u00fablicas\",\"preven\u00e7\u00e3o\",\"sa\u00fade p\u00fablica\"],\"articleSection\":[\"Not\u00edcias\"],\"inLanguage\":\"pt-PT\"},{\"@type\":\"WebPage\",\"@id\":\"https:\/\/portaltela.pt\/noticias\/2026\/01\/29\/mais-de-60-da-populacao-tem-excesso-de-peso-segundo-governo-brasileiro\/\",\"url\":\"https:\/\/portaltela.pt\/noticias\/2026\/01\/29\/mais-de-60-da-populacao-tem-excesso-de-peso-segundo-governo-brasileiro\/\",\"name\":\"Mais de 60% da popula\u00e7\u00e3o tem excesso de peso, segundo governo brasileiro - Portal Tela Portugal\",\"isPartOf\":{\"@id\":\"https:\/\/portaltela.pt\/#website\"},\"primaryImageOfPage\":{\"@id\":\"https:\/\/portaltela.pt\/noticias\/2026\/01\/29\/mais-de-60-da-populacao-tem-excesso-de-peso-segundo-governo-brasileiro\/#primaryimage\"},\"image\":{\"@id\":\"https:\/\/portaltela.pt\/noticias\/2026\/01\/29\/mais-de-60-da-populacao-tem-excesso-de-peso-segundo-governo-brasileiro\/#primaryimage\"},\"thumbnailUrl\":\"https:\/\/portaltela.pt\/s.01k8rhncp4jt1\/2026\/01\/naom_6836be26c7cff.jpg\",\"datePublished\":\"2026-01-29T06:53:00+00:00\",\"author\":{\"@id\":\"https:\/\/portaltela.pt\/#\/schema\/person\/c4278d4a6028830caff9ee44b42d32ed\"},\"breadcrumb\":{\"@id\":\"https:\/\/portaltela.pt\/noticias\/2026\/01\/29\/mais-de-60-da-populacao-tem-excesso-de-peso-segundo-governo-brasileiro\/#breadcrumb\"},\"inLanguage\":\"pt-PT\",\"potentialAction\":[{\"@type\":\"ReadAction\",\"target\":[\"https:\/\/portaltela.pt\/noticias\/2026\/01\/29\/mais-de-60-da-populacao-tem-excesso-de-peso-segundo-governo-brasileiro\/\"]}]},{\"@type\":\"ImageObject\",\"inLanguage\":\"pt-PT\",\"@id\":\"https:\/\/portaltela.pt\/noticias\/2026\/01\/29\/mais-de-60-da-populacao-tem-excesso-de-peso-segundo-governo-brasileiro\/#primaryimage\",\"url\":\"https:\/\/portaltela.pt\/s.01k8rhncp4jt1\/2026\/01\/naom_6836be26c7cff.jpg\",\"contentUrl\":\"https:\/\/portaltela.pt\/s.01k8rhncp4jt1\/2026\/01\/naom_6836be26c7cff.jpg\",\"width\":796,\"height\":448,\"caption\":\"Mais de 60% da popula\u00e7\u00e3o tem excesso de peso, diz governo brasileiro\"},{\"@type\":\"BreadcrumbList\",\"@id\":\"https:\/\/portaltela.pt\/noticias\/2026\/01\/29\/mais-de-60-da-populacao-tem-excesso-de-peso-segundo-governo-brasileiro\/#breadcrumb\",\"itemListElement\":[{\"@type\":\"ListItem\",\"position\":1,\"name\":\"In\u00edcio\",\"item\":\"https:\/\/portaltela.pt\/\"},{\"@type\":\"ListItem\",\"position\":2,\"name\":\"Mais de 60% da popula\u00e7\u00e3o tem excesso de peso, segundo governo brasileiro\"}]},{\"@type\":\"WebSite\",\"@id\":\"https:\/\/portaltela.pt\/#website\",\"url\":\"https:\/\/portaltela.pt\/\",\"name\":\"Portal Tela Portugal\",\"description\":\"\",\"potentialAction\":[{\"@type\":\"SearchAction\",\"target\":{\"@type\":\"EntryPoint\",\"urlTemplate\":\"https:\/\/portaltela.pt\/?s={search_term_string}\"},\"query-input\":{\"@type\":\"PropertyValueSpecification\",\"valueRequired\":true,\"valueName\":\"search_term_string\"}}],\"inLanguage\":\"pt-PT\"},{\"@type\":\"Person\",\"@id\":\"https:\/\/portaltela.pt\/#\/schema\/person\/c4278d4a6028830caff9ee44b42d32ed\",\"name\":\"Telinha\",\"image\":{\"@type\":\"ImageObject\",\"inLanguage\":\"pt-PT\",\"@id\":\"https:\/\/portaltela.pt\/s.01k8rhncp4jt1\/2025\/11\/talking-bot-125x125.png\",\"url\":\"https:\/\/portaltela.pt\/s.01k8rhncp4jt1\/2025\/11\/talking-bot-125x125.png\",\"contentUrl\":\"https:\/\/portaltela.pt\/s.01k8rhncp4jt1\/2025\/11\/talking-bot-125x125.png\",\"caption\":\"Telinha\"},\"sameAs\":[\"https:\/\/portaltela.pt\/\"],\"url\":\"https:\/\/portaltela.pt\/por\/367410592786\/\"}]}<\/script>\n<!-- \/ Yoast SEO plugin. -->","yoast_head_json":{"title":"Mais de 60% da popula\u00e7\u00e3o tem excesso de peso, segundo governo brasileiro - Portal Tela Portugal","robots":{"index":"index","follow":"follow","max-snippet":"max-snippet:-1","max-image-preview":"max-image-preview:large","max-video-preview":"max-video-preview:-1"},"og_locale":"pt_PT","og_type":"article","og_title":"Mais de 60% da popula\u00e7\u00e3o tem excesso de peso, segundo governo brasileiro - Portal Tela Portugal","og_description":"Em 2024, 62,6% dos brasileiros tinham excesso de peso, contra 42,6% em 2006. A obesidade passou de 11,8% em 2006 para 25,7% em 2024. O n\u00famero de adultos com diabetes aumentou 135%, passando de 5,5% para 12,9%. O ministro da Sa\u00fade lan\u00e7ou a estrat\u00e9gia Viva Mais Brasil, mobiliza\u00e7\u00e3o nacional para promo\u00e7\u00e3o da sa\u00fade e preven\u00e7\u00e3o de doen\u00e7as cr\u00f3nicas. Ser\u00e3o investidos 340 milh\u00f5es de reais (cerca de 55 milh\u00f5es de euros) em pol\u00edticas de promo\u00e7\u00e3o da atividade f\u00edsica.","og_url":"https:\/\/portaltela.pt\/noticias\/2026\/01\/29\/mais-de-60-da-populacao-tem-excesso-de-peso-segundo-governo-brasileiro\/","og_site_name":"Portal Tela Portugal","article_published_time":"2026-01-29T06:53:00+00:00","author":"Telinha","twitter_card":"summary_large_image","twitter_misc":{"Escrito por":"Telinha","Tempo estimado de leitura":"1 minuto"},"schema":{"@context":"https:\/\/schema.org","@graph":[{"@type":"Article","@id":"https:\/\/portaltela.pt\/noticias\/2026\/01\/29\/mais-de-60-da-populacao-tem-excesso-de-peso-segundo-governo-brasileiro\/#article","isPartOf":{"@id":"https:\/\/portaltela.pt\/noticias\/2026\/01\/29\/mais-de-60-da-populacao-tem-excesso-de-peso-segundo-governo-brasileiro\/"},"author":{"name":"Telinha","@id":"https:\/\/portaltela.pt\/#\/schema\/person\/c4278d4a6028830caff9ee44b42d32ed"},"headline":"Mais de 60% da popula\u00e7\u00e3o tem excesso de peso, segundo governo brasileiro","datePublished":"2026-01-29T06:53:00+00:00","mainEntityOfPage":{"@id":"https:\/\/portaltela.pt\/noticias\/2026\/01\/29\/mais-de-60-da-populacao-tem-excesso-de-peso-segundo-governo-brasileiro\/"},"wordCount":207,"image":{"@id":"https:\/\/portaltela.pt\/noticias\/2026\/01\/29\/mais-de-60-da-populacao-tem-excesso-de-peso-segundo-governo-brasileiro\/#primaryimage"},"thumbnailUrl":"https:\/\/portaltela.pt\/s.01k8rhncp4jt1\/2026\/01\/naom_6836be26c7cff.jpg","keywords":["atividade f\u00edsica","Brasil","diab\u00e9ticos","pol\u00edticas p\u00fablicas","preven\u00e7\u00e3o","sa\u00fade p\u00fablica"],"articleSection":["Not\u00edcias"],"inLanguage":"pt-PT"},{"@type":"WebPage","@id":"https:\/\/portaltela.pt\/noticias\/2026\/01\/29\/mais-de-60-da-populacao-tem-excesso-de-peso-segundo-governo-brasileiro\/","url":"https:\/\/portaltela.pt\/noticias\/2026\/01\/29\/mais-de-60-da-populacao-tem-excesso-de-peso-segundo-governo-brasileiro\/","name":"Mais de 60% da popula\u00e7\u00e3o tem excesso de peso, segundo governo brasileiro - Portal Tela Portugal","isPartOf":{"@id":"https:\/\/portaltela.pt\/#website"},"primaryImageOfPage":{"@id":"https:\/\/portaltela.pt\/noticias\/2026\/01\/29\/mais-de-60-da-populacao-tem-excesso-de-peso-segundo-governo-brasileiro\/#primaryimage"},"image":{"@id":"https:\/\/portaltela.pt\/noticias\/2026\/01\/29\/mais-de-60-da-populacao-tem-excesso-de-peso-segundo-governo-brasileiro\/#primaryimage"},"thumbnailUrl":"https:\/\/portaltela.pt\/s.01k8rhncp4jt1\/2026\/01\/naom_6836be26c7cff.jpg","datePublished":"2026-01-29T06:53:00+00:00","author":{"@id":"https:\/\/portaltela.pt\/#\/schema\/person\/c4278d4a6028830caff9ee44b42d32ed"},"breadcrumb":{"@id":"https:\/\/portaltela.pt\/noticias\/2026\/01\/29\/mais-de-60-da-populacao-tem-excesso-de-peso-segundo-governo-brasileiro\/#breadcrumb"},"inLanguage":"pt-PT","potentialAction":[{"@type":"ReadAction","target":["https:\/\/portaltela.pt\/noticias\/2026\/01\/29\/mais-de-60-da-populacao-tem-excesso-de-peso-segundo-governo-brasileiro\/"]}]},{"@type":"ImageObject","inLanguage":"pt-PT","@id":"https:\/\/portaltela.pt\/noticias\/2026\/01\/29\/mais-de-60-da-populacao-tem-excesso-de-peso-segundo-governo-brasileiro\/#primaryimage","url":"https:\/\/portaltela.pt\/s.01k8rhncp4jt1\/2026\/01\/naom_6836be26c7cff.jpg","contentUrl":"https:\/\/portaltela.pt\/s.01k8rhncp4jt1\/2026\/01\/naom_6836be26c7cff.jpg","width":796,"height":448,"caption":"Mais de 60% da popula\u00e7\u00e3o tem excesso de peso, diz governo brasileiro"},{"@type":"BreadcrumbList","@id":"https:\/\/portaltela.pt\/noticias\/2026\/01\/29\/mais-de-60-da-populacao-tem-excesso-de-peso-segundo-governo-brasileiro\/#breadcrumb","itemListElement":[{"@type":"ListItem","position":1,"name":"In\u00edcio","item":"https:\/\/portaltela.pt\/"},{"@type":"ListItem","position":2,"name":"Mais de 60% da popula\u00e7\u00e3o tem excesso de peso, segundo governo brasileiro"}]},{"@type":"WebSite","@id":"https:\/\/portaltela.pt\/#website","url":"https:\/\/portaltela.pt\/","name":"Portal Tela Portugal","description":"","potentialAction":[{"@type":"SearchAction","target":{"@type":"EntryPoint","urlTemplate":"https:\/\/portaltela.pt\/?s={search_term_string}"},"query-input":{"@type":"PropertyValueSpecification","valueRequired":true,"valueName":"search_term_string"}}],"inLanguage":"pt-PT"},{"@type":"Person","@id":"https:\/\/portaltela.pt\/#\/schema\/person\/c4278d4a6028830caff9ee44b42d32ed","name":"Telinha","image":{"@type":"ImageObject","inLanguage":"pt-PT","@id":"https:\/\/portaltela.pt\/s.01k8rhncp4jt1\/2025\/11\/talking-bot-125x125.png","url":"https:\/\/portaltela.pt\/s.01k8rhncp4jt1\/2025\/11\/talking-bot-125x125.png","contentUrl":"https:\/\/portaltela.pt\/s.01k8rhncp4jt1\/2025\/11\/talking-bot-125x125.png","caption":"Telinha"},"sameAs":["https:\/\/portaltela.pt\/"],"url":"https:\/\/portaltela.pt\/por\/367410592786\/"}]}},"_links":{"self":[{"href":"https:\/\/portaltela.pt\/api\/wp\/v2\/posts\/180296","targetHints":{"allow":["GET"]}}],"collection":[{"href":"https:\/\/portaltela.pt\/api\/wp\/v2\/posts"}],"about":[{"href":"https:\/\/portaltela.pt\/api\/wp\/v2\/types\/post"}],"author":[{"embeddable":true,"href":"https:\/\/portaltela.pt\/api\/wp\/v2\/users\/2"}],"replies":[{"embeddable":true,"href":"https:\/\/portaltela.pt\/api\/wp\/v2\/comments?post=180296"}],"version-history":[{"count":0,"href":"https:\/\/portaltela.pt\/api\/wp\/v2\/posts\/180296\/revisions"}],"wp:featuredmedia":[{"embeddable":true,"href":"https:\/\/portaltela.pt\/api\/wp\/v2\/media\/180309"}],"wp:attachment":[{"href":"https:\/\/portaltela.pt\/api\/wp\/v2\/media?parent=180296"}],"wp:term":[{"taxonomy":"category","embeddable":true,"href":"https:\/\/portaltela.pt\/api\/wp\/v2\/categories?post=180296"},{"taxonomy":"post_tag","embeddable":true,"href":"https:\/\/portaltela.pt\/api\/wp\/v2\/tags?post=180296"}],"curies":[{"name":"wp","href":"https:\/\/api.w.org\/{rel}","templated":true}]}}