{"id":180290,"date":"2026-01-29T04:11:10","date_gmt":"2026-01-29T07:11:10","guid":{"rendered":"https:\/\/portaltela.pt\/noticias\/2026\/01\/29\/processo-fiscal-contra-aristides-de-sousa-mendes-revelado-em-carregal-do-sal\/"},"modified":"2026-01-29T04:11:10","modified_gmt":"2026-01-29T07:11:10","slug":"processo-fiscal-contra-aristides-de-sousa-mendes-revelado-em-carregal-do-sal","status":"publish","type":"post","link":"https:\/\/portaltela.pt\/noticias\/2026\/01\/29\/processo-fiscal-contra-aristides-de-sousa-mendes-revelado-em-carregal-do-sal\/","title":{"rendered":"Processo fiscal contra Aristides de Sousa Mendes revelado em Carregal do Sal"},"content":{"rendered":"<p>O Museo Aristides de Sousa Mendes, em Carregal do Sal, recebeu hoje a apresenta\u00e7\u00e3o p\u00fablica dos documentos fiscais de 1940 relacionados com o processo instaurado contra Aristides de Sousa Mendes. A sess\u00e3o ocorreu numa evoca\u00e7\u00e3o do Dia Internacional em Mem\u00f3ria das V\u00edtimas do Holocausto.<\/p>\n<p>A iniciativa contou com a presen\u00e7a do procurador-geral da Rep\u00fablica, Amadeu Guerra, e de representantes de diversas entidades institucionais. O evento reuniu p\u00fablico ligado ao patrim\u00f3nio e ao direito, num programa diversificado.<\/p>\n<p>Entre as atividades estiveram duas confer\u00eancias, proferidas por Rog\u00e9rio Peixoto e Carolina Henriques, e uma visita guiada ao museu. Auditores do 12.\u00ba curso de forma\u00e7\u00e3o dos Tribunais Administrativos e Fiscais do Centro de Estudos Judici\u00e1rios integraram o p\u00fablico. Um dueto de violinos da Orquestra Cl\u00e1ssica do Centro abrilhantou a sess\u00e3o.<\/p>\n","protected":false},"excerpt":{"rendered":"<ul>\n<li>Documentos fiscais de 1940, relativos ao processo contra Aristides de Sousa Mendes, foram apresentados publicamente pela primeira vez no Museu Aristides de Sousa Mendes, em Carregal do Sal, numa sess\u00e3o evocativa do Dia Internacional em Mem\u00f3ria das V\u00edtimas do Holocausto.<\/li>\n<li>A iniciativa contou com a presen\u00e7a do procurador-geral da Rep\u00fablica, Amadeu Guerra, entre demais entidades institucionais.<\/li>\n<li>O evento integrou um programa diversificado.<\/li>\n<li>Destacaram-se duas confer\u00eancias, proferidas por Rog\u00e9rio Peixoto e Carolina Henriques, e uma visita guiada ao museu, com auditores do 12.\u00ba curso de forma\u00e7\u00e3o dos Tribunais Administrativos e Fiscais do Centro de Estudos Judici\u00e1rios.<\/li>\n<li>A sess\u00e3o terminou com um momento musical, apresentado por um dueto de violinos da Orquestra Cl\u00e1ssica do Centro.<\/li>\n<\/ul>\n","protected":false},"author":2,"featured_media":180305,"comment_status":"closed","ping_status":"closed","sticky":false,"template":"","format":"standard","meta":{"footnotes":""},"categories":[1],"tags":[1798,299,3613,1192,814,52],"class_list":["post-180290","post","type-post","status-publish","format-standard","has-post-thumbnail","hentry","category-noticias","tag-carregal-do-sal","tag-historia","tag-impostos","tag-museus-arquivos","tag-patrimonio","tag-tribunal"],"yoast_head":"<!-- This site is optimized with the Yoast SEO plugin v27.2 - https:\/\/yoast.com\/product\/yoast-seo-wordpress\/ -->\n<title>Processo fiscal contra Aristides de Sousa Mendes revelado em Carregal do Sal - Portal Tela Portugal<\/title>\n<meta name=\"robots\" content=\"index, follow, max-snippet:-1, max-image-preview:large, max-video-preview:-1\" \/>\n<meta property=\"og:locale\" content=\"pt_PT\" \/>\n<meta property=\"og:type\" content=\"article\" \/>\n<meta property=\"og:title\" content=\"Processo fiscal contra Aristides de Sousa Mendes revelado em Carregal do Sal - Portal Tela Portugal\" \/>\n<meta property=\"og:description\" content=\"Documentos fiscais de 1940, relativos ao processo contra Aristides de Sousa Mendes, foram apresentados publicamente pela primeira vez no Museu Aristides de Sousa Mendes, em Carregal do Sal, numa sess\u00e3o evocativa do Dia Internacional em Mem\u00f3ria das V\u00edtimas do Holocausto. A iniciativa contou com a presen\u00e7a do procurador-geral da Rep\u00fablica, Amadeu Guerra, entre demais entidades institucionais. O evento integrou um programa diversificado. Destacaram-se duas confer\u00eancias, proferidas por Rog\u00e9rio Peixoto e Carolina Henriques, e uma visita guiada ao museu, com auditores do 12.\u00ba curso de forma\u00e7\u00e3o dos Tribunais Administrativos e Fiscais do Centro de Estudos Judici\u00e1rios. A sess\u00e3o terminou com um momento musical, apresentado por um dueto de violinos da Orquestra Cl\u00e1ssica do Centro.\" \/>\n<meta property=\"og:url\" content=\"https:\/\/portaltela.pt\/noticias\/2026\/01\/29\/processo-fiscal-contra-aristides-de-sousa-mendes-revelado-em-carregal-do-sal\/\" \/>\n<meta property=\"og:site_name\" content=\"Portal Tela Portugal\" \/>\n<meta property=\"article:published_time\" content=\"2026-01-29T07:11:10+00:00\" \/>\n<meta name=\"author\" content=\"Telinha\" \/>\n<meta name=\"twitter:card\" content=\"summary_large_image\" \/>\n<meta name=\"twitter:label1\" content=\"Escrito por\" \/>\n\t<meta name=\"twitter:data1\" content=\"Telinha\" \/>\n\t<meta name=\"twitter:label2\" content=\"Tempo estimado de leitura\" \/>\n\t<meta name=\"twitter:data2\" content=\"1 minuto\" \/>\n<script type=\"application\/ld+json\" class=\"yoast-schema-graph\">{\"@context\":\"https:\/\/schema.org\",\"@graph\":[{\"@type\":\"Article\",\"@id\":\"https:\/\/portaltela.pt\/noticias\/2026\/01\/29\/processo-fiscal-contra-aristides-de-sousa-mendes-revelado-em-carregal-do-sal\/#article\",\"isPartOf\":{\"@id\":\"https:\/\/portaltela.pt\/noticias\/2026\/01\/29\/processo-fiscal-contra-aristides-de-sousa-mendes-revelado-em-carregal-do-sal\/\"},\"author\":{\"name\":\"Telinha\",\"@id\":\"https:\/\/portaltela.pt\/#\/schema\/person\/c4278d4a6028830caff9ee44b42d32ed\"},\"headline\":\"Processo fiscal contra Aristides de Sousa Mendes revelado em Carregal do Sal\",\"datePublished\":\"2026-01-29T07:11:10+00:00\",\"mainEntityOfPage\":{\"@id\":\"https:\/\/portaltela.pt\/noticias\/2026\/01\/29\/processo-fiscal-contra-aristides-de-sousa-mendes-revelado-em-carregal-do-sal\/\"},\"wordCount\":153,\"image\":{\"@id\":\"https:\/\/portaltela.pt\/noticias\/2026\/01\/29\/processo-fiscal-contra-aristides-de-sousa-mendes-revelado-em-carregal-do-sal\/#primaryimage\"},\"thumbnailUrl\":\"https:\/\/portaltela.pt\/s.01k8rhncp4jt1\/2026\/01\/unnamed-file-5697.jpg\",\"keywords\":[\"Carregal do Sal\",\"hist\u00f3ria\",\"impostos\",\"museus\/arquivos\",\"patrim\u00f3nio\",\"tribunal\"],\"articleSection\":[\"Not\u00edcias\"],\"inLanguage\":\"pt-PT\"},{\"@type\":\"WebPage\",\"@id\":\"https:\/\/portaltela.pt\/noticias\/2026\/01\/29\/processo-fiscal-contra-aristides-de-sousa-mendes-revelado-em-carregal-do-sal\/\",\"url\":\"https:\/\/portaltela.pt\/noticias\/2026\/01\/29\/processo-fiscal-contra-aristides-de-sousa-mendes-revelado-em-carregal-do-sal\/\",\"name\":\"Processo fiscal contra Aristides de Sousa Mendes revelado em Carregal do Sal - Portal Tela Portugal\",\"isPartOf\":{\"@id\":\"https:\/\/portaltela.pt\/#website\"},\"primaryImageOfPage\":{\"@id\":\"https:\/\/portaltela.pt\/noticias\/2026\/01\/29\/processo-fiscal-contra-aristides-de-sousa-mendes-revelado-em-carregal-do-sal\/#primaryimage\"},\"image\":{\"@id\":\"https:\/\/portaltela.pt\/noticias\/2026\/01\/29\/processo-fiscal-contra-aristides-de-sousa-mendes-revelado-em-carregal-do-sal\/#primaryimage\"},\"thumbnailUrl\":\"https:\/\/portaltela.pt\/s.01k8rhncp4jt1\/2026\/01\/unnamed-file-5697.jpg\",\"datePublished\":\"2026-01-29T07:11:10+00:00\",\"author\":{\"@id\":\"https:\/\/portaltela.pt\/#\/schema\/person\/c4278d4a6028830caff9ee44b42d32ed\"},\"breadcrumb\":{\"@id\":\"https:\/\/portaltela.pt\/noticias\/2026\/01\/29\/processo-fiscal-contra-aristides-de-sousa-mendes-revelado-em-carregal-do-sal\/#breadcrumb\"},\"inLanguage\":\"pt-PT\",\"potentialAction\":[{\"@type\":\"ReadAction\",\"target\":[\"https:\/\/portaltela.pt\/noticias\/2026\/01\/29\/processo-fiscal-contra-aristides-de-sousa-mendes-revelado-em-carregal-do-sal\/\"]}]},{\"@type\":\"ImageObject\",\"inLanguage\":\"pt-PT\",\"@id\":\"https:\/\/portaltela.pt\/noticias\/2026\/01\/29\/processo-fiscal-contra-aristides-de-sousa-mendes-revelado-em-carregal-do-sal\/#primaryimage\",\"url\":\"https:\/\/portaltela.pt\/s.01k8rhncp4jt1\/2026\/01\/unnamed-file-5697.jpg\",\"contentUrl\":\"https:\/\/portaltela.pt\/s.01k8rhncp4jt1\/2026\/01\/unnamed-file-5697.jpg\",\"width\":796,\"height\":448,\"caption\":\"Processo fiscal contra Aristides de Sousa Mendes revelado em Carregal do Sal\"},{\"@type\":\"BreadcrumbList\",\"@id\":\"https:\/\/portaltela.pt\/noticias\/2026\/01\/29\/processo-fiscal-contra-aristides-de-sousa-mendes-revelado-em-carregal-do-sal\/#breadcrumb\",\"itemListElement\":[{\"@type\":\"ListItem\",\"position\":1,\"name\":\"In\u00edcio\",\"item\":\"https:\/\/portaltela.pt\/\"},{\"@type\":\"ListItem\",\"position\":2,\"name\":\"Processo fiscal contra Aristides de Sousa Mendes revelado em Carregal do Sal\"}]},{\"@type\":\"WebSite\",\"@id\":\"https:\/\/portaltela.pt\/#website\",\"url\":\"https:\/\/portaltela.pt\/\",\"name\":\"Portal Tela Portugal\",\"description\":\"\",\"potentialAction\":[{\"@type\":\"SearchAction\",\"target\":{\"@type\":\"EntryPoint\",\"urlTemplate\":\"https:\/\/portaltela.pt\/?s={search_term_string}\"},\"query-input\":{\"@type\":\"PropertyValueSpecification\",\"valueRequired\":true,\"valueName\":\"search_term_string\"}}],\"inLanguage\":\"pt-PT\"},{\"@type\":\"Person\",\"@id\":\"https:\/\/portaltela.pt\/#\/schema\/person\/c4278d4a6028830caff9ee44b42d32ed\",\"name\":\"Telinha\",\"image\":{\"@type\":\"ImageObject\",\"inLanguage\":\"pt-PT\",\"@id\":\"https:\/\/portaltela.pt\/s.01k8rhncp4jt1\/2025\/11\/talking-bot-125x125.png\",\"url\":\"https:\/\/portaltela.pt\/s.01k8rhncp4jt1\/2025\/11\/talking-bot-125x125.png\",\"contentUrl\":\"https:\/\/portaltela.pt\/s.01k8rhncp4jt1\/2025\/11\/talking-bot-125x125.png\",\"caption\":\"Telinha\"},\"sameAs\":[\"https:\/\/portaltela.pt\/\"],\"url\":\"https:\/\/portaltela.pt\/por\/367410592786\/\"}]}<\/script>\n<!-- \/ Yoast SEO plugin. -->","yoast_head_json":{"title":"Processo fiscal contra Aristides de Sousa Mendes revelado em Carregal do Sal - Portal Tela Portugal","robots":{"index":"index","follow":"follow","max-snippet":"max-snippet:-1","max-image-preview":"max-image-preview:large","max-video-preview":"max-video-preview:-1"},"og_locale":"pt_PT","og_type":"article","og_title":"Processo fiscal contra Aristides de Sousa Mendes revelado em Carregal do Sal - Portal Tela Portugal","og_description":"Documentos fiscais de 1940, relativos ao processo contra Aristides de Sousa Mendes, foram apresentados publicamente pela primeira vez no Museu Aristides de Sousa Mendes, em Carregal do Sal, numa sess\u00e3o evocativa do Dia Internacional em Mem\u00f3ria das V\u00edtimas do Holocausto. A iniciativa contou com a presen\u00e7a do procurador-geral da Rep\u00fablica, Amadeu Guerra, entre demais entidades institucionais. O evento integrou um programa diversificado. Destacaram-se duas confer\u00eancias, proferidas por Rog\u00e9rio Peixoto e Carolina Henriques, e uma visita guiada ao museu, com auditores do 12.\u00ba curso de forma\u00e7\u00e3o dos Tribunais Administrativos e Fiscais do Centro de Estudos Judici\u00e1rios. A sess\u00e3o terminou com um momento musical, apresentado por um dueto de violinos da Orquestra Cl\u00e1ssica do Centro.","og_url":"https:\/\/portaltela.pt\/noticias\/2026\/01\/29\/processo-fiscal-contra-aristides-de-sousa-mendes-revelado-em-carregal-do-sal\/","og_site_name":"Portal Tela Portugal","article_published_time":"2026-01-29T07:11:10+00:00","author":"Telinha","twitter_card":"summary_large_image","twitter_misc":{"Escrito por":"Telinha","Tempo estimado de leitura":"1 minuto"},"schema":{"@context":"https:\/\/schema.org","@graph":[{"@type":"Article","@id":"https:\/\/portaltela.pt\/noticias\/2026\/01\/29\/processo-fiscal-contra-aristides-de-sousa-mendes-revelado-em-carregal-do-sal\/#article","isPartOf":{"@id":"https:\/\/portaltela.pt\/noticias\/2026\/01\/29\/processo-fiscal-contra-aristides-de-sousa-mendes-revelado-em-carregal-do-sal\/"},"author":{"name":"Telinha","@id":"https:\/\/portaltela.pt\/#\/schema\/person\/c4278d4a6028830caff9ee44b42d32ed"},"headline":"Processo fiscal contra Aristides de Sousa Mendes revelado em Carregal do Sal","datePublished":"2026-01-29T07:11:10+00:00","mainEntityOfPage":{"@id":"https:\/\/portaltela.pt\/noticias\/2026\/01\/29\/processo-fiscal-contra-aristides-de-sousa-mendes-revelado-em-carregal-do-sal\/"},"wordCount":153,"image":{"@id":"https:\/\/portaltela.pt\/noticias\/2026\/01\/29\/processo-fiscal-contra-aristides-de-sousa-mendes-revelado-em-carregal-do-sal\/#primaryimage"},"thumbnailUrl":"https:\/\/portaltela.pt\/s.01k8rhncp4jt1\/2026\/01\/unnamed-file-5697.jpg","keywords":["Carregal do Sal","hist\u00f3ria","impostos","museus\/arquivos","patrim\u00f3nio","tribunal"],"articleSection":["Not\u00edcias"],"inLanguage":"pt-PT"},{"@type":"WebPage","@id":"https:\/\/portaltela.pt\/noticias\/2026\/01\/29\/processo-fiscal-contra-aristides-de-sousa-mendes-revelado-em-carregal-do-sal\/","url":"https:\/\/portaltela.pt\/noticias\/2026\/01\/29\/processo-fiscal-contra-aristides-de-sousa-mendes-revelado-em-carregal-do-sal\/","name":"Processo fiscal contra Aristides de Sousa Mendes revelado em Carregal do Sal - Portal Tela Portugal","isPartOf":{"@id":"https:\/\/portaltela.pt\/#website"},"primaryImageOfPage":{"@id":"https:\/\/portaltela.pt\/noticias\/2026\/01\/29\/processo-fiscal-contra-aristides-de-sousa-mendes-revelado-em-carregal-do-sal\/#primaryimage"},"image":{"@id":"https:\/\/portaltela.pt\/noticias\/2026\/01\/29\/processo-fiscal-contra-aristides-de-sousa-mendes-revelado-em-carregal-do-sal\/#primaryimage"},"thumbnailUrl":"https:\/\/portaltela.pt\/s.01k8rhncp4jt1\/2026\/01\/unnamed-file-5697.jpg","datePublished":"2026-01-29T07:11:10+00:00","author":{"@id":"https:\/\/portaltela.pt\/#\/schema\/person\/c4278d4a6028830caff9ee44b42d32ed"},"breadcrumb":{"@id":"https:\/\/portaltela.pt\/noticias\/2026\/01\/29\/processo-fiscal-contra-aristides-de-sousa-mendes-revelado-em-carregal-do-sal\/#breadcrumb"},"inLanguage":"pt-PT","potentialAction":[{"@type":"ReadAction","target":["https:\/\/portaltela.pt\/noticias\/2026\/01\/29\/processo-fiscal-contra-aristides-de-sousa-mendes-revelado-em-carregal-do-sal\/"]}]},{"@type":"ImageObject","inLanguage":"pt-PT","@id":"https:\/\/portaltela.pt\/noticias\/2026\/01\/29\/processo-fiscal-contra-aristides-de-sousa-mendes-revelado-em-carregal-do-sal\/#primaryimage","url":"https:\/\/portaltela.pt\/s.01k8rhncp4jt1\/2026\/01\/unnamed-file-5697.jpg","contentUrl":"https:\/\/portaltela.pt\/s.01k8rhncp4jt1\/2026\/01\/unnamed-file-5697.jpg","width":796,"height":448,"caption":"Processo fiscal contra Aristides de Sousa Mendes revelado em Carregal do Sal"},{"@type":"BreadcrumbList","@id":"https:\/\/portaltela.pt\/noticias\/2026\/01\/29\/processo-fiscal-contra-aristides-de-sousa-mendes-revelado-em-carregal-do-sal\/#breadcrumb","itemListElement":[{"@type":"ListItem","position":1,"name":"In\u00edcio","item":"https:\/\/portaltela.pt\/"},{"@type":"ListItem","position":2,"name":"Processo fiscal contra Aristides de Sousa Mendes revelado em Carregal do Sal"}]},{"@type":"WebSite","@id":"https:\/\/portaltela.pt\/#website","url":"https:\/\/portaltela.pt\/","name":"Portal Tela Portugal","description":"","potentialAction":[{"@type":"SearchAction","target":{"@type":"EntryPoint","urlTemplate":"https:\/\/portaltela.pt\/?s={search_term_string}"},"query-input":{"@type":"PropertyValueSpecification","valueRequired":true,"valueName":"search_term_string"}}],"inLanguage":"pt-PT"},{"@type":"Person","@id":"https:\/\/portaltela.pt\/#\/schema\/person\/c4278d4a6028830caff9ee44b42d32ed","name":"Telinha","image":{"@type":"ImageObject","inLanguage":"pt-PT","@id":"https:\/\/portaltela.pt\/s.01k8rhncp4jt1\/2025\/11\/talking-bot-125x125.png","url":"https:\/\/portaltela.pt\/s.01k8rhncp4jt1\/2025\/11\/talking-bot-125x125.png","contentUrl":"https:\/\/portaltela.pt\/s.01k8rhncp4jt1\/2025\/11\/talking-bot-125x125.png","caption":"Telinha"},"sameAs":["https:\/\/portaltela.pt\/"],"url":"https:\/\/portaltela.pt\/por\/367410592786\/"}]}},"_links":{"self":[{"href":"https:\/\/portaltela.pt\/api\/wp\/v2\/posts\/180290","targetHints":{"allow":["GET"]}}],"collection":[{"href":"https:\/\/portaltela.pt\/api\/wp\/v2\/posts"}],"about":[{"href":"https:\/\/portaltela.pt\/api\/wp\/v2\/types\/post"}],"author":[{"embeddable":true,"href":"https:\/\/portaltela.pt\/api\/wp\/v2\/users\/2"}],"replies":[{"embeddable":true,"href":"https:\/\/portaltela.pt\/api\/wp\/v2\/comments?post=180290"}],"version-history":[{"count":0,"href":"https:\/\/portaltela.pt\/api\/wp\/v2\/posts\/180290\/revisions"}],"wp:featuredmedia":[{"embeddable":true,"href":"https:\/\/portaltela.pt\/api\/wp\/v2\/media\/180305"}],"wp:attachment":[{"href":"https:\/\/portaltela.pt\/api\/wp\/v2\/media?parent=180290"}],"wp:term":[{"taxonomy":"category","embeddable":true,"href":"https:\/\/portaltela.pt\/api\/wp\/v2\/categories?post=180290"},{"taxonomy":"post_tag","embeddable":true,"href":"https:\/\/portaltela.pt\/api\/wp\/v2\/tags?post=180290"}],"curies":[{"name":"wp","href":"https:\/\/api.w.org\/{rel}","templated":true}]}}