{"id":180268,"date":"2026-01-29T04:07:00","date_gmt":"2026-01-29T07:07:00","guid":{"rendered":"https:\/\/portaltela.pt\/noticias\/2026\/01\/29\/ex-candidatos-de-esquerda-com-seguro-ausentes-da-campanha-eleitoral\/"},"modified":"2026-01-29T04:07:00","modified_gmt":"2026-01-29T07:07:00","slug":"ex-candidatos-de-esquerda-com-seguro-ausentes-da-campanha-eleitoral","status":"publish","type":"post","link":"https:\/\/portaltela.pt\/noticias\/2026\/01\/29\/ex-candidatos-de-esquerda-com-seguro-ausentes-da-campanha-eleitoral\/","title":{"rendered":"Ex-candidatos de esquerda com seguro, ausentes da campanha eleitoral"},"content":{"rendered":"<p>Na campanha eleitoral que arrancou oficialmente na quarta-feira, Ant\u00f3nio Jos\u00e9 Seguro recebe amplo apoio da Esquerda, mas n\u00e3o participa ativamente. O ex-candidato continua a contar com respaldo substancial do espectro \u00e0 esquerda, sem integrar de forma direta as a\u00e7\u00f5es de campanha em territ\u00f3rio nacional.<\/p>\n<p>Catarina Martins j\u00e1 regressou a Bruxelas para retomar fun\u00e7\u00f5es como eurodeputada. Jorge Pinto informou que vai acompanhar o processo como cidad\u00e3o interessado no futuro do pa\u00eds, sem interven\u00e7\u00f5es marcadas. Ant\u00f3nio Filipe mant\u00e9m participa\u00e7\u00e3o em a\u00e7\u00f5es promovidas pelo Partido Comunista, trabalhando em v\u00e1rias iniciativas.<\/p>\n<h3>Contribui\u00e7\u00e3o dos antigos candidatos<\/h3>\n<p>Entre os nomes vis\u00edveis, a frente de apoio mant\u00e9m-se est\u00e1vel, com cada figura a assumir um papel distinto. Seguro varia entre reconhecimento pol\u00edtico e afastamento da a\u00e7\u00e3o de campanhas, enquanto Martins retoma fun\u00e7\u00f5es institucionais. Pinto sinaliza participa\u00e7\u00e3o c\u00edvica sem agenda p\u00fablica de interven\u00e7\u00f5es. Filipe participa de a\u00e7\u00f5es conjuntas com o PC, sem detalhar prazos de atua\u00e7\u00e3o.<\/p>\n","protected":false},"excerpt":{"rendered":"<ul>\n<li>A campanha eleitoral arrancou oficialmente na quarta-feira, com Ant\u00f3nio Jos\u00e9 Seguro a contar com amplo apoio da Esquerda, mas sem participa\u00e7\u00e3o ativa sua.<\/li>\n<li>Catarina Martins regressou a Bruxelas para retomar fun\u00e7\u00f5es como eurodeputada.<\/li>\n<li>Jorge Pinto afirmou que participar\u00e1 como cidad\u00e3o interessado no futuro do pa\u00eds, sem interven\u00e7\u00f5es j\u00e1 agendadas.<\/li>\n<li>Ant\u00f3nio Filipe vai integrar v\u00e1rias a\u00e7\u00f5es desenvolvidas pelo Partido Comunista.<\/li>\n<\/ul>\n","protected":false},"author":2,"featured_media":180272,"comment_status":"closed","ping_status":"closed","sticky":false,"template":"","format":"standard","meta":{"footnotes":""},"categories":[1],"tags":[2766,2655,2578,68,2459,2832],"class_list":["post-180268","post","type-post","status-publish","format-standard","has-post-thumbnail","hentry","category-noticias","tag-antonio-filipe","tag-antonio-jose-seguro","tag-catarina-martins","tag-eleicoes","tag-pcp","tag-politica"],"yoast_head":"<!-- This site is optimized with the Yoast SEO plugin v27.2 - https:\/\/yoast.com\/product\/yoast-seo-wordpress\/ -->\n<title>Ex-candidatos de esquerda com seguro, ausentes da campanha eleitoral - Portal Tela Portugal<\/title>\n<meta name=\"robots\" content=\"index, follow, max-snippet:-1, max-image-preview:large, max-video-preview:-1\" \/>\n<meta property=\"og:locale\" content=\"pt_PT\" \/>\n<meta property=\"og:type\" content=\"article\" \/>\n<meta property=\"og:title\" content=\"Ex-candidatos de esquerda com seguro, ausentes da campanha eleitoral - Portal Tela Portugal\" \/>\n<meta property=\"og:description\" content=\"A campanha eleitoral arrancou oficialmente na quarta-feira, com Ant\u00f3nio Jos\u00e9 Seguro a contar com amplo apoio da Esquerda, mas sem participa\u00e7\u00e3o ativa sua. Catarina Martins regressou a Bruxelas para retomar fun\u00e7\u00f5es como eurodeputada. Jorge Pinto afirmou que participar\u00e1 como cidad\u00e3o interessado no futuro do pa\u00eds, sem interven\u00e7\u00f5es j\u00e1 agendadas. Ant\u00f3nio Filipe vai integrar v\u00e1rias a\u00e7\u00f5es desenvolvidas pelo Partido Comunista.\" \/>\n<meta property=\"og:url\" content=\"https:\/\/portaltela.pt\/noticias\/2026\/01\/29\/ex-candidatos-de-esquerda-com-seguro-ausentes-da-campanha-eleitoral\/\" \/>\n<meta property=\"og:site_name\" content=\"Portal Tela Portugal\" \/>\n<meta property=\"article:published_time\" content=\"2026-01-29T07:07:00+00:00\" \/>\n<meta name=\"author\" content=\"Telinha\" \/>\n<meta name=\"twitter:card\" content=\"summary_large_image\" \/>\n<meta name=\"twitter:label1\" content=\"Escrito por\" \/>\n\t<meta name=\"twitter:data1\" content=\"Telinha\" \/>\n\t<meta name=\"twitter:label2\" content=\"Tempo estimado de leitura\" \/>\n\t<meta name=\"twitter:data2\" content=\"1 minuto\" \/>\n<script type=\"application\/ld+json\" class=\"yoast-schema-graph\">{\"@context\":\"https:\/\/schema.org\",\"@graph\":[{\"@type\":\"Article\",\"@id\":\"https:\/\/portaltela.pt\/noticias\/2026\/01\/29\/ex-candidatos-de-esquerda-com-seguro-ausentes-da-campanha-eleitoral\/#article\",\"isPartOf\":{\"@id\":\"https:\/\/portaltela.pt\/noticias\/2026\/01\/29\/ex-candidatos-de-esquerda-com-seguro-ausentes-da-campanha-eleitoral\/\"},\"author\":{\"name\":\"Telinha\",\"@id\":\"https:\/\/portaltela.pt\/#\/schema\/person\/c4278d4a6028830caff9ee44b42d32ed\"},\"headline\":\"Ex-candidatos de esquerda com seguro, ausentes da campanha eleitoral\",\"datePublished\":\"2026-01-29T07:07:00+00:00\",\"mainEntityOfPage\":{\"@id\":\"https:\/\/portaltela.pt\/noticias\/2026\/01\/29\/ex-candidatos-de-esquerda-com-seguro-ausentes-da-campanha-eleitoral\/\"},\"wordCount\":181,\"image\":{\"@id\":\"https:\/\/portaltela.pt\/noticias\/2026\/01\/29\/ex-candidatos-de-esquerda-com-seguro-ausentes-da-campanha-eleitoral\/#primaryimage\"},\"thumbnailUrl\":\"https:\/\/portaltela.pt\/s.01k8rhncp4jt1\/2026\/01\/image-2014.jpg\",\"keywords\":[\"Ant\u00f3nio Filipe\",\"Ant\u00f3nio Jos\u00e9 Seguro\",\"Catarina Martins\",\"elei\u00e7\u00f5es\",\"PCP\",\"pol\u00edtica\"],\"articleSection\":[\"Not\u00edcias\"],\"inLanguage\":\"pt-PT\"},{\"@type\":\"WebPage\",\"@id\":\"https:\/\/portaltela.pt\/noticias\/2026\/01\/29\/ex-candidatos-de-esquerda-com-seguro-ausentes-da-campanha-eleitoral\/\",\"url\":\"https:\/\/portaltela.pt\/noticias\/2026\/01\/29\/ex-candidatos-de-esquerda-com-seguro-ausentes-da-campanha-eleitoral\/\",\"name\":\"Ex-candidatos de esquerda com seguro, ausentes da campanha eleitoral - Portal Tela Portugal\",\"isPartOf\":{\"@id\":\"https:\/\/portaltela.pt\/#website\"},\"primaryImageOfPage\":{\"@id\":\"https:\/\/portaltela.pt\/noticias\/2026\/01\/29\/ex-candidatos-de-esquerda-com-seguro-ausentes-da-campanha-eleitoral\/#primaryimage\"},\"image\":{\"@id\":\"https:\/\/portaltela.pt\/noticias\/2026\/01\/29\/ex-candidatos-de-esquerda-com-seguro-ausentes-da-campanha-eleitoral\/#primaryimage\"},\"thumbnailUrl\":\"https:\/\/portaltela.pt\/s.01k8rhncp4jt1\/2026\/01\/image-2014.jpg\",\"datePublished\":\"2026-01-29T07:07:00+00:00\",\"author\":{\"@id\":\"https:\/\/portaltela.pt\/#\/schema\/person\/c4278d4a6028830caff9ee44b42d32ed\"},\"breadcrumb\":{\"@id\":\"https:\/\/portaltela.pt\/noticias\/2026\/01\/29\/ex-candidatos-de-esquerda-com-seguro-ausentes-da-campanha-eleitoral\/#breadcrumb\"},\"inLanguage\":\"pt-PT\",\"potentialAction\":[{\"@type\":\"ReadAction\",\"target\":[\"https:\/\/portaltela.pt\/noticias\/2026\/01\/29\/ex-candidatos-de-esquerda-com-seguro-ausentes-da-campanha-eleitoral\/\"]}]},{\"@type\":\"ImageObject\",\"inLanguage\":\"pt-PT\",\"@id\":\"https:\/\/portaltela.pt\/noticias\/2026\/01\/29\/ex-candidatos-de-esquerda-com-seguro-ausentes-da-campanha-eleitoral\/#primaryimage\",\"url\":\"https:\/\/portaltela.pt\/s.01k8rhncp4jt1\/2026\/01\/image-2014.jpg\",\"contentUrl\":\"https:\/\/portaltela.pt\/s.01k8rhncp4jt1\/2026\/01\/image-2014.jpg\",\"width\":796,\"height\":448,\"caption\":\"Ant\u00f3nio Jos\u00e9 Seguro conta com amplo apoio da Esquerda\"},{\"@type\":\"BreadcrumbList\",\"@id\":\"https:\/\/portaltela.pt\/noticias\/2026\/01\/29\/ex-candidatos-de-esquerda-com-seguro-ausentes-da-campanha-eleitoral\/#breadcrumb\",\"itemListElement\":[{\"@type\":\"ListItem\",\"position\":1,\"name\":\"In\u00edcio\",\"item\":\"https:\/\/portaltela.pt\/\"},{\"@type\":\"ListItem\",\"position\":2,\"name\":\"Ex-candidatos de esquerda com seguro, ausentes da campanha eleitoral\"}]},{\"@type\":\"WebSite\",\"@id\":\"https:\/\/portaltela.pt\/#website\",\"url\":\"https:\/\/portaltela.pt\/\",\"name\":\"Portal Tela Portugal\",\"description\":\"\",\"potentialAction\":[{\"@type\":\"SearchAction\",\"target\":{\"@type\":\"EntryPoint\",\"urlTemplate\":\"https:\/\/portaltela.pt\/?s={search_term_string}\"},\"query-input\":{\"@type\":\"PropertyValueSpecification\",\"valueRequired\":true,\"valueName\":\"search_term_string\"}}],\"inLanguage\":\"pt-PT\"},{\"@type\":\"Person\",\"@id\":\"https:\/\/portaltela.pt\/#\/schema\/person\/c4278d4a6028830caff9ee44b42d32ed\",\"name\":\"Telinha\",\"image\":{\"@type\":\"ImageObject\",\"inLanguage\":\"pt-PT\",\"@id\":\"https:\/\/portaltela.pt\/s.01k8rhncp4jt1\/2025\/11\/talking-bot-125x125.png\",\"url\":\"https:\/\/portaltela.pt\/s.01k8rhncp4jt1\/2025\/11\/talking-bot-125x125.png\",\"contentUrl\":\"https:\/\/portaltela.pt\/s.01k8rhncp4jt1\/2025\/11\/talking-bot-125x125.png\",\"caption\":\"Telinha\"},\"sameAs\":[\"https:\/\/portaltela.pt\/\"],\"url\":\"https:\/\/portaltela.pt\/por\/367410592786\/\"}]}<\/script>\n<!-- \/ Yoast SEO plugin. -->","yoast_head_json":{"title":"Ex-candidatos de esquerda com seguro, ausentes da campanha eleitoral - Portal Tela Portugal","robots":{"index":"index","follow":"follow","max-snippet":"max-snippet:-1","max-image-preview":"max-image-preview:large","max-video-preview":"max-video-preview:-1"},"og_locale":"pt_PT","og_type":"article","og_title":"Ex-candidatos de esquerda com seguro, ausentes da campanha eleitoral - Portal Tela Portugal","og_description":"A campanha eleitoral arrancou oficialmente na quarta-feira, com Ant\u00f3nio Jos\u00e9 Seguro a contar com amplo apoio da Esquerda, mas sem participa\u00e7\u00e3o ativa sua. Catarina Martins regressou a Bruxelas para retomar fun\u00e7\u00f5es como eurodeputada. Jorge Pinto afirmou que participar\u00e1 como cidad\u00e3o interessado no futuro do pa\u00eds, sem interven\u00e7\u00f5es j\u00e1 agendadas. Ant\u00f3nio Filipe vai integrar v\u00e1rias a\u00e7\u00f5es desenvolvidas pelo Partido Comunista.","og_url":"https:\/\/portaltela.pt\/noticias\/2026\/01\/29\/ex-candidatos-de-esquerda-com-seguro-ausentes-da-campanha-eleitoral\/","og_site_name":"Portal Tela Portugal","article_published_time":"2026-01-29T07:07:00+00:00","author":"Telinha","twitter_card":"summary_large_image","twitter_misc":{"Escrito por":"Telinha","Tempo estimado de leitura":"1 minuto"},"schema":{"@context":"https:\/\/schema.org","@graph":[{"@type":"Article","@id":"https:\/\/portaltela.pt\/noticias\/2026\/01\/29\/ex-candidatos-de-esquerda-com-seguro-ausentes-da-campanha-eleitoral\/#article","isPartOf":{"@id":"https:\/\/portaltela.pt\/noticias\/2026\/01\/29\/ex-candidatos-de-esquerda-com-seguro-ausentes-da-campanha-eleitoral\/"},"author":{"name":"Telinha","@id":"https:\/\/portaltela.pt\/#\/schema\/person\/c4278d4a6028830caff9ee44b42d32ed"},"headline":"Ex-candidatos de esquerda com seguro, ausentes da campanha eleitoral","datePublished":"2026-01-29T07:07:00+00:00","mainEntityOfPage":{"@id":"https:\/\/portaltela.pt\/noticias\/2026\/01\/29\/ex-candidatos-de-esquerda-com-seguro-ausentes-da-campanha-eleitoral\/"},"wordCount":181,"image":{"@id":"https:\/\/portaltela.pt\/noticias\/2026\/01\/29\/ex-candidatos-de-esquerda-com-seguro-ausentes-da-campanha-eleitoral\/#primaryimage"},"thumbnailUrl":"https:\/\/portaltela.pt\/s.01k8rhncp4jt1\/2026\/01\/image-2014.jpg","keywords":["Ant\u00f3nio Filipe","Ant\u00f3nio Jos\u00e9 Seguro","Catarina Martins","elei\u00e7\u00f5es","PCP","pol\u00edtica"],"articleSection":["Not\u00edcias"],"inLanguage":"pt-PT"},{"@type":"WebPage","@id":"https:\/\/portaltela.pt\/noticias\/2026\/01\/29\/ex-candidatos-de-esquerda-com-seguro-ausentes-da-campanha-eleitoral\/","url":"https:\/\/portaltela.pt\/noticias\/2026\/01\/29\/ex-candidatos-de-esquerda-com-seguro-ausentes-da-campanha-eleitoral\/","name":"Ex-candidatos de esquerda com seguro, ausentes da campanha eleitoral - Portal Tela Portugal","isPartOf":{"@id":"https:\/\/portaltela.pt\/#website"},"primaryImageOfPage":{"@id":"https:\/\/portaltela.pt\/noticias\/2026\/01\/29\/ex-candidatos-de-esquerda-com-seguro-ausentes-da-campanha-eleitoral\/#primaryimage"},"image":{"@id":"https:\/\/portaltela.pt\/noticias\/2026\/01\/29\/ex-candidatos-de-esquerda-com-seguro-ausentes-da-campanha-eleitoral\/#primaryimage"},"thumbnailUrl":"https:\/\/portaltela.pt\/s.01k8rhncp4jt1\/2026\/01\/image-2014.jpg","datePublished":"2026-01-29T07:07:00+00:00","author":{"@id":"https:\/\/portaltela.pt\/#\/schema\/person\/c4278d4a6028830caff9ee44b42d32ed"},"breadcrumb":{"@id":"https:\/\/portaltela.pt\/noticias\/2026\/01\/29\/ex-candidatos-de-esquerda-com-seguro-ausentes-da-campanha-eleitoral\/#breadcrumb"},"inLanguage":"pt-PT","potentialAction":[{"@type":"ReadAction","target":["https:\/\/portaltela.pt\/noticias\/2026\/01\/29\/ex-candidatos-de-esquerda-com-seguro-ausentes-da-campanha-eleitoral\/"]}]},{"@type":"ImageObject","inLanguage":"pt-PT","@id":"https:\/\/portaltela.pt\/noticias\/2026\/01\/29\/ex-candidatos-de-esquerda-com-seguro-ausentes-da-campanha-eleitoral\/#primaryimage","url":"https:\/\/portaltela.pt\/s.01k8rhncp4jt1\/2026\/01\/image-2014.jpg","contentUrl":"https:\/\/portaltela.pt\/s.01k8rhncp4jt1\/2026\/01\/image-2014.jpg","width":796,"height":448,"caption":"Ant\u00f3nio Jos\u00e9 Seguro conta com amplo apoio da Esquerda"},{"@type":"BreadcrumbList","@id":"https:\/\/portaltela.pt\/noticias\/2026\/01\/29\/ex-candidatos-de-esquerda-com-seguro-ausentes-da-campanha-eleitoral\/#breadcrumb","itemListElement":[{"@type":"ListItem","position":1,"name":"In\u00edcio","item":"https:\/\/portaltela.pt\/"},{"@type":"ListItem","position":2,"name":"Ex-candidatos de esquerda com seguro, ausentes da campanha eleitoral"}]},{"@type":"WebSite","@id":"https:\/\/portaltela.pt\/#website","url":"https:\/\/portaltela.pt\/","name":"Portal Tela Portugal","description":"","potentialAction":[{"@type":"SearchAction","target":{"@type":"EntryPoint","urlTemplate":"https:\/\/portaltela.pt\/?s={search_term_string}"},"query-input":{"@type":"PropertyValueSpecification","valueRequired":true,"valueName":"search_term_string"}}],"inLanguage":"pt-PT"},{"@type":"Person","@id":"https:\/\/portaltela.pt\/#\/schema\/person\/c4278d4a6028830caff9ee44b42d32ed","name":"Telinha","image":{"@type":"ImageObject","inLanguage":"pt-PT","@id":"https:\/\/portaltela.pt\/s.01k8rhncp4jt1\/2025\/11\/talking-bot-125x125.png","url":"https:\/\/portaltela.pt\/s.01k8rhncp4jt1\/2025\/11\/talking-bot-125x125.png","contentUrl":"https:\/\/portaltela.pt\/s.01k8rhncp4jt1\/2025\/11\/talking-bot-125x125.png","caption":"Telinha"},"sameAs":["https:\/\/portaltela.pt\/"],"url":"https:\/\/portaltela.pt\/por\/367410592786\/"}]}},"_links":{"self":[{"href":"https:\/\/portaltela.pt\/api\/wp\/v2\/posts\/180268","targetHints":{"allow":["GET"]}}],"collection":[{"href":"https:\/\/portaltela.pt\/api\/wp\/v2\/posts"}],"about":[{"href":"https:\/\/portaltela.pt\/api\/wp\/v2\/types\/post"}],"author":[{"embeddable":true,"href":"https:\/\/portaltela.pt\/api\/wp\/v2\/users\/2"}],"replies":[{"embeddable":true,"href":"https:\/\/portaltela.pt\/api\/wp\/v2\/comments?post=180268"}],"version-history":[{"count":0,"href":"https:\/\/portaltela.pt\/api\/wp\/v2\/posts\/180268\/revisions"}],"wp:featuredmedia":[{"embeddable":true,"href":"https:\/\/portaltela.pt\/api\/wp\/v2\/media\/180272"}],"wp:attachment":[{"href":"https:\/\/portaltela.pt\/api\/wp\/v2\/media?parent=180268"}],"wp:term":[{"taxonomy":"category","embeddable":true,"href":"https:\/\/portaltela.pt\/api\/wp\/v2\/categories?post=180268"},{"taxonomy":"post_tag","embeddable":true,"href":"https:\/\/portaltela.pt\/api\/wp\/v2\/tags?post=180268"}],"curies":[{"name":"wp","href":"https:\/\/api.w.org\/{rel}","templated":true}]}}