{"id":180168,"date":"2026-01-28T21:00:00","date_gmt":"2026-01-29T00:00:00","guid":{"rendered":"https:\/\/portaltela.pt\/noticias\/2026\/01\/28\/crise-nas-urgencias-entre-o-caos-e-as-reformas-necessarias\/"},"modified":"2026-01-28T21:00:00","modified_gmt":"2026-01-29T00:00:00","slug":"crise-nas-urgencias-entre-o-caos-e-as-reformas-necessarias","status":"publish","type":"post","link":"https:\/\/portaltela.pt\/noticias\/2026\/01\/28\/crise-nas-urgencias-entre-o-caos-e-as-reformas-necessarias\/","title":{"rendered":"Crise nas urg\u00eancias: entre o caos e as reformas necess\u00e1rias"},"content":{"rendered":"<p>O objetivo da pe\u00e7a viral foi o foco de debate p\u00fablico: uma fotografia que mostrou uma doente deitada no ch\u00e3o de uma urg\u00eancia, acompanhada pelo filho, por falta de macas. A veracidade \u00e9 discutida, por\u00e9m a desola\u00e7\u00e3o do cen\u00e1rio j\u00e1 mobiliza a sociedade para perguntas relevantes.<\/p>\n<p>Ao fundo, outra pessoa repousa numa maca dos bombeiros, com a equipa e uma funcion\u00e1ria por perto. Entre estes dois quadros, mant\u00e9m-se uma clareira de gente que passa, observa e segue. O registo, feito com telem\u00f3vel, levanta quest\u00f5es sobre privacidade e dignidade.<\/p>\n<p>Este conjunto de imagens coloca tr\u00eas perguntas centrais: a \u00e9tica da exposi\u00e7\u00e3o, o real estado das urg\u00eancias e o que o sistema de sa\u00fade pode ou deve fazer para o futuro.<\/p>\n<p>Dados que sustentam o problema<\/p>\n<p>Portugal regista cerca de 64 epis\u00f3dios de urg\u00eancia por 100 habitantes, o dobro da m\u00e9dia OCDE. Aproximadamente 45% correspondem a situa\u00e7\u00f5es pouco ou nada urgentes.<\/p>\n<p>Em 2024, 95% da popula\u00e7\u00e3o encontrava-se a menos de 60 minutos de uma urg\u00eancia geral ou pedi\u00e1trica, indicando disponibilidade geogr\u00e1fica. A quest\u00e3o n\u00e3o \u00e9 o acesso, mas a organiza\u00e7\u00e3o do atendimento.<\/p>\n<p>An\u00e1lises de 2023 mostram que casos pouco urgentes atingiram tempos-alvo entre 78% e 85%, enquanto casos graves ficaram aqu\u00e9m: 44,4% nos muito urgentes e 66,5% nos urgentes.<\/p>\n<p>Desafios operacionais<\/p>\n<p>O congestionamento das urg\u00eancias, conhecido como Emergency Department Crowding, tem impactos na mortalidade e na qualidade do cuidado. N\u00e3o se trata apenas de tempo de espera.<\/p>\n<p>Profissionais trabalham sob um desenho de sistema que favorece fluxos simples e pode dificultar casos complexos, exigindo tempo, camas e reavalia\u00e7\u00e3o, recursos que normalmente s\u00e3o escassos.<\/p>\n<p>A gest\u00e3o hospitalar envolve perman\u00eancia, gest\u00e3o de macas, internamentos e autonomia de enfermagem. O problema n\u00e3o \u00e9 a falta de dinheiro, mas a forma como os incentivos alinham-se ao cuidado efetivo.<\/p>\n<p>Caminhos de reforma<\/p>\n<p>A reforma dos servi\u00e7os de urg\u00eancia passa pela integra\u00e7\u00e3o de cuidados paliativos, prim\u00e1rios e hospitalares, n\u00e3o por medidas pontuais. \u00c9 preciso fortalecer atividades comunit\u00e1rias e a preven\u00e7\u00e3o de agudiza\u00e7\u00f5es desnecess\u00e1rias.<\/p>\n<p>Modelos de financiamento que premiem a redu\u00e7\u00e3o de internamentos, bem como a utiliza\u00e7\u00e3o de tecnologia de apoio \u00e0 decis\u00e3o, podem melhorar a efici\u00eancia. Existem experi\u00eancias em parceria p\u00fablico-privadas que apontam caminhos, desde que transformadas em regra institucional.<\/p>\n","protected":false},"excerpt":{"rendered":"<ul>\n<li>A fotografia de uma doente no ch\u00e3o de uma urg\u00eancia e outra em maca dos bombeiros levanta quest\u00f5es sobre \u00e9tica, o caos no servi\u00e7o e o futuro do sistema de sa\u00fade.<\/li>\n<li>A imagem mostra solid\u00e3o: um filho ao lado da m\u00e3e sem apoio institucional, numa situa\u00e7\u00e3o que deveria ser paliativa; levanta d\u00favidas sobre dor, dignidade e alternativas de fim de vida.<\/li>\n<li>Portugal tem cerca de 64 epis\u00f3dios de urg\u00eancia por 100 habitantes, o dobro da m\u00e9dia da OCDE, com 45% destes epis\u00f3dios a ser pouco ou n\u00e3o urgentes.<\/li>\n<li>Em 2023, casos pouco urgentes cumpriram tempos-alvo entre 78% e 85%, enquanto casos graves ficaram aqu\u00e9m: 44,4% nos muito urgentes e 66,5% nos urgentes.<\/li>\n<li>A crise n\u00e3o resulta de falta de esfor\u00e7o dos profissionais, mas do desenho do sistema, que favorece cen\u00e1rios simples e penaliza os casos complexos; \u00e9 necess\u00e1ria reformar cuidados prim\u00e1rios, paliativos, gest\u00e3o de macas e financiamento para incentivar evitar internamentos.<\/li>\n<\/ul>\n","protected":false},"author":2,"featured_media":180171,"comment_status":"closed","ping_status":"closed","sticky":false,"template":"","format":"standard","meta":{"footnotes":""},"categories":[1],"tags":[911,2417,2415,271,153,1899],"class_list":["post-180168","post","type-post","status-publish","format-standard","has-post-thumbnail","hentry","category-noticias","tag-cuidados-paliativos","tag-financiamento","tag-gestao","tag-saude-publica","tag-tecnologia","tag-urgencias"],"yoast_head":"<!-- This site is optimized with the Yoast SEO plugin v27.2 - https:\/\/yoast.com\/product\/yoast-seo-wordpress\/ -->\n<title>Crise nas urg\u00eancias: entre o caos e as reformas necess\u00e1rias - Portal Tela Portugal<\/title>\n<meta name=\"robots\" content=\"index, follow, max-snippet:-1, max-image-preview:large, max-video-preview:-1\" \/>\n<meta property=\"og:locale\" content=\"pt_PT\" \/>\n<meta property=\"og:type\" content=\"article\" \/>\n<meta property=\"og:title\" content=\"Crise nas urg\u00eancias: entre o caos e as reformas necess\u00e1rias - Portal Tela Portugal\" \/>\n<meta property=\"og:description\" content=\"A fotografia de uma doente no ch\u00e3o de uma urg\u00eancia e outra em maca dos bombeiros levanta quest\u00f5es sobre \u00e9tica, o caos no servi\u00e7o e o futuro do sistema de sa\u00fade. A imagem mostra solid\u00e3o: um filho ao lado da m\u00e3e sem apoio institucional, numa situa\u00e7\u00e3o que deveria ser paliativa; levanta d\u00favidas sobre dor, dignidade e alternativas de fim de vida. Portugal tem cerca de 64 epis\u00f3dios de urg\u00eancia por 100 habitantes, o dobro da m\u00e9dia da OCDE, com 45% destes epis\u00f3dios a ser pouco ou n\u00e3o urgentes. Em 2023, casos pouco urgentes cumpriram tempos-alvo entre 78% e 85%, enquanto casos graves ficaram aqu\u00e9m: 44,4% nos muito urgentes e 66,5% nos urgentes. A crise n\u00e3o resulta de falta de esfor\u00e7o dos profissionais, mas do desenho do sistema, que favorece cen\u00e1rios simples e penaliza os casos complexos; \u00e9 necess\u00e1ria reformar cuidados prim\u00e1rios, paliativos, gest\u00e3o de macas e financiamento para incentivar evitar internamentos.\" \/>\n<meta property=\"og:url\" content=\"https:\/\/portaltela.pt\/noticias\/2026\/01\/28\/crise-nas-urgencias-entre-o-caos-e-as-reformas-necessarias\/\" \/>\n<meta property=\"og:site_name\" content=\"Portal Tela Portugal\" \/>\n<meta property=\"article:published_time\" content=\"2026-01-29T00:00:00+00:00\" \/>\n<meta name=\"author\" content=\"Telinha\" \/>\n<meta name=\"twitter:card\" content=\"summary_large_image\" \/>\n<meta name=\"twitter:label1\" content=\"Escrito por\" \/>\n\t<meta name=\"twitter:data1\" content=\"Telinha\" \/>\n\t<meta name=\"twitter:label2\" content=\"Tempo estimado de leitura\" \/>\n\t<meta name=\"twitter:data2\" content=\"2 minutos\" \/>\n<script type=\"application\/ld+json\" class=\"yoast-schema-graph\">{\"@context\":\"https:\/\/schema.org\",\"@graph\":[{\"@type\":\"Article\",\"@id\":\"https:\/\/portaltela.pt\/noticias\/2026\/01\/28\/crise-nas-urgencias-entre-o-caos-e-as-reformas-necessarias\/#article\",\"isPartOf\":{\"@id\":\"https:\/\/portaltela.pt\/noticias\/2026\/01\/28\/crise-nas-urgencias-entre-o-caos-e-as-reformas-necessarias\/\"},\"author\":{\"name\":\"Telinha\",\"@id\":\"https:\/\/portaltela.pt\/#\/schema\/person\/c4278d4a6028830caff9ee44b42d32ed\"},\"headline\":\"Crise nas urg\u00eancias: entre o caos e as reformas necess\u00e1rias\",\"datePublished\":\"2026-01-29T00:00:00+00:00\",\"mainEntityOfPage\":{\"@id\":\"https:\/\/portaltela.pt\/noticias\/2026\/01\/28\/crise-nas-urgencias-entre-o-caos-e-as-reformas-necessarias\/\"},\"wordCount\":409,\"image\":{\"@id\":\"https:\/\/portaltela.pt\/noticias\/2026\/01\/28\/crise-nas-urgencias-entre-o-caos-e-as-reformas-necessarias\/#primaryimage\"},\"thumbnailUrl\":\"https:\/\/portaltela.pt\/s.01k8rhncp4jt1\/2026\/01\/1334e5586c15a43ff941b100015af14098d753d0-scaled.jpg\",\"keywords\":[\"cuidados paliativos\",\"financiamento\",\"gest\u00e3o\",\"sa\u00fade p\u00fablica\",\"tecnologia\",\"urg\u00eancias\"],\"articleSection\":[\"Not\u00edcias\"],\"inLanguage\":\"pt-PT\"},{\"@type\":\"WebPage\",\"@id\":\"https:\/\/portaltela.pt\/noticias\/2026\/01\/28\/crise-nas-urgencias-entre-o-caos-e-as-reformas-necessarias\/\",\"url\":\"https:\/\/portaltela.pt\/noticias\/2026\/01\/28\/crise-nas-urgencias-entre-o-caos-e-as-reformas-necessarias\/\",\"name\":\"Crise nas urg\u00eancias: entre o caos e as reformas necess\u00e1rias - Portal Tela Portugal\",\"isPartOf\":{\"@id\":\"https:\/\/portaltela.pt\/#website\"},\"primaryImageOfPage\":{\"@id\":\"https:\/\/portaltela.pt\/noticias\/2026\/01\/28\/crise-nas-urgencias-entre-o-caos-e-as-reformas-necessarias\/#primaryimage\"},\"image\":{\"@id\":\"https:\/\/portaltela.pt\/noticias\/2026\/01\/28\/crise-nas-urgencias-entre-o-caos-e-as-reformas-necessarias\/#primaryimage\"},\"thumbnailUrl\":\"https:\/\/portaltela.pt\/s.01k8rhncp4jt1\/2026\/01\/1334e5586c15a43ff941b100015af14098d753d0-scaled.jpg\",\"datePublished\":\"2026-01-29T00:00:00+00:00\",\"author\":{\"@id\":\"https:\/\/portaltela.pt\/#\/schema\/person\/c4278d4a6028830caff9ee44b42d32ed\"},\"breadcrumb\":{\"@id\":\"https:\/\/portaltela.pt\/noticias\/2026\/01\/28\/crise-nas-urgencias-entre-o-caos-e-as-reformas-necessarias\/#breadcrumb\"},\"inLanguage\":\"pt-PT\",\"potentialAction\":[{\"@type\":\"ReadAction\",\"target\":[\"https:\/\/portaltela.pt\/noticias\/2026\/01\/28\/crise-nas-urgencias-entre-o-caos-e-as-reformas-necessarias\/\"]}]},{\"@type\":\"ImageObject\",\"inLanguage\":\"pt-PT\",\"@id\":\"https:\/\/portaltela.pt\/noticias\/2026\/01\/28\/crise-nas-urgencias-entre-o-caos-e-as-reformas-necessarias\/#primaryimage\",\"url\":\"https:\/\/portaltela.pt\/s.01k8rhncp4jt1\/2026\/01\/1334e5586c15a43ff941b100015af14098d753d0-scaled.jpg\",\"contentUrl\":\"https:\/\/portaltela.pt\/s.01k8rhncp4jt1\/2026\/01\/1334e5586c15a43ff941b100015af14098d753d0-scaled.jpg\",\"width\":2560,\"height\":1706,\"caption\":\"Photo\"},{\"@type\":\"BreadcrumbList\",\"@id\":\"https:\/\/portaltela.pt\/noticias\/2026\/01\/28\/crise-nas-urgencias-entre-o-caos-e-as-reformas-necessarias\/#breadcrumb\",\"itemListElement\":[{\"@type\":\"ListItem\",\"position\":1,\"name\":\"In\u00edcio\",\"item\":\"https:\/\/portaltela.pt\/\"},{\"@type\":\"ListItem\",\"position\":2,\"name\":\"Crise nas urg\u00eancias: entre o caos e as reformas necess\u00e1rias\"}]},{\"@type\":\"WebSite\",\"@id\":\"https:\/\/portaltela.pt\/#website\",\"url\":\"https:\/\/portaltela.pt\/\",\"name\":\"Portal Tela Portugal\",\"description\":\"\",\"potentialAction\":[{\"@type\":\"SearchAction\",\"target\":{\"@type\":\"EntryPoint\",\"urlTemplate\":\"https:\/\/portaltela.pt\/?s={search_term_string}\"},\"query-input\":{\"@type\":\"PropertyValueSpecification\",\"valueRequired\":true,\"valueName\":\"search_term_string\"}}],\"inLanguage\":\"pt-PT\"},{\"@type\":\"Person\",\"@id\":\"https:\/\/portaltela.pt\/#\/schema\/person\/c4278d4a6028830caff9ee44b42d32ed\",\"name\":\"Telinha\",\"image\":{\"@type\":\"ImageObject\",\"inLanguage\":\"pt-PT\",\"@id\":\"https:\/\/portaltela.pt\/s.01k8rhncp4jt1\/2025\/11\/talking-bot-125x125.png\",\"url\":\"https:\/\/portaltela.pt\/s.01k8rhncp4jt1\/2025\/11\/talking-bot-125x125.png\",\"contentUrl\":\"https:\/\/portaltela.pt\/s.01k8rhncp4jt1\/2025\/11\/talking-bot-125x125.png\",\"caption\":\"Telinha\"},\"sameAs\":[\"https:\/\/portaltela.pt\/\"],\"url\":\"https:\/\/portaltela.pt\/por\/367410592786\/\"}]}<\/script>\n<!-- \/ Yoast SEO plugin. -->","yoast_head_json":{"title":"Crise nas urg\u00eancias: entre o caos e as reformas necess\u00e1rias - Portal Tela Portugal","robots":{"index":"index","follow":"follow","max-snippet":"max-snippet:-1","max-image-preview":"max-image-preview:large","max-video-preview":"max-video-preview:-1"},"og_locale":"pt_PT","og_type":"article","og_title":"Crise nas urg\u00eancias: entre o caos e as reformas necess\u00e1rias - Portal Tela Portugal","og_description":"A fotografia de uma doente no ch\u00e3o de uma urg\u00eancia e outra em maca dos bombeiros levanta quest\u00f5es sobre \u00e9tica, o caos no servi\u00e7o e o futuro do sistema de sa\u00fade. A imagem mostra solid\u00e3o: um filho ao lado da m\u00e3e sem apoio institucional, numa situa\u00e7\u00e3o que deveria ser paliativa; levanta d\u00favidas sobre dor, dignidade e alternativas de fim de vida. Portugal tem cerca de 64 epis\u00f3dios de urg\u00eancia por 100 habitantes, o dobro da m\u00e9dia da OCDE, com 45% destes epis\u00f3dios a ser pouco ou n\u00e3o urgentes. Em 2023, casos pouco urgentes cumpriram tempos-alvo entre 78% e 85%, enquanto casos graves ficaram aqu\u00e9m: 44,4% nos muito urgentes e 66,5% nos urgentes. A crise n\u00e3o resulta de falta de esfor\u00e7o dos profissionais, mas do desenho do sistema, que favorece cen\u00e1rios simples e penaliza os casos complexos; \u00e9 necess\u00e1ria reformar cuidados prim\u00e1rios, paliativos, gest\u00e3o de macas e financiamento para incentivar evitar internamentos.","og_url":"https:\/\/portaltela.pt\/noticias\/2026\/01\/28\/crise-nas-urgencias-entre-o-caos-e-as-reformas-necessarias\/","og_site_name":"Portal Tela Portugal","article_published_time":"2026-01-29T00:00:00+00:00","author":"Telinha","twitter_card":"summary_large_image","twitter_misc":{"Escrito por":"Telinha","Tempo estimado de leitura":"2 minutos"},"schema":{"@context":"https:\/\/schema.org","@graph":[{"@type":"Article","@id":"https:\/\/portaltela.pt\/noticias\/2026\/01\/28\/crise-nas-urgencias-entre-o-caos-e-as-reformas-necessarias\/#article","isPartOf":{"@id":"https:\/\/portaltela.pt\/noticias\/2026\/01\/28\/crise-nas-urgencias-entre-o-caos-e-as-reformas-necessarias\/"},"author":{"name":"Telinha","@id":"https:\/\/portaltela.pt\/#\/schema\/person\/c4278d4a6028830caff9ee44b42d32ed"},"headline":"Crise nas urg\u00eancias: entre o caos e as reformas necess\u00e1rias","datePublished":"2026-01-29T00:00:00+00:00","mainEntityOfPage":{"@id":"https:\/\/portaltela.pt\/noticias\/2026\/01\/28\/crise-nas-urgencias-entre-o-caos-e-as-reformas-necessarias\/"},"wordCount":409,"image":{"@id":"https:\/\/portaltela.pt\/noticias\/2026\/01\/28\/crise-nas-urgencias-entre-o-caos-e-as-reformas-necessarias\/#primaryimage"},"thumbnailUrl":"https:\/\/portaltela.pt\/s.01k8rhncp4jt1\/2026\/01\/1334e5586c15a43ff941b100015af14098d753d0-scaled.jpg","keywords":["cuidados paliativos","financiamento","gest\u00e3o","sa\u00fade p\u00fablica","tecnologia","urg\u00eancias"],"articleSection":["Not\u00edcias"],"inLanguage":"pt-PT"},{"@type":"WebPage","@id":"https:\/\/portaltela.pt\/noticias\/2026\/01\/28\/crise-nas-urgencias-entre-o-caos-e-as-reformas-necessarias\/","url":"https:\/\/portaltela.pt\/noticias\/2026\/01\/28\/crise-nas-urgencias-entre-o-caos-e-as-reformas-necessarias\/","name":"Crise nas urg\u00eancias: entre o caos e as reformas necess\u00e1rias - Portal Tela Portugal","isPartOf":{"@id":"https:\/\/portaltela.pt\/#website"},"primaryImageOfPage":{"@id":"https:\/\/portaltela.pt\/noticias\/2026\/01\/28\/crise-nas-urgencias-entre-o-caos-e-as-reformas-necessarias\/#primaryimage"},"image":{"@id":"https:\/\/portaltela.pt\/noticias\/2026\/01\/28\/crise-nas-urgencias-entre-o-caos-e-as-reformas-necessarias\/#primaryimage"},"thumbnailUrl":"https:\/\/portaltela.pt\/s.01k8rhncp4jt1\/2026\/01\/1334e5586c15a43ff941b100015af14098d753d0-scaled.jpg","datePublished":"2026-01-29T00:00:00+00:00","author":{"@id":"https:\/\/portaltela.pt\/#\/schema\/person\/c4278d4a6028830caff9ee44b42d32ed"},"breadcrumb":{"@id":"https:\/\/portaltela.pt\/noticias\/2026\/01\/28\/crise-nas-urgencias-entre-o-caos-e-as-reformas-necessarias\/#breadcrumb"},"inLanguage":"pt-PT","potentialAction":[{"@type":"ReadAction","target":["https:\/\/portaltela.pt\/noticias\/2026\/01\/28\/crise-nas-urgencias-entre-o-caos-e-as-reformas-necessarias\/"]}]},{"@type":"ImageObject","inLanguage":"pt-PT","@id":"https:\/\/portaltela.pt\/noticias\/2026\/01\/28\/crise-nas-urgencias-entre-o-caos-e-as-reformas-necessarias\/#primaryimage","url":"https:\/\/portaltela.pt\/s.01k8rhncp4jt1\/2026\/01\/1334e5586c15a43ff941b100015af14098d753d0-scaled.jpg","contentUrl":"https:\/\/portaltela.pt\/s.01k8rhncp4jt1\/2026\/01\/1334e5586c15a43ff941b100015af14098d753d0-scaled.jpg","width":2560,"height":1706,"caption":"Photo"},{"@type":"BreadcrumbList","@id":"https:\/\/portaltela.pt\/noticias\/2026\/01\/28\/crise-nas-urgencias-entre-o-caos-e-as-reformas-necessarias\/#breadcrumb","itemListElement":[{"@type":"ListItem","position":1,"name":"In\u00edcio","item":"https:\/\/portaltela.pt\/"},{"@type":"ListItem","position":2,"name":"Crise nas urg\u00eancias: entre o caos e as reformas necess\u00e1rias"}]},{"@type":"WebSite","@id":"https:\/\/portaltela.pt\/#website","url":"https:\/\/portaltela.pt\/","name":"Portal Tela Portugal","description":"","potentialAction":[{"@type":"SearchAction","target":{"@type":"EntryPoint","urlTemplate":"https:\/\/portaltela.pt\/?s={search_term_string}"},"query-input":{"@type":"PropertyValueSpecification","valueRequired":true,"valueName":"search_term_string"}}],"inLanguage":"pt-PT"},{"@type":"Person","@id":"https:\/\/portaltela.pt\/#\/schema\/person\/c4278d4a6028830caff9ee44b42d32ed","name":"Telinha","image":{"@type":"ImageObject","inLanguage":"pt-PT","@id":"https:\/\/portaltela.pt\/s.01k8rhncp4jt1\/2025\/11\/talking-bot-125x125.png","url":"https:\/\/portaltela.pt\/s.01k8rhncp4jt1\/2025\/11\/talking-bot-125x125.png","contentUrl":"https:\/\/portaltela.pt\/s.01k8rhncp4jt1\/2025\/11\/talking-bot-125x125.png","caption":"Telinha"},"sameAs":["https:\/\/portaltela.pt\/"],"url":"https:\/\/portaltela.pt\/por\/367410592786\/"}]}},"_links":{"self":[{"href":"https:\/\/portaltela.pt\/api\/wp\/v2\/posts\/180168","targetHints":{"allow":["GET"]}}],"collection":[{"href":"https:\/\/portaltela.pt\/api\/wp\/v2\/posts"}],"about":[{"href":"https:\/\/portaltela.pt\/api\/wp\/v2\/types\/post"}],"author":[{"embeddable":true,"href":"https:\/\/portaltela.pt\/api\/wp\/v2\/users\/2"}],"replies":[{"embeddable":true,"href":"https:\/\/portaltela.pt\/api\/wp\/v2\/comments?post=180168"}],"version-history":[{"count":0,"href":"https:\/\/portaltela.pt\/api\/wp\/v2\/posts\/180168\/revisions"}],"wp:featuredmedia":[{"embeddable":true,"href":"https:\/\/portaltela.pt\/api\/wp\/v2\/media\/180171"}],"wp:attachment":[{"href":"https:\/\/portaltela.pt\/api\/wp\/v2\/media?parent=180168"}],"wp:term":[{"taxonomy":"category","embeddable":true,"href":"https:\/\/portaltela.pt\/api\/wp\/v2\/categories?post=180168"},{"taxonomy":"post_tag","embeddable":true,"href":"https:\/\/portaltela.pt\/api\/wp\/v2\/tags?post=180168"}],"curies":[{"name":"wp","href":"https:\/\/api.w.org\/{rel}","templated":true}]}}