{"id":180149,"date":"2026-01-28T21:27:00","date_gmt":"2026-01-29T00:27:00","guid":{"rendered":"https:\/\/portaltela.pt\/noticias\/2026\/01\/28\/euro-cai-ligeiramente-ante-o-dolar-em-dia-de-decisao-da-fed-sobre-juros\/"},"modified":"2026-01-28T21:27:00","modified_gmt":"2026-01-29T00:27:00","slug":"euro-cai-ligeiramente-ante-o-dolar-em-dia-de-decisao-da-fed-sobre-juros","status":"publish","type":"post","link":"https:\/\/portaltela.pt\/noticias\/economia\/2026\/01\/28\/euro-cai-ligeiramente-ante-o-dolar-em-dia-de-decisao-da-fed-sobre-juros\/","title":{"rendered":"Euro cai ligeiramente ante o d\u00f3lar em dia de decis\u00e3o da Fed sobre juros"},"content":{"rendered":"<p>O euro desceu ligeiramente frente ao d\u00f3lar numa sess\u00e3o marcada pela divulga\u00e7\u00e3o da primeira decis\u00e3o de juros da Fed no ano. \u00c0s 18:00 em Lisboa, a moeda \u00fanica operava em 1,1941 d\u00f3lares, abaixo dos 1,1981 d\u00f3lares de ter\u00e7a-feira. O BCE fixou a taxa de c\u00e2mbio de refer\u00eancia do euro em 1,1974 d\u00f3lares.<\/p>\n<p>Durante a sess\u00e3o de ontem, o euro oscila entre 1,1932 e 1,2025 d\u00f3lares, refletindo a expectativa sobre a pol\u00edtica monet\u00e1ria nos Estados Unidos. A Fed encerrou ontem a reuni\u00e3o de janeiro sem mudan\u00e7as de juros, com previs\u00f5es de manuten\u00e7\u00e3o entre 3,50% e 3,75%.<\/p>\n<p>O BCE n\u00e3o tem alvo fixo para o c\u00e2mbio, mas acompanha a deprecia\u00e7\u00e3o do d\u00f3lar e o poss\u00edvel efeito na infla\u00e7\u00e3o, afirmou o governador do BdF. O euro chegou a superar 1,20 d\u00f3lares, ap\u00f3s o presidente dos EUA, Donald Trump, declarar que n\u00e3o se preocupa com a queda do d\u00f3lar.<\/p>\n<h3>Contexto econ\u00f3mico e pol\u00edticas monet\u00e1rias<\/h3>\n<p>O d\u00f3lar recuou cerca de 2% frente ao euro desde o in\u00edcio do ano, com quedas mais acentuadas frente ao iene e ao franco su\u00ed\u00e7o, entre 3% e 3,5%. Na \u00faltima reuni\u00e3o do BCE, em dezembro, a institui\u00e7\u00e3o manteve a taxa de juro de refer\u00eancia em 2%, posi\u00e7\u00e3o que perdura desde julho, com a presidente Christine Lagarde a afirmar que todas as op\u00e7\u00f5es est\u00e3o sobre a mesa face \u00e0 incerteza global.<\/p>\n<p>As autoridades monet\u00e1rias europeias continuam a monitorizar impactos cambiais sobre a infla\u00e7\u00e3o e a atividade econ\u00f3mica, sem sinaliza\u00e7\u00f5es r\u00e1pidas sobre ajustes na pol\u00edtica. O cen\u00e1rio financeiro permanece sob escrut\u00ednio enquanto os mercados esperam indicadores adicionais.<\/p>\n","protected":false},"excerpt":{"rendered":"<ul>\n<li>O euro desceu ligeiramente para 1,1941 d\u00f3lares \u00e0s 18:00 em Lisboa, mantendo-se perto de 1,19 d\u00f3lares.<\/li>\n<li>O Banco Central Europeu fixou a taxa de c\u00e2mbio de refer\u00eancia do euro em 1,1974 d\u00f3lares.<\/li>\n<li>Na sess\u00e3o de ontem, o euro oscillou entre 1,1932 e 1,2025 d\u00f3lares.<\/li>\n<li>A Reserva Federal dos Estados Unidos deixou as expectativas de juros inalteradas, com a taxa diretora prevista entre 3,50% e 3,75%.<\/li>\n<li>O BCE continua atento \u00e0 deprecia\u00e7\u00e3o do d\u00f3lar e ao poss\u00edvel impacto na infla\u00e7\u00e3o, sem objetivo fixo para a cota\u00e7\u00e3o do euro.<\/li>\n<\/ul>\n","protected":false},"author":2,"featured_media":180179,"comment_status":"closed","ping_status":"closed","sticky":false,"template":"","format":"standard","meta":{"footnotes":""},"categories":[2,1],"tags":[3774,28,1600,2487,1676,2055],"class_list":["post-180149","post","type-post","status-publish","format-standard","has-post-thumbnail","hentry","category-economia","category-noticias","tag-bce","tag-economia","tag-estados-unidos","tag-europa","tag-inflacao","tag-uniao-europeia"],"yoast_head":"<!-- This site is optimized with the Yoast SEO plugin v27.2 - https:\/\/yoast.com\/product\/yoast-seo-wordpress\/ -->\n<title>Euro cai ligeiramente ante o d\u00f3lar em dia de decis\u00e3o da Fed sobre juros - Portal Tela Portugal<\/title>\n<meta name=\"robots\" content=\"index, follow, max-snippet:-1, max-image-preview:large, max-video-preview:-1\" \/>\n<meta property=\"og:locale\" content=\"pt_PT\" \/>\n<meta property=\"og:type\" content=\"article\" \/>\n<meta property=\"og:title\" content=\"Euro cai ligeiramente ante o d\u00f3lar em dia de decis\u00e3o da Fed sobre juros - Portal Tela Portugal\" \/>\n<meta property=\"og:description\" content=\"O euro desceu ligeiramente para 1,1941 d\u00f3lares \u00e0s 18:00 em Lisboa, mantendo-se perto de 1,19 d\u00f3lares. O Banco Central Europeu fixou a taxa de c\u00e2mbio de refer\u00eancia do euro em 1,1974 d\u00f3lares. Na sess\u00e3o de ontem, o euro oscillou entre 1,1932 e 1,2025 d\u00f3lares. A Reserva Federal dos Estados Unidos deixou as expectativas de juros inalteradas, com a taxa diretora prevista entre 3,50% e 3,75%. O BCE continua atento \u00e0 deprecia\u00e7\u00e3o do d\u00f3lar e ao poss\u00edvel impacto na infla\u00e7\u00e3o, sem objetivo fixo para a cota\u00e7\u00e3o do euro.\" \/>\n<meta property=\"og:url\" content=\"https:\/\/portaltela.pt\/noticias\/2026\/01\/28\/euro-cai-ligeiramente-ante-o-dolar-em-dia-de-decisao-da-fed-sobre-juros\/\" \/>\n<meta property=\"og:site_name\" content=\"Portal Tela Portugal\" \/>\n<meta property=\"article:published_time\" content=\"2026-01-29T00:27:00+00:00\" \/>\n<meta name=\"author\" content=\"Telinha\" \/>\n<meta name=\"twitter:card\" content=\"summary_large_image\" \/>\n<meta name=\"twitter:label1\" content=\"Escrito por\" \/>\n\t<meta name=\"twitter:data1\" content=\"Telinha\" \/>\n\t<meta name=\"twitter:label2\" content=\"Tempo estimado de leitura\" \/>\n\t<meta name=\"twitter:data2\" content=\"1 minuto\" \/>\n<script type=\"application\/ld+json\" class=\"yoast-schema-graph\">{\"@context\":\"https:\/\/schema.org\",\"@graph\":[{\"@type\":\"Article\",\"@id\":\"https:\/\/portaltela.pt\/noticias\/2026\/01\/28\/euro-cai-ligeiramente-ante-o-dolar-em-dia-de-decisao-da-fed-sobre-juros\/#article\",\"isPartOf\":{\"@id\":\"https:\/\/portaltela.pt\/noticias\/2026\/01\/28\/euro-cai-ligeiramente-ante-o-dolar-em-dia-de-decisao-da-fed-sobre-juros\/\"},\"author\":{\"name\":\"Telinha\",\"@id\":\"https:\/\/portaltela.pt\/#\/schema\/person\/c4278d4a6028830caff9ee44b42d32ed\"},\"headline\":\"Euro cai ligeiramente ante o d\u00f3lar em dia de decis\u00e3o da Fed sobre juros\",\"datePublished\":\"2026-01-29T00:27:00+00:00\",\"mainEntityOfPage\":{\"@id\":\"https:\/\/portaltela.pt\/noticias\/2026\/01\/28\/euro-cai-ligeiramente-ante-o-dolar-em-dia-de-decisao-da-fed-sobre-juros\/\"},\"wordCount\":306,\"image\":{\"@id\":\"https:\/\/portaltela.pt\/noticias\/2026\/01\/28\/euro-cai-ligeiramente-ante-o-dolar-em-dia-de-decisao-da-fed-sobre-juros\/#primaryimage\"},\"thumbnailUrl\":\"https:\/\/portaltela.pt\/s.01k8rhncp4jt1\/2026\/01\/unnamed-file-5683.jpg\",\"keywords\":[\"BCE\",\"economia\",\"Estados Unidos\",\"Europa\",\"infla\u00e7\u00e3o\",\"Uni\u00e3o Europeia\"],\"articleSection\":[\"Economia\",\"Not\u00edcias\"],\"inLanguage\":\"pt-PT\"},{\"@type\":\"WebPage\",\"@id\":\"https:\/\/portaltela.pt\/noticias\/2026\/01\/28\/euro-cai-ligeiramente-ante-o-dolar-em-dia-de-decisao-da-fed-sobre-juros\/\",\"url\":\"https:\/\/portaltela.pt\/noticias\/2026\/01\/28\/euro-cai-ligeiramente-ante-o-dolar-em-dia-de-decisao-da-fed-sobre-juros\/\",\"name\":\"Euro cai ligeiramente ante o d\u00f3lar em dia de decis\u00e3o da Fed sobre juros - Portal Tela Portugal\",\"isPartOf\":{\"@id\":\"https:\/\/portaltela.pt\/#website\"},\"primaryImageOfPage\":{\"@id\":\"https:\/\/portaltela.pt\/noticias\/2026\/01\/28\/euro-cai-ligeiramente-ante-o-dolar-em-dia-de-decisao-da-fed-sobre-juros\/#primaryimage\"},\"image\":{\"@id\":\"https:\/\/portaltela.pt\/noticias\/2026\/01\/28\/euro-cai-ligeiramente-ante-o-dolar-em-dia-de-decisao-da-fed-sobre-juros\/#primaryimage\"},\"thumbnailUrl\":\"https:\/\/portaltela.pt\/s.01k8rhncp4jt1\/2026\/01\/unnamed-file-5683.jpg\",\"datePublished\":\"2026-01-29T00:27:00+00:00\",\"author\":{\"@id\":\"https:\/\/portaltela.pt\/#\/schema\/person\/c4278d4a6028830caff9ee44b42d32ed\"},\"breadcrumb\":{\"@id\":\"https:\/\/portaltela.pt\/noticias\/2026\/01\/28\/euro-cai-ligeiramente-ante-o-dolar-em-dia-de-decisao-da-fed-sobre-juros\/#breadcrumb\"},\"inLanguage\":\"pt-PT\",\"potentialAction\":[{\"@type\":\"ReadAction\",\"target\":[\"https:\/\/portaltela.pt\/noticias\/2026\/01\/28\/euro-cai-ligeiramente-ante-o-dolar-em-dia-de-decisao-da-fed-sobre-juros\/\"]}]},{\"@type\":\"ImageObject\",\"inLanguage\":\"pt-PT\",\"@id\":\"https:\/\/portaltela.pt\/noticias\/2026\/01\/28\/euro-cai-ligeiramente-ante-o-dolar-em-dia-de-decisao-da-fed-sobre-juros\/#primaryimage\",\"url\":\"https:\/\/portaltela.pt\/s.01k8rhncp4jt1\/2026\/01\/unnamed-file-5683.jpg\",\"contentUrl\":\"https:\/\/portaltela.pt\/s.01k8rhncp4jt1\/2026\/01\/unnamed-file-5683.jpg\",\"width\":796,\"height\":448,\"caption\":\"Euro desce ligeiramente face ao d\u00f3lar em dia de decis\u00e3o da Fed sobre juros\"},{\"@type\":\"BreadcrumbList\",\"@id\":\"https:\/\/portaltela.pt\/noticias\/2026\/01\/28\/euro-cai-ligeiramente-ante-o-dolar-em-dia-de-decisao-da-fed-sobre-juros\/#breadcrumb\",\"itemListElement\":[{\"@type\":\"ListItem\",\"position\":1,\"name\":\"In\u00edcio\",\"item\":\"https:\/\/portaltela.pt\/\"},{\"@type\":\"ListItem\",\"position\":2,\"name\":\"Euro cai ligeiramente ante o d\u00f3lar em dia de decis\u00e3o da Fed sobre juros\"}]},{\"@type\":\"WebSite\",\"@id\":\"https:\/\/portaltela.pt\/#website\",\"url\":\"https:\/\/portaltela.pt\/\",\"name\":\"Portal Tela Portugal\",\"description\":\"\",\"potentialAction\":[{\"@type\":\"SearchAction\",\"target\":{\"@type\":\"EntryPoint\",\"urlTemplate\":\"https:\/\/portaltela.pt\/?s={search_term_string}\"},\"query-input\":{\"@type\":\"PropertyValueSpecification\",\"valueRequired\":true,\"valueName\":\"search_term_string\"}}],\"inLanguage\":\"pt-PT\"},{\"@type\":\"Person\",\"@id\":\"https:\/\/portaltela.pt\/#\/schema\/person\/c4278d4a6028830caff9ee44b42d32ed\",\"name\":\"Telinha\",\"image\":{\"@type\":\"ImageObject\",\"inLanguage\":\"pt-PT\",\"@id\":\"https:\/\/portaltela.pt\/s.01k8rhncp4jt1\/2025\/11\/talking-bot-125x125.png\",\"url\":\"https:\/\/portaltela.pt\/s.01k8rhncp4jt1\/2025\/11\/talking-bot-125x125.png\",\"contentUrl\":\"https:\/\/portaltela.pt\/s.01k8rhncp4jt1\/2025\/11\/talking-bot-125x125.png\",\"caption\":\"Telinha\"},\"sameAs\":[\"https:\/\/portaltela.pt\/\"],\"url\":\"https:\/\/portaltela.pt\/por\/367410592786\/\"}]}<\/script>\n<!-- \/ Yoast SEO plugin. -->","yoast_head_json":{"title":"Euro cai ligeiramente ante o d\u00f3lar em dia de decis\u00e3o da Fed sobre juros - Portal Tela Portugal","robots":{"index":"index","follow":"follow","max-snippet":"max-snippet:-1","max-image-preview":"max-image-preview:large","max-video-preview":"max-video-preview:-1"},"og_locale":"pt_PT","og_type":"article","og_title":"Euro cai ligeiramente ante o d\u00f3lar em dia de decis\u00e3o da Fed sobre juros - Portal Tela Portugal","og_description":"O euro desceu ligeiramente para 1,1941 d\u00f3lares \u00e0s 18:00 em Lisboa, mantendo-se perto de 1,19 d\u00f3lares. O Banco Central Europeu fixou a taxa de c\u00e2mbio de refer\u00eancia do euro em 1,1974 d\u00f3lares. Na sess\u00e3o de ontem, o euro oscillou entre 1,1932 e 1,2025 d\u00f3lares. A Reserva Federal dos Estados Unidos deixou as expectativas de juros inalteradas, com a taxa diretora prevista entre 3,50% e 3,75%. O BCE continua atento \u00e0 deprecia\u00e7\u00e3o do d\u00f3lar e ao poss\u00edvel impacto na infla\u00e7\u00e3o, sem objetivo fixo para a cota\u00e7\u00e3o do euro.","og_url":"https:\/\/portaltela.pt\/noticias\/2026\/01\/28\/euro-cai-ligeiramente-ante-o-dolar-em-dia-de-decisao-da-fed-sobre-juros\/","og_site_name":"Portal Tela Portugal","article_published_time":"2026-01-29T00:27:00+00:00","author":"Telinha","twitter_card":"summary_large_image","twitter_misc":{"Escrito por":"Telinha","Tempo estimado de leitura":"1 minuto"},"schema":{"@context":"https:\/\/schema.org","@graph":[{"@type":"Article","@id":"https:\/\/portaltela.pt\/noticias\/2026\/01\/28\/euro-cai-ligeiramente-ante-o-dolar-em-dia-de-decisao-da-fed-sobre-juros\/#article","isPartOf":{"@id":"https:\/\/portaltela.pt\/noticias\/2026\/01\/28\/euro-cai-ligeiramente-ante-o-dolar-em-dia-de-decisao-da-fed-sobre-juros\/"},"author":{"name":"Telinha","@id":"https:\/\/portaltela.pt\/#\/schema\/person\/c4278d4a6028830caff9ee44b42d32ed"},"headline":"Euro cai ligeiramente ante o d\u00f3lar em dia de decis\u00e3o da Fed sobre juros","datePublished":"2026-01-29T00:27:00+00:00","mainEntityOfPage":{"@id":"https:\/\/portaltela.pt\/noticias\/2026\/01\/28\/euro-cai-ligeiramente-ante-o-dolar-em-dia-de-decisao-da-fed-sobre-juros\/"},"wordCount":306,"image":{"@id":"https:\/\/portaltela.pt\/noticias\/2026\/01\/28\/euro-cai-ligeiramente-ante-o-dolar-em-dia-de-decisao-da-fed-sobre-juros\/#primaryimage"},"thumbnailUrl":"https:\/\/portaltela.pt\/s.01k8rhncp4jt1\/2026\/01\/unnamed-file-5683.jpg","keywords":["BCE","economia","Estados Unidos","Europa","infla\u00e7\u00e3o","Uni\u00e3o Europeia"],"articleSection":["Economia","Not\u00edcias"],"inLanguage":"pt-PT"},{"@type":"WebPage","@id":"https:\/\/portaltela.pt\/noticias\/2026\/01\/28\/euro-cai-ligeiramente-ante-o-dolar-em-dia-de-decisao-da-fed-sobre-juros\/","url":"https:\/\/portaltela.pt\/noticias\/2026\/01\/28\/euro-cai-ligeiramente-ante-o-dolar-em-dia-de-decisao-da-fed-sobre-juros\/","name":"Euro cai ligeiramente ante o d\u00f3lar em dia de decis\u00e3o da Fed sobre juros - Portal Tela Portugal","isPartOf":{"@id":"https:\/\/portaltela.pt\/#website"},"primaryImageOfPage":{"@id":"https:\/\/portaltela.pt\/noticias\/2026\/01\/28\/euro-cai-ligeiramente-ante-o-dolar-em-dia-de-decisao-da-fed-sobre-juros\/#primaryimage"},"image":{"@id":"https:\/\/portaltela.pt\/noticias\/2026\/01\/28\/euro-cai-ligeiramente-ante-o-dolar-em-dia-de-decisao-da-fed-sobre-juros\/#primaryimage"},"thumbnailUrl":"https:\/\/portaltela.pt\/s.01k8rhncp4jt1\/2026\/01\/unnamed-file-5683.jpg","datePublished":"2026-01-29T00:27:00+00:00","author":{"@id":"https:\/\/portaltela.pt\/#\/schema\/person\/c4278d4a6028830caff9ee44b42d32ed"},"breadcrumb":{"@id":"https:\/\/portaltela.pt\/noticias\/2026\/01\/28\/euro-cai-ligeiramente-ante-o-dolar-em-dia-de-decisao-da-fed-sobre-juros\/#breadcrumb"},"inLanguage":"pt-PT","potentialAction":[{"@type":"ReadAction","target":["https:\/\/portaltela.pt\/noticias\/2026\/01\/28\/euro-cai-ligeiramente-ante-o-dolar-em-dia-de-decisao-da-fed-sobre-juros\/"]}]},{"@type":"ImageObject","inLanguage":"pt-PT","@id":"https:\/\/portaltela.pt\/noticias\/2026\/01\/28\/euro-cai-ligeiramente-ante-o-dolar-em-dia-de-decisao-da-fed-sobre-juros\/#primaryimage","url":"https:\/\/portaltela.pt\/s.01k8rhncp4jt1\/2026\/01\/unnamed-file-5683.jpg","contentUrl":"https:\/\/portaltela.pt\/s.01k8rhncp4jt1\/2026\/01\/unnamed-file-5683.jpg","width":796,"height":448,"caption":"Euro desce ligeiramente face ao d\u00f3lar em dia de decis\u00e3o da Fed sobre juros"},{"@type":"BreadcrumbList","@id":"https:\/\/portaltela.pt\/noticias\/2026\/01\/28\/euro-cai-ligeiramente-ante-o-dolar-em-dia-de-decisao-da-fed-sobre-juros\/#breadcrumb","itemListElement":[{"@type":"ListItem","position":1,"name":"In\u00edcio","item":"https:\/\/portaltela.pt\/"},{"@type":"ListItem","position":2,"name":"Euro cai ligeiramente ante o d\u00f3lar em dia de decis\u00e3o da Fed sobre juros"}]},{"@type":"WebSite","@id":"https:\/\/portaltela.pt\/#website","url":"https:\/\/portaltela.pt\/","name":"Portal Tela Portugal","description":"","potentialAction":[{"@type":"SearchAction","target":{"@type":"EntryPoint","urlTemplate":"https:\/\/portaltela.pt\/?s={search_term_string}"},"query-input":{"@type":"PropertyValueSpecification","valueRequired":true,"valueName":"search_term_string"}}],"inLanguage":"pt-PT"},{"@type":"Person","@id":"https:\/\/portaltela.pt\/#\/schema\/person\/c4278d4a6028830caff9ee44b42d32ed","name":"Telinha","image":{"@type":"ImageObject","inLanguage":"pt-PT","@id":"https:\/\/portaltela.pt\/s.01k8rhncp4jt1\/2025\/11\/talking-bot-125x125.png","url":"https:\/\/portaltela.pt\/s.01k8rhncp4jt1\/2025\/11\/talking-bot-125x125.png","contentUrl":"https:\/\/portaltela.pt\/s.01k8rhncp4jt1\/2025\/11\/talking-bot-125x125.png","caption":"Telinha"},"sameAs":["https:\/\/portaltela.pt\/"],"url":"https:\/\/portaltela.pt\/por\/367410592786\/"}]}},"_links":{"self":[{"href":"https:\/\/portaltela.pt\/api\/wp\/v2\/posts\/180149","targetHints":{"allow":["GET"]}}],"collection":[{"href":"https:\/\/portaltela.pt\/api\/wp\/v2\/posts"}],"about":[{"href":"https:\/\/portaltela.pt\/api\/wp\/v2\/types\/post"}],"author":[{"embeddable":true,"href":"https:\/\/portaltela.pt\/api\/wp\/v2\/users\/2"}],"replies":[{"embeddable":true,"href":"https:\/\/portaltela.pt\/api\/wp\/v2\/comments?post=180149"}],"version-history":[{"count":0,"href":"https:\/\/portaltela.pt\/api\/wp\/v2\/posts\/180149\/revisions"}],"wp:featuredmedia":[{"embeddable":true,"href":"https:\/\/portaltela.pt\/api\/wp\/v2\/media\/180179"}],"wp:attachment":[{"href":"https:\/\/portaltela.pt\/api\/wp\/v2\/media?parent=180149"}],"wp:term":[{"taxonomy":"category","embeddable":true,"href":"https:\/\/portaltela.pt\/api\/wp\/v2\/categories?post=180149"},{"taxonomy":"post_tag","embeddable":true,"href":"https:\/\/portaltela.pt\/api\/wp\/v2\/tags?post=180149"}],"curies":[{"name":"wp","href":"https:\/\/api.w.org\/{rel}","templated":true}]}}