{"id":180026,"date":"2026-01-28T20:59:00","date_gmt":"2026-01-28T23:59:00","guid":{"rendered":"https:\/\/portaltela.pt\/noticias\/2026\/01\/28\/mourinho-diz-que-schjelderup-evoluiu-desde-a-chegada\/"},"modified":"2026-01-28T20:59:00","modified_gmt":"2026-01-28T23:59:00","slug":"mourinho-diz-que-schjelderup-evoluiu-desde-a-chegada","status":"publish","type":"post","link":"https:\/\/portaltela.pt\/desporto\/futebol\/2026\/01\/28\/mourinho-diz-que-schjelderup-evoluiu-desde-a-chegada\/","title":{"rendered":"Mourinho diz que Schjelderup evoluiu desde a chegada"},"content":{"rendered":"<p>O treinador do Benfica reconheceu que a identidade da equipa permanece desde o come\u00e7o do seu trabalho: unida, com vontade de trabalhar e capacidade de sofrer com resultados negativos, sem desistir. Na temporada, a equipa passou por momentos dif\u00edceis, incluindo uma fase em que ocupavam a quinta posi\u00e7\u00e3o. O t\u00e9cnico ressaltou a import\u00e2ncia de seguir firme.<\/p>\n<p>Sobre Schjelderup, Jos\u00e9 Mourinho elogiou a evolu\u00e7\u00e3o do jogador, que tem jogado nos \u00faltimos quatro encontros. Disse que o jovem \u00e9 melhor agora do que quando chegou, apresentando aspetos que n\u00e3o demonstrava antes. De acordo com o treinador, o talento tem um caminho para continuar a crescer.<\/p>\n<p>Quanto ao futuro do atacante, o t\u00e9cnico afirmou que s\u00f3 h\u00e1 sa\u00edda se houver propostas concretas, e que o objetivo \u00e9 que o jogador v\u00e1 ao Mundial com bons jogos. N\u00e3o considera que o objetivo seja transferir-se para uma liga menos competitiva, mantendo-se aberto a possibilidades.<\/p>\n<h3>Conversa com Arbeloa<\/h3>\n<p>Mourinho revelou ter falado com Arbeloa, ent\u00e3o treinador do Real Madrid e ex-jogador dele, ap\u00f3s o encontro. Conte\u00fados da conversa passaram por um pedido de desculpas pela forma como festejou, reconhecendo que \u00e9 uma figura do futebol. A conversa ocorreu j\u00e1 ap\u00f3s o jogo.<\/p>\n","protected":false},"excerpt":{"rendered":"<ul>\n<li>Mourinho afirmou que Schjelderup \u00e9 melhor jogador do que quando chegou ao Benfica, destacando evolu\u00e7\u00e3o e um caminho por percorrer.<\/li>\n<li>Refor\u00e7ou que a equipa continua a mesma, unida e trabalhadora, tendo passado de 0 pontos ap\u00f3s cinco jornadas para enfrentar grandes encontros como frente ao Real Madrid, Napoli e Juventus.<\/li>\n<li>Sobre o mercado, o treinador disse que Schjelderup tem jogado nos \u00faltimos quatro jogos e que os obst\u00e1culos n\u00e3o s\u00e3o apenas o valor, mas as propostas; acredita que os jogos atuais podem ajudar o jogador a chegar ao Mundial.<\/li>\n<li>Mourinho revelou ter falado com Arbeloa, ex-jogador do Real Madrid, pedindo desculpa pela forma como festejou.<\/li>\n<\/ul>\n","protected":false},"author":2,"featured_media":180042,"comment_status":"closed","ping_status":"closed","sticky":false,"template":"","format":"standard","meta":{"footnotes":""},"categories":[21,24],"tags":[2960,1946,32,2138,47,2714],"class_list":["post-180026","post","type-post","status-publish","format-standard","has-post-thumbnail","hentry","category-desporto","category-futebol","tag-arbeloa","tag-benfica","tag-futebol","tag-jose-mourinho","tag-mundial","tag-real-madrid"],"yoast_head":"<!-- This site is optimized with the Yoast SEO plugin v27.2 - https:\/\/yoast.com\/product\/yoast-seo-wordpress\/ -->\n<title>Mourinho diz que Schjelderup evoluiu desde a chegada - Portal Tela Portugal<\/title>\n<meta name=\"robots\" content=\"index, follow, max-snippet:-1, max-image-preview:large, max-video-preview:-1\" \/>\n<meta property=\"og:locale\" content=\"pt_PT\" \/>\n<meta property=\"og:type\" content=\"article\" \/>\n<meta property=\"og:title\" content=\"Mourinho diz que Schjelderup evoluiu desde a chegada - Portal Tela Portugal\" \/>\n<meta property=\"og:description\" content=\"Mourinho afirmou que Schjelderup \u00e9 melhor jogador do que quando chegou ao Benfica, destacando evolu\u00e7\u00e3o e um caminho por percorrer. Refor\u00e7ou que a equipa continua a mesma, unida e trabalhadora, tendo passado de 0 pontos ap\u00f3s cinco jornadas para enfrentar grandes encontros como frente ao Real Madrid, Napoli e Juventus. Sobre o mercado, o treinador disse que Schjelderup tem jogado nos \u00faltimos quatro jogos e que os obst\u00e1culos n\u00e3o s\u00e3o apenas o valor, mas as propostas; acredita que os jogos atuais podem ajudar o jogador a chegar ao Mundial. Mourinho revelou ter falado com Arbeloa, ex-jogador do Real Madrid, pedindo desculpa pela forma como festejou.\" \/>\n<meta property=\"og:url\" content=\"https:\/\/portaltela.pt\/noticias\/2026\/01\/28\/mourinho-diz-que-schjelderup-evoluiu-desde-a-chegada\/\" \/>\n<meta property=\"og:site_name\" content=\"Portal Tela Portugal\" \/>\n<meta property=\"article:published_time\" content=\"2026-01-28T23:59:00+00:00\" \/>\n<meta name=\"author\" content=\"Telinha\" \/>\n<meta name=\"twitter:card\" content=\"summary_large_image\" \/>\n<meta name=\"twitter:label1\" content=\"Escrito por\" \/>\n\t<meta name=\"twitter:data1\" content=\"Telinha\" \/>\n\t<meta name=\"twitter:label2\" content=\"Tempo estimado de leitura\" \/>\n\t<meta name=\"twitter:data2\" content=\"1 minuto\" \/>\n<script type=\"application\/ld+json\" class=\"yoast-schema-graph\">{\"@context\":\"https:\/\/schema.org\",\"@graph\":[{\"@type\":\"Article\",\"@id\":\"https:\/\/portaltela.pt\/noticias\/2026\/01\/28\/mourinho-diz-que-schjelderup-evoluiu-desde-a-chegada\/#article\",\"isPartOf\":{\"@id\":\"https:\/\/portaltela.pt\/noticias\/2026\/01\/28\/mourinho-diz-que-schjelderup-evoluiu-desde-a-chegada\/\"},\"author\":{\"name\":\"Telinha\",\"@id\":\"https:\/\/portaltela.pt\/#\/schema\/person\/c4278d4a6028830caff9ee44b42d32ed\"},\"headline\":\"Mourinho diz que Schjelderup evoluiu desde a chegada\",\"datePublished\":\"2026-01-28T23:59:00+00:00\",\"mainEntityOfPage\":{\"@id\":\"https:\/\/portaltela.pt\/noticias\/2026\/01\/28\/mourinho-diz-que-schjelderup-evoluiu-desde-a-chegada\/\"},\"wordCount\":215,\"image\":{\"@id\":\"https:\/\/portaltela.pt\/noticias\/2026\/01\/28\/mourinho-diz-que-schjelderup-evoluiu-desde-a-chegada\/#primaryimage\"},\"thumbnailUrl\":\"https:\/\/portaltela.pt\/s.01k8rhncp4jt1\/2026\/01\/e9c581b3-4f0b-4950-b5ca-83dd270c0175_1200x675.jpg\",\"keywords\":[\"Arbeloa\",\"Benfica\",\"futebol\",\"Jos\u00e9 Mourinho\",\"mundial\",\"Real Madrid\"],\"articleSection\":[\"Desporto\",\"Futebol\"],\"inLanguage\":\"pt-PT\"},{\"@type\":\"WebPage\",\"@id\":\"https:\/\/portaltela.pt\/noticias\/2026\/01\/28\/mourinho-diz-que-schjelderup-evoluiu-desde-a-chegada\/\",\"url\":\"https:\/\/portaltela.pt\/noticias\/2026\/01\/28\/mourinho-diz-que-schjelderup-evoluiu-desde-a-chegada\/\",\"name\":\"Mourinho diz que Schjelderup evoluiu desde a chegada - Portal Tela Portugal\",\"isPartOf\":{\"@id\":\"https:\/\/portaltela.pt\/#website\"},\"primaryImageOfPage\":{\"@id\":\"https:\/\/portaltela.pt\/noticias\/2026\/01\/28\/mourinho-diz-que-schjelderup-evoluiu-desde-a-chegada\/#primaryimage\"},\"image\":{\"@id\":\"https:\/\/portaltela.pt\/noticias\/2026\/01\/28\/mourinho-diz-que-schjelderup-evoluiu-desde-a-chegada\/#primaryimage\"},\"thumbnailUrl\":\"https:\/\/portaltela.pt\/s.01k8rhncp4jt1\/2026\/01\/e9c581b3-4f0b-4950-b5ca-83dd270c0175_1200x675.jpg\",\"datePublished\":\"2026-01-28T23:59:00+00:00\",\"author\":{\"@id\":\"https:\/\/portaltela.pt\/#\/schema\/person\/c4278d4a6028830caff9ee44b42d32ed\"},\"breadcrumb\":{\"@id\":\"https:\/\/portaltela.pt\/noticias\/2026\/01\/28\/mourinho-diz-que-schjelderup-evoluiu-desde-a-chegada\/#breadcrumb\"},\"inLanguage\":\"pt-PT\",\"potentialAction\":[{\"@type\":\"ReadAction\",\"target\":[\"https:\/\/portaltela.pt\/noticias\/2026\/01\/28\/mourinho-diz-que-schjelderup-evoluiu-desde-a-chegada\/\"]}]},{\"@type\":\"ImageObject\",\"inLanguage\":\"pt-PT\",\"@id\":\"https:\/\/portaltela.pt\/noticias\/2026\/01\/28\/mourinho-diz-que-schjelderup-evoluiu-desde-a-chegada\/#primaryimage\",\"url\":\"https:\/\/portaltela.pt\/s.01k8rhncp4jt1\/2026\/01\/e9c581b3-4f0b-4950-b5ca-83dd270c0175_1200x675.jpg\",\"contentUrl\":\"https:\/\/portaltela.pt\/s.01k8rhncp4jt1\/2026\/01\/e9c581b3-4f0b-4950-b5ca-83dd270c0175_1200x675.jpg\",\"width\":796,\"height\":448,\"caption\":\"Mourinho feliz com evolu\u00e7\u00e3o de Schjelderup\"},{\"@type\":\"BreadcrumbList\",\"@id\":\"https:\/\/portaltela.pt\/noticias\/2026\/01\/28\/mourinho-diz-que-schjelderup-evoluiu-desde-a-chegada\/#breadcrumb\",\"itemListElement\":[{\"@type\":\"ListItem\",\"position\":1,\"name\":\"In\u00edcio\",\"item\":\"https:\/\/portaltela.pt\/\"},{\"@type\":\"ListItem\",\"position\":2,\"name\":\"Mourinho diz que Schjelderup evoluiu desde a chegada\"}]},{\"@type\":\"WebSite\",\"@id\":\"https:\/\/portaltela.pt\/#website\",\"url\":\"https:\/\/portaltela.pt\/\",\"name\":\"Portal Tela Portugal\",\"description\":\"\",\"potentialAction\":[{\"@type\":\"SearchAction\",\"target\":{\"@type\":\"EntryPoint\",\"urlTemplate\":\"https:\/\/portaltela.pt\/?s={search_term_string}\"},\"query-input\":{\"@type\":\"PropertyValueSpecification\",\"valueRequired\":true,\"valueName\":\"search_term_string\"}}],\"inLanguage\":\"pt-PT\"},{\"@type\":\"Person\",\"@id\":\"https:\/\/portaltela.pt\/#\/schema\/person\/c4278d4a6028830caff9ee44b42d32ed\",\"name\":\"Telinha\",\"image\":{\"@type\":\"ImageObject\",\"inLanguage\":\"pt-PT\",\"@id\":\"https:\/\/portaltela.pt\/s.01k8rhncp4jt1\/2025\/11\/talking-bot-125x125.png\",\"url\":\"https:\/\/portaltela.pt\/s.01k8rhncp4jt1\/2025\/11\/talking-bot-125x125.png\",\"contentUrl\":\"https:\/\/portaltela.pt\/s.01k8rhncp4jt1\/2025\/11\/talking-bot-125x125.png\",\"caption\":\"Telinha\"},\"sameAs\":[\"https:\/\/portaltela.pt\/\"],\"url\":\"https:\/\/portaltela.pt\/por\/367410592786\/\"}]}<\/script>\n<!-- \/ Yoast SEO plugin. -->","yoast_head_json":{"title":"Mourinho diz que Schjelderup evoluiu desde a chegada - Portal Tela Portugal","robots":{"index":"index","follow":"follow","max-snippet":"max-snippet:-1","max-image-preview":"max-image-preview:large","max-video-preview":"max-video-preview:-1"},"og_locale":"pt_PT","og_type":"article","og_title":"Mourinho diz que Schjelderup evoluiu desde a chegada - Portal Tela Portugal","og_description":"Mourinho afirmou que Schjelderup \u00e9 melhor jogador do que quando chegou ao Benfica, destacando evolu\u00e7\u00e3o e um caminho por percorrer. Refor\u00e7ou que a equipa continua a mesma, unida e trabalhadora, tendo passado de 0 pontos ap\u00f3s cinco jornadas para enfrentar grandes encontros como frente ao Real Madrid, Napoli e Juventus. Sobre o mercado, o treinador disse que Schjelderup tem jogado nos \u00faltimos quatro jogos e que os obst\u00e1culos n\u00e3o s\u00e3o apenas o valor, mas as propostas; acredita que os jogos atuais podem ajudar o jogador a chegar ao Mundial. Mourinho revelou ter falado com Arbeloa, ex-jogador do Real Madrid, pedindo desculpa pela forma como festejou.","og_url":"https:\/\/portaltela.pt\/noticias\/2026\/01\/28\/mourinho-diz-que-schjelderup-evoluiu-desde-a-chegada\/","og_site_name":"Portal Tela Portugal","article_published_time":"2026-01-28T23:59:00+00:00","author":"Telinha","twitter_card":"summary_large_image","twitter_misc":{"Escrito por":"Telinha","Tempo estimado de leitura":"1 minuto"},"schema":{"@context":"https:\/\/schema.org","@graph":[{"@type":"Article","@id":"https:\/\/portaltela.pt\/noticias\/2026\/01\/28\/mourinho-diz-que-schjelderup-evoluiu-desde-a-chegada\/#article","isPartOf":{"@id":"https:\/\/portaltela.pt\/noticias\/2026\/01\/28\/mourinho-diz-que-schjelderup-evoluiu-desde-a-chegada\/"},"author":{"name":"Telinha","@id":"https:\/\/portaltela.pt\/#\/schema\/person\/c4278d4a6028830caff9ee44b42d32ed"},"headline":"Mourinho diz que Schjelderup evoluiu desde a chegada","datePublished":"2026-01-28T23:59:00+00:00","mainEntityOfPage":{"@id":"https:\/\/portaltela.pt\/noticias\/2026\/01\/28\/mourinho-diz-que-schjelderup-evoluiu-desde-a-chegada\/"},"wordCount":215,"image":{"@id":"https:\/\/portaltela.pt\/noticias\/2026\/01\/28\/mourinho-diz-que-schjelderup-evoluiu-desde-a-chegada\/#primaryimage"},"thumbnailUrl":"https:\/\/portaltela.pt\/s.01k8rhncp4jt1\/2026\/01\/e9c581b3-4f0b-4950-b5ca-83dd270c0175_1200x675.jpg","keywords":["Arbeloa","Benfica","futebol","Jos\u00e9 Mourinho","mundial","Real Madrid"],"articleSection":["Desporto","Futebol"],"inLanguage":"pt-PT"},{"@type":"WebPage","@id":"https:\/\/portaltela.pt\/noticias\/2026\/01\/28\/mourinho-diz-que-schjelderup-evoluiu-desde-a-chegada\/","url":"https:\/\/portaltela.pt\/noticias\/2026\/01\/28\/mourinho-diz-que-schjelderup-evoluiu-desde-a-chegada\/","name":"Mourinho diz que Schjelderup evoluiu desde a chegada - Portal Tela Portugal","isPartOf":{"@id":"https:\/\/portaltela.pt\/#website"},"primaryImageOfPage":{"@id":"https:\/\/portaltela.pt\/noticias\/2026\/01\/28\/mourinho-diz-que-schjelderup-evoluiu-desde-a-chegada\/#primaryimage"},"image":{"@id":"https:\/\/portaltela.pt\/noticias\/2026\/01\/28\/mourinho-diz-que-schjelderup-evoluiu-desde-a-chegada\/#primaryimage"},"thumbnailUrl":"https:\/\/portaltela.pt\/s.01k8rhncp4jt1\/2026\/01\/e9c581b3-4f0b-4950-b5ca-83dd270c0175_1200x675.jpg","datePublished":"2026-01-28T23:59:00+00:00","author":{"@id":"https:\/\/portaltela.pt\/#\/schema\/person\/c4278d4a6028830caff9ee44b42d32ed"},"breadcrumb":{"@id":"https:\/\/portaltela.pt\/noticias\/2026\/01\/28\/mourinho-diz-que-schjelderup-evoluiu-desde-a-chegada\/#breadcrumb"},"inLanguage":"pt-PT","potentialAction":[{"@type":"ReadAction","target":["https:\/\/portaltela.pt\/noticias\/2026\/01\/28\/mourinho-diz-que-schjelderup-evoluiu-desde-a-chegada\/"]}]},{"@type":"ImageObject","inLanguage":"pt-PT","@id":"https:\/\/portaltela.pt\/noticias\/2026\/01\/28\/mourinho-diz-que-schjelderup-evoluiu-desde-a-chegada\/#primaryimage","url":"https:\/\/portaltela.pt\/s.01k8rhncp4jt1\/2026\/01\/e9c581b3-4f0b-4950-b5ca-83dd270c0175_1200x675.jpg","contentUrl":"https:\/\/portaltela.pt\/s.01k8rhncp4jt1\/2026\/01\/e9c581b3-4f0b-4950-b5ca-83dd270c0175_1200x675.jpg","width":796,"height":448,"caption":"Mourinho feliz com evolu\u00e7\u00e3o de Schjelderup"},{"@type":"BreadcrumbList","@id":"https:\/\/portaltela.pt\/noticias\/2026\/01\/28\/mourinho-diz-que-schjelderup-evoluiu-desde-a-chegada\/#breadcrumb","itemListElement":[{"@type":"ListItem","position":1,"name":"In\u00edcio","item":"https:\/\/portaltela.pt\/"},{"@type":"ListItem","position":2,"name":"Mourinho diz que Schjelderup evoluiu desde a chegada"}]},{"@type":"WebSite","@id":"https:\/\/portaltela.pt\/#website","url":"https:\/\/portaltela.pt\/","name":"Portal Tela Portugal","description":"","potentialAction":[{"@type":"SearchAction","target":{"@type":"EntryPoint","urlTemplate":"https:\/\/portaltela.pt\/?s={search_term_string}"},"query-input":{"@type":"PropertyValueSpecification","valueRequired":true,"valueName":"search_term_string"}}],"inLanguage":"pt-PT"},{"@type":"Person","@id":"https:\/\/portaltela.pt\/#\/schema\/person\/c4278d4a6028830caff9ee44b42d32ed","name":"Telinha","image":{"@type":"ImageObject","inLanguage":"pt-PT","@id":"https:\/\/portaltela.pt\/s.01k8rhncp4jt1\/2025\/11\/talking-bot-125x125.png","url":"https:\/\/portaltela.pt\/s.01k8rhncp4jt1\/2025\/11\/talking-bot-125x125.png","contentUrl":"https:\/\/portaltela.pt\/s.01k8rhncp4jt1\/2025\/11\/talking-bot-125x125.png","caption":"Telinha"},"sameAs":["https:\/\/portaltela.pt\/"],"url":"https:\/\/portaltela.pt\/por\/367410592786\/"}]}},"_links":{"self":[{"href":"https:\/\/portaltela.pt\/api\/wp\/v2\/posts\/180026","targetHints":{"allow":["GET"]}}],"collection":[{"href":"https:\/\/portaltela.pt\/api\/wp\/v2\/posts"}],"about":[{"href":"https:\/\/portaltela.pt\/api\/wp\/v2\/types\/post"}],"author":[{"embeddable":true,"href":"https:\/\/portaltela.pt\/api\/wp\/v2\/users\/2"}],"replies":[{"embeddable":true,"href":"https:\/\/portaltela.pt\/api\/wp\/v2\/comments?post=180026"}],"version-history":[{"count":0,"href":"https:\/\/portaltela.pt\/api\/wp\/v2\/posts\/180026\/revisions"}],"wp:featuredmedia":[{"embeddable":true,"href":"https:\/\/portaltela.pt\/api\/wp\/v2\/media\/180042"}],"wp:attachment":[{"href":"https:\/\/portaltela.pt\/api\/wp\/v2\/media?parent=180026"}],"wp:term":[{"taxonomy":"category","embeddable":true,"href":"https:\/\/portaltela.pt\/api\/wp\/v2\/categories?post=180026"},{"taxonomy":"post_tag","embeddable":true,"href":"https:\/\/portaltela.pt\/api\/wp\/v2\/tags?post=180026"}],"curies":[{"name":"wp","href":"https:\/\/api.w.org\/{rel}","templated":true}]}}