{"id":179889,"date":"2026-01-28T17:56:00","date_gmt":"2026-01-28T20:56:00","guid":{"rendered":"https:\/\/portaltela.pt\/noticias\/2026\/01\/28\/paises-baixos-chegam-a-acordo-para-formar-governo-minoritario\/"},"modified":"2026-01-28T17:56:00","modified_gmt":"2026-01-28T20:56:00","slug":"paises-baixos-chegam-a-acordo-para-formar-governo-minoritario","status":"publish","type":"post","link":"https:\/\/portaltela.pt\/noticias\/internacional\/2026\/01\/28\/paises-baixos-chegam-a-acordo-para-formar-governo-minoritario\/","title":{"rendered":"Pa\u00edses Baixos chegam a acordo para formar governo minorit\u00e1rio"},"content":{"rendered":"<p>Ap\u00f3s tr\u00eas meses de negocia\u00e7\u00f5es, tr\u00eas partidos holandeses chegaram a um acordo para formar um governo minorit\u00e1rio. A novidade \u00e9 rara na hist\u00f3ria pol\u00edtica dos Pa\u00edses Baixos.<\/p>\n<p>O executivo dever\u00e1 tomar posse at\u00e9 meados de fevereiro, conforme a imprensa internacional. O acordo ser\u00e1 formalmente apresentado na sexta-feira, quando os detalhes forem tornados p\u00fablicos.<\/p>\n<p>A coliga\u00e7\u00e3o envolve o D66, o VVD e os democratas-crist\u00e3os conservadores, reunindo 66 dos 150 lugares da C\u00e2mara Baixa. O PVV, de Geert Wilders, fica de fora.<\/p>\n<h3>Perspectivas da coliga\u00e7\u00e3o<\/h3>\n<p>Rob Jetten, de 38 anos, \u00e9 apontado como prov\u00e1vel primeiro-ministro, o que o tornaria o mais jovem da hist\u00f3ria do pa\u00eds. O programa dever\u00e1 incluir investimentos significativos em defesa e na Holanda.<\/p>\n<p>Entre os objetivos citados, constam maior seguran\u00e7a internacional e interna, habita\u00e7\u00e3o acess\u00edvel, controlo da migra\u00e7\u00e3o e investimento na nova economia. O governo minorit\u00e1rio dever\u00e1 negociar com a oposi\u00e7\u00e3o para aprovar medidas.<\/p>\n<p>A GroenLinks\/PvdA, maior for\u00e7a de oposi\u00e7\u00e3o, afirma que pretende uma oposi\u00e7\u00e3o respons\u00e1vel e aberta a acordos pontuais, sobretudo em quest\u00f5es ambientais e de habita\u00e7\u00e3o. Linhas vermelhas incluem carga fiscal, financiamento da sa\u00fade e flexibiliza\u00e7\u00e3o laboral.<\/p>\n","protected":false},"excerpt":{"rendered":"<ul>\n<li>Pa\u00edses Baixos dever\u00e3o formar governo minorit\u00e1rio entre tr\u00eas partidos: D66, democratas-crist\u00e3os conservadores (CDA) e o Partido Popular pela Liberdade e Democracia (VVD), com 66 assentos em 150 na c\u00e2mara baixa.<\/li>\n<li>O acordo entre as alian\u00e7as foi alcan\u00e7ado ap\u00f3s tr\u00eas meses de negocia\u00e7\u00f5es e dever\u00e1 ser formalizado na sexta-feira, com a tomada de posse prevista para meados de fevereiro.<\/li>\n<li>Rob Jetten, o prov\u00e1vel primeiro-ministro aos 38 anos, indicou que o programa incluir\u00e1 investimentos significativos em defesa e na Holanda.<\/li>\n<li>O PVV de Geert Wilders fica de fora da coliga\u00e7\u00e3o, que passa a enfrentar o maior grupo de oposi\u00e7\u00e3o, principalmente GroenLinks\/PvdA, que promete agir de forma respons\u00e1vel.<\/li>\n<li>Detalhes do programa ser\u00e3o divulgados na sexta-feira, ap\u00f3s o acordo ser apresentado; a coliga\u00e7\u00e3o n\u00e3o tem maioria nem no Parlamento nem no Senado, exigindo negocia\u00e7\u00f5es caso a caso com a oposi\u00e7\u00e3o.<\/li>\n<\/ul>\n","protected":false},"author":2,"featured_media":179901,"comment_status":"closed","ping_status":"closed","sticky":false,"template":"","format":"standard","meta":{"footnotes":""},"categories":[4,1],"tags":[1338,34,81,1809,2832,229],"class_list":["post-179889","post","type-post","status-publish","format-standard","has-post-thumbnail","hentry","category-internacional","category-noticias","tag-coalizao-internacional","tag-governo","tag-internacionais","tag-paises-baixos","tag-politica","tag-politica-publica"],"yoast_head":"<!-- This site is optimized with the Yoast SEO plugin v27.2 - https:\/\/yoast.com\/product\/yoast-seo-wordpress\/ -->\n<title>Pa\u00edses Baixos chegam a acordo para formar governo minorit\u00e1rio - Portal Tela Portugal<\/title>\n<meta name=\"robots\" content=\"index, follow, max-snippet:-1, max-image-preview:large, max-video-preview:-1\" \/>\n<meta property=\"og:locale\" content=\"pt_PT\" \/>\n<meta property=\"og:type\" content=\"article\" \/>\n<meta property=\"og:title\" content=\"Pa\u00edses Baixos chegam a acordo para formar governo minorit\u00e1rio - Portal Tela Portugal\" \/>\n<meta property=\"og:description\" content=\"Pa\u00edses Baixos dever\u00e3o formar governo minorit\u00e1rio entre tr\u00eas partidos: D66, democratas-crist\u00e3os conservadores (CDA) e o Partido Popular pela Liberdade e Democracia (VVD), com 66 assentos em 150 na c\u00e2mara baixa. O acordo entre as alian\u00e7as foi alcan\u00e7ado ap\u00f3s tr\u00eas meses de negocia\u00e7\u00f5es e dever\u00e1 ser formalizado na sexta-feira, com a tomada de posse prevista para meados de fevereiro. Rob Jetten, o prov\u00e1vel primeiro-ministro aos 38 anos, indicou que o programa incluir\u00e1 investimentos significativos em defesa e na Holanda. O PVV de Geert Wilders fica de fora da coliga\u00e7\u00e3o, que passa a enfrentar o maior grupo de oposi\u00e7\u00e3o, principalmente GroenLinks\/PvdA, que promete agir de forma respons\u00e1vel. Detalhes do programa ser\u00e3o divulgados na sexta-feira, ap\u00f3s o acordo ser apresentado; a coliga\u00e7\u00e3o n\u00e3o tem maioria nem no Parlamento nem no Senado, exigindo negocia\u00e7\u00f5es caso a caso com a oposi\u00e7\u00e3o.\" \/>\n<meta property=\"og:url\" content=\"https:\/\/portaltela.pt\/noticias\/2026\/01\/28\/paises-baixos-chegam-a-acordo-para-formar-governo-minoritario\/\" \/>\n<meta property=\"og:site_name\" content=\"Portal Tela Portugal\" \/>\n<meta property=\"article:published_time\" content=\"2026-01-28T20:56:00+00:00\" \/>\n<meta name=\"author\" content=\"Telinha\" \/>\n<meta name=\"twitter:card\" content=\"summary_large_image\" \/>\n<meta name=\"twitter:label1\" content=\"Escrito por\" \/>\n\t<meta name=\"twitter:data1\" content=\"Telinha\" \/>\n\t<meta name=\"twitter:label2\" content=\"Tempo estimado de leitura\" \/>\n\t<meta name=\"twitter:data2\" content=\"1 minuto\" \/>\n<script type=\"application\/ld+json\" class=\"yoast-schema-graph\">{\"@context\":\"https:\/\/schema.org\",\"@graph\":[{\"@type\":\"Article\",\"@id\":\"https:\/\/portaltela.pt\/noticias\/2026\/01\/28\/paises-baixos-chegam-a-acordo-para-formar-governo-minoritario\/#article\",\"isPartOf\":{\"@id\":\"https:\/\/portaltela.pt\/noticias\/2026\/01\/28\/paises-baixos-chegam-a-acordo-para-formar-governo-minoritario\/\"},\"author\":{\"name\":\"Telinha\",\"@id\":\"https:\/\/portaltela.pt\/#\/schema\/person\/c4278d4a6028830caff9ee44b42d32ed\"},\"headline\":\"Pa\u00edses Baixos chegam a acordo para formar governo minorit\u00e1rio\",\"datePublished\":\"2026-01-28T20:56:00+00:00\",\"mainEntityOfPage\":{\"@id\":\"https:\/\/portaltela.pt\/noticias\/2026\/01\/28\/paises-baixos-chegam-a-acordo-para-formar-governo-minoritario\/\"},\"wordCount\":218,\"image\":{\"@id\":\"https:\/\/portaltela.pt\/noticias\/2026\/01\/28\/paises-baixos-chegam-a-acordo-para-formar-governo-minoritario\/#primaryimage\"},\"thumbnailUrl\":\"https:\/\/portaltela.pt\/s.01k8rhncp4jt1\/2026\/01\/unnamed-file-5668.jpg\",\"keywords\":[\"coaliz\u00e3o internacional\",\"governo\",\"internacionais\",\"Pa\u00edses Baixos\",\"pol\u00edtica\",\"pol\u00edtica p\u00fablica\"],\"articleSection\":[\"Internacional\",\"Not\u00edcias\"],\"inLanguage\":\"pt-PT\"},{\"@type\":\"WebPage\",\"@id\":\"https:\/\/portaltela.pt\/noticias\/2026\/01\/28\/paises-baixos-chegam-a-acordo-para-formar-governo-minoritario\/\",\"url\":\"https:\/\/portaltela.pt\/noticias\/2026\/01\/28\/paises-baixos-chegam-a-acordo-para-formar-governo-minoritario\/\",\"name\":\"Pa\u00edses Baixos chegam a acordo para formar governo minorit\u00e1rio - Portal Tela Portugal\",\"isPartOf\":{\"@id\":\"https:\/\/portaltela.pt\/#website\"},\"primaryImageOfPage\":{\"@id\":\"https:\/\/portaltela.pt\/noticias\/2026\/01\/28\/paises-baixos-chegam-a-acordo-para-formar-governo-minoritario\/#primaryimage\"},\"image\":{\"@id\":\"https:\/\/portaltela.pt\/noticias\/2026\/01\/28\/paises-baixos-chegam-a-acordo-para-formar-governo-minoritario\/#primaryimage\"},\"thumbnailUrl\":\"https:\/\/portaltela.pt\/s.01k8rhncp4jt1\/2026\/01\/unnamed-file-5668.jpg\",\"datePublished\":\"2026-01-28T20:56:00+00:00\",\"author\":{\"@id\":\"https:\/\/portaltela.pt\/#\/schema\/person\/c4278d4a6028830caff9ee44b42d32ed\"},\"breadcrumb\":{\"@id\":\"https:\/\/portaltela.pt\/noticias\/2026\/01\/28\/paises-baixos-chegam-a-acordo-para-formar-governo-minoritario\/#breadcrumb\"},\"inLanguage\":\"pt-PT\",\"potentialAction\":[{\"@type\":\"ReadAction\",\"target\":[\"https:\/\/portaltela.pt\/noticias\/2026\/01\/28\/paises-baixos-chegam-a-acordo-para-formar-governo-minoritario\/\"]}]},{\"@type\":\"ImageObject\",\"inLanguage\":\"pt-PT\",\"@id\":\"https:\/\/portaltela.pt\/noticias\/2026\/01\/28\/paises-baixos-chegam-a-acordo-para-formar-governo-minoritario\/#primaryimage\",\"url\":\"https:\/\/portaltela.pt\/s.01k8rhncp4jt1\/2026\/01\/unnamed-file-5668.jpg\",\"contentUrl\":\"https:\/\/portaltela.pt\/s.01k8rhncp4jt1\/2026\/01\/unnamed-file-5668.jpg\",\"width\":796,\"height\":448,\"caption\":\"Pa\u00edses Baixos chegam a acordo para formar governo minorit\u00e1rio\"},{\"@type\":\"BreadcrumbList\",\"@id\":\"https:\/\/portaltela.pt\/noticias\/2026\/01\/28\/paises-baixos-chegam-a-acordo-para-formar-governo-minoritario\/#breadcrumb\",\"itemListElement\":[{\"@type\":\"ListItem\",\"position\":1,\"name\":\"In\u00edcio\",\"item\":\"https:\/\/portaltela.pt\/\"},{\"@type\":\"ListItem\",\"position\":2,\"name\":\"Pa\u00edses Baixos chegam a acordo para formar governo minorit\u00e1rio\"}]},{\"@type\":\"WebSite\",\"@id\":\"https:\/\/portaltela.pt\/#website\",\"url\":\"https:\/\/portaltela.pt\/\",\"name\":\"Portal Tela Portugal\",\"description\":\"\",\"potentialAction\":[{\"@type\":\"SearchAction\",\"target\":{\"@type\":\"EntryPoint\",\"urlTemplate\":\"https:\/\/portaltela.pt\/?s={search_term_string}\"},\"query-input\":{\"@type\":\"PropertyValueSpecification\",\"valueRequired\":true,\"valueName\":\"search_term_string\"}}],\"inLanguage\":\"pt-PT\"},{\"@type\":\"Person\",\"@id\":\"https:\/\/portaltela.pt\/#\/schema\/person\/c4278d4a6028830caff9ee44b42d32ed\",\"name\":\"Telinha\",\"image\":{\"@type\":\"ImageObject\",\"inLanguage\":\"pt-PT\",\"@id\":\"https:\/\/portaltela.pt\/s.01k8rhncp4jt1\/2025\/11\/talking-bot-125x125.png\",\"url\":\"https:\/\/portaltela.pt\/s.01k8rhncp4jt1\/2025\/11\/talking-bot-125x125.png\",\"contentUrl\":\"https:\/\/portaltela.pt\/s.01k8rhncp4jt1\/2025\/11\/talking-bot-125x125.png\",\"caption\":\"Telinha\"},\"sameAs\":[\"https:\/\/portaltela.pt\/\"],\"url\":\"https:\/\/portaltela.pt\/por\/367410592786\/\"}]}<\/script>\n<!-- \/ Yoast SEO plugin. -->","yoast_head_json":{"title":"Pa\u00edses Baixos chegam a acordo para formar governo minorit\u00e1rio - Portal Tela Portugal","robots":{"index":"index","follow":"follow","max-snippet":"max-snippet:-1","max-image-preview":"max-image-preview:large","max-video-preview":"max-video-preview:-1"},"og_locale":"pt_PT","og_type":"article","og_title":"Pa\u00edses Baixos chegam a acordo para formar governo minorit\u00e1rio - Portal Tela Portugal","og_description":"Pa\u00edses Baixos dever\u00e3o formar governo minorit\u00e1rio entre tr\u00eas partidos: D66, democratas-crist\u00e3os conservadores (CDA) e o Partido Popular pela Liberdade e Democracia (VVD), com 66 assentos em 150 na c\u00e2mara baixa. O acordo entre as alian\u00e7as foi alcan\u00e7ado ap\u00f3s tr\u00eas meses de negocia\u00e7\u00f5es e dever\u00e1 ser formalizado na sexta-feira, com a tomada de posse prevista para meados de fevereiro. Rob Jetten, o prov\u00e1vel primeiro-ministro aos 38 anos, indicou que o programa incluir\u00e1 investimentos significativos em defesa e na Holanda. O PVV de Geert Wilders fica de fora da coliga\u00e7\u00e3o, que passa a enfrentar o maior grupo de oposi\u00e7\u00e3o, principalmente GroenLinks\/PvdA, que promete agir de forma respons\u00e1vel. Detalhes do programa ser\u00e3o divulgados na sexta-feira, ap\u00f3s o acordo ser apresentado; a coliga\u00e7\u00e3o n\u00e3o tem maioria nem no Parlamento nem no Senado, exigindo negocia\u00e7\u00f5es caso a caso com a oposi\u00e7\u00e3o.","og_url":"https:\/\/portaltela.pt\/noticias\/2026\/01\/28\/paises-baixos-chegam-a-acordo-para-formar-governo-minoritario\/","og_site_name":"Portal Tela Portugal","article_published_time":"2026-01-28T20:56:00+00:00","author":"Telinha","twitter_card":"summary_large_image","twitter_misc":{"Escrito por":"Telinha","Tempo estimado de leitura":"1 minuto"},"schema":{"@context":"https:\/\/schema.org","@graph":[{"@type":"Article","@id":"https:\/\/portaltela.pt\/noticias\/2026\/01\/28\/paises-baixos-chegam-a-acordo-para-formar-governo-minoritario\/#article","isPartOf":{"@id":"https:\/\/portaltela.pt\/noticias\/2026\/01\/28\/paises-baixos-chegam-a-acordo-para-formar-governo-minoritario\/"},"author":{"name":"Telinha","@id":"https:\/\/portaltela.pt\/#\/schema\/person\/c4278d4a6028830caff9ee44b42d32ed"},"headline":"Pa\u00edses Baixos chegam a acordo para formar governo minorit\u00e1rio","datePublished":"2026-01-28T20:56:00+00:00","mainEntityOfPage":{"@id":"https:\/\/portaltela.pt\/noticias\/2026\/01\/28\/paises-baixos-chegam-a-acordo-para-formar-governo-minoritario\/"},"wordCount":218,"image":{"@id":"https:\/\/portaltela.pt\/noticias\/2026\/01\/28\/paises-baixos-chegam-a-acordo-para-formar-governo-minoritario\/#primaryimage"},"thumbnailUrl":"https:\/\/portaltela.pt\/s.01k8rhncp4jt1\/2026\/01\/unnamed-file-5668.jpg","keywords":["coaliz\u00e3o internacional","governo","internacionais","Pa\u00edses Baixos","pol\u00edtica","pol\u00edtica p\u00fablica"],"articleSection":["Internacional","Not\u00edcias"],"inLanguage":"pt-PT"},{"@type":"WebPage","@id":"https:\/\/portaltela.pt\/noticias\/2026\/01\/28\/paises-baixos-chegam-a-acordo-para-formar-governo-minoritario\/","url":"https:\/\/portaltela.pt\/noticias\/2026\/01\/28\/paises-baixos-chegam-a-acordo-para-formar-governo-minoritario\/","name":"Pa\u00edses Baixos chegam a acordo para formar governo minorit\u00e1rio - Portal Tela Portugal","isPartOf":{"@id":"https:\/\/portaltela.pt\/#website"},"primaryImageOfPage":{"@id":"https:\/\/portaltela.pt\/noticias\/2026\/01\/28\/paises-baixos-chegam-a-acordo-para-formar-governo-minoritario\/#primaryimage"},"image":{"@id":"https:\/\/portaltela.pt\/noticias\/2026\/01\/28\/paises-baixos-chegam-a-acordo-para-formar-governo-minoritario\/#primaryimage"},"thumbnailUrl":"https:\/\/portaltela.pt\/s.01k8rhncp4jt1\/2026\/01\/unnamed-file-5668.jpg","datePublished":"2026-01-28T20:56:00+00:00","author":{"@id":"https:\/\/portaltela.pt\/#\/schema\/person\/c4278d4a6028830caff9ee44b42d32ed"},"breadcrumb":{"@id":"https:\/\/portaltela.pt\/noticias\/2026\/01\/28\/paises-baixos-chegam-a-acordo-para-formar-governo-minoritario\/#breadcrumb"},"inLanguage":"pt-PT","potentialAction":[{"@type":"ReadAction","target":["https:\/\/portaltela.pt\/noticias\/2026\/01\/28\/paises-baixos-chegam-a-acordo-para-formar-governo-minoritario\/"]}]},{"@type":"ImageObject","inLanguage":"pt-PT","@id":"https:\/\/portaltela.pt\/noticias\/2026\/01\/28\/paises-baixos-chegam-a-acordo-para-formar-governo-minoritario\/#primaryimage","url":"https:\/\/portaltela.pt\/s.01k8rhncp4jt1\/2026\/01\/unnamed-file-5668.jpg","contentUrl":"https:\/\/portaltela.pt\/s.01k8rhncp4jt1\/2026\/01\/unnamed-file-5668.jpg","width":796,"height":448,"caption":"Pa\u00edses Baixos chegam a acordo para formar governo minorit\u00e1rio"},{"@type":"BreadcrumbList","@id":"https:\/\/portaltela.pt\/noticias\/2026\/01\/28\/paises-baixos-chegam-a-acordo-para-formar-governo-minoritario\/#breadcrumb","itemListElement":[{"@type":"ListItem","position":1,"name":"In\u00edcio","item":"https:\/\/portaltela.pt\/"},{"@type":"ListItem","position":2,"name":"Pa\u00edses Baixos chegam a acordo para formar governo minorit\u00e1rio"}]},{"@type":"WebSite","@id":"https:\/\/portaltela.pt\/#website","url":"https:\/\/portaltela.pt\/","name":"Portal Tela Portugal","description":"","potentialAction":[{"@type":"SearchAction","target":{"@type":"EntryPoint","urlTemplate":"https:\/\/portaltela.pt\/?s={search_term_string}"},"query-input":{"@type":"PropertyValueSpecification","valueRequired":true,"valueName":"search_term_string"}}],"inLanguage":"pt-PT"},{"@type":"Person","@id":"https:\/\/portaltela.pt\/#\/schema\/person\/c4278d4a6028830caff9ee44b42d32ed","name":"Telinha","image":{"@type":"ImageObject","inLanguage":"pt-PT","@id":"https:\/\/portaltela.pt\/s.01k8rhncp4jt1\/2025\/11\/talking-bot-125x125.png","url":"https:\/\/portaltela.pt\/s.01k8rhncp4jt1\/2025\/11\/talking-bot-125x125.png","contentUrl":"https:\/\/portaltela.pt\/s.01k8rhncp4jt1\/2025\/11\/talking-bot-125x125.png","caption":"Telinha"},"sameAs":["https:\/\/portaltela.pt\/"],"url":"https:\/\/portaltela.pt\/por\/367410592786\/"}]}},"_links":{"self":[{"href":"https:\/\/portaltela.pt\/api\/wp\/v2\/posts\/179889","targetHints":{"allow":["GET"]}}],"collection":[{"href":"https:\/\/portaltela.pt\/api\/wp\/v2\/posts"}],"about":[{"href":"https:\/\/portaltela.pt\/api\/wp\/v2\/types\/post"}],"author":[{"embeddable":true,"href":"https:\/\/portaltela.pt\/api\/wp\/v2\/users\/2"}],"replies":[{"embeddable":true,"href":"https:\/\/portaltela.pt\/api\/wp\/v2\/comments?post=179889"}],"version-history":[{"count":0,"href":"https:\/\/portaltela.pt\/api\/wp\/v2\/posts\/179889\/revisions"}],"wp:featuredmedia":[{"embeddable":true,"href":"https:\/\/portaltela.pt\/api\/wp\/v2\/media\/179901"}],"wp:attachment":[{"href":"https:\/\/portaltela.pt\/api\/wp\/v2\/media?parent=179889"}],"wp:term":[{"taxonomy":"category","embeddable":true,"href":"https:\/\/portaltela.pt\/api\/wp\/v2\/categories?post=179889"},{"taxonomy":"post_tag","embeddable":true,"href":"https:\/\/portaltela.pt\/api\/wp\/v2\/tags?post=179889"}],"curies":[{"name":"wp","href":"https:\/\/api.w.org\/{rel}","templated":true}]}}