{"id":179866,"date":"2026-01-28T18:30:00","date_gmt":"2026-01-28T21:30:00","guid":{"rendered":"https:\/\/portaltela.pt\/noticias\/2026\/01\/28\/alfandega-do-porto-tera-biblioteca-muito-generosa\/"},"modified":"2026-01-28T18:30:00","modified_gmt":"2026-01-28T21:30:00","slug":"alfandega-do-porto-tera-biblioteca-muito-generosa","status":"publish","type":"post","link":"https:\/\/portaltela.pt\/noticias\/2026\/01\/28\/alfandega-do-porto-tera-biblioteca-muito-generosa\/","title":{"rendered":"Alf\u00e2ndega do Porto ter\u00e1 biblioteca muito generosa"},"content":{"rendered":"<p>A C\u00e2mara do Porto avan\u00e7a com a expans\u00e3o da Biblioteca Errante, com a cria\u00e7\u00e3o de um novo polo na Alf\u00e2ndega. A medida foi anunciada pelo vereador da Cultura durante uma visita \u00e0 Biblioteca de Peri\u00f3dicos.<\/p>\n<p>A futura biblioteca na Alf\u00e2ndega ter\u00e1 cerca de 500 metros quadrados e ser\u00e1 descrita como muito generosa e pluritem\u00e1tica. O objetivo \u00e9 abrir o espa\u00e7o at\u00e9 ao final do ano, conforme avan\u00e7ou o autarca.<\/p>\n<p>Al\u00e9m da Alf\u00e2ndega, o munic\u00edpio pretende criar bibliotecas de proximidade em parques p\u00fablicos, come\u00e7ando pelo do Covelo. O objetivo \u00e9 tornar a leitura mais acess\u00edvel nos espa\u00e7os ao ar livre.<\/p>\n<h3>Desdobramentos e investimento<\/h3>\n<p>Prev\u00ea-se ainda a cria\u00e7\u00e3o de uma Casa Forte na Biblioteca Almeida Garrett, a instalar no Pal\u00e1cio de Cristal. O projeto ter\u00e1 um custo estimado de cerca de meio milh\u00e3o de euros.<\/p>\n<p>A Casa Forte dever\u00e1 albergar o acervo documental mais precioso da Biblioteca Municipal, incluindo manuscritos de escritores dos s\u00e9culos XIX e XX, at\u00e9 que o edif\u00edcio de S. L\u00e1zaro volte a funcionar.<\/p>\n<p>O autarca informou que o objetivo \u00e9 dar visibilidade \u00e0 nova Biblioteca de Peri\u00f3dicos, situada na antiga Ramalho Ortig\u00e3o, pr\u00f3xima da Igreja do Bonfim, e incentivar a participa\u00e7\u00e3o da comunidade portuense.<\/p>\n","protected":false},"excerpt":{"rendered":"<ul>\n<li>A C\u00e2mara do Porto vai abrir um polo da Biblioteca Errante no edif\u00edcio da Alf\u00e2ndega, com cerca de 500 metros quadrados, at\u00e9 ao final do ano.<\/li>\n<li>A iniciativa faz parte de um plano mais amplo de criar bibliotecas de proximidade em parques p\u00fablicos, como no Covelo.<\/li>\n<li>Tamb\u00e9m est\u00e1 prevista a cria\u00e7\u00e3o de uma Casa Forte na Biblioteca Almeida Garrett, no Pal\u00e1cio de Cristal, a custar cerca de meio milh\u00e3o de euros.<\/li>\n<li>O objetivo \u00e9 deslocar, temporariamente, parte do acervo mais precioso da Biblioteca Municipal para a Casa Forte at\u00e9 \u00e0 reabertura de S. L\u00e1zaro.<\/li>\n<li>O vereador da Cultura, Jorge Sobrado, espera vencer a invisibilidade da nova Biblioteca de Peri\u00f3dicos, situada na antiga Ramalho Ortig\u00e3o, perto da Igreja do Bonfim.<\/li>\n<\/ul>\n","protected":false},"author":2,"featured_media":179874,"comment_status":"closed","ping_status":"closed","sticky":false,"template":"","format":"standard","meta":{"footnotes":""},"categories":[1],"tags":[2231,4212,1078,145,2719,982],"class_list":["post-179866","post","type-post","status-publish","format-standard","has-post-thumbnail","hentry","category-noticias","tag-alfandega","tag-almeida","tag-bibliotecas-arquivos","tag-cultura","tag-leitura","tag-porto"],"yoast_head":"<!-- This site is optimized with the Yoast SEO plugin v27.2 - https:\/\/yoast.com\/product\/yoast-seo-wordpress\/ -->\n<title>Alf\u00e2ndega do Porto ter\u00e1 biblioteca muito generosa - Portal Tela Portugal<\/title>\n<meta name=\"robots\" content=\"index, follow, max-snippet:-1, max-image-preview:large, max-video-preview:-1\" \/>\n<meta property=\"og:locale\" content=\"pt_PT\" \/>\n<meta property=\"og:type\" content=\"article\" \/>\n<meta property=\"og:title\" content=\"Alf\u00e2ndega do Porto ter\u00e1 biblioteca muito generosa - Portal Tela Portugal\" \/>\n<meta property=\"og:description\" content=\"A C\u00e2mara do Porto vai abrir um polo da Biblioteca Errante no edif\u00edcio da Alf\u00e2ndega, com cerca de 500 metros quadrados, at\u00e9 ao final do ano. A iniciativa faz parte de um plano mais amplo de criar bibliotecas de proximidade em parques p\u00fablicos, como no Covelo. Tamb\u00e9m est\u00e1 prevista a cria\u00e7\u00e3o de uma Casa Forte na Biblioteca Almeida Garrett, no Pal\u00e1cio de Cristal, a custar cerca de meio milh\u00e3o de euros. O objetivo \u00e9 deslocar, temporariamente, parte do acervo mais precioso da Biblioteca Municipal para a Casa Forte at\u00e9 \u00e0 reabertura de S. L\u00e1zaro. O vereador da Cultura, Jorge Sobrado, espera vencer a invisibilidade da nova Biblioteca de Peri\u00f3dicos, situada na antiga Ramalho Ortig\u00e3o, perto da Igreja do Bonfim.\" \/>\n<meta property=\"og:url\" content=\"https:\/\/portaltela.pt\/noticias\/2026\/01\/28\/alfandega-do-porto-tera-biblioteca-muito-generosa\/\" \/>\n<meta property=\"og:site_name\" content=\"Portal Tela Portugal\" \/>\n<meta property=\"article:published_time\" content=\"2026-01-28T21:30:00+00:00\" \/>\n<meta name=\"author\" content=\"Telinha\" \/>\n<meta name=\"twitter:card\" content=\"summary_large_image\" \/>\n<meta name=\"twitter:label1\" content=\"Escrito por\" \/>\n\t<meta name=\"twitter:data1\" content=\"Telinha\" \/>\n\t<meta name=\"twitter:label2\" content=\"Tempo estimado de leitura\" \/>\n\t<meta name=\"twitter:data2\" content=\"1 minuto\" \/>\n<script type=\"application\/ld+json\" class=\"yoast-schema-graph\">{\"@context\":\"https:\/\/schema.org\",\"@graph\":[{\"@type\":\"Article\",\"@id\":\"https:\/\/portaltela.pt\/noticias\/2026\/01\/28\/alfandega-do-porto-tera-biblioteca-muito-generosa\/#article\",\"isPartOf\":{\"@id\":\"https:\/\/portaltela.pt\/noticias\/2026\/01\/28\/alfandega-do-porto-tera-biblioteca-muito-generosa\/\"},\"author\":{\"name\":\"Telinha\",\"@id\":\"https:\/\/portaltela.pt\/#\/schema\/person\/c4278d4a6028830caff9ee44b42d32ed\"},\"headline\":\"Alf\u00e2ndega do Porto ter\u00e1 biblioteca muito generosa\",\"datePublished\":\"2026-01-28T21:30:00+00:00\",\"mainEntityOfPage\":{\"@id\":\"https:\/\/portaltela.pt\/noticias\/2026\/01\/28\/alfandega-do-porto-tera-biblioteca-muito-generosa\/\"},\"wordCount\":226,\"image\":{\"@id\":\"https:\/\/portaltela.pt\/noticias\/2026\/01\/28\/alfandega-do-porto-tera-biblioteca-muito-generosa\/#primaryimage\"},\"thumbnailUrl\":\"https:\/\/portaltela.pt\/s.01k8rhncp4jt1\/2026\/01\/image-2003.jpg\",\"keywords\":[\"Alf\u00e2ndega\",\"Almeida\",\"bibliotecas\/arquivos\",\"cultura\",\"leitura\",\"Porto\"],\"articleSection\":[\"Not\u00edcias\"],\"inLanguage\":\"pt-PT\"},{\"@type\":\"WebPage\",\"@id\":\"https:\/\/portaltela.pt\/noticias\/2026\/01\/28\/alfandega-do-porto-tera-biblioteca-muito-generosa\/\",\"url\":\"https:\/\/portaltela.pt\/noticias\/2026\/01\/28\/alfandega-do-porto-tera-biblioteca-muito-generosa\/\",\"name\":\"Alf\u00e2ndega do Porto ter\u00e1 biblioteca muito generosa - Portal Tela Portugal\",\"isPartOf\":{\"@id\":\"https:\/\/portaltela.pt\/#website\"},\"primaryImageOfPage\":{\"@id\":\"https:\/\/portaltela.pt\/noticias\/2026\/01\/28\/alfandega-do-porto-tera-biblioteca-muito-generosa\/#primaryimage\"},\"image\":{\"@id\":\"https:\/\/portaltela.pt\/noticias\/2026\/01\/28\/alfandega-do-porto-tera-biblioteca-muito-generosa\/#primaryimage\"},\"thumbnailUrl\":\"https:\/\/portaltela.pt\/s.01k8rhncp4jt1\/2026\/01\/image-2003.jpg\",\"datePublished\":\"2026-01-28T21:30:00+00:00\",\"author\":{\"@id\":\"https:\/\/portaltela.pt\/#\/schema\/person\/c4278d4a6028830caff9ee44b42d32ed\"},\"breadcrumb\":{\"@id\":\"https:\/\/portaltela.pt\/noticias\/2026\/01\/28\/alfandega-do-porto-tera-biblioteca-muito-generosa\/#breadcrumb\"},\"inLanguage\":\"pt-PT\",\"potentialAction\":[{\"@type\":\"ReadAction\",\"target\":[\"https:\/\/portaltela.pt\/noticias\/2026\/01\/28\/alfandega-do-porto-tera-biblioteca-muito-generosa\/\"]}]},{\"@type\":\"ImageObject\",\"inLanguage\":\"pt-PT\",\"@id\":\"https:\/\/portaltela.pt\/noticias\/2026\/01\/28\/alfandega-do-porto-tera-biblioteca-muito-generosa\/#primaryimage\",\"url\":\"https:\/\/portaltela.pt\/s.01k8rhncp4jt1\/2026\/01\/image-2003.jpg\",\"contentUrl\":\"https:\/\/portaltela.pt\/s.01k8rhncp4jt1\/2026\/01\/image-2003.jpg\",\"width\":796,\"height\":448,\"caption\":\"Vereador da Cultura visitou Biblioteca de Peri\u00f3dicos\"},{\"@type\":\"BreadcrumbList\",\"@id\":\"https:\/\/portaltela.pt\/noticias\/2026\/01\/28\/alfandega-do-porto-tera-biblioteca-muito-generosa\/#breadcrumb\",\"itemListElement\":[{\"@type\":\"ListItem\",\"position\":1,\"name\":\"In\u00edcio\",\"item\":\"https:\/\/portaltela.pt\/\"},{\"@type\":\"ListItem\",\"position\":2,\"name\":\"Alf\u00e2ndega do Porto ter\u00e1 biblioteca muito generosa\"}]},{\"@type\":\"WebSite\",\"@id\":\"https:\/\/portaltela.pt\/#website\",\"url\":\"https:\/\/portaltela.pt\/\",\"name\":\"Portal Tela Portugal\",\"description\":\"\",\"potentialAction\":[{\"@type\":\"SearchAction\",\"target\":{\"@type\":\"EntryPoint\",\"urlTemplate\":\"https:\/\/portaltela.pt\/?s={search_term_string}\"},\"query-input\":{\"@type\":\"PropertyValueSpecification\",\"valueRequired\":true,\"valueName\":\"search_term_string\"}}],\"inLanguage\":\"pt-PT\"},{\"@type\":\"Person\",\"@id\":\"https:\/\/portaltela.pt\/#\/schema\/person\/c4278d4a6028830caff9ee44b42d32ed\",\"name\":\"Telinha\",\"image\":{\"@type\":\"ImageObject\",\"inLanguage\":\"pt-PT\",\"@id\":\"https:\/\/portaltela.pt\/s.01k8rhncp4jt1\/2025\/11\/talking-bot-125x125.png\",\"url\":\"https:\/\/portaltela.pt\/s.01k8rhncp4jt1\/2025\/11\/talking-bot-125x125.png\",\"contentUrl\":\"https:\/\/portaltela.pt\/s.01k8rhncp4jt1\/2025\/11\/talking-bot-125x125.png\",\"caption\":\"Telinha\"},\"sameAs\":[\"https:\/\/portaltela.pt\/\"],\"url\":\"https:\/\/portaltela.pt\/por\/367410592786\/\"}]}<\/script>\n<!-- \/ Yoast SEO plugin. -->","yoast_head_json":{"title":"Alf\u00e2ndega do Porto ter\u00e1 biblioteca muito generosa - Portal Tela Portugal","robots":{"index":"index","follow":"follow","max-snippet":"max-snippet:-1","max-image-preview":"max-image-preview:large","max-video-preview":"max-video-preview:-1"},"og_locale":"pt_PT","og_type":"article","og_title":"Alf\u00e2ndega do Porto ter\u00e1 biblioteca muito generosa - Portal Tela Portugal","og_description":"A C\u00e2mara do Porto vai abrir um polo da Biblioteca Errante no edif\u00edcio da Alf\u00e2ndega, com cerca de 500 metros quadrados, at\u00e9 ao final do ano. A iniciativa faz parte de um plano mais amplo de criar bibliotecas de proximidade em parques p\u00fablicos, como no Covelo. Tamb\u00e9m est\u00e1 prevista a cria\u00e7\u00e3o de uma Casa Forte na Biblioteca Almeida Garrett, no Pal\u00e1cio de Cristal, a custar cerca de meio milh\u00e3o de euros. O objetivo \u00e9 deslocar, temporariamente, parte do acervo mais precioso da Biblioteca Municipal para a Casa Forte at\u00e9 \u00e0 reabertura de S. L\u00e1zaro. O vereador da Cultura, Jorge Sobrado, espera vencer a invisibilidade da nova Biblioteca de Peri\u00f3dicos, situada na antiga Ramalho Ortig\u00e3o, perto da Igreja do Bonfim.","og_url":"https:\/\/portaltela.pt\/noticias\/2026\/01\/28\/alfandega-do-porto-tera-biblioteca-muito-generosa\/","og_site_name":"Portal Tela Portugal","article_published_time":"2026-01-28T21:30:00+00:00","author":"Telinha","twitter_card":"summary_large_image","twitter_misc":{"Escrito por":"Telinha","Tempo estimado de leitura":"1 minuto"},"schema":{"@context":"https:\/\/schema.org","@graph":[{"@type":"Article","@id":"https:\/\/portaltela.pt\/noticias\/2026\/01\/28\/alfandega-do-porto-tera-biblioteca-muito-generosa\/#article","isPartOf":{"@id":"https:\/\/portaltela.pt\/noticias\/2026\/01\/28\/alfandega-do-porto-tera-biblioteca-muito-generosa\/"},"author":{"name":"Telinha","@id":"https:\/\/portaltela.pt\/#\/schema\/person\/c4278d4a6028830caff9ee44b42d32ed"},"headline":"Alf\u00e2ndega do Porto ter\u00e1 biblioteca muito generosa","datePublished":"2026-01-28T21:30:00+00:00","mainEntityOfPage":{"@id":"https:\/\/portaltela.pt\/noticias\/2026\/01\/28\/alfandega-do-porto-tera-biblioteca-muito-generosa\/"},"wordCount":226,"image":{"@id":"https:\/\/portaltela.pt\/noticias\/2026\/01\/28\/alfandega-do-porto-tera-biblioteca-muito-generosa\/#primaryimage"},"thumbnailUrl":"https:\/\/portaltela.pt\/s.01k8rhncp4jt1\/2026\/01\/image-2003.jpg","keywords":["Alf\u00e2ndega","Almeida","bibliotecas\/arquivos","cultura","leitura","Porto"],"articleSection":["Not\u00edcias"],"inLanguage":"pt-PT"},{"@type":"WebPage","@id":"https:\/\/portaltela.pt\/noticias\/2026\/01\/28\/alfandega-do-porto-tera-biblioteca-muito-generosa\/","url":"https:\/\/portaltela.pt\/noticias\/2026\/01\/28\/alfandega-do-porto-tera-biblioteca-muito-generosa\/","name":"Alf\u00e2ndega do Porto ter\u00e1 biblioteca muito generosa - Portal Tela Portugal","isPartOf":{"@id":"https:\/\/portaltela.pt\/#website"},"primaryImageOfPage":{"@id":"https:\/\/portaltela.pt\/noticias\/2026\/01\/28\/alfandega-do-porto-tera-biblioteca-muito-generosa\/#primaryimage"},"image":{"@id":"https:\/\/portaltela.pt\/noticias\/2026\/01\/28\/alfandega-do-porto-tera-biblioteca-muito-generosa\/#primaryimage"},"thumbnailUrl":"https:\/\/portaltela.pt\/s.01k8rhncp4jt1\/2026\/01\/image-2003.jpg","datePublished":"2026-01-28T21:30:00+00:00","author":{"@id":"https:\/\/portaltela.pt\/#\/schema\/person\/c4278d4a6028830caff9ee44b42d32ed"},"breadcrumb":{"@id":"https:\/\/portaltela.pt\/noticias\/2026\/01\/28\/alfandega-do-porto-tera-biblioteca-muito-generosa\/#breadcrumb"},"inLanguage":"pt-PT","potentialAction":[{"@type":"ReadAction","target":["https:\/\/portaltela.pt\/noticias\/2026\/01\/28\/alfandega-do-porto-tera-biblioteca-muito-generosa\/"]}]},{"@type":"ImageObject","inLanguage":"pt-PT","@id":"https:\/\/portaltela.pt\/noticias\/2026\/01\/28\/alfandega-do-porto-tera-biblioteca-muito-generosa\/#primaryimage","url":"https:\/\/portaltela.pt\/s.01k8rhncp4jt1\/2026\/01\/image-2003.jpg","contentUrl":"https:\/\/portaltela.pt\/s.01k8rhncp4jt1\/2026\/01\/image-2003.jpg","width":796,"height":448,"caption":"Vereador da Cultura visitou Biblioteca de Peri\u00f3dicos"},{"@type":"BreadcrumbList","@id":"https:\/\/portaltela.pt\/noticias\/2026\/01\/28\/alfandega-do-porto-tera-biblioteca-muito-generosa\/#breadcrumb","itemListElement":[{"@type":"ListItem","position":1,"name":"In\u00edcio","item":"https:\/\/portaltela.pt\/"},{"@type":"ListItem","position":2,"name":"Alf\u00e2ndega do Porto ter\u00e1 biblioteca muito generosa"}]},{"@type":"WebSite","@id":"https:\/\/portaltela.pt\/#website","url":"https:\/\/portaltela.pt\/","name":"Portal Tela Portugal","description":"","potentialAction":[{"@type":"SearchAction","target":{"@type":"EntryPoint","urlTemplate":"https:\/\/portaltela.pt\/?s={search_term_string}"},"query-input":{"@type":"PropertyValueSpecification","valueRequired":true,"valueName":"search_term_string"}}],"inLanguage":"pt-PT"},{"@type":"Person","@id":"https:\/\/portaltela.pt\/#\/schema\/person\/c4278d4a6028830caff9ee44b42d32ed","name":"Telinha","image":{"@type":"ImageObject","inLanguage":"pt-PT","@id":"https:\/\/portaltela.pt\/s.01k8rhncp4jt1\/2025\/11\/talking-bot-125x125.png","url":"https:\/\/portaltela.pt\/s.01k8rhncp4jt1\/2025\/11\/talking-bot-125x125.png","contentUrl":"https:\/\/portaltela.pt\/s.01k8rhncp4jt1\/2025\/11\/talking-bot-125x125.png","caption":"Telinha"},"sameAs":["https:\/\/portaltela.pt\/"],"url":"https:\/\/portaltela.pt\/por\/367410592786\/"}]}},"_links":{"self":[{"href":"https:\/\/portaltela.pt\/api\/wp\/v2\/posts\/179866","targetHints":{"allow":["GET"]}}],"collection":[{"href":"https:\/\/portaltela.pt\/api\/wp\/v2\/posts"}],"about":[{"href":"https:\/\/portaltela.pt\/api\/wp\/v2\/types\/post"}],"author":[{"embeddable":true,"href":"https:\/\/portaltela.pt\/api\/wp\/v2\/users\/2"}],"replies":[{"embeddable":true,"href":"https:\/\/portaltela.pt\/api\/wp\/v2\/comments?post=179866"}],"version-history":[{"count":0,"href":"https:\/\/portaltela.pt\/api\/wp\/v2\/posts\/179866\/revisions"}],"wp:featuredmedia":[{"embeddable":true,"href":"https:\/\/portaltela.pt\/api\/wp\/v2\/media\/179874"}],"wp:attachment":[{"href":"https:\/\/portaltela.pt\/api\/wp\/v2\/media?parent=179866"}],"wp:term":[{"taxonomy":"category","embeddable":true,"href":"https:\/\/portaltela.pt\/api\/wp\/v2\/categories?post=179866"},{"taxonomy":"post_tag","embeddable":true,"href":"https:\/\/portaltela.pt\/api\/wp\/v2\/tags?post=179866"}],"curies":[{"name":"wp","href":"https:\/\/api.w.org\/{rel}","templated":true}]}}