{"id":179808,"date":"2026-01-28T17:40:15","date_gmt":"2026-01-28T20:40:15","guid":{"rendered":"https:\/\/portaltela.pt\/noticias\/2026\/01\/28\/comunicado-reuniao-do-ccom-em-pampilhosa-da-serra-atualiza-situacao\/"},"modified":"2026-01-28T17:40:15","modified_gmt":"2026-01-28T20:40:15","slug":"comunicado-reuniao-do-ccom-em-pampilhosa-da-serra-atualiza-situacao","status":"publish","type":"post","link":"https:\/\/portaltela.pt\/noticias\/2026\/01\/28\/comunicado-reuniao-do-ccom-em-pampilhosa-da-serra-atualiza-situacao\/","title":{"rendered":"Comunicado: Reuni\u00e3o do CCOM em Pampilhosa da Serra atualiza situa\u00e7\u00e3o"},"content":{"rendered":"<p>O Centro de Coordena\u00e7\u00e3o Operacional Municipal (CCOM) de Pampilhosa da Serra voltou a reunir hoje, 28 de janeiro, \u00e0s 19h00, no Quartel dos Bombeiros Volunt\u00e1rios. O objetivo foi atualizar o ponto de situa\u00e7\u00e3o dos impactos da passagem da depress\u00e3o Kristin no concelho.<\/p>\n<p>A reuni\u00e3o foi dirigida pelo CCOM e contou com a participa\u00e7\u00e3o de equipas t\u00e9cnicas das entidades competentes. O encontro decorreu \u00e0 margem do estado de alerta e visou coordenar a\u00e7\u00f5es de resposta e desdobramentos.<\/p>\n<h3>Energia<\/h3>\n<p>A E-Redes informou que o fornecimento de eletricidade na vila dever\u00e1 ser restabelecido em breve. Equipes t\u00e9cnicas trabalham no terreno de forma cont\u00ednua para ligar as restantes localidades, assim que as condi\u00e7\u00f5es permitam.<\/p>\n<h3>\u00c1gua<\/h3>\n<p>A APIN indicou que o abastecimento de \u00e1gua permanece assegurado em todo o concelho, sem comprometer o servi\u00e7o \u00e0s fam\u00edlias e estabelecimentos.<\/p>\n<h3>Comunica\u00e7\u00f5es<\/h3>\n<p>Regista-se aus\u00eancia de comunica\u00e7\u00f5es em v\u00e1rias localidades, sem previs\u00e3o de restabelecimento total no momento.<\/p>\n<h3>Situa\u00e7\u00f5es sociais<\/h3>\n<p>Regista-se apenas uma pessoa realojada, ap\u00f3s danos na habita\u00e7\u00e3o.<\/p>\n<h3>Acessos rodovi\u00e1rios<\/h3>\n<p>Os acessos \u00e0s aldeias continuam transit\u00e1veis, mas mant\u00eam-se vias com obst\u00e1culos. O Munic\u00edpio distribuiu equipas no terreno para limpeza e desobstru\u00e7\u00e3o, com atua\u00e7\u00e3o a decorrer nos pr\u00f3ximos dias.<\/p>\n<h3>Plano Municipal de Emerg\u00eancia e Prote\u00e7\u00e3o Civil<\/h3>\n<p>O plano permanece ativo, permitindo resposta coordenada, permanente e eficaz, com acompanhamento cont\u00ednuo da evolu\u00e7\u00e3o da situa\u00e7\u00e3o.<\/p>\n","protected":false},"excerpt":{"rendered":"<ul>\n<li>O Centro de Coordena\u00e7\u00e3o Operacional Municipal reuniu-se hoje, 28 de janeiro, \u00e0s 19h00, no Quartel dos Bombeiros Volunt\u00e1rios de Pampilhosa da Serra, para atualizar o ponto de situa\u00e7\u00e3o sobre a depress\u00e3o Kristin.<\/li>\n<li>A E-Redes prev\u00ea o restabelecimento do fornecimento de eletricidade na vila de Pampilhosa da Serra em breve, com equipas t\u00e9cnicas a trabalhar no terreno.<\/li>\n<li>A APIN informa que o abastecimento de \u00e1gua permanece totalmente assegurado.<\/li>\n<li>Regista-se a aus\u00eancia de comunica\u00e7\u00f5es em v\u00e1rias localidades, sem previs\u00e3o de restabelecimento total.<\/li>\n<li>Apenas uma pessoa foi realojada devido a danos na habita\u00e7\u00e3o; os acessos rodovi\u00e1rios permanecem transit\u00e1veis, mas requerem condu\u00e7\u00e3o defensiva devido a obst\u00e1culos, com o Plano Municipal de Emerg\u00eancia e Prote\u00e7\u00e3o Civil ativo para resposta coordenada.<\/li>\n<\/ul>\n","protected":false},"author":2,"featured_media":179838,"comment_status":"closed","ping_status":"closed","sticky":false,"template":"","format":"standard","meta":{"footnotes":""},"categories":[1],"tags":[1503,1860,2206,174,320,4614],"class_list":["post-179808","post","type-post","status-publish","format-standard","has-post-thumbnail","hentry","category-noticias","tag-abastecimento-de-agua","tag-acessos","tag-comunicacoes","tag-energia","tag-protecao-civil","tag-situacoes-sociais"],"yoast_head":"<!-- This site is optimized with the Yoast SEO plugin v27.2 - https:\/\/yoast.com\/product\/yoast-seo-wordpress\/ -->\n<title>Comunicado: Reuni\u00e3o do CCOM em Pampilhosa da Serra atualiza situa\u00e7\u00e3o - Portal Tela Portugal<\/title>\n<meta name=\"robots\" content=\"index, follow, max-snippet:-1, max-image-preview:large, max-video-preview:-1\" \/>\n<meta property=\"og:locale\" content=\"pt_PT\" \/>\n<meta property=\"og:type\" content=\"article\" \/>\n<meta property=\"og:title\" content=\"Comunicado: Reuni\u00e3o do CCOM em Pampilhosa da Serra atualiza situa\u00e7\u00e3o - Portal Tela Portugal\" \/>\n<meta property=\"og:description\" content=\"O Centro de Coordena\u00e7\u00e3o Operacional Municipal reuniu-se hoje, 28 de janeiro, \u00e0s 19h00, no Quartel dos Bombeiros Volunt\u00e1rios de Pampilhosa da Serra, para atualizar o ponto de situa\u00e7\u00e3o sobre a depress\u00e3o Kristin. A E-Redes prev\u00ea o restabelecimento do fornecimento de eletricidade na vila de Pampilhosa da Serra em breve, com equipas t\u00e9cnicas a trabalhar no terreno. A APIN informa que o abastecimento de \u00e1gua permanece totalmente assegurado. Regista-se a aus\u00eancia de comunica\u00e7\u00f5es em v\u00e1rias localidades, sem previs\u00e3o de restabelecimento total. Apenas uma pessoa foi realojada devido a danos na habita\u00e7\u00e3o; os acessos rodovi\u00e1rios permanecem transit\u00e1veis, mas requerem condu\u00e7\u00e3o defensiva devido a obst\u00e1culos, com o Plano Municipal de Emerg\u00eancia e Prote\u00e7\u00e3o Civil ativo para resposta coordenada.\" \/>\n<meta property=\"og:url\" content=\"https:\/\/portaltela.pt\/noticias\/2026\/01\/28\/comunicado-reuniao-do-ccom-em-pampilhosa-da-serra-atualiza-situacao\/\" \/>\n<meta property=\"og:site_name\" content=\"Portal Tela Portugal\" \/>\n<meta property=\"article:published_time\" content=\"2026-01-28T20:40:15+00:00\" \/>\n<meta name=\"author\" content=\"Telinha\" \/>\n<meta name=\"twitter:card\" content=\"summary_large_image\" \/>\n<meta name=\"twitter:label1\" content=\"Escrito por\" \/>\n\t<meta name=\"twitter:data1\" content=\"Telinha\" \/>\n\t<meta name=\"twitter:label2\" content=\"Tempo estimado de leitura\" \/>\n\t<meta name=\"twitter:data2\" content=\"1 minuto\" \/>\n<script type=\"application\/ld+json\" class=\"yoast-schema-graph\">{\"@context\":\"https:\/\/schema.org\",\"@graph\":[{\"@type\":\"Article\",\"@id\":\"https:\/\/portaltela.pt\/noticias\/2026\/01\/28\/comunicado-reuniao-do-ccom-em-pampilhosa-da-serra-atualiza-situacao\/#article\",\"isPartOf\":{\"@id\":\"https:\/\/portaltela.pt\/noticias\/2026\/01\/28\/comunicado-reuniao-do-ccom-em-pampilhosa-da-serra-atualiza-situacao\/\"},\"author\":{\"name\":\"Telinha\",\"@id\":\"https:\/\/portaltela.pt\/#\/schema\/person\/c4278d4a6028830caff9ee44b42d32ed\"},\"headline\":\"Comunicado: Reuni\u00e3o do CCOM em Pampilhosa da Serra atualiza situa\u00e7\u00e3o\",\"datePublished\":\"2026-01-28T20:40:15+00:00\",\"mainEntityOfPage\":{\"@id\":\"https:\/\/portaltela.pt\/noticias\/2026\/01\/28\/comunicado-reuniao-do-ccom-em-pampilhosa-da-serra-atualiza-situacao\/\"},\"wordCount\":257,\"image\":{\"@id\":\"https:\/\/portaltela.pt\/noticias\/2026\/01\/28\/comunicado-reuniao-do-ccom-em-pampilhosa-da-serra-atualiza-situacao\/#primaryimage\"},\"thumbnailUrl\":\"https:\/\/portaltela.pt\/s.01k8rhncp4jt1\/2026\/01\/unnamed-file-5659.jpg\",\"keywords\":[\"abastecimento de \u00e1gua\",\"acessos\",\"comunica\u00e7\u00f5es\",\"energia\",\"prote\u00e7\u00e3o civil\",\"situa\u00e7\u00f5es sociais\"],\"articleSection\":[\"Not\u00edcias\"],\"inLanguage\":\"pt-PT\"},{\"@type\":\"WebPage\",\"@id\":\"https:\/\/portaltela.pt\/noticias\/2026\/01\/28\/comunicado-reuniao-do-ccom-em-pampilhosa-da-serra-atualiza-situacao\/\",\"url\":\"https:\/\/portaltela.pt\/noticias\/2026\/01\/28\/comunicado-reuniao-do-ccom-em-pampilhosa-da-serra-atualiza-situacao\/\",\"name\":\"Comunicado: Reuni\u00e3o do CCOM em Pampilhosa da Serra atualiza situa\u00e7\u00e3o - Portal Tela Portugal\",\"isPartOf\":{\"@id\":\"https:\/\/portaltela.pt\/#website\"},\"primaryImageOfPage\":{\"@id\":\"https:\/\/portaltela.pt\/noticias\/2026\/01\/28\/comunicado-reuniao-do-ccom-em-pampilhosa-da-serra-atualiza-situacao\/#primaryimage\"},\"image\":{\"@id\":\"https:\/\/portaltela.pt\/noticias\/2026\/01\/28\/comunicado-reuniao-do-ccom-em-pampilhosa-da-serra-atualiza-situacao\/#primaryimage\"},\"thumbnailUrl\":\"https:\/\/portaltela.pt\/s.01k8rhncp4jt1\/2026\/01\/unnamed-file-5659.jpg\",\"datePublished\":\"2026-01-28T20:40:15+00:00\",\"author\":{\"@id\":\"https:\/\/portaltela.pt\/#\/schema\/person\/c4278d4a6028830caff9ee44b42d32ed\"},\"breadcrumb\":{\"@id\":\"https:\/\/portaltela.pt\/noticias\/2026\/01\/28\/comunicado-reuniao-do-ccom-em-pampilhosa-da-serra-atualiza-situacao\/#breadcrumb\"},\"inLanguage\":\"pt-PT\",\"potentialAction\":[{\"@type\":\"ReadAction\",\"target\":[\"https:\/\/portaltela.pt\/noticias\/2026\/01\/28\/comunicado-reuniao-do-ccom-em-pampilhosa-da-serra-atualiza-situacao\/\"]}]},{\"@type\":\"ImageObject\",\"inLanguage\":\"pt-PT\",\"@id\":\"https:\/\/portaltela.pt\/noticias\/2026\/01\/28\/comunicado-reuniao-do-ccom-em-pampilhosa-da-serra-atualiza-situacao\/#primaryimage\",\"url\":\"https:\/\/portaltela.pt\/s.01k8rhncp4jt1\/2026\/01\/unnamed-file-5659.jpg\",\"contentUrl\":\"https:\/\/portaltela.pt\/s.01k8rhncp4jt1\/2026\/01\/unnamed-file-5659.jpg\",\"width\":796,\"height\":448,\"caption\":\"Photo\"},{\"@type\":\"BreadcrumbList\",\"@id\":\"https:\/\/portaltela.pt\/noticias\/2026\/01\/28\/comunicado-reuniao-do-ccom-em-pampilhosa-da-serra-atualiza-situacao\/#breadcrumb\",\"itemListElement\":[{\"@type\":\"ListItem\",\"position\":1,\"name\":\"In\u00edcio\",\"item\":\"https:\/\/portaltela.pt\/\"},{\"@type\":\"ListItem\",\"position\":2,\"name\":\"Comunicado: Reuni\u00e3o do CCOM em Pampilhosa da Serra atualiza situa\u00e7\u00e3o\"}]},{\"@type\":\"WebSite\",\"@id\":\"https:\/\/portaltela.pt\/#website\",\"url\":\"https:\/\/portaltela.pt\/\",\"name\":\"Portal Tela Portugal\",\"description\":\"\",\"potentialAction\":[{\"@type\":\"SearchAction\",\"target\":{\"@type\":\"EntryPoint\",\"urlTemplate\":\"https:\/\/portaltela.pt\/?s={search_term_string}\"},\"query-input\":{\"@type\":\"PropertyValueSpecification\",\"valueRequired\":true,\"valueName\":\"search_term_string\"}}],\"inLanguage\":\"pt-PT\"},{\"@type\":\"Person\",\"@id\":\"https:\/\/portaltela.pt\/#\/schema\/person\/c4278d4a6028830caff9ee44b42d32ed\",\"name\":\"Telinha\",\"image\":{\"@type\":\"ImageObject\",\"inLanguage\":\"pt-PT\",\"@id\":\"https:\/\/portaltela.pt\/s.01k8rhncp4jt1\/2025\/11\/talking-bot-125x125.png\",\"url\":\"https:\/\/portaltela.pt\/s.01k8rhncp4jt1\/2025\/11\/talking-bot-125x125.png\",\"contentUrl\":\"https:\/\/portaltela.pt\/s.01k8rhncp4jt1\/2025\/11\/talking-bot-125x125.png\",\"caption\":\"Telinha\"},\"sameAs\":[\"https:\/\/portaltela.pt\/\"],\"url\":\"https:\/\/portaltela.pt\/por\/367410592786\/\"}]}<\/script>\n<!-- \/ Yoast SEO plugin. -->","yoast_head_json":{"title":"Comunicado: Reuni\u00e3o do CCOM em Pampilhosa da Serra atualiza situa\u00e7\u00e3o - Portal Tela Portugal","robots":{"index":"index","follow":"follow","max-snippet":"max-snippet:-1","max-image-preview":"max-image-preview:large","max-video-preview":"max-video-preview:-1"},"og_locale":"pt_PT","og_type":"article","og_title":"Comunicado: Reuni\u00e3o do CCOM em Pampilhosa da Serra atualiza situa\u00e7\u00e3o - Portal Tela Portugal","og_description":"O Centro de Coordena\u00e7\u00e3o Operacional Municipal reuniu-se hoje, 28 de janeiro, \u00e0s 19h00, no Quartel dos Bombeiros Volunt\u00e1rios de Pampilhosa da Serra, para atualizar o ponto de situa\u00e7\u00e3o sobre a depress\u00e3o Kristin. A E-Redes prev\u00ea o restabelecimento do fornecimento de eletricidade na vila de Pampilhosa da Serra em breve, com equipas t\u00e9cnicas a trabalhar no terreno. A APIN informa que o abastecimento de \u00e1gua permanece totalmente assegurado. Regista-se a aus\u00eancia de comunica\u00e7\u00f5es em v\u00e1rias localidades, sem previs\u00e3o de restabelecimento total. Apenas uma pessoa foi realojada devido a danos na habita\u00e7\u00e3o; os acessos rodovi\u00e1rios permanecem transit\u00e1veis, mas requerem condu\u00e7\u00e3o defensiva devido a obst\u00e1culos, com o Plano Municipal de Emerg\u00eancia e Prote\u00e7\u00e3o Civil ativo para resposta coordenada.","og_url":"https:\/\/portaltela.pt\/noticias\/2026\/01\/28\/comunicado-reuniao-do-ccom-em-pampilhosa-da-serra-atualiza-situacao\/","og_site_name":"Portal Tela Portugal","article_published_time":"2026-01-28T20:40:15+00:00","author":"Telinha","twitter_card":"summary_large_image","twitter_misc":{"Escrito por":"Telinha","Tempo estimado de leitura":"1 minuto"},"schema":{"@context":"https:\/\/schema.org","@graph":[{"@type":"Article","@id":"https:\/\/portaltela.pt\/noticias\/2026\/01\/28\/comunicado-reuniao-do-ccom-em-pampilhosa-da-serra-atualiza-situacao\/#article","isPartOf":{"@id":"https:\/\/portaltela.pt\/noticias\/2026\/01\/28\/comunicado-reuniao-do-ccom-em-pampilhosa-da-serra-atualiza-situacao\/"},"author":{"name":"Telinha","@id":"https:\/\/portaltela.pt\/#\/schema\/person\/c4278d4a6028830caff9ee44b42d32ed"},"headline":"Comunicado: Reuni\u00e3o do CCOM em Pampilhosa da Serra atualiza situa\u00e7\u00e3o","datePublished":"2026-01-28T20:40:15+00:00","mainEntityOfPage":{"@id":"https:\/\/portaltela.pt\/noticias\/2026\/01\/28\/comunicado-reuniao-do-ccom-em-pampilhosa-da-serra-atualiza-situacao\/"},"wordCount":257,"image":{"@id":"https:\/\/portaltela.pt\/noticias\/2026\/01\/28\/comunicado-reuniao-do-ccom-em-pampilhosa-da-serra-atualiza-situacao\/#primaryimage"},"thumbnailUrl":"https:\/\/portaltela.pt\/s.01k8rhncp4jt1\/2026\/01\/unnamed-file-5659.jpg","keywords":["abastecimento de \u00e1gua","acessos","comunica\u00e7\u00f5es","energia","prote\u00e7\u00e3o civil","situa\u00e7\u00f5es sociais"],"articleSection":["Not\u00edcias"],"inLanguage":"pt-PT"},{"@type":"WebPage","@id":"https:\/\/portaltela.pt\/noticias\/2026\/01\/28\/comunicado-reuniao-do-ccom-em-pampilhosa-da-serra-atualiza-situacao\/","url":"https:\/\/portaltela.pt\/noticias\/2026\/01\/28\/comunicado-reuniao-do-ccom-em-pampilhosa-da-serra-atualiza-situacao\/","name":"Comunicado: Reuni\u00e3o do CCOM em Pampilhosa da Serra atualiza situa\u00e7\u00e3o - Portal Tela Portugal","isPartOf":{"@id":"https:\/\/portaltela.pt\/#website"},"primaryImageOfPage":{"@id":"https:\/\/portaltela.pt\/noticias\/2026\/01\/28\/comunicado-reuniao-do-ccom-em-pampilhosa-da-serra-atualiza-situacao\/#primaryimage"},"image":{"@id":"https:\/\/portaltela.pt\/noticias\/2026\/01\/28\/comunicado-reuniao-do-ccom-em-pampilhosa-da-serra-atualiza-situacao\/#primaryimage"},"thumbnailUrl":"https:\/\/portaltela.pt\/s.01k8rhncp4jt1\/2026\/01\/unnamed-file-5659.jpg","datePublished":"2026-01-28T20:40:15+00:00","author":{"@id":"https:\/\/portaltela.pt\/#\/schema\/person\/c4278d4a6028830caff9ee44b42d32ed"},"breadcrumb":{"@id":"https:\/\/portaltela.pt\/noticias\/2026\/01\/28\/comunicado-reuniao-do-ccom-em-pampilhosa-da-serra-atualiza-situacao\/#breadcrumb"},"inLanguage":"pt-PT","potentialAction":[{"@type":"ReadAction","target":["https:\/\/portaltela.pt\/noticias\/2026\/01\/28\/comunicado-reuniao-do-ccom-em-pampilhosa-da-serra-atualiza-situacao\/"]}]},{"@type":"ImageObject","inLanguage":"pt-PT","@id":"https:\/\/portaltela.pt\/noticias\/2026\/01\/28\/comunicado-reuniao-do-ccom-em-pampilhosa-da-serra-atualiza-situacao\/#primaryimage","url":"https:\/\/portaltela.pt\/s.01k8rhncp4jt1\/2026\/01\/unnamed-file-5659.jpg","contentUrl":"https:\/\/portaltela.pt\/s.01k8rhncp4jt1\/2026\/01\/unnamed-file-5659.jpg","width":796,"height":448,"caption":"Photo"},{"@type":"BreadcrumbList","@id":"https:\/\/portaltela.pt\/noticias\/2026\/01\/28\/comunicado-reuniao-do-ccom-em-pampilhosa-da-serra-atualiza-situacao\/#breadcrumb","itemListElement":[{"@type":"ListItem","position":1,"name":"In\u00edcio","item":"https:\/\/portaltela.pt\/"},{"@type":"ListItem","position":2,"name":"Comunicado: Reuni\u00e3o do CCOM em Pampilhosa da Serra atualiza situa\u00e7\u00e3o"}]},{"@type":"WebSite","@id":"https:\/\/portaltela.pt\/#website","url":"https:\/\/portaltela.pt\/","name":"Portal Tela Portugal","description":"","potentialAction":[{"@type":"SearchAction","target":{"@type":"EntryPoint","urlTemplate":"https:\/\/portaltela.pt\/?s={search_term_string}"},"query-input":{"@type":"PropertyValueSpecification","valueRequired":true,"valueName":"search_term_string"}}],"inLanguage":"pt-PT"},{"@type":"Person","@id":"https:\/\/portaltela.pt\/#\/schema\/person\/c4278d4a6028830caff9ee44b42d32ed","name":"Telinha","image":{"@type":"ImageObject","inLanguage":"pt-PT","@id":"https:\/\/portaltela.pt\/s.01k8rhncp4jt1\/2025\/11\/talking-bot-125x125.png","url":"https:\/\/portaltela.pt\/s.01k8rhncp4jt1\/2025\/11\/talking-bot-125x125.png","contentUrl":"https:\/\/portaltela.pt\/s.01k8rhncp4jt1\/2025\/11\/talking-bot-125x125.png","caption":"Telinha"},"sameAs":["https:\/\/portaltela.pt\/"],"url":"https:\/\/portaltela.pt\/por\/367410592786\/"}]}},"_links":{"self":[{"href":"https:\/\/portaltela.pt\/api\/wp\/v2\/posts\/179808","targetHints":{"allow":["GET"]}}],"collection":[{"href":"https:\/\/portaltela.pt\/api\/wp\/v2\/posts"}],"about":[{"href":"https:\/\/portaltela.pt\/api\/wp\/v2\/types\/post"}],"author":[{"embeddable":true,"href":"https:\/\/portaltela.pt\/api\/wp\/v2\/users\/2"}],"replies":[{"embeddable":true,"href":"https:\/\/portaltela.pt\/api\/wp\/v2\/comments?post=179808"}],"version-history":[{"count":0,"href":"https:\/\/portaltela.pt\/api\/wp\/v2\/posts\/179808\/revisions"}],"wp:featuredmedia":[{"embeddable":true,"href":"https:\/\/portaltela.pt\/api\/wp\/v2\/media\/179838"}],"wp:attachment":[{"href":"https:\/\/portaltela.pt\/api\/wp\/v2\/media?parent=179808"}],"wp:term":[{"taxonomy":"category","embeddable":true,"href":"https:\/\/portaltela.pt\/api\/wp\/v2\/categories?post=179808"},{"taxonomy":"post_tag","embeddable":true,"href":"https:\/\/portaltela.pt\/api\/wp\/v2\/tags?post=179808"}],"curies":[{"name":"wp","href":"https:\/\/api.w.org\/{rel}","templated":true}]}}