{"id":179800,"date":"2026-01-28T17:14:48","date_gmt":"2026-01-28T20:14:48","guid":{"rendered":"https:\/\/portaltela.pt\/noticias\/2026\/01\/28\/falha-na-rede-de-media-tensao-deixa-varios-concelhos-sem-energia\/"},"modified":"2026-01-28T17:14:48","modified_gmt":"2026-01-28T20:14:48","slug":"falha-na-rede-de-media-tensao-deixa-varios-concelhos-sem-energia","status":"publish","type":"post","link":"https:\/\/portaltela.pt\/noticias\/2026\/01\/28\/falha-na-rede-de-media-tensao-deixa-varios-concelhos-sem-energia\/","title":{"rendered":"Falha na rede de m\u00e9dia tens\u00e3o deixa v\u00e1rios concelhos sem energia"},"content":{"rendered":"<p>Um problema na rede de m\u00e9dia tens\u00e3o est\u00e1 a afectar o abastecimento el\u00e9trico na Lez\u00edria do Tejo.<\/p>\n<p>Segundo informa\u00e7\u00f5es obtidas pelo NS junto de uma fonte da Prote\u00e7\u00e3o Civil, os concelhos atingidos s\u00e3o Coruche, Salvaterra de Magos, Benavente e Almeirim.<\/p>\n<p>Em alguns pontos h\u00e1 fornecimento, mas o servi\u00e7o permanece muito inst\u00e1vel.<\/p>\n<p>A situa\u00e7\u00e3o est\u00e1 a ser acompanhada pelas autoridades competentes e permanece em atualiza\u00e7\u00e3o.<\/p>\n","protected":false},"excerpt":{"rendered":"<ul>\n<li>Um problema na \u201cm\u00e9dia tens\u00e3o\u201d est\u00e1 a afetar o abastecimento el\u00e9trico em v\u00e1rios concelhos da Lez\u00edria do Tejo.<\/li>\n<li>Segundo uma fonte da Prote\u00e7\u00e3o Civil, est\u00e3o impactados os concelhos de Coruche, Salvaterra de Magos, Benavente e Almeirim.<\/li>\n<li>Em alguns locais ainda h\u00e1 pontos com fornecimento, mas o ritmo \u00e9 muito inst\u00e1vel.<\/li>\n<li>A not\u00edcia est\u00e1 a ser atualizada e foi confirmada pelo Not\u00edcias S\u00e1bado (NS).<\/li>\n<\/ul>\n","protected":false},"author":2,"featured_media":179823,"comment_status":"closed","ping_status":"closed","sticky":false,"template":"","format":"standard","meta":{"footnotes":""},"categories":[1],"tags":[1457,1446,4127,4542,3623,4339],"class_list":["post-179800","post","type-post","status-publish","format-standard","has-post-thumbnail","hentry","category-noticias","tag-almeirim","tag-benavente","tag-coruche","tag-energia-electrica","tag-leziria-do-tejo","tag-salvaterra-de-magos"],"yoast_head":"<!-- This site is optimized with the Yoast SEO plugin v27.2 - https:\/\/yoast.com\/product\/yoast-seo-wordpress\/ -->\n<title>Falha na rede de m\u00e9dia tens\u00e3o deixa v\u00e1rios concelhos sem energia - Portal Tela Portugal<\/title>\n<meta name=\"robots\" content=\"index, follow, max-snippet:-1, max-image-preview:large, max-video-preview:-1\" \/>\n<meta property=\"og:locale\" content=\"pt_PT\" \/>\n<meta property=\"og:type\" content=\"article\" \/>\n<meta property=\"og:title\" content=\"Falha na rede de m\u00e9dia tens\u00e3o deixa v\u00e1rios concelhos sem energia - Portal Tela Portugal\" \/>\n<meta property=\"og:description\" content=\"Um problema na \u201cm\u00e9dia tens\u00e3o\u201d est\u00e1 a afetar o abastecimento el\u00e9trico em v\u00e1rios concelhos da Lez\u00edria do Tejo. Segundo uma fonte da Prote\u00e7\u00e3o Civil, est\u00e3o impactados os concelhos de Coruche, Salvaterra de Magos, Benavente e Almeirim. Em alguns locais ainda h\u00e1 pontos com fornecimento, mas o ritmo \u00e9 muito inst\u00e1vel. A not\u00edcia est\u00e1 a ser atualizada e foi confirmada pelo Not\u00edcias S\u00e1bado (NS).\" \/>\n<meta property=\"og:url\" content=\"https:\/\/portaltela.pt\/noticias\/2026\/01\/28\/falha-na-rede-de-media-tensao-deixa-varios-concelhos-sem-energia\/\" \/>\n<meta property=\"og:site_name\" content=\"Portal Tela Portugal\" \/>\n<meta property=\"article:published_time\" content=\"2026-01-28T20:14:48+00:00\" \/>\n<meta name=\"author\" content=\"Telinha\" \/>\n<meta name=\"twitter:card\" content=\"summary_large_image\" \/>\n<meta name=\"twitter:label1\" content=\"Escrito por\" \/>\n\t<meta name=\"twitter:data1\" content=\"Telinha\" \/>\n<script type=\"application\/ld+json\" class=\"yoast-schema-graph\">{\"@context\":\"https:\/\/schema.org\",\"@graph\":[{\"@type\":\"Article\",\"@id\":\"https:\/\/portaltela.pt\/noticias\/2026\/01\/28\/falha-na-rede-de-media-tensao-deixa-varios-concelhos-sem-energia\/#article\",\"isPartOf\":{\"@id\":\"https:\/\/portaltela.pt\/noticias\/2026\/01\/28\/falha-na-rede-de-media-tensao-deixa-varios-concelhos-sem-energia\/\"},\"author\":{\"name\":\"Telinha\",\"@id\":\"https:\/\/portaltela.pt\/#\/schema\/person\/c4278d4a6028830caff9ee44b42d32ed\"},\"headline\":\"Falha na rede de m\u00e9dia tens\u00e3o deixa v\u00e1rios concelhos sem energia\",\"datePublished\":\"2026-01-28T20:14:48+00:00\",\"mainEntityOfPage\":{\"@id\":\"https:\/\/portaltela.pt\/noticias\/2026\/01\/28\/falha-na-rede-de-media-tensao-deixa-varios-concelhos-sem-energia\/\"},\"wordCount\":89,\"image\":{\"@id\":\"https:\/\/portaltela.pt\/noticias\/2026\/01\/28\/falha-na-rede-de-media-tensao-deixa-varios-concelhos-sem-energia\/#primaryimage\"},\"thumbnailUrl\":\"https:\/\/portaltela.pt\/s.01k8rhncp4jt1\/2026\/01\/IMG_20260128_193447.jpg\",\"keywords\":[\"Almeirim\",\"Benavente\",\"Coruche\",\"energia el\u00e9ctrica\",\"Lez\u00edria do Tejo\",\"Salvaterra de Magos\"],\"articleSection\":[\"Not\u00edcias\"],\"inLanguage\":\"pt-PT\"},{\"@type\":\"WebPage\",\"@id\":\"https:\/\/portaltela.pt\/noticias\/2026\/01\/28\/falha-na-rede-de-media-tensao-deixa-varios-concelhos-sem-energia\/\",\"url\":\"https:\/\/portaltela.pt\/noticias\/2026\/01\/28\/falha-na-rede-de-media-tensao-deixa-varios-concelhos-sem-energia\/\",\"name\":\"Falha na rede de m\u00e9dia tens\u00e3o deixa v\u00e1rios concelhos sem energia - Portal Tela Portugal\",\"isPartOf\":{\"@id\":\"https:\/\/portaltela.pt\/#website\"},\"primaryImageOfPage\":{\"@id\":\"https:\/\/portaltela.pt\/noticias\/2026\/01\/28\/falha-na-rede-de-media-tensao-deixa-varios-concelhos-sem-energia\/#primaryimage\"},\"image\":{\"@id\":\"https:\/\/portaltela.pt\/noticias\/2026\/01\/28\/falha-na-rede-de-media-tensao-deixa-varios-concelhos-sem-energia\/#primaryimage\"},\"thumbnailUrl\":\"https:\/\/portaltela.pt\/s.01k8rhncp4jt1\/2026\/01\/IMG_20260128_193447.jpg\",\"datePublished\":\"2026-01-28T20:14:48+00:00\",\"author\":{\"@id\":\"https:\/\/portaltela.pt\/#\/schema\/person\/c4278d4a6028830caff9ee44b42d32ed\"},\"breadcrumb\":{\"@id\":\"https:\/\/portaltela.pt\/noticias\/2026\/01\/28\/falha-na-rede-de-media-tensao-deixa-varios-concelhos-sem-energia\/#breadcrumb\"},\"inLanguage\":\"pt-PT\",\"potentialAction\":[{\"@type\":\"ReadAction\",\"target\":[\"https:\/\/portaltela.pt\/noticias\/2026\/01\/28\/falha-na-rede-de-media-tensao-deixa-varios-concelhos-sem-energia\/\"]}]},{\"@type\":\"ImageObject\",\"inLanguage\":\"pt-PT\",\"@id\":\"https:\/\/portaltela.pt\/noticias\/2026\/01\/28\/falha-na-rede-de-media-tensao-deixa-varios-concelhos-sem-energia\/#primaryimage\",\"url\":\"https:\/\/portaltela.pt\/s.01k8rhncp4jt1\/2026\/01\/IMG_20260128_193447.jpg\",\"contentUrl\":\"https:\/\/portaltela.pt\/s.01k8rhncp4jt1\/2026\/01\/IMG_20260128_193447.jpg\",\"width\":796,\"height\":448,\"caption\":\"Problema na \u201cm\u00e9dia tens\u00e3o\u201d deixa v\u00e1rios concelhos sem eletricidade\"},{\"@type\":\"BreadcrumbList\",\"@id\":\"https:\/\/portaltela.pt\/noticias\/2026\/01\/28\/falha-na-rede-de-media-tensao-deixa-varios-concelhos-sem-energia\/#breadcrumb\",\"itemListElement\":[{\"@type\":\"ListItem\",\"position\":1,\"name\":\"In\u00edcio\",\"item\":\"https:\/\/portaltela.pt\/\"},{\"@type\":\"ListItem\",\"position\":2,\"name\":\"Falha na rede de m\u00e9dia tens\u00e3o deixa v\u00e1rios concelhos sem energia\"}]},{\"@type\":\"WebSite\",\"@id\":\"https:\/\/portaltela.pt\/#website\",\"url\":\"https:\/\/portaltela.pt\/\",\"name\":\"Portal Tela Portugal\",\"description\":\"\",\"potentialAction\":[{\"@type\":\"SearchAction\",\"target\":{\"@type\":\"EntryPoint\",\"urlTemplate\":\"https:\/\/portaltela.pt\/?s={search_term_string}\"},\"query-input\":{\"@type\":\"PropertyValueSpecification\",\"valueRequired\":true,\"valueName\":\"search_term_string\"}}],\"inLanguage\":\"pt-PT\"},{\"@type\":\"Person\",\"@id\":\"https:\/\/portaltela.pt\/#\/schema\/person\/c4278d4a6028830caff9ee44b42d32ed\",\"name\":\"Telinha\",\"image\":{\"@type\":\"ImageObject\",\"inLanguage\":\"pt-PT\",\"@id\":\"https:\/\/portaltela.pt\/s.01k8rhncp4jt1\/2025\/11\/talking-bot-125x125.png\",\"url\":\"https:\/\/portaltela.pt\/s.01k8rhncp4jt1\/2025\/11\/talking-bot-125x125.png\",\"contentUrl\":\"https:\/\/portaltela.pt\/s.01k8rhncp4jt1\/2025\/11\/talking-bot-125x125.png\",\"caption\":\"Telinha\"},\"sameAs\":[\"https:\/\/portaltela.pt\/\"],\"url\":\"https:\/\/portaltela.pt\/por\/367410592786\/\"}]}<\/script>\n<!-- \/ Yoast SEO plugin. -->","yoast_head_json":{"title":"Falha na rede de m\u00e9dia tens\u00e3o deixa v\u00e1rios concelhos sem energia - Portal Tela Portugal","robots":{"index":"index","follow":"follow","max-snippet":"max-snippet:-1","max-image-preview":"max-image-preview:large","max-video-preview":"max-video-preview:-1"},"og_locale":"pt_PT","og_type":"article","og_title":"Falha na rede de m\u00e9dia tens\u00e3o deixa v\u00e1rios concelhos sem energia - Portal Tela Portugal","og_description":"Um problema na \u201cm\u00e9dia tens\u00e3o\u201d est\u00e1 a afetar o abastecimento el\u00e9trico em v\u00e1rios concelhos da Lez\u00edria do Tejo. Segundo uma fonte da Prote\u00e7\u00e3o Civil, est\u00e3o impactados os concelhos de Coruche, Salvaterra de Magos, Benavente e Almeirim. Em alguns locais ainda h\u00e1 pontos com fornecimento, mas o ritmo \u00e9 muito inst\u00e1vel. A not\u00edcia est\u00e1 a ser atualizada e foi confirmada pelo Not\u00edcias S\u00e1bado (NS).","og_url":"https:\/\/portaltela.pt\/noticias\/2026\/01\/28\/falha-na-rede-de-media-tensao-deixa-varios-concelhos-sem-energia\/","og_site_name":"Portal Tela Portugal","article_published_time":"2026-01-28T20:14:48+00:00","author":"Telinha","twitter_card":"summary_large_image","twitter_misc":{"Escrito por":"Telinha"},"schema":{"@context":"https:\/\/schema.org","@graph":[{"@type":"Article","@id":"https:\/\/portaltela.pt\/noticias\/2026\/01\/28\/falha-na-rede-de-media-tensao-deixa-varios-concelhos-sem-energia\/#article","isPartOf":{"@id":"https:\/\/portaltela.pt\/noticias\/2026\/01\/28\/falha-na-rede-de-media-tensao-deixa-varios-concelhos-sem-energia\/"},"author":{"name":"Telinha","@id":"https:\/\/portaltela.pt\/#\/schema\/person\/c4278d4a6028830caff9ee44b42d32ed"},"headline":"Falha na rede de m\u00e9dia tens\u00e3o deixa v\u00e1rios concelhos sem energia","datePublished":"2026-01-28T20:14:48+00:00","mainEntityOfPage":{"@id":"https:\/\/portaltela.pt\/noticias\/2026\/01\/28\/falha-na-rede-de-media-tensao-deixa-varios-concelhos-sem-energia\/"},"wordCount":89,"image":{"@id":"https:\/\/portaltela.pt\/noticias\/2026\/01\/28\/falha-na-rede-de-media-tensao-deixa-varios-concelhos-sem-energia\/#primaryimage"},"thumbnailUrl":"https:\/\/portaltela.pt\/s.01k8rhncp4jt1\/2026\/01\/IMG_20260128_193447.jpg","keywords":["Almeirim","Benavente","Coruche","energia el\u00e9ctrica","Lez\u00edria do Tejo","Salvaterra de Magos"],"articleSection":["Not\u00edcias"],"inLanguage":"pt-PT"},{"@type":"WebPage","@id":"https:\/\/portaltela.pt\/noticias\/2026\/01\/28\/falha-na-rede-de-media-tensao-deixa-varios-concelhos-sem-energia\/","url":"https:\/\/portaltela.pt\/noticias\/2026\/01\/28\/falha-na-rede-de-media-tensao-deixa-varios-concelhos-sem-energia\/","name":"Falha na rede de m\u00e9dia tens\u00e3o deixa v\u00e1rios concelhos sem energia - Portal Tela Portugal","isPartOf":{"@id":"https:\/\/portaltela.pt\/#website"},"primaryImageOfPage":{"@id":"https:\/\/portaltela.pt\/noticias\/2026\/01\/28\/falha-na-rede-de-media-tensao-deixa-varios-concelhos-sem-energia\/#primaryimage"},"image":{"@id":"https:\/\/portaltela.pt\/noticias\/2026\/01\/28\/falha-na-rede-de-media-tensao-deixa-varios-concelhos-sem-energia\/#primaryimage"},"thumbnailUrl":"https:\/\/portaltela.pt\/s.01k8rhncp4jt1\/2026\/01\/IMG_20260128_193447.jpg","datePublished":"2026-01-28T20:14:48+00:00","author":{"@id":"https:\/\/portaltela.pt\/#\/schema\/person\/c4278d4a6028830caff9ee44b42d32ed"},"breadcrumb":{"@id":"https:\/\/portaltela.pt\/noticias\/2026\/01\/28\/falha-na-rede-de-media-tensao-deixa-varios-concelhos-sem-energia\/#breadcrumb"},"inLanguage":"pt-PT","potentialAction":[{"@type":"ReadAction","target":["https:\/\/portaltela.pt\/noticias\/2026\/01\/28\/falha-na-rede-de-media-tensao-deixa-varios-concelhos-sem-energia\/"]}]},{"@type":"ImageObject","inLanguage":"pt-PT","@id":"https:\/\/portaltela.pt\/noticias\/2026\/01\/28\/falha-na-rede-de-media-tensao-deixa-varios-concelhos-sem-energia\/#primaryimage","url":"https:\/\/portaltela.pt\/s.01k8rhncp4jt1\/2026\/01\/IMG_20260128_193447.jpg","contentUrl":"https:\/\/portaltela.pt\/s.01k8rhncp4jt1\/2026\/01\/IMG_20260128_193447.jpg","width":796,"height":448,"caption":"Problema na \u201cm\u00e9dia tens\u00e3o\u201d deixa v\u00e1rios concelhos sem eletricidade"},{"@type":"BreadcrumbList","@id":"https:\/\/portaltela.pt\/noticias\/2026\/01\/28\/falha-na-rede-de-media-tensao-deixa-varios-concelhos-sem-energia\/#breadcrumb","itemListElement":[{"@type":"ListItem","position":1,"name":"In\u00edcio","item":"https:\/\/portaltela.pt\/"},{"@type":"ListItem","position":2,"name":"Falha na rede de m\u00e9dia tens\u00e3o deixa v\u00e1rios concelhos sem energia"}]},{"@type":"WebSite","@id":"https:\/\/portaltela.pt\/#website","url":"https:\/\/portaltela.pt\/","name":"Portal Tela Portugal","description":"","potentialAction":[{"@type":"SearchAction","target":{"@type":"EntryPoint","urlTemplate":"https:\/\/portaltela.pt\/?s={search_term_string}"},"query-input":{"@type":"PropertyValueSpecification","valueRequired":true,"valueName":"search_term_string"}}],"inLanguage":"pt-PT"},{"@type":"Person","@id":"https:\/\/portaltela.pt\/#\/schema\/person\/c4278d4a6028830caff9ee44b42d32ed","name":"Telinha","image":{"@type":"ImageObject","inLanguage":"pt-PT","@id":"https:\/\/portaltela.pt\/s.01k8rhncp4jt1\/2025\/11\/talking-bot-125x125.png","url":"https:\/\/portaltela.pt\/s.01k8rhncp4jt1\/2025\/11\/talking-bot-125x125.png","contentUrl":"https:\/\/portaltela.pt\/s.01k8rhncp4jt1\/2025\/11\/talking-bot-125x125.png","caption":"Telinha"},"sameAs":["https:\/\/portaltela.pt\/"],"url":"https:\/\/portaltela.pt\/por\/367410592786\/"}]}},"_links":{"self":[{"href":"https:\/\/portaltela.pt\/api\/wp\/v2\/posts\/179800","targetHints":{"allow":["GET"]}}],"collection":[{"href":"https:\/\/portaltela.pt\/api\/wp\/v2\/posts"}],"about":[{"href":"https:\/\/portaltela.pt\/api\/wp\/v2\/types\/post"}],"author":[{"embeddable":true,"href":"https:\/\/portaltela.pt\/api\/wp\/v2\/users\/2"}],"replies":[{"embeddable":true,"href":"https:\/\/portaltela.pt\/api\/wp\/v2\/comments?post=179800"}],"version-history":[{"count":0,"href":"https:\/\/portaltela.pt\/api\/wp\/v2\/posts\/179800\/revisions"}],"wp:featuredmedia":[{"embeddable":true,"href":"https:\/\/portaltela.pt\/api\/wp\/v2\/media\/179823"}],"wp:attachment":[{"href":"https:\/\/portaltela.pt\/api\/wp\/v2\/media?parent=179800"}],"wp:term":[{"taxonomy":"category","embeddable":true,"href":"https:\/\/portaltela.pt\/api\/wp\/v2\/categories?post=179800"},{"taxonomy":"post_tag","embeddable":true,"href":"https:\/\/portaltela.pt\/api\/wp\/v2\/tags?post=179800"}],"curies":[{"name":"wp","href":"https:\/\/api.w.org\/{rel}","templated":true}]}}