{"id":179750,"date":"2026-01-28T17:43:32","date_gmt":"2026-01-28T20:43:32","guid":{"rendered":"https:\/\/portaltela.pt\/noticias\/2026\/01\/28\/egua-reage-a-neve-esta-manha-em-espanha\/"},"modified":"2026-01-28T17:43:32","modified_gmt":"2026-01-28T20:43:32","slug":"egua-reage-a-neve-esta-manha-em-espanha","status":"publish","type":"post","link":"https:\/\/portaltela.pt\/noticias\/2026\/01\/28\/egua-reage-a-neve-esta-manha-em-espanha\/","title":{"rendered":"\u00c9gua reage \u00e0 neve esta manh\u00e3 em Espanha"},"content":{"rendered":"<p>A manh\u00e3 desta quarta-feira ficou marcada pela rea\u00e7\u00e3o da \u00e9gua Id\u00edlica ao ver neve. O epis\u00f3dio ocorreu no Centro de Sele\u00e7\u00e3o e Reprodu\u00e7\u00e3o Animal da Comunidade de Madrid, em Colmenar Viejo, Espanha. A brincadeira da \u00e9gua foi registada por um funcion\u00e1rio e partilhada nas redes sociais, onde rapidamente ganhou popularidade.<\/p>\n<p>Segundo informa\u00e7\u00f5es do centro, Id\u00edlica reagiu de forma euf\u00f3rica ao fen\u00f3meno meteorol\u00f3gico, exibindo surpresa e alegria ao contacto com o ambiente nevado. A imagem mostra a \u00e9gua a divertir-se, aproveitando o cen\u00e1rio in\u00e9dito para muitos.<\/p>\n<h3>Repercuss\u00e3o nas redes<\/h3>\n<p>A grava\u00e7\u00e3o foi difundida por v\u00e1rios utilizadores, gerando milhares de visualiza\u00e7\u00f5es e coment\u00e1rios positivos. O v\u00eddeo tornou-se um dos temas mais comentados nesta manh\u00e3, com reac\u00e7\u00f5es centradas na espontaneidade dos animais e na beleza do momento.<\/p>\n<h3>Contexto regional<\/h3>\n<p>A neve caiu em v\u00e1rias regi\u00f5es de Espanha, criando um cen\u00e1rio de inverno fora do comum para a \u00e9poca. Eventos assim s\u00e3o menos frequentes e costumam atrair a curiosidade de residentes e visitantes, bem como de profissionais da fauna.<\/p>\n<p>A especialidade do Centro de Colmenar Viejo \u00e9 a preserva\u00e7\u00e3o e reprodu\u00e7\u00e3o de esp\u00e9cies animais, incluindo cavalos. A notable rea\u00e7\u00e3o da \u00e9gua Id\u00edlica refor\u00e7a, segundo especialistas, a capacidade de os animais reagirem de forma natural a fen\u00f4menos inesperados.<\/p>\n<p>A imagem da \u00e9gua brincando na neve consolidou-se como s\u00edmbolo de momentos simples de alegria. O epis\u00f3dio sugere que a natureza pode trazer tranquilidade e encanto, mesmo em situa\u00e7\u00f5es incomuns.<\/p>\n","protected":false},"excerpt":{"rendered":"<ul>\n<li>A \u00e9gua Id\u00edlica reagiu de forma euf\u00f3rica ao ver a neve na manh\u00e3 desta quarta-feira, no Centro de Sele\u00e7\u00e3o e Reprodu\u00e7\u00e3o Animal da Comunidade de Madrid, em Colmenar Viejo.<\/li>\n<li>O momento foi filmado por um funcion\u00e1rio do centro e o v\u00eddeo rapidamente viralizou nas redes sociais.<\/li>\n<li>A neve caiu na manh\u00e3 desta quarta-feira em v\u00e1rias regi\u00f5es de Espanha, proporcionando um cen\u00e1rio in\u00e9dito para moradores e animais.<\/li>\n<li>O Centro de Sele\u00e7\u00e3o e Reprodu\u00e7\u00e3o Animal da Comunidade de Madrid \u00e9 conhecido pelas atividades de preserva\u00e7\u00e3o e reprodu\u00e7\u00e3o de esp\u00e9cies, incluindo cavalos.<\/li>\n<li>A rea\u00e7\u00e3o da \u00e9gua tornou-se um s\u00edmbolo de alegria simples diante de um fen\u00f3meno sazonal pouco comum, sendo amplamente partilhada online.<\/li>\n<\/ul>\n","protected":false},"author":2,"featured_media":179756,"comment_status":"closed","ping_status":"closed","sticky":false,"template":"","format":"standard","meta":{"footnotes":""},"categories":[1],"tags":[3091,1002,2189,3568],"class_list":["post-179750","post","type-post","status-publish","format-standard","has-post-thumbnail","hentry","category-noticias","tag-animais","tag-conservacao-da-natureza-e-da-biodiversidade-incluindo-especies-prioritarias-e-vigilancia-ambiental","tag-espana","tag-natureza"],"yoast_head":"<!-- This site is optimized with the Yoast SEO plugin v27.2 - https:\/\/yoast.com\/product\/yoast-seo-wordpress\/ -->\n<title>\u00c9gua reage \u00e0 neve esta manh\u00e3 em Espanha - Portal Tela Portugal<\/title>\n<meta name=\"robots\" content=\"index, follow, max-snippet:-1, max-image-preview:large, max-video-preview:-1\" \/>\n<meta property=\"og:locale\" content=\"pt_PT\" \/>\n<meta property=\"og:type\" content=\"article\" \/>\n<meta property=\"og:title\" content=\"\u00c9gua reage \u00e0 neve esta manh\u00e3 em Espanha - Portal Tela Portugal\" \/>\n<meta property=\"og:description\" content=\"A \u00e9gua Id\u00edlica reagiu de forma euf\u00f3rica ao ver a neve na manh\u00e3 desta quarta-feira, no Centro de Sele\u00e7\u00e3o e Reprodu\u00e7\u00e3o Animal da Comunidade de Madrid, em Colmenar Viejo. O momento foi filmado por um funcion\u00e1rio do centro e o v\u00eddeo rapidamente viralizou nas redes sociais. A neve caiu na manh\u00e3 desta quarta-feira em v\u00e1rias regi\u00f5es de Espanha, proporcionando um cen\u00e1rio in\u00e9dito para moradores e animais. O Centro de Sele\u00e7\u00e3o e Reprodu\u00e7\u00e3o Animal da Comunidade de Madrid \u00e9 conhecido pelas atividades de preserva\u00e7\u00e3o e reprodu\u00e7\u00e3o de esp\u00e9cies, incluindo cavalos. A rea\u00e7\u00e3o da \u00e9gua tornou-se um s\u00edmbolo de alegria simples diante de um fen\u00f3meno sazonal pouco comum, sendo amplamente partilhada online.\" \/>\n<meta property=\"og:url\" content=\"https:\/\/portaltela.pt\/noticias\/2026\/01\/28\/egua-reage-a-neve-esta-manha-em-espanha\/\" \/>\n<meta property=\"og:site_name\" content=\"Portal Tela Portugal\" \/>\n<meta property=\"article:published_time\" content=\"2026-01-28T20:43:32+00:00\" \/>\n<meta name=\"author\" content=\"Telinha\" \/>\n<meta name=\"twitter:card\" content=\"summary_large_image\" \/>\n<meta name=\"twitter:label1\" content=\"Escrito por\" \/>\n\t<meta name=\"twitter:data1\" content=\"Telinha\" \/>\n\t<meta name=\"twitter:label2\" content=\"Tempo estimado de leitura\" \/>\n\t<meta name=\"twitter:data2\" content=\"1 minuto\" \/>\n<script type=\"application\/ld+json\" class=\"yoast-schema-graph\">{\"@context\":\"https:\/\/schema.org\",\"@graph\":[{\"@type\":\"Article\",\"@id\":\"https:\/\/portaltela.pt\/noticias\/2026\/01\/28\/egua-reage-a-neve-esta-manha-em-espanha\/#article\",\"isPartOf\":{\"@id\":\"https:\/\/portaltela.pt\/noticias\/2026\/01\/28\/egua-reage-a-neve-esta-manha-em-espanha\/\"},\"author\":{\"name\":\"Telinha\",\"@id\":\"https:\/\/portaltela.pt\/#\/schema\/person\/c4278d4a6028830caff9ee44b42d32ed\"},\"headline\":\"\u00c9gua reage \u00e0 neve esta manh\u00e3 em Espanha\",\"datePublished\":\"2026-01-28T20:43:32+00:00\",\"mainEntityOfPage\":{\"@id\":\"https:\/\/portaltela.pt\/noticias\/2026\/01\/28\/egua-reage-a-neve-esta-manha-em-espanha\/\"},\"wordCount\":273,\"image\":{\"@id\":\"https:\/\/portaltela.pt\/noticias\/2026\/01\/28\/egua-reage-a-neve-esta-manha-em-espanha\/#primaryimage\"},\"thumbnailUrl\":\"https:\/\/portaltela.pt\/s.01k8rhncp4jt1\/2026\/01\/img_1280x722uu2026-01-28-20-37-28-2263225.jpg\",\"keywords\":[\"animais\",\"conserva\u00e7\u00e3o da natureza e da biodiversidade, incluindo esp\u00e9cies priorit\u00e1rias e vigil\u00e2ncia ambiental\",\"Espa\u00f1a\",\"natureza\"],\"articleSection\":[\"Not\u00edcias\"],\"inLanguage\":\"pt-PT\"},{\"@type\":\"WebPage\",\"@id\":\"https:\/\/portaltela.pt\/noticias\/2026\/01\/28\/egua-reage-a-neve-esta-manha-em-espanha\/\",\"url\":\"https:\/\/portaltela.pt\/noticias\/2026\/01\/28\/egua-reage-a-neve-esta-manha-em-espanha\/\",\"name\":\"\u00c9gua reage \u00e0 neve esta manh\u00e3 em Espanha - Portal Tela Portugal\",\"isPartOf\":{\"@id\":\"https:\/\/portaltela.pt\/#website\"},\"primaryImageOfPage\":{\"@id\":\"https:\/\/portaltela.pt\/noticias\/2026\/01\/28\/egua-reage-a-neve-esta-manha-em-espanha\/#primaryimage\"},\"image\":{\"@id\":\"https:\/\/portaltela.pt\/noticias\/2026\/01\/28\/egua-reage-a-neve-esta-manha-em-espanha\/#primaryimage\"},\"thumbnailUrl\":\"https:\/\/portaltela.pt\/s.01k8rhncp4jt1\/2026\/01\/img_1280x722uu2026-01-28-20-37-28-2263225.jpg\",\"datePublished\":\"2026-01-28T20:43:32+00:00\",\"author\":{\"@id\":\"https:\/\/portaltela.pt\/#\/schema\/person\/c4278d4a6028830caff9ee44b42d32ed\"},\"breadcrumb\":{\"@id\":\"https:\/\/portaltela.pt\/noticias\/2026\/01\/28\/egua-reage-a-neve-esta-manha-em-espanha\/#breadcrumb\"},\"inLanguage\":\"pt-PT\",\"potentialAction\":[{\"@type\":\"ReadAction\",\"target\":[\"https:\/\/portaltela.pt\/noticias\/2026\/01\/28\/egua-reage-a-neve-esta-manha-em-espanha\/\"]}]},{\"@type\":\"ImageObject\",\"inLanguage\":\"pt-PT\",\"@id\":\"https:\/\/portaltela.pt\/noticias\/2026\/01\/28\/egua-reage-a-neve-esta-manha-em-espanha\/#primaryimage\",\"url\":\"https:\/\/portaltela.pt\/s.01k8rhncp4jt1\/2026\/01\/img_1280x722uu2026-01-28-20-37-28-2263225.jpg\",\"contentUrl\":\"https:\/\/portaltela.pt\/s.01k8rhncp4jt1\/2026\/01\/img_1280x722uu2026-01-28-20-37-28-2263225.jpg\",\"width\":796,\"height\":448,\"caption\":\"Imagem da \u00e9gua reagindo \u00e0 neve\"},{\"@type\":\"BreadcrumbList\",\"@id\":\"https:\/\/portaltela.pt\/noticias\/2026\/01\/28\/egua-reage-a-neve-esta-manha-em-espanha\/#breadcrumb\",\"itemListElement\":[{\"@type\":\"ListItem\",\"position\":1,\"name\":\"In\u00edcio\",\"item\":\"https:\/\/portaltela.pt\/\"},{\"@type\":\"ListItem\",\"position\":2,\"name\":\"\u00c9gua reage \u00e0 neve esta manh\u00e3 em Espanha\"}]},{\"@type\":\"WebSite\",\"@id\":\"https:\/\/portaltela.pt\/#website\",\"url\":\"https:\/\/portaltela.pt\/\",\"name\":\"Portal Tela Portugal\",\"description\":\"\",\"potentialAction\":[{\"@type\":\"SearchAction\",\"target\":{\"@type\":\"EntryPoint\",\"urlTemplate\":\"https:\/\/portaltela.pt\/?s={search_term_string}\"},\"query-input\":{\"@type\":\"PropertyValueSpecification\",\"valueRequired\":true,\"valueName\":\"search_term_string\"}}],\"inLanguage\":\"pt-PT\"},{\"@type\":\"Person\",\"@id\":\"https:\/\/portaltela.pt\/#\/schema\/person\/c4278d4a6028830caff9ee44b42d32ed\",\"name\":\"Telinha\",\"image\":{\"@type\":\"ImageObject\",\"inLanguage\":\"pt-PT\",\"@id\":\"https:\/\/portaltela.pt\/s.01k8rhncp4jt1\/2025\/11\/talking-bot-125x125.png\",\"url\":\"https:\/\/portaltela.pt\/s.01k8rhncp4jt1\/2025\/11\/talking-bot-125x125.png\",\"contentUrl\":\"https:\/\/portaltela.pt\/s.01k8rhncp4jt1\/2025\/11\/talking-bot-125x125.png\",\"caption\":\"Telinha\"},\"sameAs\":[\"https:\/\/portaltela.pt\/\"],\"url\":\"https:\/\/portaltela.pt\/por\/367410592786\/\"}]}<\/script>\n<!-- \/ Yoast SEO plugin. -->","yoast_head_json":{"title":"\u00c9gua reage \u00e0 neve esta manh\u00e3 em Espanha - Portal Tela Portugal","robots":{"index":"index","follow":"follow","max-snippet":"max-snippet:-1","max-image-preview":"max-image-preview:large","max-video-preview":"max-video-preview:-1"},"og_locale":"pt_PT","og_type":"article","og_title":"\u00c9gua reage \u00e0 neve esta manh\u00e3 em Espanha - Portal Tela Portugal","og_description":"A \u00e9gua Id\u00edlica reagiu de forma euf\u00f3rica ao ver a neve na manh\u00e3 desta quarta-feira, no Centro de Sele\u00e7\u00e3o e Reprodu\u00e7\u00e3o Animal da Comunidade de Madrid, em Colmenar Viejo. O momento foi filmado por um funcion\u00e1rio do centro e o v\u00eddeo rapidamente viralizou nas redes sociais. A neve caiu na manh\u00e3 desta quarta-feira em v\u00e1rias regi\u00f5es de Espanha, proporcionando um cen\u00e1rio in\u00e9dito para moradores e animais. O Centro de Sele\u00e7\u00e3o e Reprodu\u00e7\u00e3o Animal da Comunidade de Madrid \u00e9 conhecido pelas atividades de preserva\u00e7\u00e3o e reprodu\u00e7\u00e3o de esp\u00e9cies, incluindo cavalos. A rea\u00e7\u00e3o da \u00e9gua tornou-se um s\u00edmbolo de alegria simples diante de um fen\u00f3meno sazonal pouco comum, sendo amplamente partilhada online.","og_url":"https:\/\/portaltela.pt\/noticias\/2026\/01\/28\/egua-reage-a-neve-esta-manha-em-espanha\/","og_site_name":"Portal Tela Portugal","article_published_time":"2026-01-28T20:43:32+00:00","author":"Telinha","twitter_card":"summary_large_image","twitter_misc":{"Escrito por":"Telinha","Tempo estimado de leitura":"1 minuto"},"schema":{"@context":"https:\/\/schema.org","@graph":[{"@type":"Article","@id":"https:\/\/portaltela.pt\/noticias\/2026\/01\/28\/egua-reage-a-neve-esta-manha-em-espanha\/#article","isPartOf":{"@id":"https:\/\/portaltela.pt\/noticias\/2026\/01\/28\/egua-reage-a-neve-esta-manha-em-espanha\/"},"author":{"name":"Telinha","@id":"https:\/\/portaltela.pt\/#\/schema\/person\/c4278d4a6028830caff9ee44b42d32ed"},"headline":"\u00c9gua reage \u00e0 neve esta manh\u00e3 em Espanha","datePublished":"2026-01-28T20:43:32+00:00","mainEntityOfPage":{"@id":"https:\/\/portaltela.pt\/noticias\/2026\/01\/28\/egua-reage-a-neve-esta-manha-em-espanha\/"},"wordCount":273,"image":{"@id":"https:\/\/portaltela.pt\/noticias\/2026\/01\/28\/egua-reage-a-neve-esta-manha-em-espanha\/#primaryimage"},"thumbnailUrl":"https:\/\/portaltela.pt\/s.01k8rhncp4jt1\/2026\/01\/img_1280x722uu2026-01-28-20-37-28-2263225.jpg","keywords":["animais","conserva\u00e7\u00e3o da natureza e da biodiversidade, incluindo esp\u00e9cies priorit\u00e1rias e vigil\u00e2ncia ambiental","Espa\u00f1a","natureza"],"articleSection":["Not\u00edcias"],"inLanguage":"pt-PT"},{"@type":"WebPage","@id":"https:\/\/portaltela.pt\/noticias\/2026\/01\/28\/egua-reage-a-neve-esta-manha-em-espanha\/","url":"https:\/\/portaltela.pt\/noticias\/2026\/01\/28\/egua-reage-a-neve-esta-manha-em-espanha\/","name":"\u00c9gua reage \u00e0 neve esta manh\u00e3 em Espanha - Portal Tela Portugal","isPartOf":{"@id":"https:\/\/portaltela.pt\/#website"},"primaryImageOfPage":{"@id":"https:\/\/portaltela.pt\/noticias\/2026\/01\/28\/egua-reage-a-neve-esta-manha-em-espanha\/#primaryimage"},"image":{"@id":"https:\/\/portaltela.pt\/noticias\/2026\/01\/28\/egua-reage-a-neve-esta-manha-em-espanha\/#primaryimage"},"thumbnailUrl":"https:\/\/portaltela.pt\/s.01k8rhncp4jt1\/2026\/01\/img_1280x722uu2026-01-28-20-37-28-2263225.jpg","datePublished":"2026-01-28T20:43:32+00:00","author":{"@id":"https:\/\/portaltela.pt\/#\/schema\/person\/c4278d4a6028830caff9ee44b42d32ed"},"breadcrumb":{"@id":"https:\/\/portaltela.pt\/noticias\/2026\/01\/28\/egua-reage-a-neve-esta-manha-em-espanha\/#breadcrumb"},"inLanguage":"pt-PT","potentialAction":[{"@type":"ReadAction","target":["https:\/\/portaltela.pt\/noticias\/2026\/01\/28\/egua-reage-a-neve-esta-manha-em-espanha\/"]}]},{"@type":"ImageObject","inLanguage":"pt-PT","@id":"https:\/\/portaltela.pt\/noticias\/2026\/01\/28\/egua-reage-a-neve-esta-manha-em-espanha\/#primaryimage","url":"https:\/\/portaltela.pt\/s.01k8rhncp4jt1\/2026\/01\/img_1280x722uu2026-01-28-20-37-28-2263225.jpg","contentUrl":"https:\/\/portaltela.pt\/s.01k8rhncp4jt1\/2026\/01\/img_1280x722uu2026-01-28-20-37-28-2263225.jpg","width":796,"height":448,"caption":"Imagem da \u00e9gua reagindo \u00e0 neve"},{"@type":"BreadcrumbList","@id":"https:\/\/portaltela.pt\/noticias\/2026\/01\/28\/egua-reage-a-neve-esta-manha-em-espanha\/#breadcrumb","itemListElement":[{"@type":"ListItem","position":1,"name":"In\u00edcio","item":"https:\/\/portaltela.pt\/"},{"@type":"ListItem","position":2,"name":"\u00c9gua reage \u00e0 neve esta manh\u00e3 em Espanha"}]},{"@type":"WebSite","@id":"https:\/\/portaltela.pt\/#website","url":"https:\/\/portaltela.pt\/","name":"Portal Tela Portugal","description":"","potentialAction":[{"@type":"SearchAction","target":{"@type":"EntryPoint","urlTemplate":"https:\/\/portaltela.pt\/?s={search_term_string}"},"query-input":{"@type":"PropertyValueSpecification","valueRequired":true,"valueName":"search_term_string"}}],"inLanguage":"pt-PT"},{"@type":"Person","@id":"https:\/\/portaltela.pt\/#\/schema\/person\/c4278d4a6028830caff9ee44b42d32ed","name":"Telinha","image":{"@type":"ImageObject","inLanguage":"pt-PT","@id":"https:\/\/portaltela.pt\/s.01k8rhncp4jt1\/2025\/11\/talking-bot-125x125.png","url":"https:\/\/portaltela.pt\/s.01k8rhncp4jt1\/2025\/11\/talking-bot-125x125.png","contentUrl":"https:\/\/portaltela.pt\/s.01k8rhncp4jt1\/2025\/11\/talking-bot-125x125.png","caption":"Telinha"},"sameAs":["https:\/\/portaltela.pt\/"],"url":"https:\/\/portaltela.pt\/por\/367410592786\/"}]}},"_links":{"self":[{"href":"https:\/\/portaltela.pt\/api\/wp\/v2\/posts\/179750","targetHints":{"allow":["GET"]}}],"collection":[{"href":"https:\/\/portaltela.pt\/api\/wp\/v2\/posts"}],"about":[{"href":"https:\/\/portaltela.pt\/api\/wp\/v2\/types\/post"}],"author":[{"embeddable":true,"href":"https:\/\/portaltela.pt\/api\/wp\/v2\/users\/2"}],"replies":[{"embeddable":true,"href":"https:\/\/portaltela.pt\/api\/wp\/v2\/comments?post=179750"}],"version-history":[{"count":0,"href":"https:\/\/portaltela.pt\/api\/wp\/v2\/posts\/179750\/revisions"}],"wp:featuredmedia":[{"embeddable":true,"href":"https:\/\/portaltela.pt\/api\/wp\/v2\/media\/179756"}],"wp:attachment":[{"href":"https:\/\/portaltela.pt\/api\/wp\/v2\/media?parent=179750"}],"wp:term":[{"taxonomy":"category","embeddable":true,"href":"https:\/\/portaltela.pt\/api\/wp\/v2\/categories?post=179750"},{"taxonomy":"post_tag","embeddable":true,"href":"https:\/\/portaltela.pt\/api\/wp\/v2\/tags?post=179750"}],"curies":[{"name":"wp","href":"https:\/\/api.w.org\/{rel}","templated":true}]}}