{"id":179725,"date":"2026-01-28T15:17:58","date_gmt":"2026-01-28T18:17:58","guid":{"rendered":"https:\/\/portaltela.pt\/noticias\/2026\/01\/28\/gronelandia-rubio-confia-em-acordo-apos-promessa-de-trump\/"},"modified":"2026-01-28T15:17:58","modified_gmt":"2026-01-28T18:17:58","slug":"gronelandia-rubio-confia-em-acordo-apos-promessa-de-trump","status":"publish","type":"post","link":"https:\/\/portaltela.pt\/noticias\/2026\/01\/28\/gronelandia-rubio-confia-em-acordo-apos-promessa-de-trump\/","title":{"rendered":"Gronel\u00e2ndia: Rubio confia em acordo ap\u00f3s promessa de Trump"},"content":{"rendered":"<p>O secret\u00e1rio de Estado dos EUA, Antony Blinken, manifestou hoje confian\u00e7a numa solu\u00e7\u00e3o negociada sobre a Gronel\u00e2ndia, ap\u00f3s promessas de negocia\u00e7\u00f5es feitas pelo Presidente Donald Trump. Rubio afirmou que ocorrer\u00e3o reuni\u00f5es t\u00e9cnicas com parceiros na Gronel\u00e2ndia e na Dinamarca, com a expectativa de definir um processo que leve a um resultado favor\u00e1vel para todas as partes.<\/p>\n<p>Trump tem defendido que o controlo da Gronel\u00e2ndia \u00e9 crucial para a seguran\u00e7a norte-americana, alegando que Dinamarca e pa\u00edses europeus n\u00e3o protegem suficientemente o territ\u00f3rio face a interesses da R\u00fassia e da China. O Presidente sugeriu que h\u00e1 uma estrutura para um acordo futuro, anunciada ap\u00f3s uma reuni\u00e3o com o secret\u00e1rio-geral da NATO, Mark Rutte, no F\u00f3rum Econ\u00f4mico Mundial de Davos.<\/p>\n<p>O primeiro-ministro da Gronel\u00e2ndia, Jens-Frederik Nielsen, reagiu, dizendo n\u00e3o reconhecer as conclus\u00f5es anunciadas por Trump e Rutte. Nielsen reiterou a disponibilidade para um di\u00e1logo pac\u00edfico, desde que haja respeito pelo direito \u00e0 autodetermina\u00e7\u00e3o do territ\u00f3rio semi-aut\u00f3nomo dinamarqu\u00eas.<\/p>\n<h3>Di\u00e1logo e autodetermina\u00e7\u00e3o<\/h3>\n<p>Nielsen sublinhou que a Gronel\u00e2ndia pretende manter a comunica\u00e7\u00e3o aberta com as partes envolvidas. As autoridades do territ\u00f3rio destacam a import\u00e2ncia de um processo participativo que assegure claridade jur\u00eddica e previsibilidade. A situa\u00e7\u00e3o mant\u00e9m-se em avalia\u00e7\u00e3o pelas partes, sem an\u00fancio de medidas definitivas.<\/p>\n","protected":false},"excerpt":{"rendered":"<ul>\n<li>O secret\u00e1rio de Estado dos EUA, Marco Rubio, disse estar confiante numa solu\u00e7\u00e3o satisfat\u00f3ria para todos na quest\u00e3o da Gronel\u00e2ndia, ap\u00f3s promessas de negocia\u00e7\u00f5es do Presidente, Donald Trump.<\/li>\n<li>Rubio afirmou que haver\u00e1 reuni\u00f5es t\u00e9cnicas entre os EUA, a Gronel\u00e2ndia e a Dinamarca para definir um processo que conduza a um resultado positivo para todos.<\/li>\n<li>Trump tem defendido que o controlo da Gronel\u00e2ndia \u00e9 essencial para a seguran\u00e7a dos EUA, acusando a Dinamarca e pa\u00edses europeus de n\u00e3o protegerem o territ\u00f3rio contra a R\u00fassia e a China.<\/li>\n<li>O Presidente anunciou, em Davos, a exist\u00eancia de uma estrutura para um futuro acordo ap\u00f3s uma reuni\u00e3o com o secret\u00e1rio-geral da NATO, e suspendeu as amea\u00e7as de tarifas e de interven\u00e7\u00e3o militar.<\/li>\n<li>O primeiro-ministro da Gronel\u00e2ndia, Jens-Frederik Nielsen, afirmou desconhecer as conclus\u00f5es anunciadas por Trump e Rutte, defendendo di\u00e1logo pac\u00edfico desde que se respeite o direito \u00e0 autodetermina\u00e7\u00e3o do territ\u00f3rio semiaut\u00f3nomo dinamarqu\u00eas.<\/li>\n<\/ul>\n","protected":false},"author":2,"featured_media":179733,"comment_status":"closed","ping_status":"closed","sticky":false,"template":"","format":"standard","meta":{"footnotes":""},"categories":[1],"tags":[3615,2503,3783,2432,2036,4222],"class_list":["post-179725","post","type-post","status-publish","format-standard","has-post-thumbnail","hentry","category-noticias","tag-autodeterminacao","tag-dinamarca","tag-groenlandia","tag-interesses-internacionais","tag-negociacoes-internacionais","tag-seguranca-internacional"],"yoast_head":"<!-- This site is optimized with the Yoast SEO plugin v27.2 - https:\/\/yoast.com\/product\/yoast-seo-wordpress\/ -->\n<title>Gronel\u00e2ndia: Rubio confia em acordo ap\u00f3s promessa de Trump - Portal Tela Portugal<\/title>\n<meta name=\"robots\" content=\"index, follow, max-snippet:-1, max-image-preview:large, max-video-preview:-1\" \/>\n<meta property=\"og:locale\" content=\"pt_PT\" \/>\n<meta property=\"og:type\" content=\"article\" \/>\n<meta property=\"og:title\" content=\"Gronel\u00e2ndia: Rubio confia em acordo ap\u00f3s promessa de Trump - Portal Tela Portugal\" \/>\n<meta property=\"og:description\" content=\"O secret\u00e1rio de Estado dos EUA, Marco Rubio, disse estar confiante numa solu\u00e7\u00e3o satisfat\u00f3ria para todos na quest\u00e3o da Gronel\u00e2ndia, ap\u00f3s promessas de negocia\u00e7\u00f5es do Presidente, Donald Trump. Rubio afirmou que haver\u00e1 reuni\u00f5es t\u00e9cnicas entre os EUA, a Gronel\u00e2ndia e a Dinamarca para definir um processo que conduza a um resultado positivo para todos. Trump tem defendido que o controlo da Gronel\u00e2ndia \u00e9 essencial para a seguran\u00e7a dos EUA, acusando a Dinamarca e pa\u00edses europeus de n\u00e3o protegerem o territ\u00f3rio contra a R\u00fassia e a China. O Presidente anunciou, em Davos, a exist\u00eancia de uma estrutura para um futuro acordo ap\u00f3s uma reuni\u00e3o com o secret\u00e1rio-geral da NATO, e suspendeu as amea\u00e7as de tarifas e de interven\u00e7\u00e3o militar. O primeiro-ministro da Gronel\u00e2ndia, Jens-Frederik Nielsen, afirmou desconhecer as conclus\u00f5es anunciadas por Trump e Rutte, defendendo di\u00e1logo pac\u00edfico desde que se respeite o direito \u00e0 autodetermina\u00e7\u00e3o do territ\u00f3rio semiaut\u00f3nomo dinamarqu\u00eas.\" \/>\n<meta property=\"og:url\" content=\"https:\/\/portaltela.pt\/noticias\/2026\/01\/28\/gronelandia-rubio-confia-em-acordo-apos-promessa-de-trump\/\" \/>\n<meta property=\"og:site_name\" content=\"Portal Tela Portugal\" \/>\n<meta property=\"article:published_time\" content=\"2026-01-28T18:17:58+00:00\" \/>\n<meta name=\"author\" content=\"Telinha\" \/>\n<meta name=\"twitter:card\" content=\"summary_large_image\" \/>\n<meta name=\"twitter:label1\" content=\"Escrito por\" \/>\n\t<meta name=\"twitter:data1\" content=\"Telinha\" \/>\n\t<meta name=\"twitter:label2\" content=\"Tempo estimado de leitura\" \/>\n\t<meta name=\"twitter:data2\" content=\"1 minuto\" \/>\n<script type=\"application\/ld+json\" class=\"yoast-schema-graph\">{\"@context\":\"https:\/\/schema.org\",\"@graph\":[{\"@type\":\"Article\",\"@id\":\"https:\/\/portaltela.pt\/noticias\/2026\/01\/28\/gronelandia-rubio-confia-em-acordo-apos-promessa-de-trump\/#article\",\"isPartOf\":{\"@id\":\"https:\/\/portaltela.pt\/noticias\/2026\/01\/28\/gronelandia-rubio-confia-em-acordo-apos-promessa-de-trump\/\"},\"author\":{\"name\":\"Telinha\",\"@id\":\"https:\/\/portaltela.pt\/#\/schema\/person\/c4278d4a6028830caff9ee44b42d32ed\"},\"headline\":\"Gronel\u00e2ndia: Rubio confia em acordo ap\u00f3s promessa de Trump\",\"datePublished\":\"2026-01-28T18:17:58+00:00\",\"mainEntityOfPage\":{\"@id\":\"https:\/\/portaltela.pt\/noticias\/2026\/01\/28\/gronelandia-rubio-confia-em-acordo-apos-promessa-de-trump\/\"},\"wordCount\":251,\"image\":{\"@id\":\"https:\/\/portaltela.pt\/noticias\/2026\/01\/28\/gronelandia-rubio-confia-em-acordo-apos-promessa-de-trump\/#primaryimage\"},\"thumbnailUrl\":\"https:\/\/portaltela.pt\/s.01k8rhncp4jt1\/2026\/01\/unnamed-file-5652.jpg\",\"keywords\":[\"autodetermina\u00e7\u00e3o\",\"Dinamarca\",\"Groenl\u00e2ndia\",\"interesses internacionais\",\"negocia\u00e7\u00f5es internacionais\",\"seguran\u00e7a internacional\"],\"articleSection\":[\"Not\u00edcias\"],\"inLanguage\":\"pt-PT\"},{\"@type\":\"WebPage\",\"@id\":\"https:\/\/portaltela.pt\/noticias\/2026\/01\/28\/gronelandia-rubio-confia-em-acordo-apos-promessa-de-trump\/\",\"url\":\"https:\/\/portaltela.pt\/noticias\/2026\/01\/28\/gronelandia-rubio-confia-em-acordo-apos-promessa-de-trump\/\",\"name\":\"Gronel\u00e2ndia: Rubio confia em acordo ap\u00f3s promessa de Trump - Portal Tela Portugal\",\"isPartOf\":{\"@id\":\"https:\/\/portaltela.pt\/#website\"},\"primaryImageOfPage\":{\"@id\":\"https:\/\/portaltela.pt\/noticias\/2026\/01\/28\/gronelandia-rubio-confia-em-acordo-apos-promessa-de-trump\/#primaryimage\"},\"image\":{\"@id\":\"https:\/\/portaltela.pt\/noticias\/2026\/01\/28\/gronelandia-rubio-confia-em-acordo-apos-promessa-de-trump\/#primaryimage\"},\"thumbnailUrl\":\"https:\/\/portaltela.pt\/s.01k8rhncp4jt1\/2026\/01\/unnamed-file-5652.jpg\",\"datePublished\":\"2026-01-28T18:17:58+00:00\",\"author\":{\"@id\":\"https:\/\/portaltela.pt\/#\/schema\/person\/c4278d4a6028830caff9ee44b42d32ed\"},\"breadcrumb\":{\"@id\":\"https:\/\/portaltela.pt\/noticias\/2026\/01\/28\/gronelandia-rubio-confia-em-acordo-apos-promessa-de-trump\/#breadcrumb\"},\"inLanguage\":\"pt-PT\",\"potentialAction\":[{\"@type\":\"ReadAction\",\"target\":[\"https:\/\/portaltela.pt\/noticias\/2026\/01\/28\/gronelandia-rubio-confia-em-acordo-apos-promessa-de-trump\/\"]}]},{\"@type\":\"ImageObject\",\"inLanguage\":\"pt-PT\",\"@id\":\"https:\/\/portaltela.pt\/noticias\/2026\/01\/28\/gronelandia-rubio-confia-em-acordo-apos-promessa-de-trump\/#primaryimage\",\"url\":\"https:\/\/portaltela.pt\/s.01k8rhncp4jt1\/2026\/01\/unnamed-file-5652.jpg\",\"contentUrl\":\"https:\/\/portaltela.pt\/s.01k8rhncp4jt1\/2026\/01\/unnamed-file-5652.jpg\",\"width\":796,\"height\":448,\"caption\":\"Gronel\u00e2ndia: Rubio confiante em solu\u00e7\u00e3o negociada ap\u00f3s promessa de Trump\"},{\"@type\":\"BreadcrumbList\",\"@id\":\"https:\/\/portaltela.pt\/noticias\/2026\/01\/28\/gronelandia-rubio-confia-em-acordo-apos-promessa-de-trump\/#breadcrumb\",\"itemListElement\":[{\"@type\":\"ListItem\",\"position\":1,\"name\":\"In\u00edcio\",\"item\":\"https:\/\/portaltela.pt\/\"},{\"@type\":\"ListItem\",\"position\":2,\"name\":\"Gronel\u00e2ndia: Rubio confia em acordo ap\u00f3s promessa de Trump\"}]},{\"@type\":\"WebSite\",\"@id\":\"https:\/\/portaltela.pt\/#website\",\"url\":\"https:\/\/portaltela.pt\/\",\"name\":\"Portal Tela Portugal\",\"description\":\"\",\"potentialAction\":[{\"@type\":\"SearchAction\",\"target\":{\"@type\":\"EntryPoint\",\"urlTemplate\":\"https:\/\/portaltela.pt\/?s={search_term_string}\"},\"query-input\":{\"@type\":\"PropertyValueSpecification\",\"valueRequired\":true,\"valueName\":\"search_term_string\"}}],\"inLanguage\":\"pt-PT\"},{\"@type\":\"Person\",\"@id\":\"https:\/\/portaltela.pt\/#\/schema\/person\/c4278d4a6028830caff9ee44b42d32ed\",\"name\":\"Telinha\",\"image\":{\"@type\":\"ImageObject\",\"inLanguage\":\"pt-PT\",\"@id\":\"https:\/\/portaltela.pt\/s.01k8rhncp4jt1\/2025\/11\/talking-bot-125x125.png\",\"url\":\"https:\/\/portaltela.pt\/s.01k8rhncp4jt1\/2025\/11\/talking-bot-125x125.png\",\"contentUrl\":\"https:\/\/portaltela.pt\/s.01k8rhncp4jt1\/2025\/11\/talking-bot-125x125.png\",\"caption\":\"Telinha\"},\"sameAs\":[\"https:\/\/portaltela.pt\/\"],\"url\":\"https:\/\/portaltela.pt\/por\/367410592786\/\"}]}<\/script>\n<!-- \/ Yoast SEO plugin. -->","yoast_head_json":{"title":"Gronel\u00e2ndia: Rubio confia em acordo ap\u00f3s promessa de Trump - Portal Tela Portugal","robots":{"index":"index","follow":"follow","max-snippet":"max-snippet:-1","max-image-preview":"max-image-preview:large","max-video-preview":"max-video-preview:-1"},"og_locale":"pt_PT","og_type":"article","og_title":"Gronel\u00e2ndia: Rubio confia em acordo ap\u00f3s promessa de Trump - Portal Tela Portugal","og_description":"O secret\u00e1rio de Estado dos EUA, Marco Rubio, disse estar confiante numa solu\u00e7\u00e3o satisfat\u00f3ria para todos na quest\u00e3o da Gronel\u00e2ndia, ap\u00f3s promessas de negocia\u00e7\u00f5es do Presidente, Donald Trump. Rubio afirmou que haver\u00e1 reuni\u00f5es t\u00e9cnicas entre os EUA, a Gronel\u00e2ndia e a Dinamarca para definir um processo que conduza a um resultado positivo para todos. Trump tem defendido que o controlo da Gronel\u00e2ndia \u00e9 essencial para a seguran\u00e7a dos EUA, acusando a Dinamarca e pa\u00edses europeus de n\u00e3o protegerem o territ\u00f3rio contra a R\u00fassia e a China. O Presidente anunciou, em Davos, a exist\u00eancia de uma estrutura para um futuro acordo ap\u00f3s uma reuni\u00e3o com o secret\u00e1rio-geral da NATO, e suspendeu as amea\u00e7as de tarifas e de interven\u00e7\u00e3o militar. O primeiro-ministro da Gronel\u00e2ndia, Jens-Frederik Nielsen, afirmou desconhecer as conclus\u00f5es anunciadas por Trump e Rutte, defendendo di\u00e1logo pac\u00edfico desde que se respeite o direito \u00e0 autodetermina\u00e7\u00e3o do territ\u00f3rio semiaut\u00f3nomo dinamarqu\u00eas.","og_url":"https:\/\/portaltela.pt\/noticias\/2026\/01\/28\/gronelandia-rubio-confia-em-acordo-apos-promessa-de-trump\/","og_site_name":"Portal Tela Portugal","article_published_time":"2026-01-28T18:17:58+00:00","author":"Telinha","twitter_card":"summary_large_image","twitter_misc":{"Escrito por":"Telinha","Tempo estimado de leitura":"1 minuto"},"schema":{"@context":"https:\/\/schema.org","@graph":[{"@type":"Article","@id":"https:\/\/portaltela.pt\/noticias\/2026\/01\/28\/gronelandia-rubio-confia-em-acordo-apos-promessa-de-trump\/#article","isPartOf":{"@id":"https:\/\/portaltela.pt\/noticias\/2026\/01\/28\/gronelandia-rubio-confia-em-acordo-apos-promessa-de-trump\/"},"author":{"name":"Telinha","@id":"https:\/\/portaltela.pt\/#\/schema\/person\/c4278d4a6028830caff9ee44b42d32ed"},"headline":"Gronel\u00e2ndia: Rubio confia em acordo ap\u00f3s promessa de Trump","datePublished":"2026-01-28T18:17:58+00:00","mainEntityOfPage":{"@id":"https:\/\/portaltela.pt\/noticias\/2026\/01\/28\/gronelandia-rubio-confia-em-acordo-apos-promessa-de-trump\/"},"wordCount":251,"image":{"@id":"https:\/\/portaltela.pt\/noticias\/2026\/01\/28\/gronelandia-rubio-confia-em-acordo-apos-promessa-de-trump\/#primaryimage"},"thumbnailUrl":"https:\/\/portaltela.pt\/s.01k8rhncp4jt1\/2026\/01\/unnamed-file-5652.jpg","keywords":["autodetermina\u00e7\u00e3o","Dinamarca","Groenl\u00e2ndia","interesses internacionais","negocia\u00e7\u00f5es internacionais","seguran\u00e7a internacional"],"articleSection":["Not\u00edcias"],"inLanguage":"pt-PT"},{"@type":"WebPage","@id":"https:\/\/portaltela.pt\/noticias\/2026\/01\/28\/gronelandia-rubio-confia-em-acordo-apos-promessa-de-trump\/","url":"https:\/\/portaltela.pt\/noticias\/2026\/01\/28\/gronelandia-rubio-confia-em-acordo-apos-promessa-de-trump\/","name":"Gronel\u00e2ndia: Rubio confia em acordo ap\u00f3s promessa de Trump - Portal Tela Portugal","isPartOf":{"@id":"https:\/\/portaltela.pt\/#website"},"primaryImageOfPage":{"@id":"https:\/\/portaltela.pt\/noticias\/2026\/01\/28\/gronelandia-rubio-confia-em-acordo-apos-promessa-de-trump\/#primaryimage"},"image":{"@id":"https:\/\/portaltela.pt\/noticias\/2026\/01\/28\/gronelandia-rubio-confia-em-acordo-apos-promessa-de-trump\/#primaryimage"},"thumbnailUrl":"https:\/\/portaltela.pt\/s.01k8rhncp4jt1\/2026\/01\/unnamed-file-5652.jpg","datePublished":"2026-01-28T18:17:58+00:00","author":{"@id":"https:\/\/portaltela.pt\/#\/schema\/person\/c4278d4a6028830caff9ee44b42d32ed"},"breadcrumb":{"@id":"https:\/\/portaltela.pt\/noticias\/2026\/01\/28\/gronelandia-rubio-confia-em-acordo-apos-promessa-de-trump\/#breadcrumb"},"inLanguage":"pt-PT","potentialAction":[{"@type":"ReadAction","target":["https:\/\/portaltela.pt\/noticias\/2026\/01\/28\/gronelandia-rubio-confia-em-acordo-apos-promessa-de-trump\/"]}]},{"@type":"ImageObject","inLanguage":"pt-PT","@id":"https:\/\/portaltela.pt\/noticias\/2026\/01\/28\/gronelandia-rubio-confia-em-acordo-apos-promessa-de-trump\/#primaryimage","url":"https:\/\/portaltela.pt\/s.01k8rhncp4jt1\/2026\/01\/unnamed-file-5652.jpg","contentUrl":"https:\/\/portaltela.pt\/s.01k8rhncp4jt1\/2026\/01\/unnamed-file-5652.jpg","width":796,"height":448,"caption":"Gronel\u00e2ndia: Rubio confiante em solu\u00e7\u00e3o negociada ap\u00f3s promessa de Trump"},{"@type":"BreadcrumbList","@id":"https:\/\/portaltela.pt\/noticias\/2026\/01\/28\/gronelandia-rubio-confia-em-acordo-apos-promessa-de-trump\/#breadcrumb","itemListElement":[{"@type":"ListItem","position":1,"name":"In\u00edcio","item":"https:\/\/portaltela.pt\/"},{"@type":"ListItem","position":2,"name":"Gronel\u00e2ndia: Rubio confia em acordo ap\u00f3s promessa de Trump"}]},{"@type":"WebSite","@id":"https:\/\/portaltela.pt\/#website","url":"https:\/\/portaltela.pt\/","name":"Portal Tela Portugal","description":"","potentialAction":[{"@type":"SearchAction","target":{"@type":"EntryPoint","urlTemplate":"https:\/\/portaltela.pt\/?s={search_term_string}"},"query-input":{"@type":"PropertyValueSpecification","valueRequired":true,"valueName":"search_term_string"}}],"inLanguage":"pt-PT"},{"@type":"Person","@id":"https:\/\/portaltela.pt\/#\/schema\/person\/c4278d4a6028830caff9ee44b42d32ed","name":"Telinha","image":{"@type":"ImageObject","inLanguage":"pt-PT","@id":"https:\/\/portaltela.pt\/s.01k8rhncp4jt1\/2025\/11\/talking-bot-125x125.png","url":"https:\/\/portaltela.pt\/s.01k8rhncp4jt1\/2025\/11\/talking-bot-125x125.png","contentUrl":"https:\/\/portaltela.pt\/s.01k8rhncp4jt1\/2025\/11\/talking-bot-125x125.png","caption":"Telinha"},"sameAs":["https:\/\/portaltela.pt\/"],"url":"https:\/\/portaltela.pt\/por\/367410592786\/"}]}},"_links":{"self":[{"href":"https:\/\/portaltela.pt\/api\/wp\/v2\/posts\/179725","targetHints":{"allow":["GET"]}}],"collection":[{"href":"https:\/\/portaltela.pt\/api\/wp\/v2\/posts"}],"about":[{"href":"https:\/\/portaltela.pt\/api\/wp\/v2\/types\/post"}],"author":[{"embeddable":true,"href":"https:\/\/portaltela.pt\/api\/wp\/v2\/users\/2"}],"replies":[{"embeddable":true,"href":"https:\/\/portaltela.pt\/api\/wp\/v2\/comments?post=179725"}],"version-history":[{"count":0,"href":"https:\/\/portaltela.pt\/api\/wp\/v2\/posts\/179725\/revisions"}],"wp:featuredmedia":[{"embeddable":true,"href":"https:\/\/portaltela.pt\/api\/wp\/v2\/media\/179733"}],"wp:attachment":[{"href":"https:\/\/portaltela.pt\/api\/wp\/v2\/media?parent=179725"}],"wp:term":[{"taxonomy":"category","embeddable":true,"href":"https:\/\/portaltela.pt\/api\/wp\/v2\/categories?post=179725"},{"taxonomy":"post_tag","embeddable":true,"href":"https:\/\/portaltela.pt\/api\/wp\/v2\/tags?post=179725"}],"curies":[{"name":"wp","href":"https:\/\/api.w.org\/{rel}","templated":true}]}}