{"id":179710,"date":"2026-01-28T17:02:00","date_gmt":"2026-01-28T20:02:00","guid":{"rendered":"https:\/\/portaltela.pt\/noticias\/2026\/01\/28\/cabo-verde-prepara-primeiro-transplante-renal-com-apoio-de-portugal\/"},"modified":"2026-01-28T17:02:00","modified_gmt":"2026-01-28T20:02:00","slug":"cabo-verde-prepara-primeiro-transplante-renal-com-apoio-de-portugal","status":"publish","type":"post","link":"https:\/\/portaltela.pt\/noticias\/2026\/01\/28\/cabo-verde-prepara-primeiro-transplante-renal-com-apoio-de-portugal\/","title":{"rendered":"Cabo Verde prepara primeiro transplante renal com apoio de Portugal"},"content":{"rendered":"<p>Cabo Verde prepara-se para realizar o seu primeiro transplante renal, com apoio de Portugal, segundo informa\u00e7\u00f5es oficiais. O procedimento est\u00e1 anunciado para breve e enquadra-se num projeto conjunto entre os dois pa\u00edses.<\/p>\n<p>O apoio luso envolve coopera\u00e7\u00e3o t\u00e9cnica e forma\u00e7\u00e3o de equipas m\u00e9dicas, bem como apoio \u00e0 infraestrutura necess\u00e1ria para o transplante. Profissionais de Portugal devem colaborar com equipas locais para capacitar recursos humanos e garantir padr\u00f5es de seguran\u00e7a.<\/p>\n<p>A iniciativa surge no contexto de melhoria do acesso a tratamentos renais no arquip\u00e9lago. Autoridades de sa\u00fade garantem que o objetivo \u00e9 aumentar a disponibilidade de transplantes e reduzir tempos de espera para pacientes com insufici\u00eancia renal.<\/p>\n","protected":false},"excerpt":{"rendered":"<ul>\n<li>Cabo Verde prepara-se para realizar o seu primeiro transplante renal, com o apoio de Portugal.<\/li>\n<li>O envolvimento de Portugal incide numa coopera\u00e7\u00e3o m\u00e9dica para apoiar o procedimento.<\/li>\n<li>A not\u00edcia completa est\u00e1 dispon\u00edvel apenas para subscritores.<\/li>\n<li>A data exata do transplante n\u00e3o foi divulgada no comunicado p\u00fablico.<\/li>\n<\/ul>\n","protected":false},"author":2,"featured_media":179711,"comment_status":"closed","ping_status":"closed","sticky":false,"template":"","format":"standard","meta":{"footnotes":""},"categories":[1],"tags":[256,3640,1865,1014,172,271],"class_list":["post-179710","post","type-post","status-publish","format-standard","has-post-thumbnail","hentry","category-noticias","tag-cooperacao-internacional","tag-doacao-de-orgaos","tag-nefrologia","tag-portugal","tag-saude","tag-saude-publica"],"yoast_head":"<!-- This site is optimized with the Yoast SEO plugin v27.2 - https:\/\/yoast.com\/product\/yoast-seo-wordpress\/ -->\n<title>Cabo Verde prepara primeiro transplante renal com apoio de Portugal - Portal Tela Portugal<\/title>\n<meta name=\"robots\" content=\"index, follow, max-snippet:-1, max-image-preview:large, max-video-preview:-1\" \/>\n<meta property=\"og:locale\" content=\"pt_PT\" \/>\n<meta property=\"og:type\" content=\"article\" \/>\n<meta property=\"og:title\" content=\"Cabo Verde prepara primeiro transplante renal com apoio de Portugal - Portal Tela Portugal\" \/>\n<meta property=\"og:description\" content=\"Cabo Verde prepara-se para realizar o seu primeiro transplante renal, com o apoio de Portugal. O envolvimento de Portugal incide numa coopera\u00e7\u00e3o m\u00e9dica para apoiar o procedimento. A not\u00edcia completa est\u00e1 dispon\u00edvel apenas para subscritores. A data exata do transplante n\u00e3o foi divulgada no comunicado p\u00fablico.\" \/>\n<meta property=\"og:url\" content=\"https:\/\/portaltela.pt\/noticias\/2026\/01\/28\/cabo-verde-prepara-primeiro-transplante-renal-com-apoio-de-portugal\/\" \/>\n<meta property=\"og:site_name\" content=\"Portal Tela Portugal\" \/>\n<meta property=\"article:published_time\" content=\"2026-01-28T20:02:00+00:00\" \/>\n<meta name=\"author\" content=\"Telinha\" \/>\n<meta name=\"twitter:card\" content=\"summary_large_image\" \/>\n<meta name=\"twitter:label1\" content=\"Escrito por\" \/>\n\t<meta name=\"twitter:data1\" content=\"Telinha\" \/>\n\t<meta name=\"twitter:label2\" content=\"Tempo estimado de leitura\" \/>\n\t<meta name=\"twitter:data2\" content=\"1 minuto\" \/>\n<script type=\"application\/ld+json\" class=\"yoast-schema-graph\">{\"@context\":\"https:\/\/schema.org\",\"@graph\":[{\"@type\":\"Article\",\"@id\":\"https:\/\/portaltela.pt\/noticias\/2026\/01\/28\/cabo-verde-prepara-primeiro-transplante-renal-com-apoio-de-portugal\/#article\",\"isPartOf\":{\"@id\":\"https:\/\/portaltela.pt\/noticias\/2026\/01\/28\/cabo-verde-prepara-primeiro-transplante-renal-com-apoio-de-portugal\/\"},\"author\":{\"name\":\"Telinha\",\"@id\":\"https:\/\/portaltela.pt\/#\/schema\/person\/c4278d4a6028830caff9ee44b42d32ed\"},\"headline\":\"Cabo Verde prepara primeiro transplante renal com apoio de Portugal\",\"datePublished\":\"2026-01-28T20:02:00+00:00\",\"mainEntityOfPage\":{\"@id\":\"https:\/\/portaltela.pt\/noticias\/2026\/01\/28\/cabo-verde-prepara-primeiro-transplante-renal-com-apoio-de-portugal\/\"},\"wordCount\":126,\"image\":{\"@id\":\"https:\/\/portaltela.pt\/noticias\/2026\/01\/28\/cabo-verde-prepara-primeiro-transplante-renal-com-apoio-de-portugal\/#primaryimage\"},\"thumbnailUrl\":\"https:\/\/portaltela.pt\/s.01k8rhncp4jt1\/2026\/01\/CACHE_780X1200_ANALOG_WATERMARKED_46445459_2118555_28012026074827.jpg\",\"keywords\":[\"coopera\u00e7\u00e3o internacional\",\"doa\u00e7\u00e3o de \u00f3rg\u00e3os\",\"nefrologia\",\"Portugal\",\"sa\u00fade\",\"sa\u00fade p\u00fablica\"],\"articleSection\":[\"Not\u00edcias\"],\"inLanguage\":\"pt-PT\"},{\"@type\":\"WebPage\",\"@id\":\"https:\/\/portaltela.pt\/noticias\/2026\/01\/28\/cabo-verde-prepara-primeiro-transplante-renal-com-apoio-de-portugal\/\",\"url\":\"https:\/\/portaltela.pt\/noticias\/2026\/01\/28\/cabo-verde-prepara-primeiro-transplante-renal-com-apoio-de-portugal\/\",\"name\":\"Cabo Verde prepara primeiro transplante renal com apoio de Portugal - Portal Tela Portugal\",\"isPartOf\":{\"@id\":\"https:\/\/portaltela.pt\/#website\"},\"primaryImageOfPage\":{\"@id\":\"https:\/\/portaltela.pt\/noticias\/2026\/01\/28\/cabo-verde-prepara-primeiro-transplante-renal-com-apoio-de-portugal\/#primaryimage\"},\"image\":{\"@id\":\"https:\/\/portaltela.pt\/noticias\/2026\/01\/28\/cabo-verde-prepara-primeiro-transplante-renal-com-apoio-de-portugal\/#primaryimage\"},\"thumbnailUrl\":\"https:\/\/portaltela.pt\/s.01k8rhncp4jt1\/2026\/01\/CACHE_780X1200_ANALOG_WATERMARKED_46445459_2118555_28012026074827.jpg\",\"datePublished\":\"2026-01-28T20:02:00+00:00\",\"author\":{\"@id\":\"https:\/\/portaltela.pt\/#\/schema\/person\/c4278d4a6028830caff9ee44b42d32ed\"},\"breadcrumb\":{\"@id\":\"https:\/\/portaltela.pt\/noticias\/2026\/01\/28\/cabo-verde-prepara-primeiro-transplante-renal-com-apoio-de-portugal\/#breadcrumb\"},\"inLanguage\":\"pt-PT\",\"potentialAction\":[{\"@type\":\"ReadAction\",\"target\":[\"https:\/\/portaltela.pt\/noticias\/2026\/01\/28\/cabo-verde-prepara-primeiro-transplante-renal-com-apoio-de-portugal\/\"]}]},{\"@type\":\"ImageObject\",\"inLanguage\":\"pt-PT\",\"@id\":\"https:\/\/portaltela.pt\/noticias\/2026\/01\/28\/cabo-verde-prepara-primeiro-transplante-renal-com-apoio-de-portugal\/#primaryimage\",\"url\":\"https:\/\/portaltela.pt\/s.01k8rhncp4jt1\/2026\/01\/CACHE_780X1200_ANALOG_WATERMARKED_46445459_2118555_28012026074827.jpg\",\"contentUrl\":\"https:\/\/portaltela.pt\/s.01k8rhncp4jt1\/2026\/01\/CACHE_780X1200_ANALOG_WATERMARKED_46445459_2118555_28012026074827.jpg\",\"width\":768,\"height\":512,\"caption\":\"Cabo Verde realiza primeiro transplante renal em breve com apoio de Portugal\"},{\"@type\":\"BreadcrumbList\",\"@id\":\"https:\/\/portaltela.pt\/noticias\/2026\/01\/28\/cabo-verde-prepara-primeiro-transplante-renal-com-apoio-de-portugal\/#breadcrumb\",\"itemListElement\":[{\"@type\":\"ListItem\",\"position\":1,\"name\":\"In\u00edcio\",\"item\":\"https:\/\/portaltela.pt\/\"},{\"@type\":\"ListItem\",\"position\":2,\"name\":\"Cabo Verde prepara primeiro transplante renal com apoio de Portugal\"}]},{\"@type\":\"WebSite\",\"@id\":\"https:\/\/portaltela.pt\/#website\",\"url\":\"https:\/\/portaltela.pt\/\",\"name\":\"Portal Tela Portugal\",\"description\":\"\",\"potentialAction\":[{\"@type\":\"SearchAction\",\"target\":{\"@type\":\"EntryPoint\",\"urlTemplate\":\"https:\/\/portaltela.pt\/?s={search_term_string}\"},\"query-input\":{\"@type\":\"PropertyValueSpecification\",\"valueRequired\":true,\"valueName\":\"search_term_string\"}}],\"inLanguage\":\"pt-PT\"},{\"@type\":\"Person\",\"@id\":\"https:\/\/portaltela.pt\/#\/schema\/person\/c4278d4a6028830caff9ee44b42d32ed\",\"name\":\"Telinha\",\"image\":{\"@type\":\"ImageObject\",\"inLanguage\":\"pt-PT\",\"@id\":\"https:\/\/portaltela.pt\/s.01k8rhncp4jt1\/2025\/11\/talking-bot-125x125.png\",\"url\":\"https:\/\/portaltela.pt\/s.01k8rhncp4jt1\/2025\/11\/talking-bot-125x125.png\",\"contentUrl\":\"https:\/\/portaltela.pt\/s.01k8rhncp4jt1\/2025\/11\/talking-bot-125x125.png\",\"caption\":\"Telinha\"},\"sameAs\":[\"https:\/\/portaltela.pt\/\"],\"url\":\"https:\/\/portaltela.pt\/por\/367410592786\/\"}]}<\/script>\n<!-- \/ Yoast SEO plugin. -->","yoast_head_json":{"title":"Cabo Verde prepara primeiro transplante renal com apoio de Portugal - Portal Tela Portugal","robots":{"index":"index","follow":"follow","max-snippet":"max-snippet:-1","max-image-preview":"max-image-preview:large","max-video-preview":"max-video-preview:-1"},"og_locale":"pt_PT","og_type":"article","og_title":"Cabo Verde prepara primeiro transplante renal com apoio de Portugal - Portal Tela Portugal","og_description":"Cabo Verde prepara-se para realizar o seu primeiro transplante renal, com o apoio de Portugal. O envolvimento de Portugal incide numa coopera\u00e7\u00e3o m\u00e9dica para apoiar o procedimento. A not\u00edcia completa est\u00e1 dispon\u00edvel apenas para subscritores. A data exata do transplante n\u00e3o foi divulgada no comunicado p\u00fablico.","og_url":"https:\/\/portaltela.pt\/noticias\/2026\/01\/28\/cabo-verde-prepara-primeiro-transplante-renal-com-apoio-de-portugal\/","og_site_name":"Portal Tela Portugal","article_published_time":"2026-01-28T20:02:00+00:00","author":"Telinha","twitter_card":"summary_large_image","twitter_misc":{"Escrito por":"Telinha","Tempo estimado de leitura":"1 minuto"},"schema":{"@context":"https:\/\/schema.org","@graph":[{"@type":"Article","@id":"https:\/\/portaltela.pt\/noticias\/2026\/01\/28\/cabo-verde-prepara-primeiro-transplante-renal-com-apoio-de-portugal\/#article","isPartOf":{"@id":"https:\/\/portaltela.pt\/noticias\/2026\/01\/28\/cabo-verde-prepara-primeiro-transplante-renal-com-apoio-de-portugal\/"},"author":{"name":"Telinha","@id":"https:\/\/portaltela.pt\/#\/schema\/person\/c4278d4a6028830caff9ee44b42d32ed"},"headline":"Cabo Verde prepara primeiro transplante renal com apoio de Portugal","datePublished":"2026-01-28T20:02:00+00:00","mainEntityOfPage":{"@id":"https:\/\/portaltela.pt\/noticias\/2026\/01\/28\/cabo-verde-prepara-primeiro-transplante-renal-com-apoio-de-portugal\/"},"wordCount":126,"image":{"@id":"https:\/\/portaltela.pt\/noticias\/2026\/01\/28\/cabo-verde-prepara-primeiro-transplante-renal-com-apoio-de-portugal\/#primaryimage"},"thumbnailUrl":"https:\/\/portaltela.pt\/s.01k8rhncp4jt1\/2026\/01\/CACHE_780X1200_ANALOG_WATERMARKED_46445459_2118555_28012026074827.jpg","keywords":["coopera\u00e7\u00e3o internacional","doa\u00e7\u00e3o de \u00f3rg\u00e3os","nefrologia","Portugal","sa\u00fade","sa\u00fade p\u00fablica"],"articleSection":["Not\u00edcias"],"inLanguage":"pt-PT"},{"@type":"WebPage","@id":"https:\/\/portaltela.pt\/noticias\/2026\/01\/28\/cabo-verde-prepara-primeiro-transplante-renal-com-apoio-de-portugal\/","url":"https:\/\/portaltela.pt\/noticias\/2026\/01\/28\/cabo-verde-prepara-primeiro-transplante-renal-com-apoio-de-portugal\/","name":"Cabo Verde prepara primeiro transplante renal com apoio de Portugal - Portal Tela Portugal","isPartOf":{"@id":"https:\/\/portaltela.pt\/#website"},"primaryImageOfPage":{"@id":"https:\/\/portaltela.pt\/noticias\/2026\/01\/28\/cabo-verde-prepara-primeiro-transplante-renal-com-apoio-de-portugal\/#primaryimage"},"image":{"@id":"https:\/\/portaltela.pt\/noticias\/2026\/01\/28\/cabo-verde-prepara-primeiro-transplante-renal-com-apoio-de-portugal\/#primaryimage"},"thumbnailUrl":"https:\/\/portaltela.pt\/s.01k8rhncp4jt1\/2026\/01\/CACHE_780X1200_ANALOG_WATERMARKED_46445459_2118555_28012026074827.jpg","datePublished":"2026-01-28T20:02:00+00:00","author":{"@id":"https:\/\/portaltela.pt\/#\/schema\/person\/c4278d4a6028830caff9ee44b42d32ed"},"breadcrumb":{"@id":"https:\/\/portaltela.pt\/noticias\/2026\/01\/28\/cabo-verde-prepara-primeiro-transplante-renal-com-apoio-de-portugal\/#breadcrumb"},"inLanguage":"pt-PT","potentialAction":[{"@type":"ReadAction","target":["https:\/\/portaltela.pt\/noticias\/2026\/01\/28\/cabo-verde-prepara-primeiro-transplante-renal-com-apoio-de-portugal\/"]}]},{"@type":"ImageObject","inLanguage":"pt-PT","@id":"https:\/\/portaltela.pt\/noticias\/2026\/01\/28\/cabo-verde-prepara-primeiro-transplante-renal-com-apoio-de-portugal\/#primaryimage","url":"https:\/\/portaltela.pt\/s.01k8rhncp4jt1\/2026\/01\/CACHE_780X1200_ANALOG_WATERMARKED_46445459_2118555_28012026074827.jpg","contentUrl":"https:\/\/portaltela.pt\/s.01k8rhncp4jt1\/2026\/01\/CACHE_780X1200_ANALOG_WATERMARKED_46445459_2118555_28012026074827.jpg","width":768,"height":512,"caption":"Cabo Verde realiza primeiro transplante renal em breve com apoio de Portugal"},{"@type":"BreadcrumbList","@id":"https:\/\/portaltela.pt\/noticias\/2026\/01\/28\/cabo-verde-prepara-primeiro-transplante-renal-com-apoio-de-portugal\/#breadcrumb","itemListElement":[{"@type":"ListItem","position":1,"name":"In\u00edcio","item":"https:\/\/portaltela.pt\/"},{"@type":"ListItem","position":2,"name":"Cabo Verde prepara primeiro transplante renal com apoio de Portugal"}]},{"@type":"WebSite","@id":"https:\/\/portaltela.pt\/#website","url":"https:\/\/portaltela.pt\/","name":"Portal Tela Portugal","description":"","potentialAction":[{"@type":"SearchAction","target":{"@type":"EntryPoint","urlTemplate":"https:\/\/portaltela.pt\/?s={search_term_string}"},"query-input":{"@type":"PropertyValueSpecification","valueRequired":true,"valueName":"search_term_string"}}],"inLanguage":"pt-PT"},{"@type":"Person","@id":"https:\/\/portaltela.pt\/#\/schema\/person\/c4278d4a6028830caff9ee44b42d32ed","name":"Telinha","image":{"@type":"ImageObject","inLanguage":"pt-PT","@id":"https:\/\/portaltela.pt\/s.01k8rhncp4jt1\/2025\/11\/talking-bot-125x125.png","url":"https:\/\/portaltela.pt\/s.01k8rhncp4jt1\/2025\/11\/talking-bot-125x125.png","contentUrl":"https:\/\/portaltela.pt\/s.01k8rhncp4jt1\/2025\/11\/talking-bot-125x125.png","caption":"Telinha"},"sameAs":["https:\/\/portaltela.pt\/"],"url":"https:\/\/portaltela.pt\/por\/367410592786\/"}]}},"_links":{"self":[{"href":"https:\/\/portaltela.pt\/api\/wp\/v2\/posts\/179710","targetHints":{"allow":["GET"]}}],"collection":[{"href":"https:\/\/portaltela.pt\/api\/wp\/v2\/posts"}],"about":[{"href":"https:\/\/portaltela.pt\/api\/wp\/v2\/types\/post"}],"author":[{"embeddable":true,"href":"https:\/\/portaltela.pt\/api\/wp\/v2\/users\/2"}],"replies":[{"embeddable":true,"href":"https:\/\/portaltela.pt\/api\/wp\/v2\/comments?post=179710"}],"version-history":[{"count":0,"href":"https:\/\/portaltela.pt\/api\/wp\/v2\/posts\/179710\/revisions"}],"wp:featuredmedia":[{"embeddable":true,"href":"https:\/\/portaltela.pt\/api\/wp\/v2\/media\/179711"}],"wp:attachment":[{"href":"https:\/\/portaltela.pt\/api\/wp\/v2\/media?parent=179710"}],"wp:term":[{"taxonomy":"category","embeddable":true,"href":"https:\/\/portaltela.pt\/api\/wp\/v2\/categories?post=179710"},{"taxonomy":"post_tag","embeddable":true,"href":"https:\/\/portaltela.pt\/api\/wp\/v2\/tags?post=179710"}],"curies":[{"name":"wp","href":"https:\/\/api.w.org\/{rel}","templated":true}]}}