{"id":179685,"date":"2026-01-28T16:51:15","date_gmt":"2026-01-28T19:51:15","guid":{"rendered":"https:\/\/portaltela.pt\/noticias\/2026\/01\/28\/escala-adia-a-chegada-de-rebocador-para-retirar-cargueiro-ao-largo-da-figueira\/"},"modified":"2026-01-28T16:51:15","modified_gmt":"2026-01-28T19:51:15","slug":"escala-adia-a-chegada-de-rebocador-para-retirar-cargueiro-ao-largo-da-figueira","status":"publish","type":"post","link":"https:\/\/portaltela.pt\/noticias\/2026\/01\/28\/escala-adia-a-chegada-de-rebocador-para-retirar-cargueiro-ao-largo-da-figueira\/","title":{"rendered":"Escala adia a chegada de rebocador para retirar cargueiro ao largo da Figueira"},"content":{"rendered":"<p>O rebocador noruegu\u00eas contratado para retirar o cargueiro Eikborg ficou sem leme ao largo da Figueira da Foz. O navio encontra-se atracado sem procedimentos de manobra, com a equipa a coordenar as a\u00e7\u00f5es de resgate. A opera\u00e7\u00e3o envolve a chegada do equipamento de apoio neste per\u00edodo.<\/p>\n<p>Segundo informa\u00e7\u00e3o da Eurofoz, o agente em Portugal do armador neerland\u00eas, o rebocador fez escala em Vigo no final da tarde de ontem para abastecer materiais, nomeadamente cabos. A opera\u00e7\u00e3o teve de ser ajustada devido a atrasos no fornecimento.<\/p>\n<p>O rebocador est\u00e1 a caminho e dever\u00e1 chegar entre as 01:00 e as 03:00 desta madrugada. A perspetiva \u00e9 engatar o navio amanh\u00e3 e seguir para o norte de Espanha, visando a regi\u00e3o da Galiza, com chegada prevista na sexta-feira.<\/p>\n<h3>Progresso da situa\u00e7\u00e3o<\/h3>\n<p>O Eikborg alertou para a aus\u00eancia de leme na ter\u00e7a-feira, encontrando-se a cerca de 22 milhas n\u00e1uticas da costa portuguesa nessa altura. A Autoridade Mar\u00edtima Nacional confirmou o incidente.<\/p>\n<p>As condi\u00e7\u00f5es mar\u00edtimas evolu\u00edram ao longo das \u00faltimas 24 horas, com agravamento face ao dia anterior, segundo Eduardo Monteiro. O capit\u00e3o garante o controlo da situa\u00e7\u00e3o com o apoio da maquinaria a bordo. O navio permanece sob supervis\u00e3o das autoridades.<\/p>\n<p>O cargueiro Eikborg transporta 3.300 toneladas de pasta de papel, proveniente da celulose Celbi, do grupo Altri, com destino a um porto alem\u00e3o. A tripula\u00e7\u00e3o totaliza seis membros, todos estrangeiros: o capit\u00e3o \u00e9 holand\u00eas, h\u00e1 dois indon\u00e9sios, um let\u00e3o, um russo e um filipino.<\/p>\n<p>O navio, com 89 metros de comprimento, foi constru\u00eddo em 2008 e \u00e9 propriedade de uma empresa do grupo neerland\u00eas Royal Wagenborg. A empresa opera cerca de 160 navios de carga e emprega cerca de 3.000 pessoas. A opera\u00e7\u00e3o permanece em curso, com o apoio do NRP Figueira da Foz.<\/p>\n","protected":false},"excerpt":{"rendered":"<ul>\n<li>O rebocador noruegu\u00eas contratado para retirar o cargueiro Eikborg, sem leme ao largo da Figueira da Foz, teve de fazer escala em Vigo e chegar\u00e1 ao navio na madrugada desta quinta-feira, entre as 01:00 e as 03:00.<\/li>\n<li>O atraso deve-se ao abastecimento de cabos e \u00e0 entrega de materiais, conforme explicou Eduardo Monteiro, da ag\u00eancia Eurofoz.<\/li>\n<li>Depois de retomar o trajeto, o plano \u00e9 engatar o navio amanh\u00e3 e seguir para o norte de Espanha, provavelmente para a zona da Galiza, com chegada prevista na sexta-feira.<\/li>\n<li>O Eikborg ficou sem leme na ter\u00e7a-feira, a cerca de 22 milhas n\u00e1uticas da costa portuguesa, segundo a Autoridade Mar\u00edtima Nacional.<\/li>\n<li>O navio transporta 3.300 toneladas de pasta de papel, tem 89 metros de comprimento, tem 18 anos e \u00e9 propriedade do grupo neerland\u00eas Royal Wagenborg; a tripula\u00e7\u00e3o \u00e9 de seis membros, estrangeiros.<\/li>\n<\/ul>\n","protected":false},"author":2,"featured_media":179687,"comment_status":"closed","ping_status":"closed","sticky":false,"template":"","format":"standard","meta":{"footnotes":""},"categories":[1],"tags":[4423,215,2269,4556,1014,192],"class_list":["post-179685","post","type-post","status-publish","format-standard","has-post-thumbnail","hentry","category-noticias","tag-acidentes-maritimos","tag-investigacao","tag-marinha-portuguesa","tag-navios","tag-portugal","tag-transporte"],"yoast_head":"<!-- This site is optimized with the Yoast SEO plugin v27.2 - https:\/\/yoast.com\/product\/yoast-seo-wordpress\/ -->\n<title>Escala adia a chegada de rebocador para retirar cargueiro ao largo da Figueira - Portal Tela Portugal<\/title>\n<meta name=\"robots\" content=\"index, follow, max-snippet:-1, max-image-preview:large, max-video-preview:-1\" \/>\n<meta property=\"og:locale\" content=\"pt_PT\" \/>\n<meta property=\"og:type\" content=\"article\" \/>\n<meta property=\"og:title\" content=\"Escala adia a chegada de rebocador para retirar cargueiro ao largo da Figueira - Portal Tela Portugal\" \/>\n<meta property=\"og:description\" content=\"O rebocador noruegu\u00eas contratado para retirar o cargueiro Eikborg, sem leme ao largo da Figueira da Foz, teve de fazer escala em Vigo e chegar\u00e1 ao navio na madrugada desta quinta-feira, entre as 01:00 e as 03:00. O atraso deve-se ao abastecimento de cabos e \u00e0 entrega de materiais, conforme explicou Eduardo Monteiro, da ag\u00eancia Eurofoz. Depois de retomar o trajeto, o plano \u00e9 engatar o navio amanh\u00e3 e seguir para o norte de Espanha, provavelmente para a zona da Galiza, com chegada prevista na sexta-feira. O Eikborg ficou sem leme na ter\u00e7a-feira, a cerca de 22 milhas n\u00e1uticas da costa portuguesa, segundo a Autoridade Mar\u00edtima Nacional. O navio transporta 3.300 toneladas de pasta de papel, tem 89 metros de comprimento, tem 18 anos e \u00e9 propriedade do grupo neerland\u00eas Royal Wagenborg; a tripula\u00e7\u00e3o \u00e9 de seis membros, estrangeiros.\" \/>\n<meta property=\"og:url\" content=\"https:\/\/portaltela.pt\/noticias\/2026\/01\/28\/escala-adia-a-chegada-de-rebocador-para-retirar-cargueiro-ao-largo-da-figueira\/\" \/>\n<meta property=\"og:site_name\" content=\"Portal Tela Portugal\" \/>\n<meta property=\"article:published_time\" content=\"2026-01-28T19:51:15+00:00\" \/>\n<meta name=\"author\" content=\"Telinha\" \/>\n<meta name=\"twitter:card\" content=\"summary_large_image\" \/>\n<meta name=\"twitter:label1\" content=\"Escrito por\" \/>\n\t<meta name=\"twitter:data1\" content=\"Telinha\" \/>\n\t<meta name=\"twitter:label2\" content=\"Tempo estimado de leitura\" \/>\n\t<meta name=\"twitter:data2\" content=\"2 minutos\" \/>\n<script type=\"application\/ld+json\" class=\"yoast-schema-graph\">{\"@context\":\"https:\/\/schema.org\",\"@graph\":[{\"@type\":\"Article\",\"@id\":\"https:\/\/portaltela.pt\/noticias\/2026\/01\/28\/escala-adia-a-chegada-de-rebocador-para-retirar-cargueiro-ao-largo-da-figueira\/#article\",\"isPartOf\":{\"@id\":\"https:\/\/portaltela.pt\/noticias\/2026\/01\/28\/escala-adia-a-chegada-de-rebocador-para-retirar-cargueiro-ao-largo-da-figueira\/\"},\"author\":{\"name\":\"Telinha\",\"@id\":\"https:\/\/portaltela.pt\/#\/schema\/person\/c4278d4a6028830caff9ee44b42d32ed\"},\"headline\":\"Escala adia a chegada de rebocador para retirar cargueiro ao largo da Figueira\",\"datePublished\":\"2026-01-28T19:51:15+00:00\",\"mainEntityOfPage\":{\"@id\":\"https:\/\/portaltela.pt\/noticias\/2026\/01\/28\/escala-adia-a-chegada-de-rebocador-para-retirar-cargueiro-ao-largo-da-figueira\/\"},\"wordCount\":320,\"image\":{\"@id\":\"https:\/\/portaltela.pt\/noticias\/2026\/01\/28\/escala-adia-a-chegada-de-rebocador-para-retirar-cargueiro-ao-largo-da-figueira\/#primaryimage\"},\"thumbnailUrl\":\"https:\/\/portaltela.pt\/s.01k8rhncp4jt1\/2026\/01\/img_1280x721uu2015-10-08-06-48-00-488115-3.jpg\",\"keywords\":[\"acidentes mar\u00edtimos\",\"investiga\u00e7\u00e3o\",\"Marinha Portuguesa\",\"navios\",\"Portugal\",\"transporte\"],\"articleSection\":[\"Not\u00edcias\"],\"inLanguage\":\"pt-PT\"},{\"@type\":\"WebPage\",\"@id\":\"https:\/\/portaltela.pt\/noticias\/2026\/01\/28\/escala-adia-a-chegada-de-rebocador-para-retirar-cargueiro-ao-largo-da-figueira\/\",\"url\":\"https:\/\/portaltela.pt\/noticias\/2026\/01\/28\/escala-adia-a-chegada-de-rebocador-para-retirar-cargueiro-ao-largo-da-figueira\/\",\"name\":\"Escala adia a chegada de rebocador para retirar cargueiro ao largo da Figueira - Portal Tela Portugal\",\"isPartOf\":{\"@id\":\"https:\/\/portaltela.pt\/#website\"},\"primaryImageOfPage\":{\"@id\":\"https:\/\/portaltela.pt\/noticias\/2026\/01\/28\/escala-adia-a-chegada-de-rebocador-para-retirar-cargueiro-ao-largo-da-figueira\/#primaryimage\"},\"image\":{\"@id\":\"https:\/\/portaltela.pt\/noticias\/2026\/01\/28\/escala-adia-a-chegada-de-rebocador-para-retirar-cargueiro-ao-largo-da-figueira\/#primaryimage\"},\"thumbnailUrl\":\"https:\/\/portaltela.pt\/s.01k8rhncp4jt1\/2026\/01\/img_1280x721uu2015-10-08-06-48-00-488115-3.jpg\",\"datePublished\":\"2026-01-28T19:51:15+00:00\",\"author\":{\"@id\":\"https:\/\/portaltela.pt\/#\/schema\/person\/c4278d4a6028830caff9ee44b42d32ed\"},\"breadcrumb\":{\"@id\":\"https:\/\/portaltela.pt\/noticias\/2026\/01\/28\/escala-adia-a-chegada-de-rebocador-para-retirar-cargueiro-ao-largo-da-figueira\/#breadcrumb\"},\"inLanguage\":\"pt-PT\",\"potentialAction\":[{\"@type\":\"ReadAction\",\"target\":[\"https:\/\/portaltela.pt\/noticias\/2026\/01\/28\/escala-adia-a-chegada-de-rebocador-para-retirar-cargueiro-ao-largo-da-figueira\/\"]}]},{\"@type\":\"ImageObject\",\"inLanguage\":\"pt-PT\",\"@id\":\"https:\/\/portaltela.pt\/noticias\/2026\/01\/28\/escala-adia-a-chegada-de-rebocador-para-retirar-cargueiro-ao-largo-da-figueira\/#primaryimage\",\"url\":\"https:\/\/portaltela.pt\/s.01k8rhncp4jt1\/2026\/01\/img_1280x721uu2015-10-08-06-48-00-488115-3.jpg\",\"contentUrl\":\"https:\/\/portaltela.pt\/s.01k8rhncp4jt1\/2026\/01\/img_1280x721uu2015-10-08-06-48-00-488115-3.jpg\",\"width\":796,\"height\":448,\"caption\":\"Photo\"},{\"@type\":\"BreadcrumbList\",\"@id\":\"https:\/\/portaltela.pt\/noticias\/2026\/01\/28\/escala-adia-a-chegada-de-rebocador-para-retirar-cargueiro-ao-largo-da-figueira\/#breadcrumb\",\"itemListElement\":[{\"@type\":\"ListItem\",\"position\":1,\"name\":\"In\u00edcio\",\"item\":\"https:\/\/portaltela.pt\/\"},{\"@type\":\"ListItem\",\"position\":2,\"name\":\"Escala adia a chegada de rebocador para retirar cargueiro ao largo da Figueira\"}]},{\"@type\":\"WebSite\",\"@id\":\"https:\/\/portaltela.pt\/#website\",\"url\":\"https:\/\/portaltela.pt\/\",\"name\":\"Portal Tela Portugal\",\"description\":\"\",\"potentialAction\":[{\"@type\":\"SearchAction\",\"target\":{\"@type\":\"EntryPoint\",\"urlTemplate\":\"https:\/\/portaltela.pt\/?s={search_term_string}\"},\"query-input\":{\"@type\":\"PropertyValueSpecification\",\"valueRequired\":true,\"valueName\":\"search_term_string\"}}],\"inLanguage\":\"pt-PT\"},{\"@type\":\"Person\",\"@id\":\"https:\/\/portaltela.pt\/#\/schema\/person\/c4278d4a6028830caff9ee44b42d32ed\",\"name\":\"Telinha\",\"image\":{\"@type\":\"ImageObject\",\"inLanguage\":\"pt-PT\",\"@id\":\"https:\/\/portaltela.pt\/s.01k8rhncp4jt1\/2025\/11\/talking-bot-125x125.png\",\"url\":\"https:\/\/portaltela.pt\/s.01k8rhncp4jt1\/2025\/11\/talking-bot-125x125.png\",\"contentUrl\":\"https:\/\/portaltela.pt\/s.01k8rhncp4jt1\/2025\/11\/talking-bot-125x125.png\",\"caption\":\"Telinha\"},\"sameAs\":[\"https:\/\/portaltela.pt\/\"],\"url\":\"https:\/\/portaltela.pt\/por\/367410592786\/\"}]}<\/script>\n<!-- \/ Yoast SEO plugin. -->","yoast_head_json":{"title":"Escala adia a chegada de rebocador para retirar cargueiro ao largo da Figueira - Portal Tela Portugal","robots":{"index":"index","follow":"follow","max-snippet":"max-snippet:-1","max-image-preview":"max-image-preview:large","max-video-preview":"max-video-preview:-1"},"og_locale":"pt_PT","og_type":"article","og_title":"Escala adia a chegada de rebocador para retirar cargueiro ao largo da Figueira - Portal Tela Portugal","og_description":"O rebocador noruegu\u00eas contratado para retirar o cargueiro Eikborg, sem leme ao largo da Figueira da Foz, teve de fazer escala em Vigo e chegar\u00e1 ao navio na madrugada desta quinta-feira, entre as 01:00 e as 03:00. O atraso deve-se ao abastecimento de cabos e \u00e0 entrega de materiais, conforme explicou Eduardo Monteiro, da ag\u00eancia Eurofoz. Depois de retomar o trajeto, o plano \u00e9 engatar o navio amanh\u00e3 e seguir para o norte de Espanha, provavelmente para a zona da Galiza, com chegada prevista na sexta-feira. O Eikborg ficou sem leme na ter\u00e7a-feira, a cerca de 22 milhas n\u00e1uticas da costa portuguesa, segundo a Autoridade Mar\u00edtima Nacional. O navio transporta 3.300 toneladas de pasta de papel, tem 89 metros de comprimento, tem 18 anos e \u00e9 propriedade do grupo neerland\u00eas Royal Wagenborg; a tripula\u00e7\u00e3o \u00e9 de seis membros, estrangeiros.","og_url":"https:\/\/portaltela.pt\/noticias\/2026\/01\/28\/escala-adia-a-chegada-de-rebocador-para-retirar-cargueiro-ao-largo-da-figueira\/","og_site_name":"Portal Tela Portugal","article_published_time":"2026-01-28T19:51:15+00:00","author":"Telinha","twitter_card":"summary_large_image","twitter_misc":{"Escrito por":"Telinha","Tempo estimado de leitura":"2 minutos"},"schema":{"@context":"https:\/\/schema.org","@graph":[{"@type":"Article","@id":"https:\/\/portaltela.pt\/noticias\/2026\/01\/28\/escala-adia-a-chegada-de-rebocador-para-retirar-cargueiro-ao-largo-da-figueira\/#article","isPartOf":{"@id":"https:\/\/portaltela.pt\/noticias\/2026\/01\/28\/escala-adia-a-chegada-de-rebocador-para-retirar-cargueiro-ao-largo-da-figueira\/"},"author":{"name":"Telinha","@id":"https:\/\/portaltela.pt\/#\/schema\/person\/c4278d4a6028830caff9ee44b42d32ed"},"headline":"Escala adia a chegada de rebocador para retirar cargueiro ao largo da Figueira","datePublished":"2026-01-28T19:51:15+00:00","mainEntityOfPage":{"@id":"https:\/\/portaltela.pt\/noticias\/2026\/01\/28\/escala-adia-a-chegada-de-rebocador-para-retirar-cargueiro-ao-largo-da-figueira\/"},"wordCount":320,"image":{"@id":"https:\/\/portaltela.pt\/noticias\/2026\/01\/28\/escala-adia-a-chegada-de-rebocador-para-retirar-cargueiro-ao-largo-da-figueira\/#primaryimage"},"thumbnailUrl":"https:\/\/portaltela.pt\/s.01k8rhncp4jt1\/2026\/01\/img_1280x721uu2015-10-08-06-48-00-488115-3.jpg","keywords":["acidentes mar\u00edtimos","investiga\u00e7\u00e3o","Marinha Portuguesa","navios","Portugal","transporte"],"articleSection":["Not\u00edcias"],"inLanguage":"pt-PT"},{"@type":"WebPage","@id":"https:\/\/portaltela.pt\/noticias\/2026\/01\/28\/escala-adia-a-chegada-de-rebocador-para-retirar-cargueiro-ao-largo-da-figueira\/","url":"https:\/\/portaltela.pt\/noticias\/2026\/01\/28\/escala-adia-a-chegada-de-rebocador-para-retirar-cargueiro-ao-largo-da-figueira\/","name":"Escala adia a chegada de rebocador para retirar cargueiro ao largo da Figueira - Portal Tela Portugal","isPartOf":{"@id":"https:\/\/portaltela.pt\/#website"},"primaryImageOfPage":{"@id":"https:\/\/portaltela.pt\/noticias\/2026\/01\/28\/escala-adia-a-chegada-de-rebocador-para-retirar-cargueiro-ao-largo-da-figueira\/#primaryimage"},"image":{"@id":"https:\/\/portaltela.pt\/noticias\/2026\/01\/28\/escala-adia-a-chegada-de-rebocador-para-retirar-cargueiro-ao-largo-da-figueira\/#primaryimage"},"thumbnailUrl":"https:\/\/portaltela.pt\/s.01k8rhncp4jt1\/2026\/01\/img_1280x721uu2015-10-08-06-48-00-488115-3.jpg","datePublished":"2026-01-28T19:51:15+00:00","author":{"@id":"https:\/\/portaltela.pt\/#\/schema\/person\/c4278d4a6028830caff9ee44b42d32ed"},"breadcrumb":{"@id":"https:\/\/portaltela.pt\/noticias\/2026\/01\/28\/escala-adia-a-chegada-de-rebocador-para-retirar-cargueiro-ao-largo-da-figueira\/#breadcrumb"},"inLanguage":"pt-PT","potentialAction":[{"@type":"ReadAction","target":["https:\/\/portaltela.pt\/noticias\/2026\/01\/28\/escala-adia-a-chegada-de-rebocador-para-retirar-cargueiro-ao-largo-da-figueira\/"]}]},{"@type":"ImageObject","inLanguage":"pt-PT","@id":"https:\/\/portaltela.pt\/noticias\/2026\/01\/28\/escala-adia-a-chegada-de-rebocador-para-retirar-cargueiro-ao-largo-da-figueira\/#primaryimage","url":"https:\/\/portaltela.pt\/s.01k8rhncp4jt1\/2026\/01\/img_1280x721uu2015-10-08-06-48-00-488115-3.jpg","contentUrl":"https:\/\/portaltela.pt\/s.01k8rhncp4jt1\/2026\/01\/img_1280x721uu2015-10-08-06-48-00-488115-3.jpg","width":796,"height":448,"caption":"Photo"},{"@type":"BreadcrumbList","@id":"https:\/\/portaltela.pt\/noticias\/2026\/01\/28\/escala-adia-a-chegada-de-rebocador-para-retirar-cargueiro-ao-largo-da-figueira\/#breadcrumb","itemListElement":[{"@type":"ListItem","position":1,"name":"In\u00edcio","item":"https:\/\/portaltela.pt\/"},{"@type":"ListItem","position":2,"name":"Escala adia a chegada de rebocador para retirar cargueiro ao largo da Figueira"}]},{"@type":"WebSite","@id":"https:\/\/portaltela.pt\/#website","url":"https:\/\/portaltela.pt\/","name":"Portal Tela Portugal","description":"","potentialAction":[{"@type":"SearchAction","target":{"@type":"EntryPoint","urlTemplate":"https:\/\/portaltela.pt\/?s={search_term_string}"},"query-input":{"@type":"PropertyValueSpecification","valueRequired":true,"valueName":"search_term_string"}}],"inLanguage":"pt-PT"},{"@type":"Person","@id":"https:\/\/portaltela.pt\/#\/schema\/person\/c4278d4a6028830caff9ee44b42d32ed","name":"Telinha","image":{"@type":"ImageObject","inLanguage":"pt-PT","@id":"https:\/\/portaltela.pt\/s.01k8rhncp4jt1\/2025\/11\/talking-bot-125x125.png","url":"https:\/\/portaltela.pt\/s.01k8rhncp4jt1\/2025\/11\/talking-bot-125x125.png","contentUrl":"https:\/\/portaltela.pt\/s.01k8rhncp4jt1\/2025\/11\/talking-bot-125x125.png","caption":"Telinha"},"sameAs":["https:\/\/portaltela.pt\/"],"url":"https:\/\/portaltela.pt\/por\/367410592786\/"}]}},"_links":{"self":[{"href":"https:\/\/portaltela.pt\/api\/wp\/v2\/posts\/179685","targetHints":{"allow":["GET"]}}],"collection":[{"href":"https:\/\/portaltela.pt\/api\/wp\/v2\/posts"}],"about":[{"href":"https:\/\/portaltela.pt\/api\/wp\/v2\/types\/post"}],"author":[{"embeddable":true,"href":"https:\/\/portaltela.pt\/api\/wp\/v2\/users\/2"}],"replies":[{"embeddable":true,"href":"https:\/\/portaltela.pt\/api\/wp\/v2\/comments?post=179685"}],"version-history":[{"count":0,"href":"https:\/\/portaltela.pt\/api\/wp\/v2\/posts\/179685\/revisions"}],"wp:featuredmedia":[{"embeddable":true,"href":"https:\/\/portaltela.pt\/api\/wp\/v2\/media\/179687"}],"wp:attachment":[{"href":"https:\/\/portaltela.pt\/api\/wp\/v2\/media?parent=179685"}],"wp:term":[{"taxonomy":"category","embeddable":true,"href":"https:\/\/portaltela.pt\/api\/wp\/v2\/categories?post=179685"},{"taxonomy":"post_tag","embeddable":true,"href":"https:\/\/portaltela.pt\/api\/wp\/v2\/tags?post=179685"}],"curies":[{"name":"wp","href":"https:\/\/api.w.org\/{rel}","templated":true}]}}