{"id":179651,"date":"2026-01-28T16:19:56","date_gmt":"2026-01-28T19:19:56","guid":{"rendered":"https:\/\/portaltela.pt\/noticias\/2026\/01\/28\/partidos-acordam-que-o-estado-paga-transporte-de-presos-ilhas-para-o-continente\/"},"modified":"2026-01-28T16:19:56","modified_gmt":"2026-01-28T19:19:56","slug":"partidos-acordam-que-o-estado-paga-transporte-de-presos-ilhas-para-o-continente","status":"publish","type":"post","link":"https:\/\/portaltela.pt\/noticias\/politica\/2026\/01\/28\/partidos-acordam-que-o-estado-paga-transporte-de-presos-ilhas-para-o-continente\/","title":{"rendered":"Partidos acordam que o Estado paga transporte de presos ilhas para o continente"},"content":{"rendered":"<p>A Assembleia da Rep\u00fablica manifestou-se favor\u00e1vel, esta quarta-feira, a alterar a lei para que o Estado assegure as despesas de traslada\u00e7\u00e3o e transporte de detidos das ilhas para estabelecimentos prisionais no continente. A medida abrange casos em que h\u00e1 transfer\u00eancia para cumprir pena ou outra medida privativa de liberdade, com retorno \u00e0s ilhas.<\/p>\n<p>As propostas, apresentadas pelo PSD e pelo Bloco de Esquerda, pretendem tamb\u00e9m que o Estado cubra as despesas de traslada\u00e7\u00e3o de corpos de reclusos falecidos nos estabelecimentos continentais e o retorno \u00e0 ilha de origem ap\u00f3s cumprimento de pena. A ideia ganha ades\u00e3o de diversos grupos parlamentares.<\/p>\n<p>A origem do debate remete a um caso de 2023, quando a Dire\u00e7\u00e3o-Geral de Reinser\u00e7\u00e3o e Servi\u00e7os Prisionais (DGRSP) recusou pagar as trasladas de um recluso transferido de Ponta Delgada para a pris\u00e3o do Linh\u00f3, em Cascais, por sobrelota\u00e7\u00e3o. A decis\u00e3o inicial gerou indigna\u00e7\u00e3o p\u00fablica.<\/p>\n<p>Segundo o debate, a omiss\u00e3o do Estado na cobertura dessas despesas \u00e9 vista como viola\u00e7\u00e3o da Constitui\u00e7\u00e3o e de direitos fundamentais dos reclusos. Deputados destacaram que a dignidade humana n\u00e3o deve depender do local de deten\u00e7\u00e3o nem da ocorr\u00eancia de custos adicionais \u00e0s fam\u00edlias.<\/p>\n<p>Alguns legisladores lembraram que a legisla\u00e7\u00e3o atual imp\u00f5e encargos indevidos aos detidos e \u00e0s suas fam\u00edlias, defendendo que o Estado, como respons\u00e1vel pela guarda, assuma essas despesas no territ\u00f3rio continental e mantenha a continuidade territorial.<\/p>\n<p>Durante as interven\u00e7\u00f5es, houve cr\u00edticas \u00e0 gest\u00e3o da sobrelota\u00e7\u00e3o prisional e ao papel da DGRSP. Os casos envolvendo pris\u00f5es em Ponta Delgada e desloca\u00e7\u00f5es entre ilhas foram citados para justificar a necessidade de clarificar a obriga\u00e7\u00e3o financeira do Estado.<\/p>\n<p>Os projetos tamb\u00e9m prop\u00f5em estender o mesmo regime de apoio aos jovens do sistema tutelar educativo que se encontrem em centros de internamento no continente, assegurando que n\u00e3o haja \u00f3nus financeiros sobre familiares. |<\/p>\n<p>Alguns deputados sugeriram discutir ajustes espec\u00edficos em especialidade para contemplar reclusos inimput\u00e1veis e reter a aplica\u00e7\u00e3o igualit\u00e1ria entre ilhas e continente.<\/p>\n<p>Partidos como Livre, PAN e PCP indicaram que acompanhar\u00e3o o processo e ponderam eventuais altera\u00e7\u00f5es para melhorar o texto \u00fanico, de modo a corrigir o que consideram injusti\u00e7as administrativas. O CDS-PP e o JPP tamb\u00e9m sublinharam preocupa\u00e7\u00f5es sobre o impacto na dignidade e nos direitos dos detidos.<\/p>\n","protected":false},"excerpt":{"rendered":"<ul>\n<li>Parlamento concorda em alterar a lei para o Estado pagar as despesas de traslada\u00e7\u00e3o e transporte de detidos das ilhas para os estabelecimentos prisionais no continente, incluindo o retorno \u00e0 ilha de origem.<\/li>\n<li>As propostas do PSD e do Bloco de Esquerda resultam de um caso de 2023, em que a Dire\u00e7\u00e3o-Geral de Reinser\u00e7\u00e3o e Servi\u00e7os Prisionais recusou inicialmente custear a traslada\u00e7\u00e3o de um recluso de Ponta Delgada para a pris\u00e3o do Linh\u00f3.<\/li>\n<li>A DGRSP acabou por assumir as despesas do transporte ap\u00f3s a indigna\u00e7\u00e3o p\u00fablica gerada pelo caso.<\/li>\n<li>A medida deve estender-se tamb\u00e9m ao sistema tutelar educativo, aplicando-se aos jovens das ilhas em centros de internamento no continente.<\/li>\n<li>O debate teve amplo consenso entre os grupos parlamentares, com a expectativa de discuss\u00e3o em especialidade para chegar a um texto \u00fanico, apesar de diverg\u00eancias entre PSD e BE sobre alguns detalhes e pareceres do Conselho Superior da Magistratura.<\/li>\n<\/ul>\n","protected":false},"author":2,"featured_media":179653,"comment_status":"closed","ping_status":"closed","sticky":false,"template":"","format":"standard","meta":{"footnotes":""},"categories":[1,5],"tags":[4057,1870,2633,803,4343,250],"class_list":["post-179651","post","type-post","status-publish","format-standard","has-post-thumbnail","hentry","category-noticias","category-politica","tag-constituicao","tag-continuidade-territorial","tag-direitos-humanos","tag-justica","tag-prisoes","tag-seguranca-publica"],"yoast_head":"<!-- This site is optimized with the Yoast SEO plugin v27.2 - https:\/\/yoast.com\/product\/yoast-seo-wordpress\/ -->\n<title>Partidos acordam que o Estado paga transporte de presos ilhas para o continente - Portal Tela Portugal<\/title>\n<meta name=\"robots\" content=\"index, follow, max-snippet:-1, max-image-preview:large, max-video-preview:-1\" \/>\n<meta property=\"og:locale\" content=\"pt_PT\" \/>\n<meta property=\"og:type\" content=\"article\" \/>\n<meta property=\"og:title\" content=\"Partidos acordam que o Estado paga transporte de presos ilhas para o continente - Portal Tela Portugal\" \/>\n<meta property=\"og:description\" content=\"Parlamento concorda em alterar a lei para o Estado pagar as despesas de traslada\u00e7\u00e3o e transporte de detidos das ilhas para os estabelecimentos prisionais no continente, incluindo o retorno \u00e0 ilha de origem. As propostas do PSD e do Bloco de Esquerda resultam de um caso de 2023, em que a Dire\u00e7\u00e3o-Geral de Reinser\u00e7\u00e3o e Servi\u00e7os Prisionais recusou inicialmente custear a traslada\u00e7\u00e3o de um recluso de Ponta Delgada para a pris\u00e3o do Linh\u00f3. A DGRSP acabou por assumir as despesas do transporte ap\u00f3s a indigna\u00e7\u00e3o p\u00fablica gerada pelo caso. A medida deve estender-se tamb\u00e9m ao sistema tutelar educativo, aplicando-se aos jovens das ilhas em centros de internamento no continente. O debate teve amplo consenso entre os grupos parlamentares, com a expectativa de discuss\u00e3o em especialidade para chegar a um texto \u00fanico, apesar de diverg\u00eancias entre PSD e BE sobre alguns detalhes e pareceres do Conselho Superior da Magistratura.\" \/>\n<meta property=\"og:url\" content=\"https:\/\/portaltela.pt\/noticias\/2026\/01\/28\/partidos-acordam-que-o-estado-paga-transporte-de-presos-ilhas-para-o-continente\/\" \/>\n<meta property=\"og:site_name\" content=\"Portal Tela Portugal\" \/>\n<meta property=\"article:published_time\" content=\"2026-01-28T19:19:56+00:00\" \/>\n<meta name=\"author\" content=\"Telinha\" \/>\n<meta name=\"twitter:card\" content=\"summary_large_image\" \/>\n<meta name=\"twitter:label1\" content=\"Escrito por\" \/>\n\t<meta name=\"twitter:data1\" content=\"Telinha\" \/>\n\t<meta name=\"twitter:label2\" content=\"Tempo estimado de leitura\" \/>\n\t<meta name=\"twitter:data2\" content=\"2 minutos\" \/>\n<script type=\"application\/ld+json\" class=\"yoast-schema-graph\">{\"@context\":\"https:\/\/schema.org\",\"@graph\":[{\"@type\":\"Article\",\"@id\":\"https:\/\/portaltela.pt\/noticias\/2026\/01\/28\/partidos-acordam-que-o-estado-paga-transporte-de-presos-ilhas-para-o-continente\/#article\",\"isPartOf\":{\"@id\":\"https:\/\/portaltela.pt\/noticias\/2026\/01\/28\/partidos-acordam-que-o-estado-paga-transporte-de-presos-ilhas-para-o-continente\/\"},\"author\":{\"name\":\"Telinha\",\"@id\":\"https:\/\/portaltela.pt\/#\/schema\/person\/c4278d4a6028830caff9ee44b42d32ed\"},\"headline\":\"Partidos acordam que o Estado paga transporte de presos ilhas para o continente\",\"datePublished\":\"2026-01-28T19:19:56+00:00\",\"mainEntityOfPage\":{\"@id\":\"https:\/\/portaltela.pt\/noticias\/2026\/01\/28\/partidos-acordam-que-o-estado-paga-transporte-de-presos-ilhas-para-o-continente\/\"},\"wordCount\":420,\"image\":{\"@id\":\"https:\/\/portaltela.pt\/noticias\/2026\/01\/28\/partidos-acordam-que-o-estado-paga-transporte-de-presos-ilhas-para-o-continente\/#primaryimage\"},\"thumbnailUrl\":\"https:\/\/portaltela.pt\/s.01k8rhncp4jt1\/2026\/01\/img_1500x1000uu2018-08-28-07-18-07-772831.jpg\",\"keywords\":[\"constitui\u00e7\u00e3o\",\"Continuidade Territorial\",\"direitos humanos\",\"justi\u00e7a\",\"pris\u00f5es\",\"seguran\u00e7a p\u00fablica\"],\"articleSection\":[\"Not\u00edcias\",\"Pol\u00edtica\"],\"inLanguage\":\"pt-PT\"},{\"@type\":\"WebPage\",\"@id\":\"https:\/\/portaltela.pt\/noticias\/2026\/01\/28\/partidos-acordam-que-o-estado-paga-transporte-de-presos-ilhas-para-o-continente\/\",\"url\":\"https:\/\/portaltela.pt\/noticias\/2026\/01\/28\/partidos-acordam-que-o-estado-paga-transporte-de-presos-ilhas-para-o-continente\/\",\"name\":\"Partidos acordam que o Estado paga transporte de presos ilhas para o continente - Portal Tela Portugal\",\"isPartOf\":{\"@id\":\"https:\/\/portaltela.pt\/#website\"},\"primaryImageOfPage\":{\"@id\":\"https:\/\/portaltela.pt\/noticias\/2026\/01\/28\/partidos-acordam-que-o-estado-paga-transporte-de-presos-ilhas-para-o-continente\/#primaryimage\"},\"image\":{\"@id\":\"https:\/\/portaltela.pt\/noticias\/2026\/01\/28\/partidos-acordam-que-o-estado-paga-transporte-de-presos-ilhas-para-o-continente\/#primaryimage\"},\"thumbnailUrl\":\"https:\/\/portaltela.pt\/s.01k8rhncp4jt1\/2026\/01\/img_1500x1000uu2018-08-28-07-18-07-772831.jpg\",\"datePublished\":\"2026-01-28T19:19:56+00:00\",\"author\":{\"@id\":\"https:\/\/portaltela.pt\/#\/schema\/person\/c4278d4a6028830caff9ee44b42d32ed\"},\"breadcrumb\":{\"@id\":\"https:\/\/portaltela.pt\/noticias\/2026\/01\/28\/partidos-acordam-que-o-estado-paga-transporte-de-presos-ilhas-para-o-continente\/#breadcrumb\"},\"inLanguage\":\"pt-PT\",\"potentialAction\":[{\"@type\":\"ReadAction\",\"target\":[\"https:\/\/portaltela.pt\/noticias\/2026\/01\/28\/partidos-acordam-que-o-estado-paga-transporte-de-presos-ilhas-para-o-continente\/\"]}]},{\"@type\":\"ImageObject\",\"inLanguage\":\"pt-PT\",\"@id\":\"https:\/\/portaltela.pt\/noticias\/2026\/01\/28\/partidos-acordam-que-o-estado-paga-transporte-de-presos-ilhas-para-o-continente\/#primaryimage\",\"url\":\"https:\/\/portaltela.pt\/s.01k8rhncp4jt1\/2026\/01\/img_1500x1000uu2018-08-28-07-18-07-772831.jpg\",\"contentUrl\":\"https:\/\/portaltela.pt\/s.01k8rhncp4jt1\/2026\/01\/img_1500x1000uu2018-08-28-07-18-07-772831.jpg\",\"width\":796,\"height\":448,\"caption\":\"Algemas\"},{\"@type\":\"BreadcrumbList\",\"@id\":\"https:\/\/portaltela.pt\/noticias\/2026\/01\/28\/partidos-acordam-que-o-estado-paga-transporte-de-presos-ilhas-para-o-continente\/#breadcrumb\",\"itemListElement\":[{\"@type\":\"ListItem\",\"position\":1,\"name\":\"In\u00edcio\",\"item\":\"https:\/\/portaltela.pt\/\"},{\"@type\":\"ListItem\",\"position\":2,\"name\":\"Partidos acordam que o Estado paga transporte de presos ilhas para o continente\"}]},{\"@type\":\"WebSite\",\"@id\":\"https:\/\/portaltela.pt\/#website\",\"url\":\"https:\/\/portaltela.pt\/\",\"name\":\"Portal Tela Portugal\",\"description\":\"\",\"potentialAction\":[{\"@type\":\"SearchAction\",\"target\":{\"@type\":\"EntryPoint\",\"urlTemplate\":\"https:\/\/portaltela.pt\/?s={search_term_string}\"},\"query-input\":{\"@type\":\"PropertyValueSpecification\",\"valueRequired\":true,\"valueName\":\"search_term_string\"}}],\"inLanguage\":\"pt-PT\"},{\"@type\":\"Person\",\"@id\":\"https:\/\/portaltela.pt\/#\/schema\/person\/c4278d4a6028830caff9ee44b42d32ed\",\"name\":\"Telinha\",\"image\":{\"@type\":\"ImageObject\",\"inLanguage\":\"pt-PT\",\"@id\":\"https:\/\/portaltela.pt\/s.01k8rhncp4jt1\/2025\/11\/talking-bot-125x125.png\",\"url\":\"https:\/\/portaltela.pt\/s.01k8rhncp4jt1\/2025\/11\/talking-bot-125x125.png\",\"contentUrl\":\"https:\/\/portaltela.pt\/s.01k8rhncp4jt1\/2025\/11\/talking-bot-125x125.png\",\"caption\":\"Telinha\"},\"sameAs\":[\"https:\/\/portaltela.pt\/\"],\"url\":\"https:\/\/portaltela.pt\/por\/367410592786\/\"}]}<\/script>\n<!-- \/ Yoast SEO plugin. -->","yoast_head_json":{"title":"Partidos acordam que o Estado paga transporte de presos ilhas para o continente - Portal Tela Portugal","robots":{"index":"index","follow":"follow","max-snippet":"max-snippet:-1","max-image-preview":"max-image-preview:large","max-video-preview":"max-video-preview:-1"},"og_locale":"pt_PT","og_type":"article","og_title":"Partidos acordam que o Estado paga transporte de presos ilhas para o continente - Portal Tela Portugal","og_description":"Parlamento concorda em alterar a lei para o Estado pagar as despesas de traslada\u00e7\u00e3o e transporte de detidos das ilhas para os estabelecimentos prisionais no continente, incluindo o retorno \u00e0 ilha de origem. As propostas do PSD e do Bloco de Esquerda resultam de um caso de 2023, em que a Dire\u00e7\u00e3o-Geral de Reinser\u00e7\u00e3o e Servi\u00e7os Prisionais recusou inicialmente custear a traslada\u00e7\u00e3o de um recluso de Ponta Delgada para a pris\u00e3o do Linh\u00f3. A DGRSP acabou por assumir as despesas do transporte ap\u00f3s a indigna\u00e7\u00e3o p\u00fablica gerada pelo caso. A medida deve estender-se tamb\u00e9m ao sistema tutelar educativo, aplicando-se aos jovens das ilhas em centros de internamento no continente. O debate teve amplo consenso entre os grupos parlamentares, com a expectativa de discuss\u00e3o em especialidade para chegar a um texto \u00fanico, apesar de diverg\u00eancias entre PSD e BE sobre alguns detalhes e pareceres do Conselho Superior da Magistratura.","og_url":"https:\/\/portaltela.pt\/noticias\/2026\/01\/28\/partidos-acordam-que-o-estado-paga-transporte-de-presos-ilhas-para-o-continente\/","og_site_name":"Portal Tela Portugal","article_published_time":"2026-01-28T19:19:56+00:00","author":"Telinha","twitter_card":"summary_large_image","twitter_misc":{"Escrito por":"Telinha","Tempo estimado de leitura":"2 minutos"},"schema":{"@context":"https:\/\/schema.org","@graph":[{"@type":"Article","@id":"https:\/\/portaltela.pt\/noticias\/2026\/01\/28\/partidos-acordam-que-o-estado-paga-transporte-de-presos-ilhas-para-o-continente\/#article","isPartOf":{"@id":"https:\/\/portaltela.pt\/noticias\/2026\/01\/28\/partidos-acordam-que-o-estado-paga-transporte-de-presos-ilhas-para-o-continente\/"},"author":{"name":"Telinha","@id":"https:\/\/portaltela.pt\/#\/schema\/person\/c4278d4a6028830caff9ee44b42d32ed"},"headline":"Partidos acordam que o Estado paga transporte de presos ilhas para o continente","datePublished":"2026-01-28T19:19:56+00:00","mainEntityOfPage":{"@id":"https:\/\/portaltela.pt\/noticias\/2026\/01\/28\/partidos-acordam-que-o-estado-paga-transporte-de-presos-ilhas-para-o-continente\/"},"wordCount":420,"image":{"@id":"https:\/\/portaltela.pt\/noticias\/2026\/01\/28\/partidos-acordam-que-o-estado-paga-transporte-de-presos-ilhas-para-o-continente\/#primaryimage"},"thumbnailUrl":"https:\/\/portaltela.pt\/s.01k8rhncp4jt1\/2026\/01\/img_1500x1000uu2018-08-28-07-18-07-772831.jpg","keywords":["constitui\u00e7\u00e3o","Continuidade Territorial","direitos humanos","justi\u00e7a","pris\u00f5es","seguran\u00e7a p\u00fablica"],"articleSection":["Not\u00edcias","Pol\u00edtica"],"inLanguage":"pt-PT"},{"@type":"WebPage","@id":"https:\/\/portaltela.pt\/noticias\/2026\/01\/28\/partidos-acordam-que-o-estado-paga-transporte-de-presos-ilhas-para-o-continente\/","url":"https:\/\/portaltela.pt\/noticias\/2026\/01\/28\/partidos-acordam-que-o-estado-paga-transporte-de-presos-ilhas-para-o-continente\/","name":"Partidos acordam que o Estado paga transporte de presos ilhas para o continente - Portal Tela Portugal","isPartOf":{"@id":"https:\/\/portaltela.pt\/#website"},"primaryImageOfPage":{"@id":"https:\/\/portaltela.pt\/noticias\/2026\/01\/28\/partidos-acordam-que-o-estado-paga-transporte-de-presos-ilhas-para-o-continente\/#primaryimage"},"image":{"@id":"https:\/\/portaltela.pt\/noticias\/2026\/01\/28\/partidos-acordam-que-o-estado-paga-transporte-de-presos-ilhas-para-o-continente\/#primaryimage"},"thumbnailUrl":"https:\/\/portaltela.pt\/s.01k8rhncp4jt1\/2026\/01\/img_1500x1000uu2018-08-28-07-18-07-772831.jpg","datePublished":"2026-01-28T19:19:56+00:00","author":{"@id":"https:\/\/portaltela.pt\/#\/schema\/person\/c4278d4a6028830caff9ee44b42d32ed"},"breadcrumb":{"@id":"https:\/\/portaltela.pt\/noticias\/2026\/01\/28\/partidos-acordam-que-o-estado-paga-transporte-de-presos-ilhas-para-o-continente\/#breadcrumb"},"inLanguage":"pt-PT","potentialAction":[{"@type":"ReadAction","target":["https:\/\/portaltela.pt\/noticias\/2026\/01\/28\/partidos-acordam-que-o-estado-paga-transporte-de-presos-ilhas-para-o-continente\/"]}]},{"@type":"ImageObject","inLanguage":"pt-PT","@id":"https:\/\/portaltela.pt\/noticias\/2026\/01\/28\/partidos-acordam-que-o-estado-paga-transporte-de-presos-ilhas-para-o-continente\/#primaryimage","url":"https:\/\/portaltela.pt\/s.01k8rhncp4jt1\/2026\/01\/img_1500x1000uu2018-08-28-07-18-07-772831.jpg","contentUrl":"https:\/\/portaltela.pt\/s.01k8rhncp4jt1\/2026\/01\/img_1500x1000uu2018-08-28-07-18-07-772831.jpg","width":796,"height":448,"caption":"Algemas"},{"@type":"BreadcrumbList","@id":"https:\/\/portaltela.pt\/noticias\/2026\/01\/28\/partidos-acordam-que-o-estado-paga-transporte-de-presos-ilhas-para-o-continente\/#breadcrumb","itemListElement":[{"@type":"ListItem","position":1,"name":"In\u00edcio","item":"https:\/\/portaltela.pt\/"},{"@type":"ListItem","position":2,"name":"Partidos acordam que o Estado paga transporte de presos ilhas para o continente"}]},{"@type":"WebSite","@id":"https:\/\/portaltela.pt\/#website","url":"https:\/\/portaltela.pt\/","name":"Portal Tela Portugal","description":"","potentialAction":[{"@type":"SearchAction","target":{"@type":"EntryPoint","urlTemplate":"https:\/\/portaltela.pt\/?s={search_term_string}"},"query-input":{"@type":"PropertyValueSpecification","valueRequired":true,"valueName":"search_term_string"}}],"inLanguage":"pt-PT"},{"@type":"Person","@id":"https:\/\/portaltela.pt\/#\/schema\/person\/c4278d4a6028830caff9ee44b42d32ed","name":"Telinha","image":{"@type":"ImageObject","inLanguage":"pt-PT","@id":"https:\/\/portaltela.pt\/s.01k8rhncp4jt1\/2025\/11\/talking-bot-125x125.png","url":"https:\/\/portaltela.pt\/s.01k8rhncp4jt1\/2025\/11\/talking-bot-125x125.png","contentUrl":"https:\/\/portaltela.pt\/s.01k8rhncp4jt1\/2025\/11\/talking-bot-125x125.png","caption":"Telinha"},"sameAs":["https:\/\/portaltela.pt\/"],"url":"https:\/\/portaltela.pt\/por\/367410592786\/"}]}},"_links":{"self":[{"href":"https:\/\/portaltela.pt\/api\/wp\/v2\/posts\/179651","targetHints":{"allow":["GET"]}}],"collection":[{"href":"https:\/\/portaltela.pt\/api\/wp\/v2\/posts"}],"about":[{"href":"https:\/\/portaltela.pt\/api\/wp\/v2\/types\/post"}],"author":[{"embeddable":true,"href":"https:\/\/portaltela.pt\/api\/wp\/v2\/users\/2"}],"replies":[{"embeddable":true,"href":"https:\/\/portaltela.pt\/api\/wp\/v2\/comments?post=179651"}],"version-history":[{"count":0,"href":"https:\/\/portaltela.pt\/api\/wp\/v2\/posts\/179651\/revisions"}],"wp:featuredmedia":[{"embeddable":true,"href":"https:\/\/portaltela.pt\/api\/wp\/v2\/media\/179653"}],"wp:attachment":[{"href":"https:\/\/portaltela.pt\/api\/wp\/v2\/media?parent=179651"}],"wp:term":[{"taxonomy":"category","embeddable":true,"href":"https:\/\/portaltela.pt\/api\/wp\/v2\/categories?post=179651"},{"taxonomy":"post_tag","embeddable":true,"href":"https:\/\/portaltela.pt\/api\/wp\/v2\/tags?post=179651"}],"curies":[{"name":"wp","href":"https:\/\/api.w.org\/{rel}","templated":true}]}}