{"id":179585,"date":"2026-01-28T15:58:00","date_gmt":"2026-01-28T18:58:00","guid":{"rendered":"https:\/\/portaltela.pt\/noticias\/2026\/01\/28\/rui-borges-destaca-noite-tranquila-e-pouca-duvida-no-onze-inicial\/"},"modified":"2026-01-28T15:58:00","modified_gmt":"2026-01-28T18:58:00","slug":"rui-borges-destaca-noite-tranquila-e-pouca-duvida-no-onze-inicial","status":"publish","type":"post","link":"https:\/\/portaltela.pt\/desporto\/futebol\/2026\/01\/28\/rui-borges-destaca-noite-tranquila-e-pouca-duvida-no-onze-inicial\/","title":{"rendered":"Rui Borges destaca noite tranquila e pouca d\u00favida no onze inicial"},"content":{"rendered":"<p>Rui Borges afirmou que a noite foi a mais tranquila at\u00e9 ao momento e que n\u00e3o teve grandes d\u00favidas para escolher o onze. O t\u00e9cnico do Sporting falou antes do duelo com o Athletic Bilbao e frisou a confian\u00e7a na estrat\u00e9gia para afrontar o advers\u00e1rio.<\/p>\n<p>Na preserva\u00e7\u00e3o da titularidade de Daniel Bragan\u00e7a, o treinador explicou que o mi\u00fado tem evolu\u00eddo nos treinos e que pode acrescentar no \u00faltimo ter\u00e7o do terreno, aumentando a paci\u00eancia e a circula\u00e7\u00e3o de bola do Sporting. O objetivo \u00e9 dominar o jogo e provocar ansiedade no advers\u00e1rio.<\/p>\n<p>Borges refor\u00e7ou ainda que o Bilbao \u00e9 forte no jogo coletivo, com blocos m\u00e9dios compactos e press\u00e3o sazonal que recupera muitas bolas. O t\u00e9cnico destacou a necessidade de manter a bola mais tempo e procurar espa\u00e7os para explorar o equil\u00edbrio do advers\u00e1rio.<\/p>\n<h3>An\u00e1lise t\u00e1tica e op\u00e7\u00f5es<\/h3>\n<p>Diomande \u00e9 apontado como refer\u00eancia a\u00e9rea pela press\u00e3o pressionada. No plantel, In\u00e1cio e Matheus recebem confian\u00e7a, mas a escolha para o onze mant\u00e9m-se certa para este encontro.<\/p>\n<h3>Condi\u00e7\u00e3o emocional do treinador<\/h3>\n<p>Este encontro contrasta com o ao longo da \u00e9poca, com o t\u00e9cnico a dizer que est\u00e1 menos stressado e a sentir-se mais tranquilo para gerir as solu\u00e7\u00f5es dispon\u00edveis. A equipa est\u00e1 preparada para enfrentar uma grande equipa no seu est\u00e1dio, mantendo a ambi\u00e7\u00e3o hist\u00f3rica do clube.<\/p>\n<p>O jogo decorre no est\u00e1dio do Athletic Bilbao, com o Sporting a procurar a primeira vit\u00f3ria fora contra um advers\u00e1rio tradicionalmente exigente. A transmiss\u00e3o e o acompanhamento em direto est\u00e3o assegurados pela equipa t\u00e9cnica e pela comunica\u00e7\u00e3o oficial do clube.<\/p>\n","protected":false},"excerpt":{"rendered":"<ul>\n<li>Rui Borges disse que esta noite foi mais tranquila e que n\u00e3o teve grandes d\u00favidas para o onze.<\/li>\n<li>Daniel Bragan\u00e7a vai ser titular, com o treinador a mostrar confian\u00e7a na capacidade de ter mais bola no jogo frente ao Athletic Bilbao.<\/li>\n<li>O Athletic Bilbao \u00e9 descrito como muito forte em bloco m\u00e9dio, com boa press\u00e3o e recupera\u00e7\u00e3o de bolas; o coletivo \u00e9 compacto e din\u00e2mico.<\/li>\n<li>Ajustes t\u00e1ticos previstos incluem Trinc\u00e3o na esquerda e Geny numa linha de quatro para ter mais controlo da posse.<\/li>\n<li>Diomande \u00e9 valorizado pela presen\u00e7a no jogo a\u00e9reo; o grupo tem respondido bem e o t\u00e9cnico destaca a confian\u00e7a em todos.<\/li>\n<\/ul>\n","protected":false},"author":2,"featured_media":179592,"comment_status":"closed","ping_status":"closed","sticky":false,"template":"","format":"standard","meta":{"footnotes":""},"categories":[21,24],"tags":[2588,3284,152,4165,32,1652],"class_list":["post-179585","post","type-post","status-publish","format-standard","has-post-thumbnail","hentry","category-desporto","category-futebol","tag-athletic-bilbao","tag-daniel-braganca","tag-desporto","tag-diomande","tag-futebol","tag-sporting"],"yoast_head":"<!-- This site is optimized with the Yoast SEO plugin v27.2 - https:\/\/yoast.com\/product\/yoast-seo-wordpress\/ -->\n<title>Rui Borges destaca noite tranquila e pouca d\u00favida no onze inicial - Portal Tela Portugal<\/title>\n<meta name=\"robots\" content=\"index, follow, max-snippet:-1, max-image-preview:large, max-video-preview:-1\" \/>\n<meta property=\"og:locale\" content=\"pt_PT\" \/>\n<meta property=\"og:type\" content=\"article\" \/>\n<meta property=\"og:title\" content=\"Rui Borges destaca noite tranquila e pouca d\u00favida no onze inicial - Portal Tela Portugal\" \/>\n<meta property=\"og:description\" content=\"Rui Borges disse que esta noite foi mais tranquila e que n\u00e3o teve grandes d\u00favidas para o onze. Daniel Bragan\u00e7a vai ser titular, com o treinador a mostrar confian\u00e7a na capacidade de ter mais bola no jogo frente ao Athletic Bilbao. O Athletic Bilbao \u00e9 descrito como muito forte em bloco m\u00e9dio, com boa press\u00e3o e recupera\u00e7\u00e3o de bolas; o coletivo \u00e9 compacto e din\u00e2mico. Ajustes t\u00e1ticos previstos incluem Trinc\u00e3o na esquerda e Geny numa linha de quatro para ter mais controlo da posse. Diomande \u00e9 valorizado pela presen\u00e7a no jogo a\u00e9reo; o grupo tem respondido bem e o t\u00e9cnico destaca a confian\u00e7a em todos.\" \/>\n<meta property=\"og:url\" content=\"https:\/\/portaltela.pt\/noticias\/2026\/01\/28\/rui-borges-destaca-noite-tranquila-e-pouca-duvida-no-onze-inicial\/\" \/>\n<meta property=\"og:site_name\" content=\"Portal Tela Portugal\" \/>\n<meta property=\"article:published_time\" content=\"2026-01-28T18:58:00+00:00\" \/>\n<meta name=\"author\" content=\"Telinha\" \/>\n<meta name=\"twitter:card\" content=\"summary_large_image\" \/>\n<meta name=\"twitter:label1\" content=\"Escrito por\" \/>\n\t<meta name=\"twitter:data1\" content=\"Telinha\" \/>\n\t<meta name=\"twitter:label2\" content=\"Tempo estimado de leitura\" \/>\n\t<meta name=\"twitter:data2\" content=\"1 minuto\" \/>\n<script type=\"application\/ld+json\" class=\"yoast-schema-graph\">{\"@context\":\"https:\/\/schema.org\",\"@graph\":[{\"@type\":\"Article\",\"@id\":\"https:\/\/portaltela.pt\/noticias\/2026\/01\/28\/rui-borges-destaca-noite-tranquila-e-pouca-duvida-no-onze-inicial\/#article\",\"isPartOf\":{\"@id\":\"https:\/\/portaltela.pt\/noticias\/2026\/01\/28\/rui-borges-destaca-noite-tranquila-e-pouca-duvida-no-onze-inicial\/\"},\"author\":{\"name\":\"Telinha\",\"@id\":\"https:\/\/portaltela.pt\/#\/schema\/person\/c4278d4a6028830caff9ee44b42d32ed\"},\"headline\":\"Rui Borges destaca noite tranquila e pouca d\u00favida no onze inicial\",\"datePublished\":\"2026-01-28T18:58:00+00:00\",\"mainEntityOfPage\":{\"@id\":\"https:\/\/portaltela.pt\/noticias\/2026\/01\/28\/rui-borges-destaca-noite-tranquila-e-pouca-duvida-no-onze-inicial\/\"},\"wordCount\":308,\"image\":{\"@id\":\"https:\/\/portaltela.pt\/noticias\/2026\/01\/28\/rui-borges-destaca-noite-tranquila-e-pouca-duvida-no-onze-inicial\/#primaryimage\"},\"thumbnailUrl\":\"https:\/\/portaltela.pt\/s.01k8rhncp4jt1\/2026\/01\/img_920x518uu2026-01-24-20-30-09-2417124-6.jpg\",\"keywords\":[\"Athletic Bilbao\",\"Daniel Bragan\u00e7a\",\"desporto\",\"Diomande\",\"futebol\",\"Sporting\"],\"articleSection\":[\"Desporto\",\"Futebol\"],\"inLanguage\":\"pt-PT\"},{\"@type\":\"WebPage\",\"@id\":\"https:\/\/portaltela.pt\/noticias\/2026\/01\/28\/rui-borges-destaca-noite-tranquila-e-pouca-duvida-no-onze-inicial\/\",\"url\":\"https:\/\/portaltela.pt\/noticias\/2026\/01\/28\/rui-borges-destaca-noite-tranquila-e-pouca-duvida-no-onze-inicial\/\",\"name\":\"Rui Borges destaca noite tranquila e pouca d\u00favida no onze inicial - Portal Tela Portugal\",\"isPartOf\":{\"@id\":\"https:\/\/portaltela.pt\/#website\"},\"primaryImageOfPage\":{\"@id\":\"https:\/\/portaltela.pt\/noticias\/2026\/01\/28\/rui-borges-destaca-noite-tranquila-e-pouca-duvida-no-onze-inicial\/#primaryimage\"},\"image\":{\"@id\":\"https:\/\/portaltela.pt\/noticias\/2026\/01\/28\/rui-borges-destaca-noite-tranquila-e-pouca-duvida-no-onze-inicial\/#primaryimage\"},\"thumbnailUrl\":\"https:\/\/portaltela.pt\/s.01k8rhncp4jt1\/2026\/01\/img_920x518uu2026-01-24-20-30-09-2417124-6.jpg\",\"datePublished\":\"2026-01-28T18:58:00+00:00\",\"author\":{\"@id\":\"https:\/\/portaltela.pt\/#\/schema\/person\/c4278d4a6028830caff9ee44b42d32ed\"},\"breadcrumb\":{\"@id\":\"https:\/\/portaltela.pt\/noticias\/2026\/01\/28\/rui-borges-destaca-noite-tranquila-e-pouca-duvida-no-onze-inicial\/#breadcrumb\"},\"inLanguage\":\"pt-PT\",\"potentialAction\":[{\"@type\":\"ReadAction\",\"target\":[\"https:\/\/portaltela.pt\/noticias\/2026\/01\/28\/rui-borges-destaca-noite-tranquila-e-pouca-duvida-no-onze-inicial\/\"]}]},{\"@type\":\"ImageObject\",\"inLanguage\":\"pt-PT\",\"@id\":\"https:\/\/portaltela.pt\/noticias\/2026\/01\/28\/rui-borges-destaca-noite-tranquila-e-pouca-duvida-no-onze-inicial\/#primaryimage\",\"url\":\"https:\/\/portaltela.pt\/s.01k8rhncp4jt1\/2026\/01\/img_920x518uu2026-01-24-20-30-09-2417124-6.jpg\",\"contentUrl\":\"https:\/\/portaltela.pt\/s.01k8rhncp4jt1\/2026\/01\/img_920x518uu2026-01-24-20-30-09-2417124-6.jpg\",\"width\":796,\"height\":448,\"caption\":\"Rui Borges, treinador do Sporting\"},{\"@type\":\"BreadcrumbList\",\"@id\":\"https:\/\/portaltela.pt\/noticias\/2026\/01\/28\/rui-borges-destaca-noite-tranquila-e-pouca-duvida-no-onze-inicial\/#breadcrumb\",\"itemListElement\":[{\"@type\":\"ListItem\",\"position\":1,\"name\":\"In\u00edcio\",\"item\":\"https:\/\/portaltela.pt\/\"},{\"@type\":\"ListItem\",\"position\":2,\"name\":\"Rui Borges destaca noite tranquila e pouca d\u00favida no onze inicial\"}]},{\"@type\":\"WebSite\",\"@id\":\"https:\/\/portaltela.pt\/#website\",\"url\":\"https:\/\/portaltela.pt\/\",\"name\":\"Portal Tela Portugal\",\"description\":\"\",\"potentialAction\":[{\"@type\":\"SearchAction\",\"target\":{\"@type\":\"EntryPoint\",\"urlTemplate\":\"https:\/\/portaltela.pt\/?s={search_term_string}\"},\"query-input\":{\"@type\":\"PropertyValueSpecification\",\"valueRequired\":true,\"valueName\":\"search_term_string\"}}],\"inLanguage\":\"pt-PT\"},{\"@type\":\"Person\",\"@id\":\"https:\/\/portaltela.pt\/#\/schema\/person\/c4278d4a6028830caff9ee44b42d32ed\",\"name\":\"Telinha\",\"image\":{\"@type\":\"ImageObject\",\"inLanguage\":\"pt-PT\",\"@id\":\"https:\/\/portaltela.pt\/s.01k8rhncp4jt1\/2025\/11\/talking-bot-125x125.png\",\"url\":\"https:\/\/portaltela.pt\/s.01k8rhncp4jt1\/2025\/11\/talking-bot-125x125.png\",\"contentUrl\":\"https:\/\/portaltela.pt\/s.01k8rhncp4jt1\/2025\/11\/talking-bot-125x125.png\",\"caption\":\"Telinha\"},\"sameAs\":[\"https:\/\/portaltela.pt\/\"],\"url\":\"https:\/\/portaltela.pt\/por\/367410592786\/\"}]}<\/script>\n<!-- \/ Yoast SEO plugin. -->","yoast_head_json":{"title":"Rui Borges destaca noite tranquila e pouca d\u00favida no onze inicial - Portal Tela Portugal","robots":{"index":"index","follow":"follow","max-snippet":"max-snippet:-1","max-image-preview":"max-image-preview:large","max-video-preview":"max-video-preview:-1"},"og_locale":"pt_PT","og_type":"article","og_title":"Rui Borges destaca noite tranquila e pouca d\u00favida no onze inicial - Portal Tela Portugal","og_description":"Rui Borges disse que esta noite foi mais tranquila e que n\u00e3o teve grandes d\u00favidas para o onze. Daniel Bragan\u00e7a vai ser titular, com o treinador a mostrar confian\u00e7a na capacidade de ter mais bola no jogo frente ao Athletic Bilbao. O Athletic Bilbao \u00e9 descrito como muito forte em bloco m\u00e9dio, com boa press\u00e3o e recupera\u00e7\u00e3o de bolas; o coletivo \u00e9 compacto e din\u00e2mico. Ajustes t\u00e1ticos previstos incluem Trinc\u00e3o na esquerda e Geny numa linha de quatro para ter mais controlo da posse. Diomande \u00e9 valorizado pela presen\u00e7a no jogo a\u00e9reo; o grupo tem respondido bem e o t\u00e9cnico destaca a confian\u00e7a em todos.","og_url":"https:\/\/portaltela.pt\/noticias\/2026\/01\/28\/rui-borges-destaca-noite-tranquila-e-pouca-duvida-no-onze-inicial\/","og_site_name":"Portal Tela Portugal","article_published_time":"2026-01-28T18:58:00+00:00","author":"Telinha","twitter_card":"summary_large_image","twitter_misc":{"Escrito por":"Telinha","Tempo estimado de leitura":"1 minuto"},"schema":{"@context":"https:\/\/schema.org","@graph":[{"@type":"Article","@id":"https:\/\/portaltela.pt\/noticias\/2026\/01\/28\/rui-borges-destaca-noite-tranquila-e-pouca-duvida-no-onze-inicial\/#article","isPartOf":{"@id":"https:\/\/portaltela.pt\/noticias\/2026\/01\/28\/rui-borges-destaca-noite-tranquila-e-pouca-duvida-no-onze-inicial\/"},"author":{"name":"Telinha","@id":"https:\/\/portaltela.pt\/#\/schema\/person\/c4278d4a6028830caff9ee44b42d32ed"},"headline":"Rui Borges destaca noite tranquila e pouca d\u00favida no onze inicial","datePublished":"2026-01-28T18:58:00+00:00","mainEntityOfPage":{"@id":"https:\/\/portaltela.pt\/noticias\/2026\/01\/28\/rui-borges-destaca-noite-tranquila-e-pouca-duvida-no-onze-inicial\/"},"wordCount":308,"image":{"@id":"https:\/\/portaltela.pt\/noticias\/2026\/01\/28\/rui-borges-destaca-noite-tranquila-e-pouca-duvida-no-onze-inicial\/#primaryimage"},"thumbnailUrl":"https:\/\/portaltela.pt\/s.01k8rhncp4jt1\/2026\/01\/img_920x518uu2026-01-24-20-30-09-2417124-6.jpg","keywords":["Athletic Bilbao","Daniel Bragan\u00e7a","desporto","Diomande","futebol","Sporting"],"articleSection":["Desporto","Futebol"],"inLanguage":"pt-PT"},{"@type":"WebPage","@id":"https:\/\/portaltela.pt\/noticias\/2026\/01\/28\/rui-borges-destaca-noite-tranquila-e-pouca-duvida-no-onze-inicial\/","url":"https:\/\/portaltela.pt\/noticias\/2026\/01\/28\/rui-borges-destaca-noite-tranquila-e-pouca-duvida-no-onze-inicial\/","name":"Rui Borges destaca noite tranquila e pouca d\u00favida no onze inicial - Portal Tela Portugal","isPartOf":{"@id":"https:\/\/portaltela.pt\/#website"},"primaryImageOfPage":{"@id":"https:\/\/portaltela.pt\/noticias\/2026\/01\/28\/rui-borges-destaca-noite-tranquila-e-pouca-duvida-no-onze-inicial\/#primaryimage"},"image":{"@id":"https:\/\/portaltela.pt\/noticias\/2026\/01\/28\/rui-borges-destaca-noite-tranquila-e-pouca-duvida-no-onze-inicial\/#primaryimage"},"thumbnailUrl":"https:\/\/portaltela.pt\/s.01k8rhncp4jt1\/2026\/01\/img_920x518uu2026-01-24-20-30-09-2417124-6.jpg","datePublished":"2026-01-28T18:58:00+00:00","author":{"@id":"https:\/\/portaltela.pt\/#\/schema\/person\/c4278d4a6028830caff9ee44b42d32ed"},"breadcrumb":{"@id":"https:\/\/portaltela.pt\/noticias\/2026\/01\/28\/rui-borges-destaca-noite-tranquila-e-pouca-duvida-no-onze-inicial\/#breadcrumb"},"inLanguage":"pt-PT","potentialAction":[{"@type":"ReadAction","target":["https:\/\/portaltela.pt\/noticias\/2026\/01\/28\/rui-borges-destaca-noite-tranquila-e-pouca-duvida-no-onze-inicial\/"]}]},{"@type":"ImageObject","inLanguage":"pt-PT","@id":"https:\/\/portaltela.pt\/noticias\/2026\/01\/28\/rui-borges-destaca-noite-tranquila-e-pouca-duvida-no-onze-inicial\/#primaryimage","url":"https:\/\/portaltela.pt\/s.01k8rhncp4jt1\/2026\/01\/img_920x518uu2026-01-24-20-30-09-2417124-6.jpg","contentUrl":"https:\/\/portaltela.pt\/s.01k8rhncp4jt1\/2026\/01\/img_920x518uu2026-01-24-20-30-09-2417124-6.jpg","width":796,"height":448,"caption":"Rui Borges, treinador do Sporting"},{"@type":"BreadcrumbList","@id":"https:\/\/portaltela.pt\/noticias\/2026\/01\/28\/rui-borges-destaca-noite-tranquila-e-pouca-duvida-no-onze-inicial\/#breadcrumb","itemListElement":[{"@type":"ListItem","position":1,"name":"In\u00edcio","item":"https:\/\/portaltela.pt\/"},{"@type":"ListItem","position":2,"name":"Rui Borges destaca noite tranquila e pouca d\u00favida no onze inicial"}]},{"@type":"WebSite","@id":"https:\/\/portaltela.pt\/#website","url":"https:\/\/portaltela.pt\/","name":"Portal Tela Portugal","description":"","potentialAction":[{"@type":"SearchAction","target":{"@type":"EntryPoint","urlTemplate":"https:\/\/portaltela.pt\/?s={search_term_string}"},"query-input":{"@type":"PropertyValueSpecification","valueRequired":true,"valueName":"search_term_string"}}],"inLanguage":"pt-PT"},{"@type":"Person","@id":"https:\/\/portaltela.pt\/#\/schema\/person\/c4278d4a6028830caff9ee44b42d32ed","name":"Telinha","image":{"@type":"ImageObject","inLanguage":"pt-PT","@id":"https:\/\/portaltela.pt\/s.01k8rhncp4jt1\/2025\/11\/talking-bot-125x125.png","url":"https:\/\/portaltela.pt\/s.01k8rhncp4jt1\/2025\/11\/talking-bot-125x125.png","contentUrl":"https:\/\/portaltela.pt\/s.01k8rhncp4jt1\/2025\/11\/talking-bot-125x125.png","caption":"Telinha"},"sameAs":["https:\/\/portaltela.pt\/"],"url":"https:\/\/portaltela.pt\/por\/367410592786\/"}]}},"_links":{"self":[{"href":"https:\/\/portaltela.pt\/api\/wp\/v2\/posts\/179585","targetHints":{"allow":["GET"]}}],"collection":[{"href":"https:\/\/portaltela.pt\/api\/wp\/v2\/posts"}],"about":[{"href":"https:\/\/portaltela.pt\/api\/wp\/v2\/types\/post"}],"author":[{"embeddable":true,"href":"https:\/\/portaltela.pt\/api\/wp\/v2\/users\/2"}],"replies":[{"embeddable":true,"href":"https:\/\/portaltela.pt\/api\/wp\/v2\/comments?post=179585"}],"version-history":[{"count":0,"href":"https:\/\/portaltela.pt\/api\/wp\/v2\/posts\/179585\/revisions"}],"wp:featuredmedia":[{"embeddable":true,"href":"https:\/\/portaltela.pt\/api\/wp\/v2\/media\/179592"}],"wp:attachment":[{"href":"https:\/\/portaltela.pt\/api\/wp\/v2\/media?parent=179585"}],"wp:term":[{"taxonomy":"category","embeddable":true,"href":"https:\/\/portaltela.pt\/api\/wp\/v2\/categories?post=179585"},{"taxonomy":"post_tag","embeddable":true,"href":"https:\/\/portaltela.pt\/api\/wp\/v2\/tags?post=179585"}],"curies":[{"name":"wp","href":"https:\/\/api.w.org\/{rel}","templated":true}]}}