{"id":179577,"date":"2026-01-28T15:53:00","date_gmt":"2026-01-28T18:53:00","guid":{"rendered":"https:\/\/portaltela.pt\/noticias\/2026\/01\/28\/rui-borges-aposta-em-daniel-braganca-no-onze-contra-o-bilbau\/"},"modified":"2026-01-28T15:53:00","modified_gmt":"2026-01-28T18:53:00","slug":"rui-borges-aposta-em-daniel-braganca-no-onze-contra-o-bilbau","status":"publish","type":"post","link":"https:\/\/portaltela.pt\/desporto\/futebol\/2026\/01\/28\/rui-borges-aposta-em-daniel-braganca-no-onze-contra-o-bilbau\/","title":{"rendered":"Rui Borges aposta em Daniel Bragan\u00e7a no onze contra o Bilbau"},"content":{"rendered":"<p>O Sporting j\u00e1 tem o onze definido para a \u00faltima jornada da fase principal da Liga dos Campe\u00f5es, frente ao Athletic Bilbao, em Bilbao. Rui Borges escolhe duas novidades: Diomande regressa ao centro da defesa e Daniel Bragan\u00e7a volta a ser titular pela primeira vez desde o regresso \u00e0 competi\u00e7\u00e3o, ap\u00f3s les\u00e3o.<\/p>\n<p>Os le\u00f5es entram em campo com a possibilidade de apuramento direto aos oitavos, caso vencem e dependam de outros resultados para tr\u00eas advers\u00e1rios na frente. O clube j\u00e1 tem o bilhete assegurado para o play-off, mas luta pela passagem direta.<\/p>\n<p>O Athletic Bilbao procura manter viva a sua aspira\u00e7\u00e3o de qualifica\u00e7\u00e3o, tendo oito pontos na tabela. O desfecho do encontro pode influenciar ainda o destino do Benfica, que recebe o Real Madrid na jornada seguinte.<\/p>\n<p><strong>Onze do Sporting<\/strong>: Rui Silva; Fresneda, Diomande, Gon\u00e7alo In\u00e1cio e Maxi Ara\u00fajo; Hjulmand e Jo\u00e3o Sim\u00f5es; Geny Catamo, Daniel Bragan\u00e7a e Trinc\u00e3o, Lu\u00eds Su\u00e1rez.<\/p>\n<p><strong>Suplentes<\/strong>: por divulgar<\/p>\n<p><strong>Onze do Athletic Bilbao<\/strong>: por divulgar<\/p>\n<p><strong>Suplentes<\/strong>: por divulgar<\/p>\n","protected":false},"excerpt":{"rendered":"<ul>\n<li>Rui Borges aposta em Daniel Bragan\u00e7a no onze do Sporting frente ao Athletic Bilbau, marcando a primeira titularidade desde o regresso \u00e0 competi\u00e7\u00e3o.<\/li>\n<li>Diomande regressa ao centro da defesa do Sporting, uma das novidades no 11 inicial.<\/li>\n<li>O Sporting j\u00e1 est\u00e1 garantido no play-off, mas ainda pode conseguir o apuramento direto para os oitavos de final.<\/li>\n<li>Para avan\u00e7ar, o bicampe\u00e3o nacional precisa de vencer no Pa\u00eds Basco e contar com deslizes de tr\u00eas advers\u00e1rios que est\u00e3o em posi\u00e7\u00e3o mais favor\u00e1vel.<\/li>\n<li>O Athletic Bilbau disputa a continuidade na competi\u00e7\u00e3o, com oito pontos na tabela, enquanto o resultado pode influenciar tamb\u00e9m o destino do Benfica no confronto com o Real Madrid.<\/li>\n<\/ul>\n","protected":false},"author":2,"featured_media":179593,"comment_status":"closed","ping_status":"closed","sticky":false,"template":"","format":"standard","meta":{"footnotes":""},"categories":[21,24],"tags":[2588,3577,3284,4165,32,1652],"class_list":["post-179577","post","type-post","status-publish","format-standard","has-post-thumbnail","hentry","category-desporto","category-futebol","tag-athletic-bilbao","tag-champions-league","tag-daniel-braganca","tag-diomande","tag-futebol","tag-sporting"],"yoast_head":"<!-- This site is optimized with the Yoast SEO plugin v27.2 - https:\/\/yoast.com\/product\/yoast-seo-wordpress\/ -->\n<title>Rui Borges aposta em Daniel Bragan\u00e7a no onze contra o Bilbau - Portal Tela Portugal<\/title>\n<meta name=\"robots\" content=\"index, follow, max-snippet:-1, max-image-preview:large, max-video-preview:-1\" \/>\n<meta property=\"og:locale\" content=\"pt_PT\" \/>\n<meta property=\"og:type\" content=\"article\" \/>\n<meta property=\"og:title\" content=\"Rui Borges aposta em Daniel Bragan\u00e7a no onze contra o Bilbau - Portal Tela Portugal\" \/>\n<meta property=\"og:description\" content=\"Rui Borges aposta em Daniel Bragan\u00e7a no onze do Sporting frente ao Athletic Bilbau, marcando a primeira titularidade desde o regresso \u00e0 competi\u00e7\u00e3o. Diomande regressa ao centro da defesa do Sporting, uma das novidades no 11 inicial. O Sporting j\u00e1 est\u00e1 garantido no play-off, mas ainda pode conseguir o apuramento direto para os oitavos de final. Para avan\u00e7ar, o bicampe\u00e3o nacional precisa de vencer no Pa\u00eds Basco e contar com deslizes de tr\u00eas advers\u00e1rios que est\u00e3o em posi\u00e7\u00e3o mais favor\u00e1vel. O Athletic Bilbau disputa a continuidade na competi\u00e7\u00e3o, com oito pontos na tabela, enquanto o resultado pode influenciar tamb\u00e9m o destino do Benfica no confronto com o Real Madrid.\" \/>\n<meta property=\"og:url\" content=\"https:\/\/portaltela.pt\/noticias\/2026\/01\/28\/rui-borges-aposta-em-daniel-braganca-no-onze-contra-o-bilbau\/\" \/>\n<meta property=\"og:site_name\" content=\"Portal Tela Portugal\" \/>\n<meta property=\"article:published_time\" content=\"2026-01-28T18:53:00+00:00\" \/>\n<meta name=\"author\" content=\"Telinha\" \/>\n<meta name=\"twitter:card\" content=\"summary_large_image\" \/>\n<meta name=\"twitter:label1\" content=\"Escrito por\" \/>\n\t<meta name=\"twitter:data1\" content=\"Telinha\" \/>\n\t<meta name=\"twitter:label2\" content=\"Tempo estimado de leitura\" \/>\n\t<meta name=\"twitter:data2\" content=\"1 minuto\" \/>\n<script type=\"application\/ld+json\" class=\"yoast-schema-graph\">{\"@context\":\"https:\/\/schema.org\",\"@graph\":[{\"@type\":\"Article\",\"@id\":\"https:\/\/portaltela.pt\/noticias\/2026\/01\/28\/rui-borges-aposta-em-daniel-braganca-no-onze-contra-o-bilbau\/#article\",\"isPartOf\":{\"@id\":\"https:\/\/portaltela.pt\/noticias\/2026\/01\/28\/rui-borges-aposta-em-daniel-braganca-no-onze-contra-o-bilbau\/\"},\"author\":{\"name\":\"Telinha\",\"@id\":\"https:\/\/portaltela.pt\/#\/schema\/person\/c4278d4a6028830caff9ee44b42d32ed\"},\"headline\":\"Rui Borges aposta em Daniel Bragan\u00e7a no onze contra o Bilbau\",\"datePublished\":\"2026-01-28T18:53:00+00:00\",\"mainEntityOfPage\":{\"@id\":\"https:\/\/portaltela.pt\/noticias\/2026\/01\/28\/rui-borges-aposta-em-daniel-braganca-no-onze-contra-o-bilbau\/\"},\"wordCount\":193,\"image\":{\"@id\":\"https:\/\/portaltela.pt\/noticias\/2026\/01\/28\/rui-borges-aposta-em-daniel-braganca-no-onze-contra-o-bilbau\/#primaryimage\"},\"thumbnailUrl\":\"https:\/\/portaltela.pt\/s.01k8rhncp4jt1\/2026\/01\/bffd8302-d1ba-4272-adcd-cd0f712e1c61_1200x675-1.jpg\",\"keywords\":[\"Athletic Bilbao\",\"Champions League\",\"Daniel Bragan\u00e7a\",\"Diomande\",\"futebol\",\"Sporting\"],\"articleSection\":[\"Desporto\",\"Futebol\"],\"inLanguage\":\"pt-PT\"},{\"@type\":\"WebPage\",\"@id\":\"https:\/\/portaltela.pt\/noticias\/2026\/01\/28\/rui-borges-aposta-em-daniel-braganca-no-onze-contra-o-bilbau\/\",\"url\":\"https:\/\/portaltela.pt\/noticias\/2026\/01\/28\/rui-borges-aposta-em-daniel-braganca-no-onze-contra-o-bilbau\/\",\"name\":\"Rui Borges aposta em Daniel Bragan\u00e7a no onze contra o Bilbau - Portal Tela Portugal\",\"isPartOf\":{\"@id\":\"https:\/\/portaltela.pt\/#website\"},\"primaryImageOfPage\":{\"@id\":\"https:\/\/portaltela.pt\/noticias\/2026\/01\/28\/rui-borges-aposta-em-daniel-braganca-no-onze-contra-o-bilbau\/#primaryimage\"},\"image\":{\"@id\":\"https:\/\/portaltela.pt\/noticias\/2026\/01\/28\/rui-borges-aposta-em-daniel-braganca-no-onze-contra-o-bilbau\/#primaryimage\"},\"thumbnailUrl\":\"https:\/\/portaltela.pt\/s.01k8rhncp4jt1\/2026\/01\/bffd8302-d1ba-4272-adcd-cd0f712e1c61_1200x675-1.jpg\",\"datePublished\":\"2026-01-28T18:53:00+00:00\",\"author\":{\"@id\":\"https:\/\/portaltela.pt\/#\/schema\/person\/c4278d4a6028830caff9ee44b42d32ed\"},\"breadcrumb\":{\"@id\":\"https:\/\/portaltela.pt\/noticias\/2026\/01\/28\/rui-borges-aposta-em-daniel-braganca-no-onze-contra-o-bilbau\/#breadcrumb\"},\"inLanguage\":\"pt-PT\",\"potentialAction\":[{\"@type\":\"ReadAction\",\"target\":[\"https:\/\/portaltela.pt\/noticias\/2026\/01\/28\/rui-borges-aposta-em-daniel-braganca-no-onze-contra-o-bilbau\/\"]}]},{\"@type\":\"ImageObject\",\"inLanguage\":\"pt-PT\",\"@id\":\"https:\/\/portaltela.pt\/noticias\/2026\/01\/28\/rui-borges-aposta-em-daniel-braganca-no-onze-contra-o-bilbau\/#primaryimage\",\"url\":\"https:\/\/portaltela.pt\/s.01k8rhncp4jt1\/2026\/01\/bffd8302-d1ba-4272-adcd-cd0f712e1c61_1200x675-1.jpg\",\"contentUrl\":\"https:\/\/portaltela.pt\/s.01k8rhncp4jt1\/2026\/01\/bffd8302-d1ba-4272-adcd-cd0f712e1c61_1200x675-1.jpg\",\"width\":796,\"height\":448,\"caption\":\"Equipa de Rui Borges somou 13 pontos nas sete primeiras jornadas\"},{\"@type\":\"BreadcrumbList\",\"@id\":\"https:\/\/portaltela.pt\/noticias\/2026\/01\/28\/rui-borges-aposta-em-daniel-braganca-no-onze-contra-o-bilbau\/#breadcrumb\",\"itemListElement\":[{\"@type\":\"ListItem\",\"position\":1,\"name\":\"In\u00edcio\",\"item\":\"https:\/\/portaltela.pt\/\"},{\"@type\":\"ListItem\",\"position\":2,\"name\":\"Rui Borges aposta em Daniel Bragan\u00e7a no onze contra o Bilbau\"}]},{\"@type\":\"WebSite\",\"@id\":\"https:\/\/portaltela.pt\/#website\",\"url\":\"https:\/\/portaltela.pt\/\",\"name\":\"Portal Tela Portugal\",\"description\":\"\",\"potentialAction\":[{\"@type\":\"SearchAction\",\"target\":{\"@type\":\"EntryPoint\",\"urlTemplate\":\"https:\/\/portaltela.pt\/?s={search_term_string}\"},\"query-input\":{\"@type\":\"PropertyValueSpecification\",\"valueRequired\":true,\"valueName\":\"search_term_string\"}}],\"inLanguage\":\"pt-PT\"},{\"@type\":\"Person\",\"@id\":\"https:\/\/portaltela.pt\/#\/schema\/person\/c4278d4a6028830caff9ee44b42d32ed\",\"name\":\"Telinha\",\"image\":{\"@type\":\"ImageObject\",\"inLanguage\":\"pt-PT\",\"@id\":\"https:\/\/portaltela.pt\/s.01k8rhncp4jt1\/2025\/11\/talking-bot-125x125.png\",\"url\":\"https:\/\/portaltela.pt\/s.01k8rhncp4jt1\/2025\/11\/talking-bot-125x125.png\",\"contentUrl\":\"https:\/\/portaltela.pt\/s.01k8rhncp4jt1\/2025\/11\/talking-bot-125x125.png\",\"caption\":\"Telinha\"},\"sameAs\":[\"https:\/\/portaltela.pt\/\"],\"url\":\"https:\/\/portaltela.pt\/por\/367410592786\/\"}]}<\/script>\n<!-- \/ Yoast SEO plugin. -->","yoast_head_json":{"title":"Rui Borges aposta em Daniel Bragan\u00e7a no onze contra o Bilbau - Portal Tela Portugal","robots":{"index":"index","follow":"follow","max-snippet":"max-snippet:-1","max-image-preview":"max-image-preview:large","max-video-preview":"max-video-preview:-1"},"og_locale":"pt_PT","og_type":"article","og_title":"Rui Borges aposta em Daniel Bragan\u00e7a no onze contra o Bilbau - Portal Tela Portugal","og_description":"Rui Borges aposta em Daniel Bragan\u00e7a no onze do Sporting frente ao Athletic Bilbau, marcando a primeira titularidade desde o regresso \u00e0 competi\u00e7\u00e3o. Diomande regressa ao centro da defesa do Sporting, uma das novidades no 11 inicial. O Sporting j\u00e1 est\u00e1 garantido no play-off, mas ainda pode conseguir o apuramento direto para os oitavos de final. Para avan\u00e7ar, o bicampe\u00e3o nacional precisa de vencer no Pa\u00eds Basco e contar com deslizes de tr\u00eas advers\u00e1rios que est\u00e3o em posi\u00e7\u00e3o mais favor\u00e1vel. O Athletic Bilbau disputa a continuidade na competi\u00e7\u00e3o, com oito pontos na tabela, enquanto o resultado pode influenciar tamb\u00e9m o destino do Benfica no confronto com o Real Madrid.","og_url":"https:\/\/portaltela.pt\/noticias\/2026\/01\/28\/rui-borges-aposta-em-daniel-braganca-no-onze-contra-o-bilbau\/","og_site_name":"Portal Tela Portugal","article_published_time":"2026-01-28T18:53:00+00:00","author":"Telinha","twitter_card":"summary_large_image","twitter_misc":{"Escrito por":"Telinha","Tempo estimado de leitura":"1 minuto"},"schema":{"@context":"https:\/\/schema.org","@graph":[{"@type":"Article","@id":"https:\/\/portaltela.pt\/noticias\/2026\/01\/28\/rui-borges-aposta-em-daniel-braganca-no-onze-contra-o-bilbau\/#article","isPartOf":{"@id":"https:\/\/portaltela.pt\/noticias\/2026\/01\/28\/rui-borges-aposta-em-daniel-braganca-no-onze-contra-o-bilbau\/"},"author":{"name":"Telinha","@id":"https:\/\/portaltela.pt\/#\/schema\/person\/c4278d4a6028830caff9ee44b42d32ed"},"headline":"Rui Borges aposta em Daniel Bragan\u00e7a no onze contra o Bilbau","datePublished":"2026-01-28T18:53:00+00:00","mainEntityOfPage":{"@id":"https:\/\/portaltela.pt\/noticias\/2026\/01\/28\/rui-borges-aposta-em-daniel-braganca-no-onze-contra-o-bilbau\/"},"wordCount":193,"image":{"@id":"https:\/\/portaltela.pt\/noticias\/2026\/01\/28\/rui-borges-aposta-em-daniel-braganca-no-onze-contra-o-bilbau\/#primaryimage"},"thumbnailUrl":"https:\/\/portaltela.pt\/s.01k8rhncp4jt1\/2026\/01\/bffd8302-d1ba-4272-adcd-cd0f712e1c61_1200x675-1.jpg","keywords":["Athletic Bilbao","Champions League","Daniel Bragan\u00e7a","Diomande","futebol","Sporting"],"articleSection":["Desporto","Futebol"],"inLanguage":"pt-PT"},{"@type":"WebPage","@id":"https:\/\/portaltela.pt\/noticias\/2026\/01\/28\/rui-borges-aposta-em-daniel-braganca-no-onze-contra-o-bilbau\/","url":"https:\/\/portaltela.pt\/noticias\/2026\/01\/28\/rui-borges-aposta-em-daniel-braganca-no-onze-contra-o-bilbau\/","name":"Rui Borges aposta em Daniel Bragan\u00e7a no onze contra o Bilbau - Portal Tela Portugal","isPartOf":{"@id":"https:\/\/portaltela.pt\/#website"},"primaryImageOfPage":{"@id":"https:\/\/portaltela.pt\/noticias\/2026\/01\/28\/rui-borges-aposta-em-daniel-braganca-no-onze-contra-o-bilbau\/#primaryimage"},"image":{"@id":"https:\/\/portaltela.pt\/noticias\/2026\/01\/28\/rui-borges-aposta-em-daniel-braganca-no-onze-contra-o-bilbau\/#primaryimage"},"thumbnailUrl":"https:\/\/portaltela.pt\/s.01k8rhncp4jt1\/2026\/01\/bffd8302-d1ba-4272-adcd-cd0f712e1c61_1200x675-1.jpg","datePublished":"2026-01-28T18:53:00+00:00","author":{"@id":"https:\/\/portaltela.pt\/#\/schema\/person\/c4278d4a6028830caff9ee44b42d32ed"},"breadcrumb":{"@id":"https:\/\/portaltela.pt\/noticias\/2026\/01\/28\/rui-borges-aposta-em-daniel-braganca-no-onze-contra-o-bilbau\/#breadcrumb"},"inLanguage":"pt-PT","potentialAction":[{"@type":"ReadAction","target":["https:\/\/portaltela.pt\/noticias\/2026\/01\/28\/rui-borges-aposta-em-daniel-braganca-no-onze-contra-o-bilbau\/"]}]},{"@type":"ImageObject","inLanguage":"pt-PT","@id":"https:\/\/portaltela.pt\/noticias\/2026\/01\/28\/rui-borges-aposta-em-daniel-braganca-no-onze-contra-o-bilbau\/#primaryimage","url":"https:\/\/portaltela.pt\/s.01k8rhncp4jt1\/2026\/01\/bffd8302-d1ba-4272-adcd-cd0f712e1c61_1200x675-1.jpg","contentUrl":"https:\/\/portaltela.pt\/s.01k8rhncp4jt1\/2026\/01\/bffd8302-d1ba-4272-adcd-cd0f712e1c61_1200x675-1.jpg","width":796,"height":448,"caption":"Equipa de Rui Borges somou 13 pontos nas sete primeiras jornadas"},{"@type":"BreadcrumbList","@id":"https:\/\/portaltela.pt\/noticias\/2026\/01\/28\/rui-borges-aposta-em-daniel-braganca-no-onze-contra-o-bilbau\/#breadcrumb","itemListElement":[{"@type":"ListItem","position":1,"name":"In\u00edcio","item":"https:\/\/portaltela.pt\/"},{"@type":"ListItem","position":2,"name":"Rui Borges aposta em Daniel Bragan\u00e7a no onze contra o Bilbau"}]},{"@type":"WebSite","@id":"https:\/\/portaltela.pt\/#website","url":"https:\/\/portaltela.pt\/","name":"Portal Tela Portugal","description":"","potentialAction":[{"@type":"SearchAction","target":{"@type":"EntryPoint","urlTemplate":"https:\/\/portaltela.pt\/?s={search_term_string}"},"query-input":{"@type":"PropertyValueSpecification","valueRequired":true,"valueName":"search_term_string"}}],"inLanguage":"pt-PT"},{"@type":"Person","@id":"https:\/\/portaltela.pt\/#\/schema\/person\/c4278d4a6028830caff9ee44b42d32ed","name":"Telinha","image":{"@type":"ImageObject","inLanguage":"pt-PT","@id":"https:\/\/portaltela.pt\/s.01k8rhncp4jt1\/2025\/11\/talking-bot-125x125.png","url":"https:\/\/portaltela.pt\/s.01k8rhncp4jt1\/2025\/11\/talking-bot-125x125.png","contentUrl":"https:\/\/portaltela.pt\/s.01k8rhncp4jt1\/2025\/11\/talking-bot-125x125.png","caption":"Telinha"},"sameAs":["https:\/\/portaltela.pt\/"],"url":"https:\/\/portaltela.pt\/por\/367410592786\/"}]}},"_links":{"self":[{"href":"https:\/\/portaltela.pt\/api\/wp\/v2\/posts\/179577","targetHints":{"allow":["GET"]}}],"collection":[{"href":"https:\/\/portaltela.pt\/api\/wp\/v2\/posts"}],"about":[{"href":"https:\/\/portaltela.pt\/api\/wp\/v2\/types\/post"}],"author":[{"embeddable":true,"href":"https:\/\/portaltela.pt\/api\/wp\/v2\/users\/2"}],"replies":[{"embeddable":true,"href":"https:\/\/portaltela.pt\/api\/wp\/v2\/comments?post=179577"}],"version-history":[{"count":0,"href":"https:\/\/portaltela.pt\/api\/wp\/v2\/posts\/179577\/revisions"}],"wp:featuredmedia":[{"embeddable":true,"href":"https:\/\/portaltela.pt\/api\/wp\/v2\/media\/179593"}],"wp:attachment":[{"href":"https:\/\/portaltela.pt\/api\/wp\/v2\/media?parent=179577"}],"wp:term":[{"taxonomy":"category","embeddable":true,"href":"https:\/\/portaltela.pt\/api\/wp\/v2\/categories?post=179577"},{"taxonomy":"post_tag","embeddable":true,"href":"https:\/\/portaltela.pt\/api\/wp\/v2\/tags?post=179577"}],"curies":[{"name":"wp","href":"https:\/\/api.w.org\/{rel}","templated":true}]}}