{"id":179508,"date":"2026-01-28T14:43:00","date_gmt":"2026-01-28T17:43:00","guid":{"rendered":"https:\/\/portaltela.pt\/noticias\/2026\/01\/28\/associacao-protetora-das-diabeticas-pretende-criar-instituto-de-prevencao\/"},"modified":"2026-01-28T14:43:00","modified_gmt":"2026-01-28T17:43:00","slug":"associacao-protetora-das-diabeticas-pretende-criar-instituto-de-prevencao","status":"publish","type":"post","link":"https:\/\/portaltela.pt\/noticias\/2026\/01\/28\/associacao-protetora-das-diabeticas-pretende-criar-instituto-de-prevencao\/","title":{"rendered":"Associa\u00e7\u00e3o protetora das diab\u00e9ticas pretende criar instituto de preven\u00e7\u00e3o"},"content":{"rendered":"<p>A Associa\u00e7\u00e3o Protetora de Diab\u00e9ticos de Portugal (APDP) anunciou a cria\u00e7\u00e3o de um instituto dedicado \u00e0 preven\u00e7\u00e3o da diabetes, numa comunica\u00e7\u00e3o \u00e0 Lusa em v\u00e9speras das celebra\u00e7\u00f5es dos 100 anos da institui\u00e7\u00e3o. O objetivo \u00e9 dirigir a\u00e7\u00f5es de preven\u00e7\u00e3o e educa\u00e7\u00e3o junto da popula\u00e7\u00e3o.<\/p>\n<p>O instituto poder\u00e1 criar uma rede de gestores de preven\u00e7\u00e3o por todo o pa\u00eds, capazes de identificar pessoas com pr\u00e9-diabetes e promover h\u00e1bitos saud\u00e1veis para evitar o desenvolvimento da doen\u00e7a. A iniciativa surge como resposta \u00e0 preven\u00e7\u00e3o da diabetes em Portugal.<\/p>\n<p>Ser\u00e3o consideradas tr\u00eas \u00e1reas centrais: preven\u00e7\u00e3o da diabetes tipo 2 e 1 e redu\u00e7\u00e3o da obesidade, apontada como principal fator de risco da diabetes tipo 2. A insulina e o funcionamento do p\u00e2ncreas aparecem explicados pela organiza\u00e7\u00e3o para contextualizar o tema.<\/p>\n<h3>Plano do instituto<\/h3>\n<p>Os profissionais da APDP dever\u00e3o recorrer a associa\u00e7\u00f5es, coletividades e instala\u00e7\u00f5es cedidas pelas autarquias para formar grupos, promover ensino e incentivar alimenta\u00e7\u00e3o mais saud\u00e1vel e atividade f\u00edsica. A atua\u00e7\u00e3o estende-se a escolas e jardins-de-inf\u00e2ncia, com in\u00edcio de trabalhos j\u00e1 aos 4 anos.<\/p>\n<p>O projeto inclui o programa existente \u201cUm dedo que advinha\u201d, dedicado a rastreios em crian\u00e7as e jovens, que ser\u00e1 integrado no novo instituto. Forma\u00e7\u00f5es conjuntas com autarquias visar\u00e3o estimular estilos de vida mais ativos.<\/p>\n<h3>Financiamento e instala\u00e7\u00f5es<\/h3>\n<p>Ainda n\u00e3o existe financiamento assegurado para a cria\u00e7\u00e3o do instituto. Foram solicitados donativos a investidores, bem como a entidades ligadas \u00e0 APDP. O objetivo \u00e9 lan\u00e7ar o instituto este ano e garantir um edif\u00edcio no Parque da Sa\u00fade, em Lisboa, para servir de base \u00e0 equipa.<\/p>\n<p>A APDP estima que aproximadamente 1,5 milh\u00f5es de pessoas tenham diabetes e 2,5 milh\u00f5es apresentem pr\u00e9-diabetes em Portugal, n\u00fameros que refor\u00e7am a necessidade da iniciativa. O centen\u00e1rio da associa\u00e7\u00e3o ser\u00e1 inaugurado com uma sess\u00e3o de apresenta\u00e7\u00e3o do calend\u00e1rio de eventos e o lan\u00e7amento do pr\u00e9mio de jornalismo Ernesto Roma.<\/p>\n<p>A APDP marcou ainda a abertura de contactos com o Governo para a ced\u00eancia do edif\u00edcio que acolher\u00e1 o instituto, como parte das celebra\u00e7\u00f5es dos 100 anos da institui\u00e7\u00e3o. A organiza\u00e7\u00e3o encerra o comunicado mantendo o foco na preven\u00e7\u00e3o e na educa\u00e7\u00e3o.<\/p>\n","protected":false},"excerpt":{"rendered":"<ul>\n<li>A Associa\u00e7\u00e3o Protetora de Diab\u00e9ticos de Portugal pretende criar um instituto de preven\u00e7\u00e3o da diabetes, anunciou \u00e0 Lusa.<\/li>\n<li>O foco do instituto \u00e9 a preven\u00e7\u00e3o da diabetes tipo dois e tipo um, bem como a redu\u00e7\u00e3o da obesidade, com atua\u00e7\u00e3o junto de associa\u00e7\u00f5es, coletividades e escolas.<\/li>\n<li>O projeto inclui o programa de rastreio j\u00e1 existente, \u201cUm dedo que advinha\u201d, integrado no instituto, e a\u00e7\u00f5es em escolas e jardins-de-inf\u00e2ncia desde os quatro anos.<\/li>\n<li>Ainda sem financiamento definido, a APDP procura donativos e est\u00e1 em negocia\u00e7\u00f5es para um edif\u00edcio no Parque da Sa\u00fade, em Lisboa, que ser\u00e1 a base da equipa.<\/li>\n<li>A APDP avan\u00e7a n\u00fameros: cerca de um milh\u00e3o e meio de pessoas com diabetes e dois milh\u00f5es e meio com pr\u00e9-diabetes; celebra cem anos em maio com o lan\u00e7amento do calend\u00e1rio e do pr\u00e9mio de jornalismo Ernesto Roma.<\/li>\n<\/ul>\n","protected":false},"author":2,"featured_media":179529,"comment_status":"closed","ping_status":"closed","sticky":false,"template":"","format":"standard","meta":{"footnotes":""},"categories":[1],"tags":[679,3631,163,1014,74,271],"class_list":["post-179508","post","type-post","status-publish","format-standard","has-post-thumbnail","hentry","category-noticias","tag-associacoes","tag-diabeticos","tag-educacao","tag-portugal","tag-prevencao","tag-saude-publica"],"yoast_head":"<!-- This site is optimized with the Yoast SEO plugin v27.2 - https:\/\/yoast.com\/product\/yoast-seo-wordpress\/ -->\n<title>Associa\u00e7\u00e3o protetora das diab\u00e9ticas pretende criar instituto de preven\u00e7\u00e3o - Portal Tela Portugal<\/title>\n<meta name=\"robots\" content=\"index, follow, max-snippet:-1, max-image-preview:large, max-video-preview:-1\" \/>\n<meta property=\"og:locale\" content=\"pt_PT\" \/>\n<meta property=\"og:type\" content=\"article\" \/>\n<meta property=\"og:title\" content=\"Associa\u00e7\u00e3o protetora das diab\u00e9ticas pretende criar instituto de preven\u00e7\u00e3o - Portal Tela Portugal\" \/>\n<meta property=\"og:description\" content=\"A Associa\u00e7\u00e3o Protetora de Diab\u00e9ticos de Portugal pretende criar um instituto de preven\u00e7\u00e3o da diabetes, anunciou \u00e0 Lusa. O foco do instituto \u00e9 a preven\u00e7\u00e3o da diabetes tipo dois e tipo um, bem como a redu\u00e7\u00e3o da obesidade, com atua\u00e7\u00e3o junto de associa\u00e7\u00f5es, coletividades e escolas. O projeto inclui o programa de rastreio j\u00e1 existente, \u201cUm dedo que advinha\u201d, integrado no instituto, e a\u00e7\u00f5es em escolas e jardins-de-inf\u00e2ncia desde os quatro anos. Ainda sem financiamento definido, a APDP procura donativos e est\u00e1 em negocia\u00e7\u00f5es para um edif\u00edcio no Parque da Sa\u00fade, em Lisboa, que ser\u00e1 a base da equipa. A APDP avan\u00e7a n\u00fameros: cerca de um milh\u00e3o e meio de pessoas com diabetes e dois milh\u00f5es e meio com pr\u00e9-diabetes; celebra cem anos em maio com o lan\u00e7amento do calend\u00e1rio e do pr\u00e9mio de jornalismo Ernesto Roma.\" \/>\n<meta property=\"og:url\" content=\"https:\/\/portaltela.pt\/noticias\/2026\/01\/28\/associacao-protetora-das-diabeticas-pretende-criar-instituto-de-prevencao\/\" \/>\n<meta property=\"og:site_name\" content=\"Portal Tela Portugal\" \/>\n<meta property=\"article:published_time\" content=\"2026-01-28T17:43:00+00:00\" \/>\n<meta name=\"author\" content=\"Telinha\" \/>\n<meta name=\"twitter:card\" content=\"summary_large_image\" \/>\n<meta name=\"twitter:label1\" content=\"Escrito por\" \/>\n\t<meta name=\"twitter:data1\" content=\"Telinha\" \/>\n\t<meta name=\"twitter:label2\" content=\"Tempo estimado de leitura\" \/>\n\t<meta name=\"twitter:data2\" content=\"2 minutos\" \/>\n<script type=\"application\/ld+json\" class=\"yoast-schema-graph\">{\"@context\":\"https:\/\/schema.org\",\"@graph\":[{\"@type\":\"Article\",\"@id\":\"https:\/\/portaltela.pt\/noticias\/2026\/01\/28\/associacao-protetora-das-diabeticas-pretende-criar-instituto-de-prevencao\/#article\",\"isPartOf\":{\"@id\":\"https:\/\/portaltela.pt\/noticias\/2026\/01\/28\/associacao-protetora-das-diabeticas-pretende-criar-instituto-de-prevencao\/\"},\"author\":{\"name\":\"Telinha\",\"@id\":\"https:\/\/portaltela.pt\/#\/schema\/person\/c4278d4a6028830caff9ee44b42d32ed\"},\"headline\":\"Associa\u00e7\u00e3o protetora das diab\u00e9ticas pretende criar instituto de preven\u00e7\u00e3o\",\"datePublished\":\"2026-01-28T17:43:00+00:00\",\"mainEntityOfPage\":{\"@id\":\"https:\/\/portaltela.pt\/noticias\/2026\/01\/28\/associacao-protetora-das-diabeticas-pretende-criar-instituto-de-prevencao\/\"},\"wordCount\":404,\"image\":{\"@id\":\"https:\/\/portaltela.pt\/noticias\/2026\/01\/28\/associacao-protetora-das-diabeticas-pretende-criar-instituto-de-prevencao\/#primaryimage\"},\"thumbnailUrl\":\"https:\/\/portaltela.pt\/s.01k8rhncp4jt1\/2026\/01\/unnamed-file-5644.jpg\",\"keywords\":[\"associa\u00e7\u00f5es\",\"diab\u00e9ticos\",\"educa\u00e7\u00e3o\",\"Portugal\",\"preven\u00e7\u00e3o\",\"sa\u00fade p\u00fablica\"],\"articleSection\":[\"Not\u00edcias\"],\"inLanguage\":\"pt-PT\"},{\"@type\":\"WebPage\",\"@id\":\"https:\/\/portaltela.pt\/noticias\/2026\/01\/28\/associacao-protetora-das-diabeticas-pretende-criar-instituto-de-prevencao\/\",\"url\":\"https:\/\/portaltela.pt\/noticias\/2026\/01\/28\/associacao-protetora-das-diabeticas-pretende-criar-instituto-de-prevencao\/\",\"name\":\"Associa\u00e7\u00e3o protetora das diab\u00e9ticas pretende criar instituto de preven\u00e7\u00e3o - Portal Tela Portugal\",\"isPartOf\":{\"@id\":\"https:\/\/portaltela.pt\/#website\"},\"primaryImageOfPage\":{\"@id\":\"https:\/\/portaltela.pt\/noticias\/2026\/01\/28\/associacao-protetora-das-diabeticas-pretende-criar-instituto-de-prevencao\/#primaryimage\"},\"image\":{\"@id\":\"https:\/\/portaltela.pt\/noticias\/2026\/01\/28\/associacao-protetora-das-diabeticas-pretende-criar-instituto-de-prevencao\/#primaryimage\"},\"thumbnailUrl\":\"https:\/\/portaltela.pt\/s.01k8rhncp4jt1\/2026\/01\/unnamed-file-5644.jpg\",\"datePublished\":\"2026-01-28T17:43:00+00:00\",\"author\":{\"@id\":\"https:\/\/portaltela.pt\/#\/schema\/person\/c4278d4a6028830caff9ee44b42d32ed\"},\"breadcrumb\":{\"@id\":\"https:\/\/portaltela.pt\/noticias\/2026\/01\/28\/associacao-protetora-das-diabeticas-pretende-criar-instituto-de-prevencao\/#breadcrumb\"},\"inLanguage\":\"pt-PT\",\"potentialAction\":[{\"@type\":\"ReadAction\",\"target\":[\"https:\/\/portaltela.pt\/noticias\/2026\/01\/28\/associacao-protetora-das-diabeticas-pretende-criar-instituto-de-prevencao\/\"]}]},{\"@type\":\"ImageObject\",\"inLanguage\":\"pt-PT\",\"@id\":\"https:\/\/portaltela.pt\/noticias\/2026\/01\/28\/associacao-protetora-das-diabeticas-pretende-criar-instituto-de-prevencao\/#primaryimage\",\"url\":\"https:\/\/portaltela.pt\/s.01k8rhncp4jt1\/2026\/01\/unnamed-file-5644.jpg\",\"contentUrl\":\"https:\/\/portaltela.pt\/s.01k8rhncp4jt1\/2026\/01\/unnamed-file-5644.jpg\",\"width\":796,\"height\":448,\"caption\":\"Associa\u00e7\u00e3o protetora dos diab\u00e9ticas quer criar instituto para prevenir doen\u00e7a\"},{\"@type\":\"BreadcrumbList\",\"@id\":\"https:\/\/portaltela.pt\/noticias\/2026\/01\/28\/associacao-protetora-das-diabeticas-pretende-criar-instituto-de-prevencao\/#breadcrumb\",\"itemListElement\":[{\"@type\":\"ListItem\",\"position\":1,\"name\":\"In\u00edcio\",\"item\":\"https:\/\/portaltela.pt\/\"},{\"@type\":\"ListItem\",\"position\":2,\"name\":\"Associa\u00e7\u00e3o protetora das diab\u00e9ticas pretende criar instituto de preven\u00e7\u00e3o\"}]},{\"@type\":\"WebSite\",\"@id\":\"https:\/\/portaltela.pt\/#website\",\"url\":\"https:\/\/portaltela.pt\/\",\"name\":\"Portal Tela Portugal\",\"description\":\"\",\"potentialAction\":[{\"@type\":\"SearchAction\",\"target\":{\"@type\":\"EntryPoint\",\"urlTemplate\":\"https:\/\/portaltela.pt\/?s={search_term_string}\"},\"query-input\":{\"@type\":\"PropertyValueSpecification\",\"valueRequired\":true,\"valueName\":\"search_term_string\"}}],\"inLanguage\":\"pt-PT\"},{\"@type\":\"Person\",\"@id\":\"https:\/\/portaltela.pt\/#\/schema\/person\/c4278d4a6028830caff9ee44b42d32ed\",\"name\":\"Telinha\",\"image\":{\"@type\":\"ImageObject\",\"inLanguage\":\"pt-PT\",\"@id\":\"https:\/\/portaltela.pt\/s.01k8rhncp4jt1\/2025\/11\/talking-bot-125x125.png\",\"url\":\"https:\/\/portaltela.pt\/s.01k8rhncp4jt1\/2025\/11\/talking-bot-125x125.png\",\"contentUrl\":\"https:\/\/portaltela.pt\/s.01k8rhncp4jt1\/2025\/11\/talking-bot-125x125.png\",\"caption\":\"Telinha\"},\"sameAs\":[\"https:\/\/portaltela.pt\/\"],\"url\":\"https:\/\/portaltela.pt\/por\/367410592786\/\"}]}<\/script>\n<!-- \/ Yoast SEO plugin. -->","yoast_head_json":{"title":"Associa\u00e7\u00e3o protetora das diab\u00e9ticas pretende criar instituto de preven\u00e7\u00e3o - Portal Tela Portugal","robots":{"index":"index","follow":"follow","max-snippet":"max-snippet:-1","max-image-preview":"max-image-preview:large","max-video-preview":"max-video-preview:-1"},"og_locale":"pt_PT","og_type":"article","og_title":"Associa\u00e7\u00e3o protetora das diab\u00e9ticas pretende criar instituto de preven\u00e7\u00e3o - Portal Tela Portugal","og_description":"A Associa\u00e7\u00e3o Protetora de Diab\u00e9ticos de Portugal pretende criar um instituto de preven\u00e7\u00e3o da diabetes, anunciou \u00e0 Lusa. O foco do instituto \u00e9 a preven\u00e7\u00e3o da diabetes tipo dois e tipo um, bem como a redu\u00e7\u00e3o da obesidade, com atua\u00e7\u00e3o junto de associa\u00e7\u00f5es, coletividades e escolas. O projeto inclui o programa de rastreio j\u00e1 existente, \u201cUm dedo que advinha\u201d, integrado no instituto, e a\u00e7\u00f5es em escolas e jardins-de-inf\u00e2ncia desde os quatro anos. Ainda sem financiamento definido, a APDP procura donativos e est\u00e1 em negocia\u00e7\u00f5es para um edif\u00edcio no Parque da Sa\u00fade, em Lisboa, que ser\u00e1 a base da equipa. A APDP avan\u00e7a n\u00fameros: cerca de um milh\u00e3o e meio de pessoas com diabetes e dois milh\u00f5es e meio com pr\u00e9-diabetes; celebra cem anos em maio com o lan\u00e7amento do calend\u00e1rio e do pr\u00e9mio de jornalismo Ernesto Roma.","og_url":"https:\/\/portaltela.pt\/noticias\/2026\/01\/28\/associacao-protetora-das-diabeticas-pretende-criar-instituto-de-prevencao\/","og_site_name":"Portal Tela Portugal","article_published_time":"2026-01-28T17:43:00+00:00","author":"Telinha","twitter_card":"summary_large_image","twitter_misc":{"Escrito por":"Telinha","Tempo estimado de leitura":"2 minutos"},"schema":{"@context":"https:\/\/schema.org","@graph":[{"@type":"Article","@id":"https:\/\/portaltela.pt\/noticias\/2026\/01\/28\/associacao-protetora-das-diabeticas-pretende-criar-instituto-de-prevencao\/#article","isPartOf":{"@id":"https:\/\/portaltela.pt\/noticias\/2026\/01\/28\/associacao-protetora-das-diabeticas-pretende-criar-instituto-de-prevencao\/"},"author":{"name":"Telinha","@id":"https:\/\/portaltela.pt\/#\/schema\/person\/c4278d4a6028830caff9ee44b42d32ed"},"headline":"Associa\u00e7\u00e3o protetora das diab\u00e9ticas pretende criar instituto de preven\u00e7\u00e3o","datePublished":"2026-01-28T17:43:00+00:00","mainEntityOfPage":{"@id":"https:\/\/portaltela.pt\/noticias\/2026\/01\/28\/associacao-protetora-das-diabeticas-pretende-criar-instituto-de-prevencao\/"},"wordCount":404,"image":{"@id":"https:\/\/portaltela.pt\/noticias\/2026\/01\/28\/associacao-protetora-das-diabeticas-pretende-criar-instituto-de-prevencao\/#primaryimage"},"thumbnailUrl":"https:\/\/portaltela.pt\/s.01k8rhncp4jt1\/2026\/01\/unnamed-file-5644.jpg","keywords":["associa\u00e7\u00f5es","diab\u00e9ticos","educa\u00e7\u00e3o","Portugal","preven\u00e7\u00e3o","sa\u00fade p\u00fablica"],"articleSection":["Not\u00edcias"],"inLanguage":"pt-PT"},{"@type":"WebPage","@id":"https:\/\/portaltela.pt\/noticias\/2026\/01\/28\/associacao-protetora-das-diabeticas-pretende-criar-instituto-de-prevencao\/","url":"https:\/\/portaltela.pt\/noticias\/2026\/01\/28\/associacao-protetora-das-diabeticas-pretende-criar-instituto-de-prevencao\/","name":"Associa\u00e7\u00e3o protetora das diab\u00e9ticas pretende criar instituto de preven\u00e7\u00e3o - Portal Tela Portugal","isPartOf":{"@id":"https:\/\/portaltela.pt\/#website"},"primaryImageOfPage":{"@id":"https:\/\/portaltela.pt\/noticias\/2026\/01\/28\/associacao-protetora-das-diabeticas-pretende-criar-instituto-de-prevencao\/#primaryimage"},"image":{"@id":"https:\/\/portaltela.pt\/noticias\/2026\/01\/28\/associacao-protetora-das-diabeticas-pretende-criar-instituto-de-prevencao\/#primaryimage"},"thumbnailUrl":"https:\/\/portaltela.pt\/s.01k8rhncp4jt1\/2026\/01\/unnamed-file-5644.jpg","datePublished":"2026-01-28T17:43:00+00:00","author":{"@id":"https:\/\/portaltela.pt\/#\/schema\/person\/c4278d4a6028830caff9ee44b42d32ed"},"breadcrumb":{"@id":"https:\/\/portaltela.pt\/noticias\/2026\/01\/28\/associacao-protetora-das-diabeticas-pretende-criar-instituto-de-prevencao\/#breadcrumb"},"inLanguage":"pt-PT","potentialAction":[{"@type":"ReadAction","target":["https:\/\/portaltela.pt\/noticias\/2026\/01\/28\/associacao-protetora-das-diabeticas-pretende-criar-instituto-de-prevencao\/"]}]},{"@type":"ImageObject","inLanguage":"pt-PT","@id":"https:\/\/portaltela.pt\/noticias\/2026\/01\/28\/associacao-protetora-das-diabeticas-pretende-criar-instituto-de-prevencao\/#primaryimage","url":"https:\/\/portaltela.pt\/s.01k8rhncp4jt1\/2026\/01\/unnamed-file-5644.jpg","contentUrl":"https:\/\/portaltela.pt\/s.01k8rhncp4jt1\/2026\/01\/unnamed-file-5644.jpg","width":796,"height":448,"caption":"Associa\u00e7\u00e3o protetora dos diab\u00e9ticas quer criar instituto para prevenir doen\u00e7a"},{"@type":"BreadcrumbList","@id":"https:\/\/portaltela.pt\/noticias\/2026\/01\/28\/associacao-protetora-das-diabeticas-pretende-criar-instituto-de-prevencao\/#breadcrumb","itemListElement":[{"@type":"ListItem","position":1,"name":"In\u00edcio","item":"https:\/\/portaltela.pt\/"},{"@type":"ListItem","position":2,"name":"Associa\u00e7\u00e3o protetora das diab\u00e9ticas pretende criar instituto de preven\u00e7\u00e3o"}]},{"@type":"WebSite","@id":"https:\/\/portaltela.pt\/#website","url":"https:\/\/portaltela.pt\/","name":"Portal Tela Portugal","description":"","potentialAction":[{"@type":"SearchAction","target":{"@type":"EntryPoint","urlTemplate":"https:\/\/portaltela.pt\/?s={search_term_string}"},"query-input":{"@type":"PropertyValueSpecification","valueRequired":true,"valueName":"search_term_string"}}],"inLanguage":"pt-PT"},{"@type":"Person","@id":"https:\/\/portaltela.pt\/#\/schema\/person\/c4278d4a6028830caff9ee44b42d32ed","name":"Telinha","image":{"@type":"ImageObject","inLanguage":"pt-PT","@id":"https:\/\/portaltela.pt\/s.01k8rhncp4jt1\/2025\/11\/talking-bot-125x125.png","url":"https:\/\/portaltela.pt\/s.01k8rhncp4jt1\/2025\/11\/talking-bot-125x125.png","contentUrl":"https:\/\/portaltela.pt\/s.01k8rhncp4jt1\/2025\/11\/talking-bot-125x125.png","caption":"Telinha"},"sameAs":["https:\/\/portaltela.pt\/"],"url":"https:\/\/portaltela.pt\/por\/367410592786\/"}]}},"_links":{"self":[{"href":"https:\/\/portaltela.pt\/api\/wp\/v2\/posts\/179508","targetHints":{"allow":["GET"]}}],"collection":[{"href":"https:\/\/portaltela.pt\/api\/wp\/v2\/posts"}],"about":[{"href":"https:\/\/portaltela.pt\/api\/wp\/v2\/types\/post"}],"author":[{"embeddable":true,"href":"https:\/\/portaltela.pt\/api\/wp\/v2\/users\/2"}],"replies":[{"embeddable":true,"href":"https:\/\/portaltela.pt\/api\/wp\/v2\/comments?post=179508"}],"version-history":[{"count":0,"href":"https:\/\/portaltela.pt\/api\/wp\/v2\/posts\/179508\/revisions"}],"wp:featuredmedia":[{"embeddable":true,"href":"https:\/\/portaltela.pt\/api\/wp\/v2\/media\/179529"}],"wp:attachment":[{"href":"https:\/\/portaltela.pt\/api\/wp\/v2\/media?parent=179508"}],"wp:term":[{"taxonomy":"category","embeddable":true,"href":"https:\/\/portaltela.pt\/api\/wp\/v2\/categories?post=179508"},{"taxonomy":"post_tag","embeddable":true,"href":"https:\/\/portaltela.pt\/api\/wp\/v2\/tags?post=179508"}],"curies":[{"name":"wp","href":"https:\/\/api.w.org\/{rel}","templated":true}]}}