{"id":179501,"date":"2026-01-28T14:55:00","date_gmt":"2026-01-28T17:55:00","guid":{"rendered":"https:\/\/portaltela.pt\/noticias\/2026\/01\/28\/portugal-financia-distribuicao-de-bens-em-mocambique-com-2-milhoes\/"},"modified":"2026-01-28T14:55:00","modified_gmt":"2026-01-28T17:55:00","slug":"portugal-financia-distribuicao-de-bens-em-mocambique-com-2-milhoes","status":"publish","type":"post","link":"https:\/\/portaltela.pt\/noticias\/2026\/01\/28\/portugal-financia-distribuicao-de-bens-em-mocambique-com-2-milhoes\/","title":{"rendered":"Portugal financia distribui\u00e7\u00e3o de bens em Mo\u00e7ambique com 2 milh\u00f5es"},"content":{"rendered":"<p>O Governo de Portugal destinou 2 milh\u00f5es de euros ao Programa Alimentar Mundial (PAM) para apoiar a distribui\u00e7\u00e3o de 391 toneladas de \u00f3leo vegetal em Mo\u00e7ambique, em prov\u00edncias afetadas por ataques insurgentes. A iniciativa insere-se na parceria integrada na campanha Grain from Ukraine, que j\u00e1 contabiliza contribui\u00e7\u00f5es portuguesas significativas desde 2023.<\/p>\n<p>O montante ser\u00e1 canalizado atrav\u00e9s das Na\u00e7\u00f5es Unidas e visa assegurar bens alimentares b\u00e1sicos, com o \u00f3leo a ser entregue ao PAM para chegar \u00e0s comunidades de Cabo Delgado e Nampula, no norte do pa\u00eds. O envio do \u00f3leo partiu da costa da Ucr\u00e2nia, atravessou o Mar Negro e chegou ao Porto de Nacala, em Mo\u00e7ambique.<\/p>\n<p>Portugal j\u00e1 investiu cerca de 7 milh\u00f5es de euros no PAM em Mo\u00e7ambique desde 2023, atrav\u00e9s desta iniciativa. A respons\u00e1vel pela coopera\u00e7\u00e3o externa, Ana Isabel Xavier, destacou o papel do pa\u00eds na articula\u00e7\u00e3o com a Ucr\u00e2nia e real\u00e7ou o compromisso com o apoio humanit\u00e1rio em per\u00edodos cr\u00edticos.<\/p>\n<h3>Contribui\u00e7\u00e3o e impacto<\/h3>\n<p>A diretora do PAM em Mo\u00e7ambique, Claire Conan, sublinhou que o apoio acumulado tem permitido assistir milhares de pessoas, nomeadamente em Nampula e Cabo Delgado. Em defesa da coopera\u00e7\u00e3o para o desenvolvimento, Xavier enalteceu a a\u00e7\u00e3o conjunta com a ONU e outros parceiros, afirmando que Portugal continuar\u00e1 a apoiar Mo\u00e7ambique.<\/p>\n<p>O contexto local envolve uma insurg\u00eancia h\u00e1 oito anos em Cabo Delgado, com ataques de grupos extremistas. Organiza\u00e7\u00f5es internacionais apontam para um elevado n\u00famero de eventos violentos e v\u00edtimas na regi\u00e3o desde o in\u00edcio da escalada, refor\u00e7ando a import\u00e2ncia da ajuda humanit\u00e1ria internacional.<\/p>\n<p>A iniciativa Grain from Ukraine visa escoar cereais da Ucr\u00e2nia para pa\u00edses africanos, como parte de uma resposta multilateral \u00e0 crise desencadeada pela invas\u00e3o da Ucr\u00e2nia. A coopera\u00e7\u00e3o portuguesa no \u00e2mbito deste programa mant\u00e9m-se est\u00e1vel, mesmo com tend\u00eancias globais de redu\u00e7\u00e3o de financiamento para ajuda humanit\u00e1ria.<\/p>\n","protected":false},"excerpt":{"rendered":"<ul>\n<li>O Governo de Portugal destinou dois milh\u00f5es de euros ao Programa Alimentar Mundial (PAM) para a distribui\u00e7\u00e3o de 391 toneladas de \u00f3leo vegetal em prov\u00edncias de Mo\u00e7ambique afetadas por ataques rebeldes, nomeadamente Cabo Delgado e Nampula.<\/li>\n<li>O dinheiro \u00e9 entregue ao PAM no \u00e2mbito da iniciativa \u201cGrain from Ukraine\u201d (Cereais da Ucr\u00e2nia), com Portugal j\u00e1 tendo contribu\u00eddo com sete milh\u00f5es de euros para o PAM em Mo\u00e7ambique desde 2023.<\/li>\n<li>O \u00f3leo, que partiu da costa da Ucr\u00e2nia at\u00e9 ao Porto de Nacala, ser\u00e1 distribu\u00eddo pelo PAM nas prov\u00edncias do norte mo\u00e7ambicano.<\/li>\n<li>A diretora do PAM em Mo\u00e7ambique, Claire Conan, afirmou que o apoio j\u00e1 permitiu ajudar mais de 660 mil pessoas desde 2023, em Nampula e Cabo Delgado, e destacou o compromisso de Portugal em manter a coopera\u00e7\u00e3o.<\/li>\n<li>Ana Isabel Xavier, Secret\u00e1ria de Estado de Neg\u00f3cios Estrangeiros e Coopera\u00e7\u00e3o, lembrou que Portugal continua ao lado dos mo\u00e7ambicanos, mantendo a coopera\u00e7\u00e3o para o desenvolvimento como eixo da pol\u00edtica externa, mesmo com retic\u00eancias internacionais.<\/li>\n<\/ul>\n","protected":false},"author":2,"featured_media":179536,"comment_status":"closed","ping_status":"closed","sticky":false,"template":"","format":"standard","meta":{"footnotes":""},"categories":[1],"tags":[2049,256,1911,2127,1948,1014],"class_list":["post-179501","post","type-post","status-publish","format-standard","has-post-thumbnail","hentry","category-noticias","tag-cabo-delgado","tag-cooperacao-internacional","tag-mocambique","tag-nacoes-unidas","tag-nampula","tag-portugal"],"yoast_head":"<!-- This site is optimized with the Yoast SEO plugin v27.2 - https:\/\/yoast.com\/product\/yoast-seo-wordpress\/ -->\n<title>Portugal financia distribui\u00e7\u00e3o de bens em Mo\u00e7ambique com 2 milh\u00f5es - Portal Tela Portugal<\/title>\n<meta name=\"robots\" content=\"index, follow, max-snippet:-1, max-image-preview:large, max-video-preview:-1\" \/>\n<meta property=\"og:locale\" content=\"pt_PT\" \/>\n<meta property=\"og:type\" content=\"article\" \/>\n<meta property=\"og:title\" content=\"Portugal financia distribui\u00e7\u00e3o de bens em Mo\u00e7ambique com 2 milh\u00f5es - Portal Tela Portugal\" \/>\n<meta property=\"og:description\" content=\"O Governo de Portugal destinou dois milh\u00f5es de euros ao Programa Alimentar Mundial (PAM) para a distribui\u00e7\u00e3o de 391 toneladas de \u00f3leo vegetal em prov\u00edncias de Mo\u00e7ambique afetadas por ataques rebeldes, nomeadamente Cabo Delgado e Nampula. O dinheiro \u00e9 entregue ao PAM no \u00e2mbito da iniciativa \u201cGrain from Ukraine\u201d (Cereais da Ucr\u00e2nia), com Portugal j\u00e1 tendo contribu\u00eddo com sete milh\u00f5es de euros para o PAM em Mo\u00e7ambique desde 2023. O \u00f3leo, que partiu da costa da Ucr\u00e2nia at\u00e9 ao Porto de Nacala, ser\u00e1 distribu\u00eddo pelo PAM nas prov\u00edncias do norte mo\u00e7ambicano. A diretora do PAM em Mo\u00e7ambique, Claire Conan, afirmou que o apoio j\u00e1 permitiu ajudar mais de 660 mil pessoas desde 2023, em Nampula e Cabo Delgado, e destacou o compromisso de Portugal em manter a coopera\u00e7\u00e3o. Ana Isabel Xavier, Secret\u00e1ria de Estado de Neg\u00f3cios Estrangeiros e Coopera\u00e7\u00e3o, lembrou que Portugal continua ao lado dos mo\u00e7ambicanos, mantendo a coopera\u00e7\u00e3o para o desenvolvimento como eixo da pol\u00edtica externa, mesmo com retic\u00eancias internacionais.\" \/>\n<meta property=\"og:url\" content=\"https:\/\/portaltela.pt\/noticias\/2026\/01\/28\/portugal-financia-distribuicao-de-bens-em-mocambique-com-2-milhoes\/\" \/>\n<meta property=\"og:site_name\" content=\"Portal Tela Portugal\" \/>\n<meta property=\"article:published_time\" content=\"2026-01-28T17:55:00+00:00\" \/>\n<meta name=\"author\" content=\"Telinha\" \/>\n<meta name=\"twitter:card\" content=\"summary_large_image\" \/>\n<meta name=\"twitter:label1\" content=\"Escrito por\" \/>\n\t<meta name=\"twitter:data1\" content=\"Telinha\" \/>\n\t<meta name=\"twitter:label2\" content=\"Tempo estimado de leitura\" \/>\n\t<meta name=\"twitter:data2\" content=\"2 minutos\" \/>\n<script type=\"application\/ld+json\" class=\"yoast-schema-graph\">{\"@context\":\"https:\/\/schema.org\",\"@graph\":[{\"@type\":\"Article\",\"@id\":\"https:\/\/portaltela.pt\/noticias\/2026\/01\/28\/portugal-financia-distribuicao-de-bens-em-mocambique-com-2-milhoes\/#article\",\"isPartOf\":{\"@id\":\"https:\/\/portaltela.pt\/noticias\/2026\/01\/28\/portugal-financia-distribuicao-de-bens-em-mocambique-com-2-milhoes\/\"},\"author\":{\"name\":\"Telinha\",\"@id\":\"https:\/\/portaltela.pt\/#\/schema\/person\/c4278d4a6028830caff9ee44b42d32ed\"},\"headline\":\"Portugal financia distribui\u00e7\u00e3o de bens em Mo\u00e7ambique com 2 milh\u00f5es\",\"datePublished\":\"2026-01-28T17:55:00+00:00\",\"mainEntityOfPage\":{\"@id\":\"https:\/\/portaltela.pt\/noticias\/2026\/01\/28\/portugal-financia-distribuicao-de-bens-em-mocambique-com-2-milhoes\/\"},\"wordCount\":349,\"image\":{\"@id\":\"https:\/\/portaltela.pt\/noticias\/2026\/01\/28\/portugal-financia-distribuicao-de-bens-em-mocambique-com-2-milhoes\/#primaryimage\"},\"thumbnailUrl\":\"https:\/\/portaltela.pt\/s.01k8rhncp4jt1\/2026\/01\/unnamed-file-5647.jpg\",\"keywords\":[\"Cabo Delgado\",\"coopera\u00e7\u00e3o internacional\",\"Mo\u00e7ambique\",\"Na\u00e7\u00f5es Unidas\",\"Nampula\",\"Portugal\"],\"articleSection\":[\"Not\u00edcias\"],\"inLanguage\":\"pt-PT\"},{\"@type\":\"WebPage\",\"@id\":\"https:\/\/portaltela.pt\/noticias\/2026\/01\/28\/portugal-financia-distribuicao-de-bens-em-mocambique-com-2-milhoes\/\",\"url\":\"https:\/\/portaltela.pt\/noticias\/2026\/01\/28\/portugal-financia-distribuicao-de-bens-em-mocambique-com-2-milhoes\/\",\"name\":\"Portugal financia distribui\u00e7\u00e3o de bens em Mo\u00e7ambique com 2 milh\u00f5es - Portal Tela Portugal\",\"isPartOf\":{\"@id\":\"https:\/\/portaltela.pt\/#website\"},\"primaryImageOfPage\":{\"@id\":\"https:\/\/portaltela.pt\/noticias\/2026\/01\/28\/portugal-financia-distribuicao-de-bens-em-mocambique-com-2-milhoes\/#primaryimage\"},\"image\":{\"@id\":\"https:\/\/portaltela.pt\/noticias\/2026\/01\/28\/portugal-financia-distribuicao-de-bens-em-mocambique-com-2-milhoes\/#primaryimage\"},\"thumbnailUrl\":\"https:\/\/portaltela.pt\/s.01k8rhncp4jt1\/2026\/01\/unnamed-file-5647.jpg\",\"datePublished\":\"2026-01-28T17:55:00+00:00\",\"author\":{\"@id\":\"https:\/\/portaltela.pt\/#\/schema\/person\/c4278d4a6028830caff9ee44b42d32ed\"},\"breadcrumb\":{\"@id\":\"https:\/\/portaltela.pt\/noticias\/2026\/01\/28\/portugal-financia-distribuicao-de-bens-em-mocambique-com-2-milhoes\/#breadcrumb\"},\"inLanguage\":\"pt-PT\",\"potentialAction\":[{\"@type\":\"ReadAction\",\"target\":[\"https:\/\/portaltela.pt\/noticias\/2026\/01\/28\/portugal-financia-distribuicao-de-bens-em-mocambique-com-2-milhoes\/\"]}]},{\"@type\":\"ImageObject\",\"inLanguage\":\"pt-PT\",\"@id\":\"https:\/\/portaltela.pt\/noticias\/2026\/01\/28\/portugal-financia-distribuicao-de-bens-em-mocambique-com-2-milhoes\/#primaryimage\",\"url\":\"https:\/\/portaltela.pt\/s.01k8rhncp4jt1\/2026\/01\/unnamed-file-5647.jpg\",\"contentUrl\":\"https:\/\/portaltela.pt\/s.01k8rhncp4jt1\/2026\/01\/unnamed-file-5647.jpg\",\"width\":796,\"height\":448,\"caption\":\"Portugal. 2 milh\u00f5es para distribui\u00e7\u00e3o de bens em Mo\u00e7ambique\"},{\"@type\":\"BreadcrumbList\",\"@id\":\"https:\/\/portaltela.pt\/noticias\/2026\/01\/28\/portugal-financia-distribuicao-de-bens-em-mocambique-com-2-milhoes\/#breadcrumb\",\"itemListElement\":[{\"@type\":\"ListItem\",\"position\":1,\"name\":\"In\u00edcio\",\"item\":\"https:\/\/portaltela.pt\/\"},{\"@type\":\"ListItem\",\"position\":2,\"name\":\"Portugal financia distribui\u00e7\u00e3o de bens em Mo\u00e7ambique com 2 milh\u00f5es\"}]},{\"@type\":\"WebSite\",\"@id\":\"https:\/\/portaltela.pt\/#website\",\"url\":\"https:\/\/portaltela.pt\/\",\"name\":\"Portal Tela Portugal\",\"description\":\"\",\"potentialAction\":[{\"@type\":\"SearchAction\",\"target\":{\"@type\":\"EntryPoint\",\"urlTemplate\":\"https:\/\/portaltela.pt\/?s={search_term_string}\"},\"query-input\":{\"@type\":\"PropertyValueSpecification\",\"valueRequired\":true,\"valueName\":\"search_term_string\"}}],\"inLanguage\":\"pt-PT\"},{\"@type\":\"Person\",\"@id\":\"https:\/\/portaltela.pt\/#\/schema\/person\/c4278d4a6028830caff9ee44b42d32ed\",\"name\":\"Telinha\",\"image\":{\"@type\":\"ImageObject\",\"inLanguage\":\"pt-PT\",\"@id\":\"https:\/\/portaltela.pt\/s.01k8rhncp4jt1\/2025\/11\/talking-bot-125x125.png\",\"url\":\"https:\/\/portaltela.pt\/s.01k8rhncp4jt1\/2025\/11\/talking-bot-125x125.png\",\"contentUrl\":\"https:\/\/portaltela.pt\/s.01k8rhncp4jt1\/2025\/11\/talking-bot-125x125.png\",\"caption\":\"Telinha\"},\"sameAs\":[\"https:\/\/portaltela.pt\/\"],\"url\":\"https:\/\/portaltela.pt\/por\/367410592786\/\"}]}<\/script>\n<!-- \/ Yoast SEO plugin. -->","yoast_head_json":{"title":"Portugal financia distribui\u00e7\u00e3o de bens em Mo\u00e7ambique com 2 milh\u00f5es - Portal Tela Portugal","robots":{"index":"index","follow":"follow","max-snippet":"max-snippet:-1","max-image-preview":"max-image-preview:large","max-video-preview":"max-video-preview:-1"},"og_locale":"pt_PT","og_type":"article","og_title":"Portugal financia distribui\u00e7\u00e3o de bens em Mo\u00e7ambique com 2 milh\u00f5es - Portal Tela Portugal","og_description":"O Governo de Portugal destinou dois milh\u00f5es de euros ao Programa Alimentar Mundial (PAM) para a distribui\u00e7\u00e3o de 391 toneladas de \u00f3leo vegetal em prov\u00edncias de Mo\u00e7ambique afetadas por ataques rebeldes, nomeadamente Cabo Delgado e Nampula. O dinheiro \u00e9 entregue ao PAM no \u00e2mbito da iniciativa \u201cGrain from Ukraine\u201d (Cereais da Ucr\u00e2nia), com Portugal j\u00e1 tendo contribu\u00eddo com sete milh\u00f5es de euros para o PAM em Mo\u00e7ambique desde 2023. O \u00f3leo, que partiu da costa da Ucr\u00e2nia at\u00e9 ao Porto de Nacala, ser\u00e1 distribu\u00eddo pelo PAM nas prov\u00edncias do norte mo\u00e7ambicano. A diretora do PAM em Mo\u00e7ambique, Claire Conan, afirmou que o apoio j\u00e1 permitiu ajudar mais de 660 mil pessoas desde 2023, em Nampula e Cabo Delgado, e destacou o compromisso de Portugal em manter a coopera\u00e7\u00e3o. Ana Isabel Xavier, Secret\u00e1ria de Estado de Neg\u00f3cios Estrangeiros e Coopera\u00e7\u00e3o, lembrou que Portugal continua ao lado dos mo\u00e7ambicanos, mantendo a coopera\u00e7\u00e3o para o desenvolvimento como eixo da pol\u00edtica externa, mesmo com retic\u00eancias internacionais.","og_url":"https:\/\/portaltela.pt\/noticias\/2026\/01\/28\/portugal-financia-distribuicao-de-bens-em-mocambique-com-2-milhoes\/","og_site_name":"Portal Tela Portugal","article_published_time":"2026-01-28T17:55:00+00:00","author":"Telinha","twitter_card":"summary_large_image","twitter_misc":{"Escrito por":"Telinha","Tempo estimado de leitura":"2 minutos"},"schema":{"@context":"https:\/\/schema.org","@graph":[{"@type":"Article","@id":"https:\/\/portaltela.pt\/noticias\/2026\/01\/28\/portugal-financia-distribuicao-de-bens-em-mocambique-com-2-milhoes\/#article","isPartOf":{"@id":"https:\/\/portaltela.pt\/noticias\/2026\/01\/28\/portugal-financia-distribuicao-de-bens-em-mocambique-com-2-milhoes\/"},"author":{"name":"Telinha","@id":"https:\/\/portaltela.pt\/#\/schema\/person\/c4278d4a6028830caff9ee44b42d32ed"},"headline":"Portugal financia distribui\u00e7\u00e3o de bens em Mo\u00e7ambique com 2 milh\u00f5es","datePublished":"2026-01-28T17:55:00+00:00","mainEntityOfPage":{"@id":"https:\/\/portaltela.pt\/noticias\/2026\/01\/28\/portugal-financia-distribuicao-de-bens-em-mocambique-com-2-milhoes\/"},"wordCount":349,"image":{"@id":"https:\/\/portaltela.pt\/noticias\/2026\/01\/28\/portugal-financia-distribuicao-de-bens-em-mocambique-com-2-milhoes\/#primaryimage"},"thumbnailUrl":"https:\/\/portaltela.pt\/s.01k8rhncp4jt1\/2026\/01\/unnamed-file-5647.jpg","keywords":["Cabo Delgado","coopera\u00e7\u00e3o internacional","Mo\u00e7ambique","Na\u00e7\u00f5es Unidas","Nampula","Portugal"],"articleSection":["Not\u00edcias"],"inLanguage":"pt-PT"},{"@type":"WebPage","@id":"https:\/\/portaltela.pt\/noticias\/2026\/01\/28\/portugal-financia-distribuicao-de-bens-em-mocambique-com-2-milhoes\/","url":"https:\/\/portaltela.pt\/noticias\/2026\/01\/28\/portugal-financia-distribuicao-de-bens-em-mocambique-com-2-milhoes\/","name":"Portugal financia distribui\u00e7\u00e3o de bens em Mo\u00e7ambique com 2 milh\u00f5es - Portal Tela Portugal","isPartOf":{"@id":"https:\/\/portaltela.pt\/#website"},"primaryImageOfPage":{"@id":"https:\/\/portaltela.pt\/noticias\/2026\/01\/28\/portugal-financia-distribuicao-de-bens-em-mocambique-com-2-milhoes\/#primaryimage"},"image":{"@id":"https:\/\/portaltela.pt\/noticias\/2026\/01\/28\/portugal-financia-distribuicao-de-bens-em-mocambique-com-2-milhoes\/#primaryimage"},"thumbnailUrl":"https:\/\/portaltela.pt\/s.01k8rhncp4jt1\/2026\/01\/unnamed-file-5647.jpg","datePublished":"2026-01-28T17:55:00+00:00","author":{"@id":"https:\/\/portaltela.pt\/#\/schema\/person\/c4278d4a6028830caff9ee44b42d32ed"},"breadcrumb":{"@id":"https:\/\/portaltela.pt\/noticias\/2026\/01\/28\/portugal-financia-distribuicao-de-bens-em-mocambique-com-2-milhoes\/#breadcrumb"},"inLanguage":"pt-PT","potentialAction":[{"@type":"ReadAction","target":["https:\/\/portaltela.pt\/noticias\/2026\/01\/28\/portugal-financia-distribuicao-de-bens-em-mocambique-com-2-milhoes\/"]}]},{"@type":"ImageObject","inLanguage":"pt-PT","@id":"https:\/\/portaltela.pt\/noticias\/2026\/01\/28\/portugal-financia-distribuicao-de-bens-em-mocambique-com-2-milhoes\/#primaryimage","url":"https:\/\/portaltela.pt\/s.01k8rhncp4jt1\/2026\/01\/unnamed-file-5647.jpg","contentUrl":"https:\/\/portaltela.pt\/s.01k8rhncp4jt1\/2026\/01\/unnamed-file-5647.jpg","width":796,"height":448,"caption":"Portugal. 2 milh\u00f5es para distribui\u00e7\u00e3o de bens em Mo\u00e7ambique"},{"@type":"BreadcrumbList","@id":"https:\/\/portaltela.pt\/noticias\/2026\/01\/28\/portugal-financia-distribuicao-de-bens-em-mocambique-com-2-milhoes\/#breadcrumb","itemListElement":[{"@type":"ListItem","position":1,"name":"In\u00edcio","item":"https:\/\/portaltela.pt\/"},{"@type":"ListItem","position":2,"name":"Portugal financia distribui\u00e7\u00e3o de bens em Mo\u00e7ambique com 2 milh\u00f5es"}]},{"@type":"WebSite","@id":"https:\/\/portaltela.pt\/#website","url":"https:\/\/portaltela.pt\/","name":"Portal Tela Portugal","description":"","potentialAction":[{"@type":"SearchAction","target":{"@type":"EntryPoint","urlTemplate":"https:\/\/portaltela.pt\/?s={search_term_string}"},"query-input":{"@type":"PropertyValueSpecification","valueRequired":true,"valueName":"search_term_string"}}],"inLanguage":"pt-PT"},{"@type":"Person","@id":"https:\/\/portaltela.pt\/#\/schema\/person\/c4278d4a6028830caff9ee44b42d32ed","name":"Telinha","image":{"@type":"ImageObject","inLanguage":"pt-PT","@id":"https:\/\/portaltela.pt\/s.01k8rhncp4jt1\/2025\/11\/talking-bot-125x125.png","url":"https:\/\/portaltela.pt\/s.01k8rhncp4jt1\/2025\/11\/talking-bot-125x125.png","contentUrl":"https:\/\/portaltela.pt\/s.01k8rhncp4jt1\/2025\/11\/talking-bot-125x125.png","caption":"Telinha"},"sameAs":["https:\/\/portaltela.pt\/"],"url":"https:\/\/portaltela.pt\/por\/367410592786\/"}]}},"_links":{"self":[{"href":"https:\/\/portaltela.pt\/api\/wp\/v2\/posts\/179501","targetHints":{"allow":["GET"]}}],"collection":[{"href":"https:\/\/portaltela.pt\/api\/wp\/v2\/posts"}],"about":[{"href":"https:\/\/portaltela.pt\/api\/wp\/v2\/types\/post"}],"author":[{"embeddable":true,"href":"https:\/\/portaltela.pt\/api\/wp\/v2\/users\/2"}],"replies":[{"embeddable":true,"href":"https:\/\/portaltela.pt\/api\/wp\/v2\/comments?post=179501"}],"version-history":[{"count":0,"href":"https:\/\/portaltela.pt\/api\/wp\/v2\/posts\/179501\/revisions"}],"wp:featuredmedia":[{"embeddable":true,"href":"https:\/\/portaltela.pt\/api\/wp\/v2\/media\/179536"}],"wp:attachment":[{"href":"https:\/\/portaltela.pt\/api\/wp\/v2\/media?parent=179501"}],"wp:term":[{"taxonomy":"category","embeddable":true,"href":"https:\/\/portaltela.pt\/api\/wp\/v2\/categories?post=179501"},{"taxonomy":"post_tag","embeddable":true,"href":"https:\/\/portaltela.pt\/api\/wp\/v2\/tags?post=179501"}],"curies":[{"name":"wp","href":"https:\/\/api.w.org\/{rel}","templated":true}]}}