{"id":179470,"date":"2026-01-28T15:09:44","date_gmt":"2026-01-28T18:09:44","guid":{"rendered":"https:\/\/portaltela.pt\/noticias\/2026\/01\/28\/soraia-sousa-revela-que-joao-jesus-tinha-plano-b-na-separacao\/"},"modified":"2026-01-28T15:09:44","modified_gmt":"2026-01-28T18:09:44","slug":"soraia-sousa-revela-que-joao-jesus-tinha-plano-b-na-separacao","status":"publish","type":"post","link":"https:\/\/portaltela.pt\/noticias\/2026\/01\/28\/soraia-sousa-revela-que-joao-jesus-tinha-plano-b-na-separacao\/","title":{"rendered":"Soraia Sousa revela que Jo\u00e3o Jesus tinha plano B na separa\u00e7\u00e3o"},"content":{"rendered":"<p>Soraia Sousa abriu, na 1.\u00aa Companhia, o desfecho da rela\u00e7\u00e3o com o ator Jo\u00e3o Jesus, da TVI. A conversa incidiu sobre a guarda do animal de estima\u00e7\u00e3o e os motivos que ajudaram a decis\u00e3o entre o casal.<\/p>\n<p>A apresentadora Andrea Soares questionou sobre a guarda do c\u00e3o, um podengo de porte m\u00e9dio. A atriz explicou que o animal entrou na vida dela de forma inesperada e que tem uma liga\u00e7\u00e3o especial com os animais, motivo que tamb\u00e9m a levou a ser vegetariana.<\/p>\n<p>Sobre a separa\u00e7\u00e3o, Soraia confirmation que ficou com a cadela, assegurando que o ex-companheiro pode v\u00ea-la, pois a amizade com o c\u00e3o era de ambos. A actriz acrescentou que a decis\u00e3o foi tomada pela posse partilhada, ainda que tenha ficado com a cadela.<\/p>\n<p>Quanto \u00e0 casa, a artista revelou ter ficado com o im\u00f3vel, argumentando que o ex-tomou conta da fam\u00edlia, enquanto ela n\u00e3o. Dito de outra forma, ele tinha um plano B que ela n\u00e3o possu\u00eda, o que influenciou a conclus\u00e3o da rela\u00e7\u00e3o.<\/p>\n<p>Soraia Sousa j\u00e1 havia abordado, no mesmo reality show, dificuldades emocionais para reencontrar algu\u00e9m ap\u00f3s um relacionamento de cinco anos, referindo n\u00e3o estar com disponibilidade psicol\u00f3gica para voltar a namorar.<\/p>\n","protected":false},"excerpt":{"rendered":"<ul>\n<li>Soraia Sousa revelou, na entrevista \u00e0 &#8216;1.\u00aa Companhia&#8217;, que ficou com a cadela ap\u00f3s a separa\u00e7\u00e3o do ator Jo\u00e3o Jesus, mantendo a possibilidade de ele ver o animal, o que a colega Andrea Soares questionou.<\/li>\n<li>A cadela entrou na vida da atriz de forma inesperada e ela explicou ser mais de gatos, mas afirma que a cadela parece escolher os momentos.<\/li>\n<li>Sobre a guarda da cadela, a atriz confirmou que ficou com ela e que o ex-companheiro poderia v\u00ea-la, destacando que a cadela era de ambos.<\/li>\n<li>Em rela\u00e7\u00e3o ao fim da rela\u00e7\u00e3o, Soraia contou que ficou com a casa porque ele tem fam\u00edlia pr\u00f3xima e ela n\u00e3o, admitindo n\u00e3o ter um plano B nesse aspeto.<\/li>\n<li>A atriz j\u00e1 tinha falado, no reality da TVI, sobre n\u00e3o estar com disponibilidade psicol\u00f3gica para voltar a namorar depois de cinco anos num relacionamento.<\/li>\n<\/ul>\n","protected":false},"author":2,"featured_media":179475,"comment_status":"closed","ping_status":"closed","sticky":false,"template":"","format":"standard","meta":{"footnotes":""},"categories":[1],"tags":[3091,4577,3259,148,78,197],"class_list":["post-179470","post","type-post","status-publish","format-standard","has-post-thumbnail","hentry","category-noticias","tag-animais","tag-animais-de-companhia","tag-celebidades","tag-familias","tag-famosos","tag-reality-show"],"yoast_head":"<!-- This site is optimized with the Yoast SEO plugin v27.2 - https:\/\/yoast.com\/product\/yoast-seo-wordpress\/ -->\n<title>Soraia Sousa revela que Jo\u00e3o Jesus tinha plano B na separa\u00e7\u00e3o - Portal Tela Portugal<\/title>\n<meta name=\"robots\" content=\"index, follow, max-snippet:-1, max-image-preview:large, max-video-preview:-1\" \/>\n<meta property=\"og:locale\" content=\"pt_PT\" \/>\n<meta property=\"og:type\" content=\"article\" \/>\n<meta property=\"og:title\" content=\"Soraia Sousa revela que Jo\u00e3o Jesus tinha plano B na separa\u00e7\u00e3o - Portal Tela Portugal\" \/>\n<meta property=\"og:description\" content=\"Soraia Sousa revelou, na entrevista \u00e0 &#039;1.\u00aa Companhia&#039;, que ficou com a cadela ap\u00f3s a separa\u00e7\u00e3o do ator Jo\u00e3o Jesus, mantendo a possibilidade de ele ver o animal, o que a colega Andrea Soares questionou. A cadela entrou na vida da atriz de forma inesperada e ela explicou ser mais de gatos, mas afirma que a cadela parece escolher os momentos. Sobre a guarda da cadela, a atriz confirmou que ficou com ela e que o ex-companheiro poderia v\u00ea-la, destacando que a cadela era de ambos. Em rela\u00e7\u00e3o ao fim da rela\u00e7\u00e3o, Soraia contou que ficou com a casa porque ele tem fam\u00edlia pr\u00f3xima e ela n\u00e3o, admitindo n\u00e3o ter um plano B nesse aspeto. A atriz j\u00e1 tinha falado, no reality da TVI, sobre n\u00e3o estar com disponibilidade psicol\u00f3gica para voltar a namorar depois de cinco anos num relacionamento.\" \/>\n<meta property=\"og:url\" content=\"https:\/\/portaltela.pt\/noticias\/2026\/01\/28\/soraia-sousa-revela-que-joao-jesus-tinha-plano-b-na-separacao\/\" \/>\n<meta property=\"og:site_name\" content=\"Portal Tela Portugal\" \/>\n<meta property=\"article:published_time\" content=\"2026-01-28T18:09:44+00:00\" \/>\n<meta name=\"author\" content=\"Telinha\" \/>\n<meta name=\"twitter:card\" content=\"summary_large_image\" \/>\n<meta name=\"twitter:label1\" content=\"Escrito por\" \/>\n\t<meta name=\"twitter:data1\" content=\"Telinha\" \/>\n\t<meta name=\"twitter:label2\" content=\"Tempo estimado de leitura\" \/>\n\t<meta name=\"twitter:data2\" content=\"1 minuto\" \/>\n<script type=\"application\/ld+json\" class=\"yoast-schema-graph\">{\"@context\":\"https:\/\/schema.org\",\"@graph\":[{\"@type\":\"Article\",\"@id\":\"https:\/\/portaltela.pt\/noticias\/2026\/01\/28\/soraia-sousa-revela-que-joao-jesus-tinha-plano-b-na-separacao\/#article\",\"isPartOf\":{\"@id\":\"https:\/\/portaltela.pt\/noticias\/2026\/01\/28\/soraia-sousa-revela-que-joao-jesus-tinha-plano-b-na-separacao\/\"},\"author\":{\"name\":\"Telinha\",\"@id\":\"https:\/\/portaltela.pt\/#\/schema\/person\/c4278d4a6028830caff9ee44b42d32ed\"},\"headline\":\"Soraia Sousa revela que Jo\u00e3o Jesus tinha plano B na separa\u00e7\u00e3o\",\"datePublished\":\"2026-01-28T18:09:44+00:00\",\"mainEntityOfPage\":{\"@id\":\"https:\/\/portaltela.pt\/noticias\/2026\/01\/28\/soraia-sousa-revela-que-joao-jesus-tinha-plano-b-na-separacao\/\"},\"wordCount\":230,\"image\":{\"@id\":\"https:\/\/portaltela.pt\/noticias\/2026\/01\/28\/soraia-sousa-revela-que-joao-jesus-tinha-plano-b-na-separacao\/#primaryimage\"},\"thumbnailUrl\":\"https:\/\/portaltela.pt\/s.01k8rhncp4jt1\/2026\/01\/img_1280x718uu2026-01-28-12-40-27-2263065-im-639052008394911217.jpg\",\"keywords\":[\"animais\",\"animais de companhia\",\"celebidades\",\"fam\u00edlias\",\"famosos\",\"Reality Show\"],\"articleSection\":[\"Not\u00edcias\"],\"inLanguage\":\"pt-PT\"},{\"@type\":\"WebPage\",\"@id\":\"https:\/\/portaltela.pt\/noticias\/2026\/01\/28\/soraia-sousa-revela-que-joao-jesus-tinha-plano-b-na-separacao\/\",\"url\":\"https:\/\/portaltela.pt\/noticias\/2026\/01\/28\/soraia-sousa-revela-que-joao-jesus-tinha-plano-b-na-separacao\/\",\"name\":\"Soraia Sousa revela que Jo\u00e3o Jesus tinha plano B na separa\u00e7\u00e3o - Portal Tela Portugal\",\"isPartOf\":{\"@id\":\"https:\/\/portaltela.pt\/#website\"},\"primaryImageOfPage\":{\"@id\":\"https:\/\/portaltela.pt\/noticias\/2026\/01\/28\/soraia-sousa-revela-que-joao-jesus-tinha-plano-b-na-separacao\/#primaryimage\"},\"image\":{\"@id\":\"https:\/\/portaltela.pt\/noticias\/2026\/01\/28\/soraia-sousa-revela-que-joao-jesus-tinha-plano-b-na-separacao\/#primaryimage\"},\"thumbnailUrl\":\"https:\/\/portaltela.pt\/s.01k8rhncp4jt1\/2026\/01\/img_1280x718uu2026-01-28-12-40-27-2263065-im-639052008394911217.jpg\",\"datePublished\":\"2026-01-28T18:09:44+00:00\",\"author\":{\"@id\":\"https:\/\/portaltela.pt\/#\/schema\/person\/c4278d4a6028830caff9ee44b42d32ed\"},\"breadcrumb\":{\"@id\":\"https:\/\/portaltela.pt\/noticias\/2026\/01\/28\/soraia-sousa-revela-que-joao-jesus-tinha-plano-b-na-separacao\/#breadcrumb\"},\"inLanguage\":\"pt-PT\",\"potentialAction\":[{\"@type\":\"ReadAction\",\"target\":[\"https:\/\/portaltela.pt\/noticias\/2026\/01\/28\/soraia-sousa-revela-que-joao-jesus-tinha-plano-b-na-separacao\/\"]}]},{\"@type\":\"ImageObject\",\"inLanguage\":\"pt-PT\",\"@id\":\"https:\/\/portaltela.pt\/noticias\/2026\/01\/28\/soraia-sousa-revela-que-joao-jesus-tinha-plano-b-na-separacao\/#primaryimage\",\"url\":\"https:\/\/portaltela.pt\/s.01k8rhncp4jt1\/2026\/01\/img_1280x718uu2026-01-28-12-40-27-2263065-im-639052008394911217.jpg\",\"contentUrl\":\"https:\/\/portaltela.pt\/s.01k8rhncp4jt1\/2026\/01\/img_1280x718uu2026-01-28-12-40-27-2263065-im-639052008394911217.jpg\",\"width\":796,\"height\":448,\"caption\":\"Jo\u00e3o Jesus e Soraia Sousa\"},{\"@type\":\"BreadcrumbList\",\"@id\":\"https:\/\/portaltela.pt\/noticias\/2026\/01\/28\/soraia-sousa-revela-que-joao-jesus-tinha-plano-b-na-separacao\/#breadcrumb\",\"itemListElement\":[{\"@type\":\"ListItem\",\"position\":1,\"name\":\"In\u00edcio\",\"item\":\"https:\/\/portaltela.pt\/\"},{\"@type\":\"ListItem\",\"position\":2,\"name\":\"Soraia Sousa revela que Jo\u00e3o Jesus tinha plano B na separa\u00e7\u00e3o\"}]},{\"@type\":\"WebSite\",\"@id\":\"https:\/\/portaltela.pt\/#website\",\"url\":\"https:\/\/portaltela.pt\/\",\"name\":\"Portal Tela Portugal\",\"description\":\"\",\"potentialAction\":[{\"@type\":\"SearchAction\",\"target\":{\"@type\":\"EntryPoint\",\"urlTemplate\":\"https:\/\/portaltela.pt\/?s={search_term_string}\"},\"query-input\":{\"@type\":\"PropertyValueSpecification\",\"valueRequired\":true,\"valueName\":\"search_term_string\"}}],\"inLanguage\":\"pt-PT\"},{\"@type\":\"Person\",\"@id\":\"https:\/\/portaltela.pt\/#\/schema\/person\/c4278d4a6028830caff9ee44b42d32ed\",\"name\":\"Telinha\",\"image\":{\"@type\":\"ImageObject\",\"inLanguage\":\"pt-PT\",\"@id\":\"https:\/\/portaltela.pt\/s.01k8rhncp4jt1\/2025\/11\/talking-bot-125x125.png\",\"url\":\"https:\/\/portaltela.pt\/s.01k8rhncp4jt1\/2025\/11\/talking-bot-125x125.png\",\"contentUrl\":\"https:\/\/portaltela.pt\/s.01k8rhncp4jt1\/2025\/11\/talking-bot-125x125.png\",\"caption\":\"Telinha\"},\"sameAs\":[\"https:\/\/portaltela.pt\/\"],\"url\":\"https:\/\/portaltela.pt\/por\/367410592786\/\"}]}<\/script>\n<!-- \/ Yoast SEO plugin. -->","yoast_head_json":{"title":"Soraia Sousa revela que Jo\u00e3o Jesus tinha plano B na separa\u00e7\u00e3o - Portal Tela Portugal","robots":{"index":"index","follow":"follow","max-snippet":"max-snippet:-1","max-image-preview":"max-image-preview:large","max-video-preview":"max-video-preview:-1"},"og_locale":"pt_PT","og_type":"article","og_title":"Soraia Sousa revela que Jo\u00e3o Jesus tinha plano B na separa\u00e7\u00e3o - Portal Tela Portugal","og_description":"Soraia Sousa revelou, na entrevista \u00e0 '1.\u00aa Companhia', que ficou com a cadela ap\u00f3s a separa\u00e7\u00e3o do ator Jo\u00e3o Jesus, mantendo a possibilidade de ele ver o animal, o que a colega Andrea Soares questionou. A cadela entrou na vida da atriz de forma inesperada e ela explicou ser mais de gatos, mas afirma que a cadela parece escolher os momentos. Sobre a guarda da cadela, a atriz confirmou que ficou com ela e que o ex-companheiro poderia v\u00ea-la, destacando que a cadela era de ambos. Em rela\u00e7\u00e3o ao fim da rela\u00e7\u00e3o, Soraia contou que ficou com a casa porque ele tem fam\u00edlia pr\u00f3xima e ela n\u00e3o, admitindo n\u00e3o ter um plano B nesse aspeto. A atriz j\u00e1 tinha falado, no reality da TVI, sobre n\u00e3o estar com disponibilidade psicol\u00f3gica para voltar a namorar depois de cinco anos num relacionamento.","og_url":"https:\/\/portaltela.pt\/noticias\/2026\/01\/28\/soraia-sousa-revela-que-joao-jesus-tinha-plano-b-na-separacao\/","og_site_name":"Portal Tela Portugal","article_published_time":"2026-01-28T18:09:44+00:00","author":"Telinha","twitter_card":"summary_large_image","twitter_misc":{"Escrito por":"Telinha","Tempo estimado de leitura":"1 minuto"},"schema":{"@context":"https:\/\/schema.org","@graph":[{"@type":"Article","@id":"https:\/\/portaltela.pt\/noticias\/2026\/01\/28\/soraia-sousa-revela-que-joao-jesus-tinha-plano-b-na-separacao\/#article","isPartOf":{"@id":"https:\/\/portaltela.pt\/noticias\/2026\/01\/28\/soraia-sousa-revela-que-joao-jesus-tinha-plano-b-na-separacao\/"},"author":{"name":"Telinha","@id":"https:\/\/portaltela.pt\/#\/schema\/person\/c4278d4a6028830caff9ee44b42d32ed"},"headline":"Soraia Sousa revela que Jo\u00e3o Jesus tinha plano B na separa\u00e7\u00e3o","datePublished":"2026-01-28T18:09:44+00:00","mainEntityOfPage":{"@id":"https:\/\/portaltela.pt\/noticias\/2026\/01\/28\/soraia-sousa-revela-que-joao-jesus-tinha-plano-b-na-separacao\/"},"wordCount":230,"image":{"@id":"https:\/\/portaltela.pt\/noticias\/2026\/01\/28\/soraia-sousa-revela-que-joao-jesus-tinha-plano-b-na-separacao\/#primaryimage"},"thumbnailUrl":"https:\/\/portaltela.pt\/s.01k8rhncp4jt1\/2026\/01\/img_1280x718uu2026-01-28-12-40-27-2263065-im-639052008394911217.jpg","keywords":["animais","animais de companhia","celebidades","fam\u00edlias","famosos","Reality Show"],"articleSection":["Not\u00edcias"],"inLanguage":"pt-PT"},{"@type":"WebPage","@id":"https:\/\/portaltela.pt\/noticias\/2026\/01\/28\/soraia-sousa-revela-que-joao-jesus-tinha-plano-b-na-separacao\/","url":"https:\/\/portaltela.pt\/noticias\/2026\/01\/28\/soraia-sousa-revela-que-joao-jesus-tinha-plano-b-na-separacao\/","name":"Soraia Sousa revela que Jo\u00e3o Jesus tinha plano B na separa\u00e7\u00e3o - Portal Tela Portugal","isPartOf":{"@id":"https:\/\/portaltela.pt\/#website"},"primaryImageOfPage":{"@id":"https:\/\/portaltela.pt\/noticias\/2026\/01\/28\/soraia-sousa-revela-que-joao-jesus-tinha-plano-b-na-separacao\/#primaryimage"},"image":{"@id":"https:\/\/portaltela.pt\/noticias\/2026\/01\/28\/soraia-sousa-revela-que-joao-jesus-tinha-plano-b-na-separacao\/#primaryimage"},"thumbnailUrl":"https:\/\/portaltela.pt\/s.01k8rhncp4jt1\/2026\/01\/img_1280x718uu2026-01-28-12-40-27-2263065-im-639052008394911217.jpg","datePublished":"2026-01-28T18:09:44+00:00","author":{"@id":"https:\/\/portaltela.pt\/#\/schema\/person\/c4278d4a6028830caff9ee44b42d32ed"},"breadcrumb":{"@id":"https:\/\/portaltela.pt\/noticias\/2026\/01\/28\/soraia-sousa-revela-que-joao-jesus-tinha-plano-b-na-separacao\/#breadcrumb"},"inLanguage":"pt-PT","potentialAction":[{"@type":"ReadAction","target":["https:\/\/portaltela.pt\/noticias\/2026\/01\/28\/soraia-sousa-revela-que-joao-jesus-tinha-plano-b-na-separacao\/"]}]},{"@type":"ImageObject","inLanguage":"pt-PT","@id":"https:\/\/portaltela.pt\/noticias\/2026\/01\/28\/soraia-sousa-revela-que-joao-jesus-tinha-plano-b-na-separacao\/#primaryimage","url":"https:\/\/portaltela.pt\/s.01k8rhncp4jt1\/2026\/01\/img_1280x718uu2026-01-28-12-40-27-2263065-im-639052008394911217.jpg","contentUrl":"https:\/\/portaltela.pt\/s.01k8rhncp4jt1\/2026\/01\/img_1280x718uu2026-01-28-12-40-27-2263065-im-639052008394911217.jpg","width":796,"height":448,"caption":"Jo\u00e3o Jesus e Soraia Sousa"},{"@type":"BreadcrumbList","@id":"https:\/\/portaltela.pt\/noticias\/2026\/01\/28\/soraia-sousa-revela-que-joao-jesus-tinha-plano-b-na-separacao\/#breadcrumb","itemListElement":[{"@type":"ListItem","position":1,"name":"In\u00edcio","item":"https:\/\/portaltela.pt\/"},{"@type":"ListItem","position":2,"name":"Soraia Sousa revela que Jo\u00e3o Jesus tinha plano B na separa\u00e7\u00e3o"}]},{"@type":"WebSite","@id":"https:\/\/portaltela.pt\/#website","url":"https:\/\/portaltela.pt\/","name":"Portal Tela Portugal","description":"","potentialAction":[{"@type":"SearchAction","target":{"@type":"EntryPoint","urlTemplate":"https:\/\/portaltela.pt\/?s={search_term_string}"},"query-input":{"@type":"PropertyValueSpecification","valueRequired":true,"valueName":"search_term_string"}}],"inLanguage":"pt-PT"},{"@type":"Person","@id":"https:\/\/portaltela.pt\/#\/schema\/person\/c4278d4a6028830caff9ee44b42d32ed","name":"Telinha","image":{"@type":"ImageObject","inLanguage":"pt-PT","@id":"https:\/\/portaltela.pt\/s.01k8rhncp4jt1\/2025\/11\/talking-bot-125x125.png","url":"https:\/\/portaltela.pt\/s.01k8rhncp4jt1\/2025\/11\/talking-bot-125x125.png","contentUrl":"https:\/\/portaltela.pt\/s.01k8rhncp4jt1\/2025\/11\/talking-bot-125x125.png","caption":"Telinha"},"sameAs":["https:\/\/portaltela.pt\/"],"url":"https:\/\/portaltela.pt\/por\/367410592786\/"}]}},"_links":{"self":[{"href":"https:\/\/portaltela.pt\/api\/wp\/v2\/posts\/179470","targetHints":{"allow":["GET"]}}],"collection":[{"href":"https:\/\/portaltela.pt\/api\/wp\/v2\/posts"}],"about":[{"href":"https:\/\/portaltela.pt\/api\/wp\/v2\/types\/post"}],"author":[{"embeddable":true,"href":"https:\/\/portaltela.pt\/api\/wp\/v2\/users\/2"}],"replies":[{"embeddable":true,"href":"https:\/\/portaltela.pt\/api\/wp\/v2\/comments?post=179470"}],"version-history":[{"count":0,"href":"https:\/\/portaltela.pt\/api\/wp\/v2\/posts\/179470\/revisions"}],"wp:featuredmedia":[{"embeddable":true,"href":"https:\/\/portaltela.pt\/api\/wp\/v2\/media\/179475"}],"wp:attachment":[{"href":"https:\/\/portaltela.pt\/api\/wp\/v2\/media?parent=179470"}],"wp:term":[{"taxonomy":"category","embeddable":true,"href":"https:\/\/portaltela.pt\/api\/wp\/v2\/categories?post=179470"},{"taxonomy":"post_tag","embeddable":true,"href":"https:\/\/portaltela.pt\/api\/wp\/v2\/tags?post=179470"}],"curies":[{"name":"wp","href":"https:\/\/api.w.org\/{rel}","templated":true}]}}