{"id":179250,"date":"2026-01-28T13:01:00","date_gmt":"2026-01-28T16:01:00","guid":{"rendered":"https:\/\/portaltela.pt\/noticias\/2026\/01\/28\/mais-da-metade-das-despesas-de-angola-ate-marco-e-para-pagar-divida\/"},"modified":"2026-01-28T13:01:00","modified_gmt":"2026-01-28T16:01:00","slug":"mais-da-metade-das-despesas-de-angola-ate-marco-e-para-pagar-divida","status":"publish","type":"post","link":"https:\/\/portaltela.pt\/noticias\/economia\/2026\/01\/28\/mais-da-metade-das-despesas-de-angola-ate-marco-e-para-pagar-divida\/","title":{"rendered":"Mais da metade das despesas de Angola at\u00e9 mar\u00e7o \u00e9 para pagar d\u00edvida"},"content":{"rendered":"<p>Mais de metade da despesa p\u00fablica angolana prevista at\u00e9 mar\u00e7o destina-se ao pagamento da d\u00edvida. A tentativa de cumprir compromissos financeiros parece unir controlo or\u00e7amental e press\u00e3o sobre recursos dispon\u00edveis.<\/p>\n<p>Segundo a informa\u00e7\u00e3o dispon\u00edvel, o gasto com d\u00edvida abrange juros e amortiza\u00e7\u00f5es, ocupando uma fatia significativa do or\u00e7amento at\u00e9 o fim do primeiro trimestre.<\/p>\n<p>O que ocorre, quando e onde: em Angola, at\u00e9 mar\u00e7o, com o objetivo de honrar obriga\u00e7\u00f5es com credores, manter a solv\u00eancia e evitar incumprimentos.<\/p>\n<p>Quem est\u00e1 envolvido: o governo angolano e os credores financeiros, envolvidos na gest\u00e3o do servi\u00e7o da d\u00edvida como prioridade or\u00e7amental. Por qu\u00ea: cumprir compromissos financeiros e manter a confian\u00e7a dos mercados.<\/p>\n","protected":false},"excerpt":{"rendered":"<ul>\n<li>Mais de metade da despesa angolana prevista at\u00e9 mar\u00e7o destina-se ao pagamento de d\u00edvida.<\/li>\n<li>O foco principal da despesa nesse per\u00edodo \u00e9 o servicio da d\u00edvida p\u00fablica.<\/li>\n<li>A informa\u00e7\u00e3o decorre do t\u00edtulo da not\u00edcia e aponta para a import\u00e2ncia do endividamento no or\u00e7amento.<\/li>\n<li>O conte\u00fado completo est\u00e1 dispon\u00edvel apenas para subscritores, com acesso mediante login.<\/li>\n<\/ul>\n","protected":false},"author":2,"featured_media":179259,"comment_status":"closed","ping_status":"closed","sticky":false,"template":"","format":"standard","meta":{"footnotes":""},"categories":[2,1],"tags":[155,3104,28,4357,34,2832],"class_list":["post-179250","post","type-post","status-publish","format-standard","has-post-thumbnail","hentry","category-economia","category-noticias","tag-despesas","tag-divida-soberana","tag-economia","tag-endividamento","tag-governo","tag-politica"],"yoast_head":"<!-- This site is optimized with the Yoast SEO plugin v27.2 - https:\/\/yoast.com\/product\/yoast-seo-wordpress\/ -->\n<title>Mais da metade das despesas de Angola at\u00e9 mar\u00e7o \u00e9 para pagar d\u00edvida - Portal Tela Portugal<\/title>\n<meta name=\"robots\" content=\"index, follow, max-snippet:-1, max-image-preview:large, max-video-preview:-1\" \/>\n<meta property=\"og:locale\" content=\"pt_PT\" \/>\n<meta property=\"og:type\" content=\"article\" \/>\n<meta property=\"og:title\" content=\"Mais da metade das despesas de Angola at\u00e9 mar\u00e7o \u00e9 para pagar d\u00edvida - Portal Tela Portugal\" \/>\n<meta property=\"og:description\" content=\"Mais de metade da despesa angolana prevista at\u00e9 mar\u00e7o destina-se ao pagamento de d\u00edvida. O foco principal da despesa nesse per\u00edodo \u00e9 o servicio da d\u00edvida p\u00fablica. A informa\u00e7\u00e3o decorre do t\u00edtulo da not\u00edcia e aponta para a import\u00e2ncia do endividamento no or\u00e7amento. O conte\u00fado completo est\u00e1 dispon\u00edvel apenas para subscritores, com acesso mediante login.\" \/>\n<meta property=\"og:url\" content=\"https:\/\/portaltela.pt\/noticias\/2026\/01\/28\/mais-da-metade-das-despesas-de-angola-ate-marco-e-para-pagar-divida\/\" \/>\n<meta property=\"og:site_name\" content=\"Portal Tela Portugal\" \/>\n<meta property=\"article:published_time\" content=\"2026-01-28T16:01:00+00:00\" \/>\n<meta name=\"author\" content=\"Telinha\" \/>\n<meta name=\"twitter:card\" content=\"summary_large_image\" \/>\n<meta name=\"twitter:label1\" content=\"Escrito por\" \/>\n\t<meta name=\"twitter:data1\" content=\"Telinha\" \/>\n\t<meta name=\"twitter:label2\" content=\"Tempo estimado de leitura\" \/>\n\t<meta name=\"twitter:data2\" content=\"1 minuto\" \/>\n<script type=\"application\/ld+json\" class=\"yoast-schema-graph\">{\"@context\":\"https:\/\/schema.org\",\"@graph\":[{\"@type\":\"Article\",\"@id\":\"https:\/\/portaltela.pt\/noticias\/2026\/01\/28\/mais-da-metade-das-despesas-de-angola-ate-marco-e-para-pagar-divida\/#article\",\"isPartOf\":{\"@id\":\"https:\/\/portaltela.pt\/noticias\/2026\/01\/28\/mais-da-metade-das-despesas-de-angola-ate-marco-e-para-pagar-divida\/\"},\"author\":{\"name\":\"Telinha\",\"@id\":\"https:\/\/portaltela.pt\/#\/schema\/person\/c4278d4a6028830caff9ee44b42d32ed\"},\"headline\":\"Mais da metade das despesas de Angola at\u00e9 mar\u00e7o \u00e9 para pagar d\u00edvida\",\"datePublished\":\"2026-01-28T16:01:00+00:00\",\"mainEntityOfPage\":{\"@id\":\"https:\/\/portaltela.pt\/noticias\/2026\/01\/28\/mais-da-metade-das-despesas-de-angola-ate-marco-e-para-pagar-divida\/\"},\"wordCount\":142,\"image\":{\"@id\":\"https:\/\/portaltela.pt\/noticias\/2026\/01\/28\/mais-da-metade-das-despesas-de-angola-ate-marco-e-para-pagar-divida\/#primaryimage\"},\"thumbnailUrl\":\"https:\/\/portaltela.pt\/s.01k8rhncp4jt1\/2026\/01\/CACHE_780X1200_ANALOG_WATERMARKED_30928515_2763106_16032021114558.jpg\",\"keywords\":[\"despesas\",\"d\u00edvida soberana\",\"economia\",\"endividamento\",\"governo\",\"pol\u00edtica\"],\"articleSection\":[\"Economia\",\"Not\u00edcias\"],\"inLanguage\":\"pt-PT\"},{\"@type\":\"WebPage\",\"@id\":\"https:\/\/portaltela.pt\/noticias\/2026\/01\/28\/mais-da-metade-das-despesas-de-angola-ate-marco-e-para-pagar-divida\/\",\"url\":\"https:\/\/portaltela.pt\/noticias\/2026\/01\/28\/mais-da-metade-das-despesas-de-angola-ate-marco-e-para-pagar-divida\/\",\"name\":\"Mais da metade das despesas de Angola at\u00e9 mar\u00e7o \u00e9 para pagar d\u00edvida - Portal Tela Portugal\",\"isPartOf\":{\"@id\":\"https:\/\/portaltela.pt\/#website\"},\"primaryImageOfPage\":{\"@id\":\"https:\/\/portaltela.pt\/noticias\/2026\/01\/28\/mais-da-metade-das-despesas-de-angola-ate-marco-e-para-pagar-divida\/#primaryimage\"},\"image\":{\"@id\":\"https:\/\/portaltela.pt\/noticias\/2026\/01\/28\/mais-da-metade-das-despesas-de-angola-ate-marco-e-para-pagar-divida\/#primaryimage\"},\"thumbnailUrl\":\"https:\/\/portaltela.pt\/s.01k8rhncp4jt1\/2026\/01\/CACHE_780X1200_ANALOG_WATERMARKED_30928515_2763106_16032021114558.jpg\",\"datePublished\":\"2026-01-28T16:01:00+00:00\",\"author\":{\"@id\":\"https:\/\/portaltela.pt\/#\/schema\/person\/c4278d4a6028830caff9ee44b42d32ed\"},\"breadcrumb\":{\"@id\":\"https:\/\/portaltela.pt\/noticias\/2026\/01\/28\/mais-da-metade-das-despesas-de-angola-ate-marco-e-para-pagar-divida\/#breadcrumb\"},\"inLanguage\":\"pt-PT\",\"potentialAction\":[{\"@type\":\"ReadAction\",\"target\":[\"https:\/\/portaltela.pt\/noticias\/2026\/01\/28\/mais-da-metade-das-despesas-de-angola-ate-marco-e-para-pagar-divida\/\"]}]},{\"@type\":\"ImageObject\",\"inLanguage\":\"pt-PT\",\"@id\":\"https:\/\/portaltela.pt\/noticias\/2026\/01\/28\/mais-da-metade-das-despesas-de-angola-ate-marco-e-para-pagar-divida\/#primaryimage\",\"url\":\"https:\/\/portaltela.pt\/s.01k8rhncp4jt1\/2026\/01\/CACHE_780X1200_ANALOG_WATERMARKED_30928515_2763106_16032021114558.jpg\",\"contentUrl\":\"https:\/\/portaltela.pt\/s.01k8rhncp4jt1\/2026\/01\/CACHE_780X1200_ANALOG_WATERMARKED_30928515_2763106_16032021114558.jpg\",\"width\":796,\"height\":448,\"caption\":\"Mais de metade da despesa angolana prevista at\u00e9 mar\u00e7o \u00e9 para pagar d\u00edvida\"},{\"@type\":\"BreadcrumbList\",\"@id\":\"https:\/\/portaltela.pt\/noticias\/2026\/01\/28\/mais-da-metade-das-despesas-de-angola-ate-marco-e-para-pagar-divida\/#breadcrumb\",\"itemListElement\":[{\"@type\":\"ListItem\",\"position\":1,\"name\":\"In\u00edcio\",\"item\":\"https:\/\/portaltela.pt\/\"},{\"@type\":\"ListItem\",\"position\":2,\"name\":\"Mais da metade das despesas de Angola at\u00e9 mar\u00e7o \u00e9 para pagar d\u00edvida\"}]},{\"@type\":\"WebSite\",\"@id\":\"https:\/\/portaltela.pt\/#website\",\"url\":\"https:\/\/portaltela.pt\/\",\"name\":\"Portal Tela Portugal\",\"description\":\"\",\"potentialAction\":[{\"@type\":\"SearchAction\",\"target\":{\"@type\":\"EntryPoint\",\"urlTemplate\":\"https:\/\/portaltela.pt\/?s={search_term_string}\"},\"query-input\":{\"@type\":\"PropertyValueSpecification\",\"valueRequired\":true,\"valueName\":\"search_term_string\"}}],\"inLanguage\":\"pt-PT\"},{\"@type\":\"Person\",\"@id\":\"https:\/\/portaltela.pt\/#\/schema\/person\/c4278d4a6028830caff9ee44b42d32ed\",\"name\":\"Telinha\",\"image\":{\"@type\":\"ImageObject\",\"inLanguage\":\"pt-PT\",\"@id\":\"https:\/\/portaltela.pt\/s.01k8rhncp4jt1\/2025\/11\/talking-bot-125x125.png\",\"url\":\"https:\/\/portaltela.pt\/s.01k8rhncp4jt1\/2025\/11\/talking-bot-125x125.png\",\"contentUrl\":\"https:\/\/portaltela.pt\/s.01k8rhncp4jt1\/2025\/11\/talking-bot-125x125.png\",\"caption\":\"Telinha\"},\"sameAs\":[\"https:\/\/portaltela.pt\/\"],\"url\":\"https:\/\/portaltela.pt\/por\/367410592786\/\"}]}<\/script>\n<!-- \/ Yoast SEO plugin. -->","yoast_head_json":{"title":"Mais da metade das despesas de Angola at\u00e9 mar\u00e7o \u00e9 para pagar d\u00edvida - Portal Tela Portugal","robots":{"index":"index","follow":"follow","max-snippet":"max-snippet:-1","max-image-preview":"max-image-preview:large","max-video-preview":"max-video-preview:-1"},"og_locale":"pt_PT","og_type":"article","og_title":"Mais da metade das despesas de Angola at\u00e9 mar\u00e7o \u00e9 para pagar d\u00edvida - Portal Tela Portugal","og_description":"Mais de metade da despesa angolana prevista at\u00e9 mar\u00e7o destina-se ao pagamento de d\u00edvida. O foco principal da despesa nesse per\u00edodo \u00e9 o servicio da d\u00edvida p\u00fablica. A informa\u00e7\u00e3o decorre do t\u00edtulo da not\u00edcia e aponta para a import\u00e2ncia do endividamento no or\u00e7amento. O conte\u00fado completo est\u00e1 dispon\u00edvel apenas para subscritores, com acesso mediante login.","og_url":"https:\/\/portaltela.pt\/noticias\/2026\/01\/28\/mais-da-metade-das-despesas-de-angola-ate-marco-e-para-pagar-divida\/","og_site_name":"Portal Tela Portugal","article_published_time":"2026-01-28T16:01:00+00:00","author":"Telinha","twitter_card":"summary_large_image","twitter_misc":{"Escrito por":"Telinha","Tempo estimado de leitura":"1 minuto"},"schema":{"@context":"https:\/\/schema.org","@graph":[{"@type":"Article","@id":"https:\/\/portaltela.pt\/noticias\/2026\/01\/28\/mais-da-metade-das-despesas-de-angola-ate-marco-e-para-pagar-divida\/#article","isPartOf":{"@id":"https:\/\/portaltela.pt\/noticias\/2026\/01\/28\/mais-da-metade-das-despesas-de-angola-ate-marco-e-para-pagar-divida\/"},"author":{"name":"Telinha","@id":"https:\/\/portaltela.pt\/#\/schema\/person\/c4278d4a6028830caff9ee44b42d32ed"},"headline":"Mais da metade das despesas de Angola at\u00e9 mar\u00e7o \u00e9 para pagar d\u00edvida","datePublished":"2026-01-28T16:01:00+00:00","mainEntityOfPage":{"@id":"https:\/\/portaltela.pt\/noticias\/2026\/01\/28\/mais-da-metade-das-despesas-de-angola-ate-marco-e-para-pagar-divida\/"},"wordCount":142,"image":{"@id":"https:\/\/portaltela.pt\/noticias\/2026\/01\/28\/mais-da-metade-das-despesas-de-angola-ate-marco-e-para-pagar-divida\/#primaryimage"},"thumbnailUrl":"https:\/\/portaltela.pt\/s.01k8rhncp4jt1\/2026\/01\/CACHE_780X1200_ANALOG_WATERMARKED_30928515_2763106_16032021114558.jpg","keywords":["despesas","d\u00edvida soberana","economia","endividamento","governo","pol\u00edtica"],"articleSection":["Economia","Not\u00edcias"],"inLanguage":"pt-PT"},{"@type":"WebPage","@id":"https:\/\/portaltela.pt\/noticias\/2026\/01\/28\/mais-da-metade-das-despesas-de-angola-ate-marco-e-para-pagar-divida\/","url":"https:\/\/portaltela.pt\/noticias\/2026\/01\/28\/mais-da-metade-das-despesas-de-angola-ate-marco-e-para-pagar-divida\/","name":"Mais da metade das despesas de Angola at\u00e9 mar\u00e7o \u00e9 para pagar d\u00edvida - Portal Tela Portugal","isPartOf":{"@id":"https:\/\/portaltela.pt\/#website"},"primaryImageOfPage":{"@id":"https:\/\/portaltela.pt\/noticias\/2026\/01\/28\/mais-da-metade-das-despesas-de-angola-ate-marco-e-para-pagar-divida\/#primaryimage"},"image":{"@id":"https:\/\/portaltela.pt\/noticias\/2026\/01\/28\/mais-da-metade-das-despesas-de-angola-ate-marco-e-para-pagar-divida\/#primaryimage"},"thumbnailUrl":"https:\/\/portaltela.pt\/s.01k8rhncp4jt1\/2026\/01\/CACHE_780X1200_ANALOG_WATERMARKED_30928515_2763106_16032021114558.jpg","datePublished":"2026-01-28T16:01:00+00:00","author":{"@id":"https:\/\/portaltela.pt\/#\/schema\/person\/c4278d4a6028830caff9ee44b42d32ed"},"breadcrumb":{"@id":"https:\/\/portaltela.pt\/noticias\/2026\/01\/28\/mais-da-metade-das-despesas-de-angola-ate-marco-e-para-pagar-divida\/#breadcrumb"},"inLanguage":"pt-PT","potentialAction":[{"@type":"ReadAction","target":["https:\/\/portaltela.pt\/noticias\/2026\/01\/28\/mais-da-metade-das-despesas-de-angola-ate-marco-e-para-pagar-divida\/"]}]},{"@type":"ImageObject","inLanguage":"pt-PT","@id":"https:\/\/portaltela.pt\/noticias\/2026\/01\/28\/mais-da-metade-das-despesas-de-angola-ate-marco-e-para-pagar-divida\/#primaryimage","url":"https:\/\/portaltela.pt\/s.01k8rhncp4jt1\/2026\/01\/CACHE_780X1200_ANALOG_WATERMARKED_30928515_2763106_16032021114558.jpg","contentUrl":"https:\/\/portaltela.pt\/s.01k8rhncp4jt1\/2026\/01\/CACHE_780X1200_ANALOG_WATERMARKED_30928515_2763106_16032021114558.jpg","width":796,"height":448,"caption":"Mais de metade da despesa angolana prevista at\u00e9 mar\u00e7o \u00e9 para pagar d\u00edvida"},{"@type":"BreadcrumbList","@id":"https:\/\/portaltela.pt\/noticias\/2026\/01\/28\/mais-da-metade-das-despesas-de-angola-ate-marco-e-para-pagar-divida\/#breadcrumb","itemListElement":[{"@type":"ListItem","position":1,"name":"In\u00edcio","item":"https:\/\/portaltela.pt\/"},{"@type":"ListItem","position":2,"name":"Mais da metade das despesas de Angola at\u00e9 mar\u00e7o \u00e9 para pagar d\u00edvida"}]},{"@type":"WebSite","@id":"https:\/\/portaltela.pt\/#website","url":"https:\/\/portaltela.pt\/","name":"Portal Tela Portugal","description":"","potentialAction":[{"@type":"SearchAction","target":{"@type":"EntryPoint","urlTemplate":"https:\/\/portaltela.pt\/?s={search_term_string}"},"query-input":{"@type":"PropertyValueSpecification","valueRequired":true,"valueName":"search_term_string"}}],"inLanguage":"pt-PT"},{"@type":"Person","@id":"https:\/\/portaltela.pt\/#\/schema\/person\/c4278d4a6028830caff9ee44b42d32ed","name":"Telinha","image":{"@type":"ImageObject","inLanguage":"pt-PT","@id":"https:\/\/portaltela.pt\/s.01k8rhncp4jt1\/2025\/11\/talking-bot-125x125.png","url":"https:\/\/portaltela.pt\/s.01k8rhncp4jt1\/2025\/11\/talking-bot-125x125.png","contentUrl":"https:\/\/portaltela.pt\/s.01k8rhncp4jt1\/2025\/11\/talking-bot-125x125.png","caption":"Telinha"},"sameAs":["https:\/\/portaltela.pt\/"],"url":"https:\/\/portaltela.pt\/por\/367410592786\/"}]}},"_links":{"self":[{"href":"https:\/\/portaltela.pt\/api\/wp\/v2\/posts\/179250","targetHints":{"allow":["GET"]}}],"collection":[{"href":"https:\/\/portaltela.pt\/api\/wp\/v2\/posts"}],"about":[{"href":"https:\/\/portaltela.pt\/api\/wp\/v2\/types\/post"}],"author":[{"embeddable":true,"href":"https:\/\/portaltela.pt\/api\/wp\/v2\/users\/2"}],"replies":[{"embeddable":true,"href":"https:\/\/portaltela.pt\/api\/wp\/v2\/comments?post=179250"}],"version-history":[{"count":0,"href":"https:\/\/portaltela.pt\/api\/wp\/v2\/posts\/179250\/revisions"}],"wp:featuredmedia":[{"embeddable":true,"href":"https:\/\/portaltela.pt\/api\/wp\/v2\/media\/179259"}],"wp:attachment":[{"href":"https:\/\/portaltela.pt\/api\/wp\/v2\/media?parent=179250"}],"wp:term":[{"taxonomy":"category","embeddable":true,"href":"https:\/\/portaltela.pt\/api\/wp\/v2\/categories?post=179250"},{"taxonomy":"post_tag","embeddable":true,"href":"https:\/\/portaltela.pt\/api\/wp\/v2\/tags?post=179250"}],"curies":[{"name":"wp","href":"https:\/\/api.w.org\/{rel}","templated":true}]}}