{"id":179241,"date":"2026-01-28T13:20:51","date_gmt":"2026-01-28T16:20:51","guid":{"rendered":"https:\/\/portaltela.pt\/noticias\/2026\/01\/28\/antonio-morgado-conquista-o-trofeu-calvia-no-dia-do-seu-aniversario\/"},"modified":"2026-01-28T13:20:51","modified_gmt":"2026-01-28T16:20:51","slug":"antonio-morgado-conquista-o-trofeu-calvia-no-dia-do-seu-aniversario","status":"publish","type":"post","link":"https:\/\/portaltela.pt\/desporto\/2026\/01\/28\/antonio-morgado-conquista-o-trofeu-calvia-no-dia-do-seu-aniversario\/","title":{"rendered":"Ant\u00f3nio Morgado conquista o Trof\u00e9u Calvi\u00e0 no dia do seu anivers\u00e1rio"},"content":{"rendered":"<p>Ant\u00f3nio Morgado (UAE Emirates) comemorou o seu 22\u00ba anivers\u00e1rio ao vencer o Trof\u00e9u Calvi\u00e0, primeira prova do Challenge de Maiorca. A prova teve 148,3 km com partida e chegada em Palmanova e terminou em 3h41m36s.<\/p>\n<p>O ciclista portugu\u00eas chegou isolado na frente, mantendo-se na companhia de H\u00e9ctor \u00c1lvarez at\u00e9 aos \u00faltimos 33 km. Dentro do grupo que perseguiu, juntaram-se Adrien Boichis, Georg Steinhauser e Adne Holter nos derradeiros 20 km.<\/p>\n<p>Morgado atacou na frente da corrida e confirmou a vit\u00f3ria no sprint final contra o espanhol \u00c1lvarez. Holter foi terceiro, a 40 segundos. O jovem de 22 anos soma a s\u00e9tima vit\u00f3ria como profissional e a primeira da temporada.<\/p>\n<p>Em dia de chuva intensa, Morgado destacou a sua estrat\u00e9gia cuidadosa, comentando que o tempo favorecia o seu estilo. O corredor salientou a experi\u00eancia adquirida numa temporada anterior em que ficou em terceiro lugar na edi\u00e7\u00e3o de 2025.<\/p>\n<h3>Trof\u00e9u Calvi\u00e0: panorama da prova e protagonistas<\/h3>\n<ul>\n<li>Morgado abriu o palmar\u00e9s da \u00e9poca 2026 com o triunfo.<\/li>\n<li>A corrida decorreu na ilha de Maiorca, Espanha, sob condi\u00e7\u00f5es climat\u00e9ricas adversas.<\/li>\n<li>\u00c1lvarez, Boichis, Steinhauser e Holter destacaram-se na aproxima\u00e7\u00e3o ao lote de frente.<\/li>\n<\/ul>\n","protected":false},"excerpt":{"rendered":"<ul>\n<li>O ciclista Ant\u00f3nio Morgado, da UAE Emirates, venceu o Trof\u00e9u Calvi\u00e0, prova inaugural do Challenge de Maiorca, no seu 22\u00ba anivers\u00e1rio.<\/li>\n<li>Morgado chegou isolado \u00e0 meta ap\u00f3s 148,3 quil\u00f3metros, cumpridos entre Palmanova, em 03:41.36 horas, vencendo o sprint final frente a H\u00e9ctor \u00c1lvarez.<\/li>\n<li>O espanhol \u00c1lvarez saiu do grupo na persegui\u00e7\u00e3o aos 33 quil\u00f3metros da meta e foi buscar Adrien Boichis, Georg Steinhauser e Adne Holter nos \u00faltimos 20 quil\u00f3metros, j\u00e1 com Morgado.<\/li>\n<li>O luso terminou na frente, com Holter a ser terceiro a 40 segundos, ap\u00f3s ter sido parte do trio da frente.<\/li>\n<li>Aos 22 anos, Morgado soma a s\u00e9tima vit\u00f3ria como profissional e a primeira da temporada, afirmando ter sentido bem o tempo de chuva durante a prova.<\/li>\n<\/ul>\n","protected":false},"author":2,"featured_media":179256,"comment_status":"closed","ping_status":"closed","sticky":false,"template":"","format":"standard","meta":{"footnotes":""},"categories":[21],"tags":[923,1285,3504,152,2031,4099],"class_list":["post-179241","post","type-post","status-publish","format-standard","has-post-thumbnail","hentry","category-desporto","tag-ciclismo","tag-competicao","tag-corridas","tag-desporto","tag-espanha","tag-provas"],"yoast_head":"<!-- This site is optimized with the Yoast SEO plugin v27.2 - https:\/\/yoast.com\/product\/yoast-seo-wordpress\/ -->\n<title>Ant\u00f3nio Morgado conquista o Trof\u00e9u Calvi\u00e0 no dia do seu anivers\u00e1rio - Portal Tela Portugal<\/title>\n<meta name=\"robots\" content=\"index, follow, max-snippet:-1, max-image-preview:large, max-video-preview:-1\" \/>\n<meta property=\"og:locale\" content=\"pt_PT\" \/>\n<meta property=\"og:type\" content=\"article\" \/>\n<meta property=\"og:title\" content=\"Ant\u00f3nio Morgado conquista o Trof\u00e9u Calvi\u00e0 no dia do seu anivers\u00e1rio - Portal Tela Portugal\" \/>\n<meta property=\"og:description\" content=\"O ciclista Ant\u00f3nio Morgado, da UAE Emirates, venceu o Trof\u00e9u Calvi\u00e0, prova inaugural do Challenge de Maiorca, no seu 22\u00ba anivers\u00e1rio. Morgado chegou isolado \u00e0 meta ap\u00f3s 148,3 quil\u00f3metros, cumpridos entre Palmanova, em 03:41.36 horas, vencendo o sprint final frente a H\u00e9ctor \u00c1lvarez. O espanhol \u00c1lvarez saiu do grupo na persegui\u00e7\u00e3o aos 33 quil\u00f3metros da meta e foi buscar Adrien Boichis, Georg Steinhauser e Adne Holter nos \u00faltimos 20 quil\u00f3metros, j\u00e1 com Morgado. O luso terminou na frente, com Holter a ser terceiro a 40 segundos, ap\u00f3s ter sido parte do trio da frente. Aos 22 anos, Morgado soma a s\u00e9tima vit\u00f3ria como profissional e a primeira da temporada, afirmando ter sentido bem o tempo de chuva durante a prova.\" \/>\n<meta property=\"og:url\" content=\"https:\/\/portaltela.pt\/noticias\/2026\/01\/28\/antonio-morgado-conquista-o-trofeu-calvia-no-dia-do-seu-aniversario\/\" \/>\n<meta property=\"og:site_name\" content=\"Portal Tela Portugal\" \/>\n<meta property=\"article:published_time\" content=\"2026-01-28T16:20:51+00:00\" \/>\n<meta name=\"author\" content=\"Telinha\" \/>\n<meta name=\"twitter:card\" content=\"summary_large_image\" \/>\n<meta name=\"twitter:label1\" content=\"Escrito por\" \/>\n\t<meta name=\"twitter:data1\" content=\"Telinha\" \/>\n\t<meta name=\"twitter:label2\" content=\"Tempo estimado de leitura\" \/>\n\t<meta name=\"twitter:data2\" content=\"1 minuto\" \/>\n<script type=\"application\/ld+json\" class=\"yoast-schema-graph\">{\"@context\":\"https:\/\/schema.org\",\"@graph\":[{\"@type\":\"Article\",\"@id\":\"https:\/\/portaltela.pt\/noticias\/2026\/01\/28\/antonio-morgado-conquista-o-trofeu-calvia-no-dia-do-seu-aniversario\/#article\",\"isPartOf\":{\"@id\":\"https:\/\/portaltela.pt\/noticias\/2026\/01\/28\/antonio-morgado-conquista-o-trofeu-calvia-no-dia-do-seu-aniversario\/\"},\"author\":{\"name\":\"Telinha\",\"@id\":\"https:\/\/portaltela.pt\/#\/schema\/person\/c4278d4a6028830caff9ee44b42d32ed\"},\"headline\":\"Ant\u00f3nio Morgado conquista o Trof\u00e9u Calvi\u00e0 no dia do seu anivers\u00e1rio\",\"datePublished\":\"2026-01-28T16:20:51+00:00\",\"mainEntityOfPage\":{\"@id\":\"https:\/\/portaltela.pt\/noticias\/2026\/01\/28\/antonio-morgado-conquista-o-trofeu-calvia-no-dia-do-seu-aniversario\/\"},\"wordCount\":212,\"image\":{\"@id\":\"https:\/\/portaltela.pt\/noticias\/2026\/01\/28\/antonio-morgado-conquista-o-trofeu-calvia-no-dia-do-seu-aniversario\/#primaryimage\"},\"thumbnailUrl\":\"https:\/\/portaltela.pt\/s.01k8rhncp4jt1\/2026\/01\/img_920x518uu2026-01-28-16-19-45-2417945.jpg\",\"keywords\":[\"ciclismo\",\"competi\u00e7\u00e3o\",\"corridas\",\"desporto\",\"Espanha\",\"provas\"],\"articleSection\":[\"Desporto\"],\"inLanguage\":\"pt-PT\"},{\"@type\":\"WebPage\",\"@id\":\"https:\/\/portaltela.pt\/noticias\/2026\/01\/28\/antonio-morgado-conquista-o-trofeu-calvia-no-dia-do-seu-aniversario\/\",\"url\":\"https:\/\/portaltela.pt\/noticias\/2026\/01\/28\/antonio-morgado-conquista-o-trofeu-calvia-no-dia-do-seu-aniversario\/\",\"name\":\"Ant\u00f3nio Morgado conquista o Trof\u00e9u Calvi\u00e0 no dia do seu anivers\u00e1rio - Portal Tela Portugal\",\"isPartOf\":{\"@id\":\"https:\/\/portaltela.pt\/#website\"},\"primaryImageOfPage\":{\"@id\":\"https:\/\/portaltela.pt\/noticias\/2026\/01\/28\/antonio-morgado-conquista-o-trofeu-calvia-no-dia-do-seu-aniversario\/#primaryimage\"},\"image\":{\"@id\":\"https:\/\/portaltela.pt\/noticias\/2026\/01\/28\/antonio-morgado-conquista-o-trofeu-calvia-no-dia-do-seu-aniversario\/#primaryimage\"},\"thumbnailUrl\":\"https:\/\/portaltela.pt\/s.01k8rhncp4jt1\/2026\/01\/img_920x518uu2026-01-28-16-19-45-2417945.jpg\",\"datePublished\":\"2026-01-28T16:20:51+00:00\",\"author\":{\"@id\":\"https:\/\/portaltela.pt\/#\/schema\/person\/c4278d4a6028830caff9ee44b42d32ed\"},\"breadcrumb\":{\"@id\":\"https:\/\/portaltela.pt\/noticias\/2026\/01\/28\/antonio-morgado-conquista-o-trofeu-calvia-no-dia-do-seu-aniversario\/#breadcrumb\"},\"inLanguage\":\"pt-PT\",\"potentialAction\":[{\"@type\":\"ReadAction\",\"target\":[\"https:\/\/portaltela.pt\/noticias\/2026\/01\/28\/antonio-morgado-conquista-o-trofeu-calvia-no-dia-do-seu-aniversario\/\"]}]},{\"@type\":\"ImageObject\",\"inLanguage\":\"pt-PT\",\"@id\":\"https:\/\/portaltela.pt\/noticias\/2026\/01\/28\/antonio-morgado-conquista-o-trofeu-calvia-no-dia-do-seu-aniversario\/#primaryimage\",\"url\":\"https:\/\/portaltela.pt\/s.01k8rhncp4jt1\/2026\/01\/img_920x518uu2026-01-28-16-19-45-2417945.jpg\",\"contentUrl\":\"https:\/\/portaltela.pt\/s.01k8rhncp4jt1\/2026\/01\/img_920x518uu2026-01-28-16-19-45-2417945.jpg\",\"width\":796,\"height\":448,\"caption\":\"Ant\u00f3nio Morgado conquista Trof\u00e9u Calvi\u00e0\"},{\"@type\":\"BreadcrumbList\",\"@id\":\"https:\/\/portaltela.pt\/noticias\/2026\/01\/28\/antonio-morgado-conquista-o-trofeu-calvia-no-dia-do-seu-aniversario\/#breadcrumb\",\"itemListElement\":[{\"@type\":\"ListItem\",\"position\":1,\"name\":\"In\u00edcio\",\"item\":\"https:\/\/portaltela.pt\/\"},{\"@type\":\"ListItem\",\"position\":2,\"name\":\"Ant\u00f3nio Morgado conquista o Trof\u00e9u Calvi\u00e0 no dia do seu anivers\u00e1rio\"}]},{\"@type\":\"WebSite\",\"@id\":\"https:\/\/portaltela.pt\/#website\",\"url\":\"https:\/\/portaltela.pt\/\",\"name\":\"Portal Tela Portugal\",\"description\":\"\",\"potentialAction\":[{\"@type\":\"SearchAction\",\"target\":{\"@type\":\"EntryPoint\",\"urlTemplate\":\"https:\/\/portaltela.pt\/?s={search_term_string}\"},\"query-input\":{\"@type\":\"PropertyValueSpecification\",\"valueRequired\":true,\"valueName\":\"search_term_string\"}}],\"inLanguage\":\"pt-PT\"},{\"@type\":\"Person\",\"@id\":\"https:\/\/portaltela.pt\/#\/schema\/person\/c4278d4a6028830caff9ee44b42d32ed\",\"name\":\"Telinha\",\"image\":{\"@type\":\"ImageObject\",\"inLanguage\":\"pt-PT\",\"@id\":\"https:\/\/portaltela.pt\/s.01k8rhncp4jt1\/2025\/11\/talking-bot-125x125.png\",\"url\":\"https:\/\/portaltela.pt\/s.01k8rhncp4jt1\/2025\/11\/talking-bot-125x125.png\",\"contentUrl\":\"https:\/\/portaltela.pt\/s.01k8rhncp4jt1\/2025\/11\/talking-bot-125x125.png\",\"caption\":\"Telinha\"},\"sameAs\":[\"https:\/\/portaltela.pt\/\"],\"url\":\"https:\/\/portaltela.pt\/por\/367410592786\/\"}]}<\/script>\n<!-- \/ Yoast SEO plugin. -->","yoast_head_json":{"title":"Ant\u00f3nio Morgado conquista o Trof\u00e9u Calvi\u00e0 no dia do seu anivers\u00e1rio - Portal Tela Portugal","robots":{"index":"index","follow":"follow","max-snippet":"max-snippet:-1","max-image-preview":"max-image-preview:large","max-video-preview":"max-video-preview:-1"},"og_locale":"pt_PT","og_type":"article","og_title":"Ant\u00f3nio Morgado conquista o Trof\u00e9u Calvi\u00e0 no dia do seu anivers\u00e1rio - Portal Tela Portugal","og_description":"O ciclista Ant\u00f3nio Morgado, da UAE Emirates, venceu o Trof\u00e9u Calvi\u00e0, prova inaugural do Challenge de Maiorca, no seu 22\u00ba anivers\u00e1rio. Morgado chegou isolado \u00e0 meta ap\u00f3s 148,3 quil\u00f3metros, cumpridos entre Palmanova, em 03:41.36 horas, vencendo o sprint final frente a H\u00e9ctor \u00c1lvarez. O espanhol \u00c1lvarez saiu do grupo na persegui\u00e7\u00e3o aos 33 quil\u00f3metros da meta e foi buscar Adrien Boichis, Georg Steinhauser e Adne Holter nos \u00faltimos 20 quil\u00f3metros, j\u00e1 com Morgado. O luso terminou na frente, com Holter a ser terceiro a 40 segundos, ap\u00f3s ter sido parte do trio da frente. Aos 22 anos, Morgado soma a s\u00e9tima vit\u00f3ria como profissional e a primeira da temporada, afirmando ter sentido bem o tempo de chuva durante a prova.","og_url":"https:\/\/portaltela.pt\/noticias\/2026\/01\/28\/antonio-morgado-conquista-o-trofeu-calvia-no-dia-do-seu-aniversario\/","og_site_name":"Portal Tela Portugal","article_published_time":"2026-01-28T16:20:51+00:00","author":"Telinha","twitter_card":"summary_large_image","twitter_misc":{"Escrito por":"Telinha","Tempo estimado de leitura":"1 minuto"},"schema":{"@context":"https:\/\/schema.org","@graph":[{"@type":"Article","@id":"https:\/\/portaltela.pt\/noticias\/2026\/01\/28\/antonio-morgado-conquista-o-trofeu-calvia-no-dia-do-seu-aniversario\/#article","isPartOf":{"@id":"https:\/\/portaltela.pt\/noticias\/2026\/01\/28\/antonio-morgado-conquista-o-trofeu-calvia-no-dia-do-seu-aniversario\/"},"author":{"name":"Telinha","@id":"https:\/\/portaltela.pt\/#\/schema\/person\/c4278d4a6028830caff9ee44b42d32ed"},"headline":"Ant\u00f3nio Morgado conquista o Trof\u00e9u Calvi\u00e0 no dia do seu anivers\u00e1rio","datePublished":"2026-01-28T16:20:51+00:00","mainEntityOfPage":{"@id":"https:\/\/portaltela.pt\/noticias\/2026\/01\/28\/antonio-morgado-conquista-o-trofeu-calvia-no-dia-do-seu-aniversario\/"},"wordCount":212,"image":{"@id":"https:\/\/portaltela.pt\/noticias\/2026\/01\/28\/antonio-morgado-conquista-o-trofeu-calvia-no-dia-do-seu-aniversario\/#primaryimage"},"thumbnailUrl":"https:\/\/portaltela.pt\/s.01k8rhncp4jt1\/2026\/01\/img_920x518uu2026-01-28-16-19-45-2417945.jpg","keywords":["ciclismo","competi\u00e7\u00e3o","corridas","desporto","Espanha","provas"],"articleSection":["Desporto"],"inLanguage":"pt-PT"},{"@type":"WebPage","@id":"https:\/\/portaltela.pt\/noticias\/2026\/01\/28\/antonio-morgado-conquista-o-trofeu-calvia-no-dia-do-seu-aniversario\/","url":"https:\/\/portaltela.pt\/noticias\/2026\/01\/28\/antonio-morgado-conquista-o-trofeu-calvia-no-dia-do-seu-aniversario\/","name":"Ant\u00f3nio Morgado conquista o Trof\u00e9u Calvi\u00e0 no dia do seu anivers\u00e1rio - Portal Tela Portugal","isPartOf":{"@id":"https:\/\/portaltela.pt\/#website"},"primaryImageOfPage":{"@id":"https:\/\/portaltela.pt\/noticias\/2026\/01\/28\/antonio-morgado-conquista-o-trofeu-calvia-no-dia-do-seu-aniversario\/#primaryimage"},"image":{"@id":"https:\/\/portaltela.pt\/noticias\/2026\/01\/28\/antonio-morgado-conquista-o-trofeu-calvia-no-dia-do-seu-aniversario\/#primaryimage"},"thumbnailUrl":"https:\/\/portaltela.pt\/s.01k8rhncp4jt1\/2026\/01\/img_920x518uu2026-01-28-16-19-45-2417945.jpg","datePublished":"2026-01-28T16:20:51+00:00","author":{"@id":"https:\/\/portaltela.pt\/#\/schema\/person\/c4278d4a6028830caff9ee44b42d32ed"},"breadcrumb":{"@id":"https:\/\/portaltela.pt\/noticias\/2026\/01\/28\/antonio-morgado-conquista-o-trofeu-calvia-no-dia-do-seu-aniversario\/#breadcrumb"},"inLanguage":"pt-PT","potentialAction":[{"@type":"ReadAction","target":["https:\/\/portaltela.pt\/noticias\/2026\/01\/28\/antonio-morgado-conquista-o-trofeu-calvia-no-dia-do-seu-aniversario\/"]}]},{"@type":"ImageObject","inLanguage":"pt-PT","@id":"https:\/\/portaltela.pt\/noticias\/2026\/01\/28\/antonio-morgado-conquista-o-trofeu-calvia-no-dia-do-seu-aniversario\/#primaryimage","url":"https:\/\/portaltela.pt\/s.01k8rhncp4jt1\/2026\/01\/img_920x518uu2026-01-28-16-19-45-2417945.jpg","contentUrl":"https:\/\/portaltela.pt\/s.01k8rhncp4jt1\/2026\/01\/img_920x518uu2026-01-28-16-19-45-2417945.jpg","width":796,"height":448,"caption":"Ant\u00f3nio Morgado conquista Trof\u00e9u Calvi\u00e0"},{"@type":"BreadcrumbList","@id":"https:\/\/portaltela.pt\/noticias\/2026\/01\/28\/antonio-morgado-conquista-o-trofeu-calvia-no-dia-do-seu-aniversario\/#breadcrumb","itemListElement":[{"@type":"ListItem","position":1,"name":"In\u00edcio","item":"https:\/\/portaltela.pt\/"},{"@type":"ListItem","position":2,"name":"Ant\u00f3nio Morgado conquista o Trof\u00e9u Calvi\u00e0 no dia do seu anivers\u00e1rio"}]},{"@type":"WebSite","@id":"https:\/\/portaltela.pt\/#website","url":"https:\/\/portaltela.pt\/","name":"Portal Tela Portugal","description":"","potentialAction":[{"@type":"SearchAction","target":{"@type":"EntryPoint","urlTemplate":"https:\/\/portaltela.pt\/?s={search_term_string}"},"query-input":{"@type":"PropertyValueSpecification","valueRequired":true,"valueName":"search_term_string"}}],"inLanguage":"pt-PT"},{"@type":"Person","@id":"https:\/\/portaltela.pt\/#\/schema\/person\/c4278d4a6028830caff9ee44b42d32ed","name":"Telinha","image":{"@type":"ImageObject","inLanguage":"pt-PT","@id":"https:\/\/portaltela.pt\/s.01k8rhncp4jt1\/2025\/11\/talking-bot-125x125.png","url":"https:\/\/portaltela.pt\/s.01k8rhncp4jt1\/2025\/11\/talking-bot-125x125.png","contentUrl":"https:\/\/portaltela.pt\/s.01k8rhncp4jt1\/2025\/11\/talking-bot-125x125.png","caption":"Telinha"},"sameAs":["https:\/\/portaltela.pt\/"],"url":"https:\/\/portaltela.pt\/por\/367410592786\/"}]}},"_links":{"self":[{"href":"https:\/\/portaltela.pt\/api\/wp\/v2\/posts\/179241","targetHints":{"allow":["GET"]}}],"collection":[{"href":"https:\/\/portaltela.pt\/api\/wp\/v2\/posts"}],"about":[{"href":"https:\/\/portaltela.pt\/api\/wp\/v2\/types\/post"}],"author":[{"embeddable":true,"href":"https:\/\/portaltela.pt\/api\/wp\/v2\/users\/2"}],"replies":[{"embeddable":true,"href":"https:\/\/portaltela.pt\/api\/wp\/v2\/comments?post=179241"}],"version-history":[{"count":0,"href":"https:\/\/portaltela.pt\/api\/wp\/v2\/posts\/179241\/revisions"}],"wp:featuredmedia":[{"embeddable":true,"href":"https:\/\/portaltela.pt\/api\/wp\/v2\/media\/179256"}],"wp:attachment":[{"href":"https:\/\/portaltela.pt\/api\/wp\/v2\/media?parent=179241"}],"wp:term":[{"taxonomy":"category","embeddable":true,"href":"https:\/\/portaltela.pt\/api\/wp\/v2\/categories?post=179241"},{"taxonomy":"post_tag","embeddable":true,"href":"https:\/\/portaltela.pt\/api\/wp\/v2\/tags?post=179241"}],"curies":[{"name":"wp","href":"https:\/\/api.w.org\/{rel}","templated":true}]}}