{"id":179239,"date":"2026-01-28T13:15:00","date_gmt":"2026-01-28T16:15:00","guid":{"rendered":"https:\/\/portaltela.pt\/noticias\/2026\/01\/28\/triplo-homicidio-na-barbearia-condenado-a-25-anos-de-prisao\/"},"modified":"2026-01-28T13:15:00","modified_gmt":"2026-01-28T16:15:00","slug":"triplo-homicidio-na-barbearia-condenado-a-25-anos-de-prisao","status":"publish","type":"post","link":"https:\/\/portaltela.pt\/noticias\/2026\/01\/28\/triplo-homicidio-na-barbearia-condenado-a-25-anos-de-prisao\/","title":{"rendered":"Triplo homic\u00eddio na barbearia: condenado a 25 anos de pris\u00e3o"},"content":{"rendered":"<p>O Tribunal de Lisboa condenou a 25 anos de pris\u00e3o o homem que, em outubro de 2024, matou tr\u00eas pessoas na barbearia Ganda Pente, na Penha de Fran\u00e7a, Lisboa. O arguido, munido de uma arma de fogo, entrou na barbearia depois de n\u00e3o ser atendido de imediato e abriu fogo contra o barbeiro, um cliente que aguardava e a companheira deste, causando tr\u00eas mortes.<\/p>\n<p>As v\u00edtimas identificadas s\u00e3o Carlos Pina, 43 anos, barbeiro; Fernanda J\u00falia da Silva, 34, e Bruno Neto, 36. Os \u00f3bitos ocorreram no local. O homem foi acusado de quatro crimes de homic\u00eddio qualificado, um na forma tentada, e de deten\u00e7\u00e3o de arma proibida.<\/p>\n<p>Ap\u00f3s os disparos, o arguido fugiu. Foi detido uma semana depois, quando se encontrava refugiado na casa de familiares, na margem sul do Tejo.<\/p>\n","protected":false},"excerpt":{"rendered":"<ul>\n<li>O Tribunal de Lisboa condenou, na quarta-feira, o homem a 25 anos de pris\u00e3o pelo triplo homic\u00eddio na barbearia Ganda Pente, na Penha de Fran\u00e7a, em Lisboa.<\/li>\n<li>O crime aconteceu no dia 2 de outubro de 2024, quando o arguido, munido de uma arma de fogo, entrou na barbearia para cortar o cabelo e atirou sobre tr\u00eas pessoas que n\u00e3o tinham sido atendidas de imediato.<\/li>\n<li>As v\u00edtimas foram Carlos Pina, barbeiro, 43 anos; Fernanda J\u00falia da Silva, 34; e Bruno Neto, 36.<\/li>\n<li>Al\u00e9m das tr\u00eas mortes, o arguido atingiu um quarto funcion\u00e1rio, empregado da barbearia, que n\u00e3o foi atingido.<\/li>\n<li>O arguido foi acusado de quatro crimes de homic\u00eddio qualificado, um deles na forma tentada, e de deten\u00e7\u00e3o de arma proibida; foi detido uma semana depois, na margem sul do Tejo, na casa de familiares.<\/li>\n<\/ul>\n","protected":false},"author":2,"featured_media":179264,"comment_status":"closed","ping_status":"closed","sticky":false,"template":"","format":"standard","meta":{"footnotes":""},"categories":[1],"tags":[124,147,838,1345,1189,981],"class_list":["post-179239","post","type-post","status-publish","format-standard","has-post-thumbnail","hentry","category-noticias","tag-arma-de-fogo","tag-crime","tag-detencao-de-arma-proibida","tag-homicidio","tag-homicidio-qualificado","tag-lisboa"],"yoast_head":"<!-- This site is optimized with the Yoast SEO plugin v27.2 - https:\/\/yoast.com\/product\/yoast-seo-wordpress\/ -->\n<title>Triplo homic\u00eddio na barbearia: condenado a 25 anos de pris\u00e3o - Portal Tela Portugal<\/title>\n<meta name=\"robots\" content=\"index, follow, max-snippet:-1, max-image-preview:large, max-video-preview:-1\" \/>\n<meta property=\"og:locale\" content=\"pt_PT\" \/>\n<meta property=\"og:type\" content=\"article\" \/>\n<meta property=\"og:title\" content=\"Triplo homic\u00eddio na barbearia: condenado a 25 anos de pris\u00e3o - Portal Tela Portugal\" \/>\n<meta property=\"og:description\" content=\"O Tribunal de Lisboa condenou, na quarta-feira, o homem a 25 anos de pris\u00e3o pelo triplo homic\u00eddio na barbearia Ganda Pente, na Penha de Fran\u00e7a, em Lisboa. O crime aconteceu no dia 2 de outubro de 2024, quando o arguido, munido de uma arma de fogo, entrou na barbearia para cortar o cabelo e atirou sobre tr\u00eas pessoas que n\u00e3o tinham sido atendidas de imediato. As v\u00edtimas foram Carlos Pina, barbeiro, 43 anos; Fernanda J\u00falia da Silva, 34; e Bruno Neto, 36. Al\u00e9m das tr\u00eas mortes, o arguido atingiu um quarto funcion\u00e1rio, empregado da barbearia, que n\u00e3o foi atingido. O arguido foi acusado de quatro crimes de homic\u00eddio qualificado, um deles na forma tentada, e de deten\u00e7\u00e3o de arma proibida; foi detido uma semana depois, na margem sul do Tejo, na casa de familiares.\" \/>\n<meta property=\"og:url\" content=\"https:\/\/portaltela.pt\/noticias\/2026\/01\/28\/triplo-homicidio-na-barbearia-condenado-a-25-anos-de-prisao\/\" \/>\n<meta property=\"og:site_name\" content=\"Portal Tela Portugal\" \/>\n<meta property=\"article:published_time\" content=\"2026-01-28T16:15:00+00:00\" \/>\n<meta name=\"author\" content=\"Telinha\" \/>\n<meta name=\"twitter:card\" content=\"summary_large_image\" \/>\n<meta name=\"twitter:label1\" content=\"Escrito por\" \/>\n\t<meta name=\"twitter:data1\" content=\"Telinha\" \/>\n\t<meta name=\"twitter:label2\" content=\"Tempo estimado de leitura\" \/>\n\t<meta name=\"twitter:data2\" content=\"1 minuto\" \/>\n<script type=\"application\/ld+json\" class=\"yoast-schema-graph\">{\"@context\":\"https:\/\/schema.org\",\"@graph\":[{\"@type\":\"Article\",\"@id\":\"https:\/\/portaltela.pt\/noticias\/2026\/01\/28\/triplo-homicidio-na-barbearia-condenado-a-25-anos-de-prisao\/#article\",\"isPartOf\":{\"@id\":\"https:\/\/portaltela.pt\/noticias\/2026\/01\/28\/triplo-homicidio-na-barbearia-condenado-a-25-anos-de-prisao\/\"},\"author\":{\"name\":\"Telinha\",\"@id\":\"https:\/\/portaltela.pt\/#\/schema\/person\/c4278d4a6028830caff9ee44b42d32ed\"},\"headline\":\"Triplo homic\u00eddio na barbearia: condenado a 25 anos de pris\u00e3o\",\"datePublished\":\"2026-01-28T16:15:00+00:00\",\"mainEntityOfPage\":{\"@id\":\"https:\/\/portaltela.pt\/noticias\/2026\/01\/28\/triplo-homicidio-na-barbearia-condenado-a-25-anos-de-prisao\/\"},\"wordCount\":148,\"image\":{\"@id\":\"https:\/\/portaltela.pt\/noticias\/2026\/01\/28\/triplo-homicidio-na-barbearia-condenado-a-25-anos-de-prisao\/#primaryimage\"},\"thumbnailUrl\":\"https:\/\/portaltela.pt\/s.01k8rhncp4jt1\/2026\/01\/fcf10f47-1c72-4793-a563-b19fa8582b5d_1200x675.jpg\",\"keywords\":[\"arma de fogo\",\"crime\",\"deten\u00e7\u00e3o de arma proibida\",\"homic\u00eddio\",\"homic\u00eddio qualificado\",\"Lisboa\"],\"articleSection\":[\"Not\u00edcias\"],\"inLanguage\":\"pt-PT\"},{\"@type\":\"WebPage\",\"@id\":\"https:\/\/portaltela.pt\/noticias\/2026\/01\/28\/triplo-homicidio-na-barbearia-condenado-a-25-anos-de-prisao\/\",\"url\":\"https:\/\/portaltela.pt\/noticias\/2026\/01\/28\/triplo-homicidio-na-barbearia-condenado-a-25-anos-de-prisao\/\",\"name\":\"Triplo homic\u00eddio na barbearia: condenado a 25 anos de pris\u00e3o - Portal Tela Portugal\",\"isPartOf\":{\"@id\":\"https:\/\/portaltela.pt\/#website\"},\"primaryImageOfPage\":{\"@id\":\"https:\/\/portaltela.pt\/noticias\/2026\/01\/28\/triplo-homicidio-na-barbearia-condenado-a-25-anos-de-prisao\/#primaryimage\"},\"image\":{\"@id\":\"https:\/\/portaltela.pt\/noticias\/2026\/01\/28\/triplo-homicidio-na-barbearia-condenado-a-25-anos-de-prisao\/#primaryimage\"},\"thumbnailUrl\":\"https:\/\/portaltela.pt\/s.01k8rhncp4jt1\/2026\/01\/fcf10f47-1c72-4793-a563-b19fa8582b5d_1200x675.jpg\",\"datePublished\":\"2026-01-28T16:15:00+00:00\",\"author\":{\"@id\":\"https:\/\/portaltela.pt\/#\/schema\/person\/c4278d4a6028830caff9ee44b42d32ed\"},\"breadcrumb\":{\"@id\":\"https:\/\/portaltela.pt\/noticias\/2026\/01\/28\/triplo-homicidio-na-barbearia-condenado-a-25-anos-de-prisao\/#breadcrumb\"},\"inLanguage\":\"pt-PT\",\"potentialAction\":[{\"@type\":\"ReadAction\",\"target\":[\"https:\/\/portaltela.pt\/noticias\/2026\/01\/28\/triplo-homicidio-na-barbearia-condenado-a-25-anos-de-prisao\/\"]}]},{\"@type\":\"ImageObject\",\"inLanguage\":\"pt-PT\",\"@id\":\"https:\/\/portaltela.pt\/noticias\/2026\/01\/28\/triplo-homicidio-na-barbearia-condenado-a-25-anos-de-prisao\/#primaryimage\",\"url\":\"https:\/\/portaltela.pt\/s.01k8rhncp4jt1\/2026\/01\/fcf10f47-1c72-4793-a563-b19fa8582b5d_1200x675.jpg\",\"contentUrl\":\"https:\/\/portaltela.pt\/s.01k8rhncp4jt1\/2026\/01\/fcf10f47-1c72-4793-a563-b19fa8582b5d_1200x675.jpg\",\"width\":796,\"height\":448,\"caption\":\"O crime ocorreu numa barbearia da Penha de Fran\u00e7a, em Lisboa\"},{\"@type\":\"BreadcrumbList\",\"@id\":\"https:\/\/portaltela.pt\/noticias\/2026\/01\/28\/triplo-homicidio-na-barbearia-condenado-a-25-anos-de-prisao\/#breadcrumb\",\"itemListElement\":[{\"@type\":\"ListItem\",\"position\":1,\"name\":\"In\u00edcio\",\"item\":\"https:\/\/portaltela.pt\/\"},{\"@type\":\"ListItem\",\"position\":2,\"name\":\"Triplo homic\u00eddio na barbearia: condenado a 25 anos de pris\u00e3o\"}]},{\"@type\":\"WebSite\",\"@id\":\"https:\/\/portaltela.pt\/#website\",\"url\":\"https:\/\/portaltela.pt\/\",\"name\":\"Portal Tela Portugal\",\"description\":\"\",\"potentialAction\":[{\"@type\":\"SearchAction\",\"target\":{\"@type\":\"EntryPoint\",\"urlTemplate\":\"https:\/\/portaltela.pt\/?s={search_term_string}\"},\"query-input\":{\"@type\":\"PropertyValueSpecification\",\"valueRequired\":true,\"valueName\":\"search_term_string\"}}],\"inLanguage\":\"pt-PT\"},{\"@type\":\"Person\",\"@id\":\"https:\/\/portaltela.pt\/#\/schema\/person\/c4278d4a6028830caff9ee44b42d32ed\",\"name\":\"Telinha\",\"image\":{\"@type\":\"ImageObject\",\"inLanguage\":\"pt-PT\",\"@id\":\"https:\/\/portaltela.pt\/s.01k8rhncp4jt1\/2025\/11\/talking-bot-125x125.png\",\"url\":\"https:\/\/portaltela.pt\/s.01k8rhncp4jt1\/2025\/11\/talking-bot-125x125.png\",\"contentUrl\":\"https:\/\/portaltela.pt\/s.01k8rhncp4jt1\/2025\/11\/talking-bot-125x125.png\",\"caption\":\"Telinha\"},\"sameAs\":[\"https:\/\/portaltela.pt\/\"],\"url\":\"https:\/\/portaltela.pt\/por\/367410592786\/\"}]}<\/script>\n<!-- \/ Yoast SEO plugin. -->","yoast_head_json":{"title":"Triplo homic\u00eddio na barbearia: condenado a 25 anos de pris\u00e3o - Portal Tela Portugal","robots":{"index":"index","follow":"follow","max-snippet":"max-snippet:-1","max-image-preview":"max-image-preview:large","max-video-preview":"max-video-preview:-1"},"og_locale":"pt_PT","og_type":"article","og_title":"Triplo homic\u00eddio na barbearia: condenado a 25 anos de pris\u00e3o - Portal Tela Portugal","og_description":"O Tribunal de Lisboa condenou, na quarta-feira, o homem a 25 anos de pris\u00e3o pelo triplo homic\u00eddio na barbearia Ganda Pente, na Penha de Fran\u00e7a, em Lisboa. O crime aconteceu no dia 2 de outubro de 2024, quando o arguido, munido de uma arma de fogo, entrou na barbearia para cortar o cabelo e atirou sobre tr\u00eas pessoas que n\u00e3o tinham sido atendidas de imediato. As v\u00edtimas foram Carlos Pina, barbeiro, 43 anos; Fernanda J\u00falia da Silva, 34; e Bruno Neto, 36. Al\u00e9m das tr\u00eas mortes, o arguido atingiu um quarto funcion\u00e1rio, empregado da barbearia, que n\u00e3o foi atingido. O arguido foi acusado de quatro crimes de homic\u00eddio qualificado, um deles na forma tentada, e de deten\u00e7\u00e3o de arma proibida; foi detido uma semana depois, na margem sul do Tejo, na casa de familiares.","og_url":"https:\/\/portaltela.pt\/noticias\/2026\/01\/28\/triplo-homicidio-na-barbearia-condenado-a-25-anos-de-prisao\/","og_site_name":"Portal Tela Portugal","article_published_time":"2026-01-28T16:15:00+00:00","author":"Telinha","twitter_card":"summary_large_image","twitter_misc":{"Escrito por":"Telinha","Tempo estimado de leitura":"1 minuto"},"schema":{"@context":"https:\/\/schema.org","@graph":[{"@type":"Article","@id":"https:\/\/portaltela.pt\/noticias\/2026\/01\/28\/triplo-homicidio-na-barbearia-condenado-a-25-anos-de-prisao\/#article","isPartOf":{"@id":"https:\/\/portaltela.pt\/noticias\/2026\/01\/28\/triplo-homicidio-na-barbearia-condenado-a-25-anos-de-prisao\/"},"author":{"name":"Telinha","@id":"https:\/\/portaltela.pt\/#\/schema\/person\/c4278d4a6028830caff9ee44b42d32ed"},"headline":"Triplo homic\u00eddio na barbearia: condenado a 25 anos de pris\u00e3o","datePublished":"2026-01-28T16:15:00+00:00","mainEntityOfPage":{"@id":"https:\/\/portaltela.pt\/noticias\/2026\/01\/28\/triplo-homicidio-na-barbearia-condenado-a-25-anos-de-prisao\/"},"wordCount":148,"image":{"@id":"https:\/\/portaltela.pt\/noticias\/2026\/01\/28\/triplo-homicidio-na-barbearia-condenado-a-25-anos-de-prisao\/#primaryimage"},"thumbnailUrl":"https:\/\/portaltela.pt\/s.01k8rhncp4jt1\/2026\/01\/fcf10f47-1c72-4793-a563-b19fa8582b5d_1200x675.jpg","keywords":["arma de fogo","crime","deten\u00e7\u00e3o de arma proibida","homic\u00eddio","homic\u00eddio qualificado","Lisboa"],"articleSection":["Not\u00edcias"],"inLanguage":"pt-PT"},{"@type":"WebPage","@id":"https:\/\/portaltela.pt\/noticias\/2026\/01\/28\/triplo-homicidio-na-barbearia-condenado-a-25-anos-de-prisao\/","url":"https:\/\/portaltela.pt\/noticias\/2026\/01\/28\/triplo-homicidio-na-barbearia-condenado-a-25-anos-de-prisao\/","name":"Triplo homic\u00eddio na barbearia: condenado a 25 anos de pris\u00e3o - Portal Tela Portugal","isPartOf":{"@id":"https:\/\/portaltela.pt\/#website"},"primaryImageOfPage":{"@id":"https:\/\/portaltela.pt\/noticias\/2026\/01\/28\/triplo-homicidio-na-barbearia-condenado-a-25-anos-de-prisao\/#primaryimage"},"image":{"@id":"https:\/\/portaltela.pt\/noticias\/2026\/01\/28\/triplo-homicidio-na-barbearia-condenado-a-25-anos-de-prisao\/#primaryimage"},"thumbnailUrl":"https:\/\/portaltela.pt\/s.01k8rhncp4jt1\/2026\/01\/fcf10f47-1c72-4793-a563-b19fa8582b5d_1200x675.jpg","datePublished":"2026-01-28T16:15:00+00:00","author":{"@id":"https:\/\/portaltela.pt\/#\/schema\/person\/c4278d4a6028830caff9ee44b42d32ed"},"breadcrumb":{"@id":"https:\/\/portaltela.pt\/noticias\/2026\/01\/28\/triplo-homicidio-na-barbearia-condenado-a-25-anos-de-prisao\/#breadcrumb"},"inLanguage":"pt-PT","potentialAction":[{"@type":"ReadAction","target":["https:\/\/portaltela.pt\/noticias\/2026\/01\/28\/triplo-homicidio-na-barbearia-condenado-a-25-anos-de-prisao\/"]}]},{"@type":"ImageObject","inLanguage":"pt-PT","@id":"https:\/\/portaltela.pt\/noticias\/2026\/01\/28\/triplo-homicidio-na-barbearia-condenado-a-25-anos-de-prisao\/#primaryimage","url":"https:\/\/portaltela.pt\/s.01k8rhncp4jt1\/2026\/01\/fcf10f47-1c72-4793-a563-b19fa8582b5d_1200x675.jpg","contentUrl":"https:\/\/portaltela.pt\/s.01k8rhncp4jt1\/2026\/01\/fcf10f47-1c72-4793-a563-b19fa8582b5d_1200x675.jpg","width":796,"height":448,"caption":"O crime ocorreu numa barbearia da Penha de Fran\u00e7a, em Lisboa"},{"@type":"BreadcrumbList","@id":"https:\/\/portaltela.pt\/noticias\/2026\/01\/28\/triplo-homicidio-na-barbearia-condenado-a-25-anos-de-prisao\/#breadcrumb","itemListElement":[{"@type":"ListItem","position":1,"name":"In\u00edcio","item":"https:\/\/portaltela.pt\/"},{"@type":"ListItem","position":2,"name":"Triplo homic\u00eddio na barbearia: condenado a 25 anos de pris\u00e3o"}]},{"@type":"WebSite","@id":"https:\/\/portaltela.pt\/#website","url":"https:\/\/portaltela.pt\/","name":"Portal Tela Portugal","description":"","potentialAction":[{"@type":"SearchAction","target":{"@type":"EntryPoint","urlTemplate":"https:\/\/portaltela.pt\/?s={search_term_string}"},"query-input":{"@type":"PropertyValueSpecification","valueRequired":true,"valueName":"search_term_string"}}],"inLanguage":"pt-PT"},{"@type":"Person","@id":"https:\/\/portaltela.pt\/#\/schema\/person\/c4278d4a6028830caff9ee44b42d32ed","name":"Telinha","image":{"@type":"ImageObject","inLanguage":"pt-PT","@id":"https:\/\/portaltela.pt\/s.01k8rhncp4jt1\/2025\/11\/talking-bot-125x125.png","url":"https:\/\/portaltela.pt\/s.01k8rhncp4jt1\/2025\/11\/talking-bot-125x125.png","contentUrl":"https:\/\/portaltela.pt\/s.01k8rhncp4jt1\/2025\/11\/talking-bot-125x125.png","caption":"Telinha"},"sameAs":["https:\/\/portaltela.pt\/"],"url":"https:\/\/portaltela.pt\/por\/367410592786\/"}]}},"_links":{"self":[{"href":"https:\/\/portaltela.pt\/api\/wp\/v2\/posts\/179239","targetHints":{"allow":["GET"]}}],"collection":[{"href":"https:\/\/portaltela.pt\/api\/wp\/v2\/posts"}],"about":[{"href":"https:\/\/portaltela.pt\/api\/wp\/v2\/types\/post"}],"author":[{"embeddable":true,"href":"https:\/\/portaltela.pt\/api\/wp\/v2\/users\/2"}],"replies":[{"embeddable":true,"href":"https:\/\/portaltela.pt\/api\/wp\/v2\/comments?post=179239"}],"version-history":[{"count":0,"href":"https:\/\/portaltela.pt\/api\/wp\/v2\/posts\/179239\/revisions"}],"wp:featuredmedia":[{"embeddable":true,"href":"https:\/\/portaltela.pt\/api\/wp\/v2\/media\/179264"}],"wp:attachment":[{"href":"https:\/\/portaltela.pt\/api\/wp\/v2\/media?parent=179239"}],"wp:term":[{"taxonomy":"category","embeddable":true,"href":"https:\/\/portaltela.pt\/api\/wp\/v2\/categories?post=179239"},{"taxonomy":"post_tag","embeddable":true,"href":"https:\/\/portaltela.pt\/api\/wp\/v2\/tags?post=179239"}],"curies":[{"name":"wp","href":"https:\/\/api.w.org\/{rel}","templated":true}]}}