{"id":179159,"date":"2026-01-28T12:00:00","date_gmt":"2026-01-28T15:00:00","guid":{"rendered":"https:\/\/portaltela.pt\/noticias\/2026\/01\/28\/mulher-condenada-por-negligencia-apos-filha-colocar-gata-no-forno\/"},"modified":"2026-01-28T12:00:00","modified_gmt":"2026-01-28T15:00:00","slug":"mulher-condenada-por-negligencia-apos-filha-colocar-gata-no-forno","status":"publish","type":"post","link":"https:\/\/portaltela.pt\/noticias\/2026\/01\/28\/mulher-condenada-por-negligencia-apos-filha-colocar-gata-no-forno\/","title":{"rendered":"Mulher condenada por neglig\u00eancia ap\u00f3s filha colocar gata no forno"},"content":{"rendered":"<p>O Tribunal de Barcelos condenou uma mulher a pagar uma multa de 720 euros por maus-tratos a um animal de companhia, agravados por terem sido considerados especialmente cru\u00e9is. A decis\u00e3o foi proferida nesta quarta-feira, ap\u00f3s a an\u00e1lise de um caso envolvendo uma gata de dois meses adotada em 2022.<\/p>\n<p>A arguida, de 51 anos e oper\u00e1ria t\u00eaxtil, foi ainda proibida de deter animais de companhia por dois anos e meio. A condena\u00e7\u00e3o resulta do epis\u00f3dio em que a filha, com tr\u00eas anos, colocou a gata no forno ligado, provocando queimaduras graves.<\/p>\n<p>A gata Ariel foi adotada em setembro de 2022 por uma fam\u00edlia de Barcelos. Em novembro do mesmo ano, a crian\u00e7a colocou a gata no forno, causando queimaduras de segundo e terceiro graus no rosto, orelhas, dorso, patas e cauda.<\/p>\n<p>Ap\u00f3s o incidente, a m\u00e3e manteve a gata na garagem durante cerca de uma semana, sem lhe assegurar os cuidados necess\u00e1rios. A SOS Bigodes ficou a conhecer o caso e a instou a levar o animal ao veterin\u00e1rio.<\/p>\n<p>A arguida contactou um centro veterin\u00e1rio apenas para perceber os procedimentos do abate, o que n\u00e3o se concretizou gra\u00e7as \u00e0 interven\u00e7\u00e3o da SOS Bigodes, que assegurou o tratamento da gata. Ariel esteve internada dois meses.<\/p>\n<p>A gata recebeu tratamento por uma infec\u00e7\u00e3o grave na pele e foi posteriormente entregue a uma fam\u00edlia de acolhimento. Atualmente, Ariel ainda apresenta falhas de p\u00ealo e resist\u00eancia ao toque, necessitando de uso di\u00e1rio de um body.<\/p>\n<p>O tribunal entendeu que houve omiss\u00e3o no cuidado da gata, que deveria ter sido garantido pela m\u00e3e adotante, resultando num sofrimento cruel. A ju\u00edza enfatizou a aus\u00eancia de arrependimento ou autocr\u00edtica por parte da arguida durante a audi\u00eancia.<\/p>\n<p>De acordo com a SOS Bigodes, Ariel continua a pagar o pre\u00e7o da crueldade protagonizada no passado. A associa\u00e7\u00e3o sublinhou que o caso representa um passo importante na responsabiliza\u00e7\u00e3o de crimes contra animais.<\/p>\n","protected":false},"excerpt":{"rendered":"<ul>\n<li>O Tribunal de Barcelos condenou uma mulher de cinquenta e um anos a pagar uma multa de 720 euros por maus-tratos a animal de companhia e morte de animal, agravados por serem atos especialmente cru\u00e9is.<\/li>\n<li>A arguida ficou ainda proibida de deter animais de companhia por dois anos e meio.<\/li>\n<li>A gata Ariel foi adotada em setembro de dois mil e vinte e dois; em novembro, a filha da arguida, de tr\u00eas anos, acidentalmente colocou a gata acesa no forno ligado, causando queimaduras graves.<\/li>\n<li>A m\u00e3e manteve o animal na garagem durante cerca de uma semana, sem os cuidados devidos; a SOS Bigodes interveio e a gata foi tratada e ficou internada dois meses, acabando por ser adotada por uma fam\u00edlia de acolhimento.<\/li>\n<li>O tribunal considerou o caso de maus-tratos por omiss\u00e3o, destacando a aus\u00eancia de arrependimento da arguida e que a m\u00e3e tinha o dever de garantir cuidados m\u00e9dicos \u00e0 gata. A SOS Bigodes afirma que Ariel ainda sofre com sequelas.<\/li>\n<\/ul>\n","protected":false},"author":2,"featured_media":179161,"comment_status":"closed","ping_status":"closed","sticky":false,"template":"","format":"standard","meta":{"footnotes":""},"categories":[1],"tags":[2865,4577,1027,803,4001,52],"class_list":["post-179159","post","type-post","status-publish","format-standard","has-post-thumbnail","hentry","category-noticias","tag-adocao","tag-animais-de-companhia","tag-barcelos","tag-justica","tag-maus-tratos-a-animais","tag-tribunal"],"yoast_head":"<!-- This site is optimized with the Yoast SEO plugin v27.2 - https:\/\/yoast.com\/product\/yoast-seo-wordpress\/ -->\n<title>Mulher condenada por neglig\u00eancia ap\u00f3s filha colocar gata no forno - Portal Tela Portugal<\/title>\n<meta name=\"robots\" content=\"index, follow, max-snippet:-1, max-image-preview:large, max-video-preview:-1\" \/>\n<meta property=\"og:locale\" content=\"pt_PT\" \/>\n<meta property=\"og:type\" content=\"article\" \/>\n<meta property=\"og:title\" content=\"Mulher condenada por neglig\u00eancia ap\u00f3s filha colocar gata no forno - Portal Tela Portugal\" \/>\n<meta property=\"og:description\" content=\"O Tribunal de Barcelos condenou uma mulher de cinquenta e um anos a pagar uma multa de 720 euros por maus-tratos a animal de companhia e morte de animal, agravados por serem atos especialmente cru\u00e9is. A arguida ficou ainda proibida de deter animais de companhia por dois anos e meio. A gata Ariel foi adotada em setembro de dois mil e vinte e dois; em novembro, a filha da arguida, de tr\u00eas anos, acidentalmente colocou a gata acesa no forno ligado, causando queimaduras graves. A m\u00e3e manteve o animal na garagem durante cerca de uma semana, sem os cuidados devidos; a SOS Bigodes interveio e a gata foi tratada e ficou internada dois meses, acabando por ser adotada por uma fam\u00edlia de acolhimento. O tribunal considerou o caso de maus-tratos por omiss\u00e3o, destacando a aus\u00eancia de arrependimento da arguida e que a m\u00e3e tinha o dever de garantir cuidados m\u00e9dicos \u00e0 gata. A SOS Bigodes afirma que Ariel ainda sofre com sequelas.\" \/>\n<meta property=\"og:url\" content=\"https:\/\/portaltela.pt\/noticias\/2026\/01\/28\/mulher-condenada-por-negligencia-apos-filha-colocar-gata-no-forno\/\" \/>\n<meta property=\"og:site_name\" content=\"Portal Tela Portugal\" \/>\n<meta property=\"article:published_time\" content=\"2026-01-28T15:00:00+00:00\" \/>\n<meta name=\"author\" content=\"Telinha\" \/>\n<meta name=\"twitter:card\" content=\"summary_large_image\" \/>\n<meta name=\"twitter:label1\" content=\"Escrito por\" \/>\n\t<meta name=\"twitter:data1\" content=\"Telinha\" \/>\n\t<meta name=\"twitter:label2\" content=\"Tempo estimado de leitura\" \/>\n\t<meta name=\"twitter:data2\" content=\"2 minutos\" \/>\n<script type=\"application\/ld+json\" class=\"yoast-schema-graph\">{\"@context\":\"https:\/\/schema.org\",\"@graph\":[{\"@type\":\"Article\",\"@id\":\"https:\/\/portaltela.pt\/noticias\/2026\/01\/28\/mulher-condenada-por-negligencia-apos-filha-colocar-gata-no-forno\/#article\",\"isPartOf\":{\"@id\":\"https:\/\/portaltela.pt\/noticias\/2026\/01\/28\/mulher-condenada-por-negligencia-apos-filha-colocar-gata-no-forno\/\"},\"author\":{\"name\":\"Telinha\",\"@id\":\"https:\/\/portaltela.pt\/#\/schema\/person\/c4278d4a6028830caff9ee44b42d32ed\"},\"headline\":\"Mulher condenada por neglig\u00eancia ap\u00f3s filha colocar gata no forno\",\"datePublished\":\"2026-01-28T15:00:00+00:00\",\"mainEntityOfPage\":{\"@id\":\"https:\/\/portaltela.pt\/noticias\/2026\/01\/28\/mulher-condenada-por-negligencia-apos-filha-colocar-gata-no-forno\/\"},\"wordCount\":352,\"image\":{\"@id\":\"https:\/\/portaltela.pt\/noticias\/2026\/01\/28\/mulher-condenada-por-negligencia-apos-filha-colocar-gata-no-forno\/#primaryimage\"},\"thumbnailUrl\":\"https:\/\/portaltela.pt\/s.01k8rhncp4jt1\/2026\/01\/2062505.jpg\",\"keywords\":[\"ado\u00e7\u00e3o\",\"animais de companhia\",\"Barcelos\",\"justi\u00e7a\",\"maus-tratos a animais\",\"tribunal\"],\"articleSection\":[\"Not\u00edcias\"],\"inLanguage\":\"pt-PT\"},{\"@type\":\"WebPage\",\"@id\":\"https:\/\/portaltela.pt\/noticias\/2026\/01\/28\/mulher-condenada-por-negligencia-apos-filha-colocar-gata-no-forno\/\",\"url\":\"https:\/\/portaltela.pt\/noticias\/2026\/01\/28\/mulher-condenada-por-negligencia-apos-filha-colocar-gata-no-forno\/\",\"name\":\"Mulher condenada por neglig\u00eancia ap\u00f3s filha colocar gata no forno - Portal Tela Portugal\",\"isPartOf\":{\"@id\":\"https:\/\/portaltela.pt\/#website\"},\"primaryImageOfPage\":{\"@id\":\"https:\/\/portaltela.pt\/noticias\/2026\/01\/28\/mulher-condenada-por-negligencia-apos-filha-colocar-gata-no-forno\/#primaryimage\"},\"image\":{\"@id\":\"https:\/\/portaltela.pt\/noticias\/2026\/01\/28\/mulher-condenada-por-negligencia-apos-filha-colocar-gata-no-forno\/#primaryimage\"},\"thumbnailUrl\":\"https:\/\/portaltela.pt\/s.01k8rhncp4jt1\/2026\/01\/2062505.jpg\",\"datePublished\":\"2026-01-28T15:00:00+00:00\",\"author\":{\"@id\":\"https:\/\/portaltela.pt\/#\/schema\/person\/c4278d4a6028830caff9ee44b42d32ed\"},\"breadcrumb\":{\"@id\":\"https:\/\/portaltela.pt\/noticias\/2026\/01\/28\/mulher-condenada-por-negligencia-apos-filha-colocar-gata-no-forno\/#breadcrumb\"},\"inLanguage\":\"pt-PT\",\"potentialAction\":[{\"@type\":\"ReadAction\",\"target\":[\"https:\/\/portaltela.pt\/noticias\/2026\/01\/28\/mulher-condenada-por-negligencia-apos-filha-colocar-gata-no-forno\/\"]}]},{\"@type\":\"ImageObject\",\"inLanguage\":\"pt-PT\",\"@id\":\"https:\/\/portaltela.pt\/noticias\/2026\/01\/28\/mulher-condenada-por-negligencia-apos-filha-colocar-gata-no-forno\/#primaryimage\",\"url\":\"https:\/\/portaltela.pt\/s.01k8rhncp4jt1\/2026\/01\/2062505.jpg\",\"contentUrl\":\"https:\/\/portaltela.pt\/s.01k8rhncp4jt1\/2026\/01\/2062505.jpg\",\"width\":796,\"height\":448,\"caption\":\"Em causa a gata Ariel, que em Setembro de 2022, com apenas dois meses, foi adoptada por uma fam\u00edlia de Barcelos\"},{\"@type\":\"BreadcrumbList\",\"@id\":\"https:\/\/portaltela.pt\/noticias\/2026\/01\/28\/mulher-condenada-por-negligencia-apos-filha-colocar-gata-no-forno\/#breadcrumb\",\"itemListElement\":[{\"@type\":\"ListItem\",\"position\":1,\"name\":\"In\u00edcio\",\"item\":\"https:\/\/portaltela.pt\/\"},{\"@type\":\"ListItem\",\"position\":2,\"name\":\"Mulher condenada por neglig\u00eancia ap\u00f3s filha colocar gata no forno\"}]},{\"@type\":\"WebSite\",\"@id\":\"https:\/\/portaltela.pt\/#website\",\"url\":\"https:\/\/portaltela.pt\/\",\"name\":\"Portal Tela Portugal\",\"description\":\"\",\"potentialAction\":[{\"@type\":\"SearchAction\",\"target\":{\"@type\":\"EntryPoint\",\"urlTemplate\":\"https:\/\/portaltela.pt\/?s={search_term_string}\"},\"query-input\":{\"@type\":\"PropertyValueSpecification\",\"valueRequired\":true,\"valueName\":\"search_term_string\"}}],\"inLanguage\":\"pt-PT\"},{\"@type\":\"Person\",\"@id\":\"https:\/\/portaltela.pt\/#\/schema\/person\/c4278d4a6028830caff9ee44b42d32ed\",\"name\":\"Telinha\",\"image\":{\"@type\":\"ImageObject\",\"inLanguage\":\"pt-PT\",\"@id\":\"https:\/\/portaltela.pt\/s.01k8rhncp4jt1\/2025\/11\/talking-bot-125x125.png\",\"url\":\"https:\/\/portaltela.pt\/s.01k8rhncp4jt1\/2025\/11\/talking-bot-125x125.png\",\"contentUrl\":\"https:\/\/portaltela.pt\/s.01k8rhncp4jt1\/2025\/11\/talking-bot-125x125.png\",\"caption\":\"Telinha\"},\"sameAs\":[\"https:\/\/portaltela.pt\/\"],\"url\":\"https:\/\/portaltela.pt\/por\/367410592786\/\"}]}<\/script>\n<!-- \/ Yoast SEO plugin. -->","yoast_head_json":{"title":"Mulher condenada por neglig\u00eancia ap\u00f3s filha colocar gata no forno - Portal Tela Portugal","robots":{"index":"index","follow":"follow","max-snippet":"max-snippet:-1","max-image-preview":"max-image-preview:large","max-video-preview":"max-video-preview:-1"},"og_locale":"pt_PT","og_type":"article","og_title":"Mulher condenada por neglig\u00eancia ap\u00f3s filha colocar gata no forno - Portal Tela Portugal","og_description":"O Tribunal de Barcelos condenou uma mulher de cinquenta e um anos a pagar uma multa de 720 euros por maus-tratos a animal de companhia e morte de animal, agravados por serem atos especialmente cru\u00e9is. A arguida ficou ainda proibida de deter animais de companhia por dois anos e meio. A gata Ariel foi adotada em setembro de dois mil e vinte e dois; em novembro, a filha da arguida, de tr\u00eas anos, acidentalmente colocou a gata acesa no forno ligado, causando queimaduras graves. A m\u00e3e manteve o animal na garagem durante cerca de uma semana, sem os cuidados devidos; a SOS Bigodes interveio e a gata foi tratada e ficou internada dois meses, acabando por ser adotada por uma fam\u00edlia de acolhimento. O tribunal considerou o caso de maus-tratos por omiss\u00e3o, destacando a aus\u00eancia de arrependimento da arguida e que a m\u00e3e tinha o dever de garantir cuidados m\u00e9dicos \u00e0 gata. A SOS Bigodes afirma que Ariel ainda sofre com sequelas.","og_url":"https:\/\/portaltela.pt\/noticias\/2026\/01\/28\/mulher-condenada-por-negligencia-apos-filha-colocar-gata-no-forno\/","og_site_name":"Portal Tela Portugal","article_published_time":"2026-01-28T15:00:00+00:00","author":"Telinha","twitter_card":"summary_large_image","twitter_misc":{"Escrito por":"Telinha","Tempo estimado de leitura":"2 minutos"},"schema":{"@context":"https:\/\/schema.org","@graph":[{"@type":"Article","@id":"https:\/\/portaltela.pt\/noticias\/2026\/01\/28\/mulher-condenada-por-negligencia-apos-filha-colocar-gata-no-forno\/#article","isPartOf":{"@id":"https:\/\/portaltela.pt\/noticias\/2026\/01\/28\/mulher-condenada-por-negligencia-apos-filha-colocar-gata-no-forno\/"},"author":{"name":"Telinha","@id":"https:\/\/portaltela.pt\/#\/schema\/person\/c4278d4a6028830caff9ee44b42d32ed"},"headline":"Mulher condenada por neglig\u00eancia ap\u00f3s filha colocar gata no forno","datePublished":"2026-01-28T15:00:00+00:00","mainEntityOfPage":{"@id":"https:\/\/portaltela.pt\/noticias\/2026\/01\/28\/mulher-condenada-por-negligencia-apos-filha-colocar-gata-no-forno\/"},"wordCount":352,"image":{"@id":"https:\/\/portaltela.pt\/noticias\/2026\/01\/28\/mulher-condenada-por-negligencia-apos-filha-colocar-gata-no-forno\/#primaryimage"},"thumbnailUrl":"https:\/\/portaltela.pt\/s.01k8rhncp4jt1\/2026\/01\/2062505.jpg","keywords":["ado\u00e7\u00e3o","animais de companhia","Barcelos","justi\u00e7a","maus-tratos a animais","tribunal"],"articleSection":["Not\u00edcias"],"inLanguage":"pt-PT"},{"@type":"WebPage","@id":"https:\/\/portaltela.pt\/noticias\/2026\/01\/28\/mulher-condenada-por-negligencia-apos-filha-colocar-gata-no-forno\/","url":"https:\/\/portaltela.pt\/noticias\/2026\/01\/28\/mulher-condenada-por-negligencia-apos-filha-colocar-gata-no-forno\/","name":"Mulher condenada por neglig\u00eancia ap\u00f3s filha colocar gata no forno - Portal Tela Portugal","isPartOf":{"@id":"https:\/\/portaltela.pt\/#website"},"primaryImageOfPage":{"@id":"https:\/\/portaltela.pt\/noticias\/2026\/01\/28\/mulher-condenada-por-negligencia-apos-filha-colocar-gata-no-forno\/#primaryimage"},"image":{"@id":"https:\/\/portaltela.pt\/noticias\/2026\/01\/28\/mulher-condenada-por-negligencia-apos-filha-colocar-gata-no-forno\/#primaryimage"},"thumbnailUrl":"https:\/\/portaltela.pt\/s.01k8rhncp4jt1\/2026\/01\/2062505.jpg","datePublished":"2026-01-28T15:00:00+00:00","author":{"@id":"https:\/\/portaltela.pt\/#\/schema\/person\/c4278d4a6028830caff9ee44b42d32ed"},"breadcrumb":{"@id":"https:\/\/portaltela.pt\/noticias\/2026\/01\/28\/mulher-condenada-por-negligencia-apos-filha-colocar-gata-no-forno\/#breadcrumb"},"inLanguage":"pt-PT","potentialAction":[{"@type":"ReadAction","target":["https:\/\/portaltela.pt\/noticias\/2026\/01\/28\/mulher-condenada-por-negligencia-apos-filha-colocar-gata-no-forno\/"]}]},{"@type":"ImageObject","inLanguage":"pt-PT","@id":"https:\/\/portaltela.pt\/noticias\/2026\/01\/28\/mulher-condenada-por-negligencia-apos-filha-colocar-gata-no-forno\/#primaryimage","url":"https:\/\/portaltela.pt\/s.01k8rhncp4jt1\/2026\/01\/2062505.jpg","contentUrl":"https:\/\/portaltela.pt\/s.01k8rhncp4jt1\/2026\/01\/2062505.jpg","width":796,"height":448,"caption":"Em causa a gata Ariel, que em Setembro de 2022, com apenas dois meses, foi adoptada por uma fam\u00edlia de Barcelos"},{"@type":"BreadcrumbList","@id":"https:\/\/portaltela.pt\/noticias\/2026\/01\/28\/mulher-condenada-por-negligencia-apos-filha-colocar-gata-no-forno\/#breadcrumb","itemListElement":[{"@type":"ListItem","position":1,"name":"In\u00edcio","item":"https:\/\/portaltela.pt\/"},{"@type":"ListItem","position":2,"name":"Mulher condenada por neglig\u00eancia ap\u00f3s filha colocar gata no forno"}]},{"@type":"WebSite","@id":"https:\/\/portaltela.pt\/#website","url":"https:\/\/portaltela.pt\/","name":"Portal Tela Portugal","description":"","potentialAction":[{"@type":"SearchAction","target":{"@type":"EntryPoint","urlTemplate":"https:\/\/portaltela.pt\/?s={search_term_string}"},"query-input":{"@type":"PropertyValueSpecification","valueRequired":true,"valueName":"search_term_string"}}],"inLanguage":"pt-PT"},{"@type":"Person","@id":"https:\/\/portaltela.pt\/#\/schema\/person\/c4278d4a6028830caff9ee44b42d32ed","name":"Telinha","image":{"@type":"ImageObject","inLanguage":"pt-PT","@id":"https:\/\/portaltela.pt\/s.01k8rhncp4jt1\/2025\/11\/talking-bot-125x125.png","url":"https:\/\/portaltela.pt\/s.01k8rhncp4jt1\/2025\/11\/talking-bot-125x125.png","contentUrl":"https:\/\/portaltela.pt\/s.01k8rhncp4jt1\/2025\/11\/talking-bot-125x125.png","caption":"Telinha"},"sameAs":["https:\/\/portaltela.pt\/"],"url":"https:\/\/portaltela.pt\/por\/367410592786\/"}]}},"_links":{"self":[{"href":"https:\/\/portaltela.pt\/api\/wp\/v2\/posts\/179159","targetHints":{"allow":["GET"]}}],"collection":[{"href":"https:\/\/portaltela.pt\/api\/wp\/v2\/posts"}],"about":[{"href":"https:\/\/portaltela.pt\/api\/wp\/v2\/types\/post"}],"author":[{"embeddable":true,"href":"https:\/\/portaltela.pt\/api\/wp\/v2\/users\/2"}],"replies":[{"embeddable":true,"href":"https:\/\/portaltela.pt\/api\/wp\/v2\/comments?post=179159"}],"version-history":[{"count":0,"href":"https:\/\/portaltela.pt\/api\/wp\/v2\/posts\/179159\/revisions"}],"wp:featuredmedia":[{"embeddable":true,"href":"https:\/\/portaltela.pt\/api\/wp\/v2\/media\/179161"}],"wp:attachment":[{"href":"https:\/\/portaltela.pt\/api\/wp\/v2\/media?parent=179159"}],"wp:term":[{"taxonomy":"category","embeddable":true,"href":"https:\/\/portaltela.pt\/api\/wp\/v2\/categories?post=179159"},{"taxonomy":"post_tag","embeddable":true,"href":"https:\/\/portaltela.pt\/api\/wp\/v2\/tags?post=179159"}],"curies":[{"name":"wp","href":"https:\/\/api.w.org\/{rel}","templated":true}]}}