{"id":179123,"date":"2026-01-28T11:50:59","date_gmt":"2026-01-28T14:50:59","guid":{"rendered":"https:\/\/portaltela.pt\/noticias\/2026\/01\/28\/autarquia-apoia-lar-e-reabilitacao-do-centro-de-dia-em-salgueiro-do-campo\/"},"modified":"2026-01-28T11:50:59","modified_gmt":"2026-01-28T14:50:59","slug":"autarquia-apoia-lar-e-reabilitacao-do-centro-de-dia-em-salgueiro-do-campo","status":"publish","type":"post","link":"https:\/\/portaltela.pt\/noticias\/2026\/01\/28\/autarquia-apoia-lar-e-reabilitacao-do-centro-de-dia-em-salgueiro-do-campo\/","title":{"rendered":"Autarquia apoia lar e reabilita\u00e7\u00e3o do Centro de Dia em Salgueiro do Campo"},"content":{"rendered":"<p>A C\u00e2mara Municipal de Castelo Branco assinou um Protocolo de Coopera\u00e7\u00e3o Financeira para Apoio ao Investimento a Respostas Integradas de Apoio Social com o Centro Social de Salgueiro do Campo, no valor de 250 mil euros. O objetivo \u00e9 apoiar as obras de constru\u00e7\u00e3o do Lar de Salgueiro do Campo.<\/p>\n<p>O projeto contempla uma Estrutura Residencial para Idosos (42 utentes), Servi\u00e7o de Apoio Domicili\u00e1rio (48 utentes) e Centro de Dia (30 utentes). O financiamento visa refor\u00e7ar a oferta de resposta social \u00e0 comunidade.<\/p>\n<p>O apoio financeiro destina-se a obras de AVAC, abastecimento, drenagem, rede de seguran\u00e7a e inc\u00eandios, eletricidade, elevadores e estuque projetado. O im\u00f3vel \u00e9 propriedade do Centro Social de Salgueiro do Campo.<\/p>\n<h3>Objeto e impacto<\/h3>\n<p>A institui\u00e7\u00e3o solicitou o apoio para a execu\u00e7\u00e3o da empreitada de constru\u00e7\u00e3o e reabilita\u00e7\u00e3o do Centro de Salgueiro do Campo, a qual pretende ampliar a rede de assist\u00eancia social do concelho. A medida refor\u00e7a a promo\u00e7\u00e3o do bem-estar e da dignidade da popula\u00e7\u00e3o.<\/p>\n<p>A comparticipa\u00e7\u00e3o do Munic\u00edpio \u00e9 vista como essencial para viabilizar o projeto e consolidar respostas sociais complementares \u00e0quilo que j\u00e1 funciona no territ\u00f3rio. O objetivo \u00e9 melhorar a qualidade de vida de utentes e familiares.<\/p>\n<h3>Assinaturas<\/h3>\n<p>O protocolo foi assinado por Leopoldo Rodrigues, Presidente da C\u00e2mara Municipal de Castelo Branco, e por Ant\u00f3nio Silva e Fernanda Mendes, respetivamente Presidente da Dire\u00e7\u00e3o e Tesoureira da Dire\u00e7\u00e3o do Centro Social de Salgueiro do Campo.<\/p>\n","protected":false},"excerpt":{"rendered":"<ul>\n<li>A C\u00e2mara Municipal de Castelo Branco assinou um Protocolo de Coopera\u00e7\u00e3o Financeira para Apoio ao Investimento ao Centro Social de Salgueiro do Campo, no valor de 250.000 euros.<\/li>\n<li>O apoio destina\u2011se \u00e0 continua\u00e7\u00e3o das obras do Lar de Salgueiro do Campo, com 42 utentes no lar, 48 no servi\u00e7o de apoio domicili\u00e1rio e 30 no centro de dia.<\/li>\n<li>A verba cobre instala\u00e7\u00f5es de AVAC (aquecimento, ventila\u00e7\u00e3o e ar condicionado), infraestruturas de abastecimento e drenagem, rede de seguran\u00e7a, sistema de combate a inc\u00eandios, eletricidade, elevadores e estuque projetado.<\/li>\n<li>O im\u00f3vel \u00e9 propriedade do Centro Social de Salgueiro do Campo, que pediu apoio para a constru\u00e7\u00e3o do lar e a reabilita\u00e7\u00e3o do centro de dia.<\/li>\n<li>O protocolo foi assinado pelo presidente da C\u00e2mara, Leopoldo Rodrigues, e pelos membros da dire\u00e7\u00e3o do Centro Social de Salgueiro do Campo, Ant\u00f3nio Silva (presidente) e Fernanda Mendes (tesoureira).<\/li>\n<\/ul>\n","protected":false},"author":2,"featured_media":179132,"comment_status":"closed","ping_status":"closed","sticky":false,"template":"","format":"standard","meta":{"footnotes":""},"categories":[1],"tags":[1211,2172,1112,1167,2736,3605],"class_list":["post-179123","post","type-post","status-publish","format-standard","has-post-thumbnail","hentry","category-noticias","tag-apoio-social","tag-assistencia-social","tag-castelo-branco","tag-habitacao-social","tag-idosos","tag-resposta-social"],"yoast_head":"<!-- This site is optimized with the Yoast SEO plugin v27.2 - https:\/\/yoast.com\/product\/yoast-seo-wordpress\/ -->\n<title>Autarquia apoia lar e reabilita\u00e7\u00e3o do Centro de Dia em Salgueiro do Campo - Portal Tela Portugal<\/title>\n<meta name=\"robots\" content=\"index, follow, max-snippet:-1, max-image-preview:large, max-video-preview:-1\" \/>\n<meta property=\"og:locale\" content=\"pt_PT\" \/>\n<meta property=\"og:type\" content=\"article\" \/>\n<meta property=\"og:title\" content=\"Autarquia apoia lar e reabilita\u00e7\u00e3o do Centro de Dia em Salgueiro do Campo - Portal Tela Portugal\" \/>\n<meta property=\"og:description\" content=\"A C\u00e2mara Municipal de Castelo Branco assinou um Protocolo de Coopera\u00e7\u00e3o Financeira para Apoio ao Investimento ao Centro Social de Salgueiro do Campo, no valor de 250.000 euros. O apoio destina\u2011se \u00e0 continua\u00e7\u00e3o das obras do Lar de Salgueiro do Campo, com 42 utentes no lar, 48 no servi\u00e7o de apoio domicili\u00e1rio e 30 no centro de dia. A verba cobre instala\u00e7\u00f5es de AVAC (aquecimento, ventila\u00e7\u00e3o e ar condicionado), infraestruturas de abastecimento e drenagem, rede de seguran\u00e7a, sistema de combate a inc\u00eandios, eletricidade, elevadores e estuque projetado. O im\u00f3vel \u00e9 propriedade do Centro Social de Salgueiro do Campo, que pediu apoio para a constru\u00e7\u00e3o do lar e a reabilita\u00e7\u00e3o do centro de dia. O protocolo foi assinado pelo presidente da C\u00e2mara, Leopoldo Rodrigues, e pelos membros da dire\u00e7\u00e3o do Centro Social de Salgueiro do Campo, Ant\u00f3nio Silva (presidente) e Fernanda Mendes (tesoureira).\" \/>\n<meta property=\"og:url\" content=\"https:\/\/portaltela.pt\/noticias\/2026\/01\/28\/autarquia-apoia-lar-e-reabilitacao-do-centro-de-dia-em-salgueiro-do-campo\/\" \/>\n<meta property=\"og:site_name\" content=\"Portal Tela Portugal\" \/>\n<meta property=\"article:published_time\" content=\"2026-01-28T14:50:59+00:00\" \/>\n<meta name=\"author\" content=\"Telinha\" \/>\n<meta name=\"twitter:card\" content=\"summary_large_image\" \/>\n<meta name=\"twitter:label1\" content=\"Escrito por\" \/>\n\t<meta name=\"twitter:data1\" content=\"Telinha\" \/>\n\t<meta name=\"twitter:label2\" content=\"Tempo estimado de leitura\" \/>\n\t<meta name=\"twitter:data2\" content=\"1 minuto\" \/>\n<script type=\"application\/ld+json\" class=\"yoast-schema-graph\">{\"@context\":\"https:\/\/schema.org\",\"@graph\":[{\"@type\":\"Article\",\"@id\":\"https:\/\/portaltela.pt\/noticias\/2026\/01\/28\/autarquia-apoia-lar-e-reabilitacao-do-centro-de-dia-em-salgueiro-do-campo\/#article\",\"isPartOf\":{\"@id\":\"https:\/\/portaltela.pt\/noticias\/2026\/01\/28\/autarquia-apoia-lar-e-reabilitacao-do-centro-de-dia-em-salgueiro-do-campo\/\"},\"author\":{\"name\":\"Telinha\",\"@id\":\"https:\/\/portaltela.pt\/#\/schema\/person\/c4278d4a6028830caff9ee44b42d32ed\"},\"headline\":\"Autarquia apoia lar e reabilita\u00e7\u00e3o do Centro de Dia em Salgueiro do Campo\",\"datePublished\":\"2026-01-28T14:50:59+00:00\",\"mainEntityOfPage\":{\"@id\":\"https:\/\/portaltela.pt\/noticias\/2026\/01\/28\/autarquia-apoia-lar-e-reabilitacao-do-centro-de-dia-em-salgueiro-do-campo\/\"},\"wordCount\":261,\"image\":{\"@id\":\"https:\/\/portaltela.pt\/noticias\/2026\/01\/28\/autarquia-apoia-lar-e-reabilitacao-do-centro-de-dia-em-salgueiro-do-campo\/#primaryimage\"},\"thumbnailUrl\":\"https:\/\/portaltela.pt\/s.01k8rhncp4jt1\/2026\/01\/unnamed-file-5635.jpg\",\"keywords\":[\"Apoio Social\",\"assist\u00eancia social\",\"Castelo Branco\",\"habita\u00e7\u00e3o social\",\"idosos\",\"resposta social\"],\"articleSection\":[\"Not\u00edcias\"],\"inLanguage\":\"pt-PT\"},{\"@type\":\"WebPage\",\"@id\":\"https:\/\/portaltela.pt\/noticias\/2026\/01\/28\/autarquia-apoia-lar-e-reabilitacao-do-centro-de-dia-em-salgueiro-do-campo\/\",\"url\":\"https:\/\/portaltela.pt\/noticias\/2026\/01\/28\/autarquia-apoia-lar-e-reabilitacao-do-centro-de-dia-em-salgueiro-do-campo\/\",\"name\":\"Autarquia apoia lar e reabilita\u00e7\u00e3o do Centro de Dia em Salgueiro do Campo - Portal Tela Portugal\",\"isPartOf\":{\"@id\":\"https:\/\/portaltela.pt\/#website\"},\"primaryImageOfPage\":{\"@id\":\"https:\/\/portaltela.pt\/noticias\/2026\/01\/28\/autarquia-apoia-lar-e-reabilitacao-do-centro-de-dia-em-salgueiro-do-campo\/#primaryimage\"},\"image\":{\"@id\":\"https:\/\/portaltela.pt\/noticias\/2026\/01\/28\/autarquia-apoia-lar-e-reabilitacao-do-centro-de-dia-em-salgueiro-do-campo\/#primaryimage\"},\"thumbnailUrl\":\"https:\/\/portaltela.pt\/s.01k8rhncp4jt1\/2026\/01\/unnamed-file-5635.jpg\",\"datePublished\":\"2026-01-28T14:50:59+00:00\",\"author\":{\"@id\":\"https:\/\/portaltela.pt\/#\/schema\/person\/c4278d4a6028830caff9ee44b42d32ed\"},\"breadcrumb\":{\"@id\":\"https:\/\/portaltela.pt\/noticias\/2026\/01\/28\/autarquia-apoia-lar-e-reabilitacao-do-centro-de-dia-em-salgueiro-do-campo\/#breadcrumb\"},\"inLanguage\":\"pt-PT\",\"potentialAction\":[{\"@type\":\"ReadAction\",\"target\":[\"https:\/\/portaltela.pt\/noticias\/2026\/01\/28\/autarquia-apoia-lar-e-reabilitacao-do-centro-de-dia-em-salgueiro-do-campo\/\"]}]},{\"@type\":\"ImageObject\",\"inLanguage\":\"pt-PT\",\"@id\":\"https:\/\/portaltela.pt\/noticias\/2026\/01\/28\/autarquia-apoia-lar-e-reabilitacao-do-centro-de-dia-em-salgueiro-do-campo\/#primaryimage\",\"url\":\"https:\/\/portaltela.pt\/s.01k8rhncp4jt1\/2026\/01\/unnamed-file-5635.jpg\",\"contentUrl\":\"https:\/\/portaltela.pt\/s.01k8rhncp4jt1\/2026\/01\/unnamed-file-5635.jpg\",\"width\":796,\"height\":448,\"caption\":\"Autarquia apoia constru\u00e7\u00e3o do Lar e reabilita\u00e7\u00e3o do Centro de Dia de Salgueiro do Campo\"},{\"@type\":\"BreadcrumbList\",\"@id\":\"https:\/\/portaltela.pt\/noticias\/2026\/01\/28\/autarquia-apoia-lar-e-reabilitacao-do-centro-de-dia-em-salgueiro-do-campo\/#breadcrumb\",\"itemListElement\":[{\"@type\":\"ListItem\",\"position\":1,\"name\":\"In\u00edcio\",\"item\":\"https:\/\/portaltela.pt\/\"},{\"@type\":\"ListItem\",\"position\":2,\"name\":\"Autarquia apoia lar e reabilita\u00e7\u00e3o do Centro de Dia em Salgueiro do Campo\"}]},{\"@type\":\"WebSite\",\"@id\":\"https:\/\/portaltela.pt\/#website\",\"url\":\"https:\/\/portaltela.pt\/\",\"name\":\"Portal Tela Portugal\",\"description\":\"\",\"potentialAction\":[{\"@type\":\"SearchAction\",\"target\":{\"@type\":\"EntryPoint\",\"urlTemplate\":\"https:\/\/portaltela.pt\/?s={search_term_string}\"},\"query-input\":{\"@type\":\"PropertyValueSpecification\",\"valueRequired\":true,\"valueName\":\"search_term_string\"}}],\"inLanguage\":\"pt-PT\"},{\"@type\":\"Person\",\"@id\":\"https:\/\/portaltela.pt\/#\/schema\/person\/c4278d4a6028830caff9ee44b42d32ed\",\"name\":\"Telinha\",\"image\":{\"@type\":\"ImageObject\",\"inLanguage\":\"pt-PT\",\"@id\":\"https:\/\/portaltela.pt\/s.01k8rhncp4jt1\/2025\/11\/talking-bot-125x125.png\",\"url\":\"https:\/\/portaltela.pt\/s.01k8rhncp4jt1\/2025\/11\/talking-bot-125x125.png\",\"contentUrl\":\"https:\/\/portaltela.pt\/s.01k8rhncp4jt1\/2025\/11\/talking-bot-125x125.png\",\"caption\":\"Telinha\"},\"sameAs\":[\"https:\/\/portaltela.pt\/\"],\"url\":\"https:\/\/portaltela.pt\/por\/367410592786\/\"}]}<\/script>\n<!-- \/ Yoast SEO plugin. -->","yoast_head_json":{"title":"Autarquia apoia lar e reabilita\u00e7\u00e3o do Centro de Dia em Salgueiro do Campo - Portal Tela Portugal","robots":{"index":"index","follow":"follow","max-snippet":"max-snippet:-1","max-image-preview":"max-image-preview:large","max-video-preview":"max-video-preview:-1"},"og_locale":"pt_PT","og_type":"article","og_title":"Autarquia apoia lar e reabilita\u00e7\u00e3o do Centro de Dia em Salgueiro do Campo - Portal Tela Portugal","og_description":"A C\u00e2mara Municipal de Castelo Branco assinou um Protocolo de Coopera\u00e7\u00e3o Financeira para Apoio ao Investimento ao Centro Social de Salgueiro do Campo, no valor de 250.000 euros. O apoio destina\u2011se \u00e0 continua\u00e7\u00e3o das obras do Lar de Salgueiro do Campo, com 42 utentes no lar, 48 no servi\u00e7o de apoio domicili\u00e1rio e 30 no centro de dia. A verba cobre instala\u00e7\u00f5es de AVAC (aquecimento, ventila\u00e7\u00e3o e ar condicionado), infraestruturas de abastecimento e drenagem, rede de seguran\u00e7a, sistema de combate a inc\u00eandios, eletricidade, elevadores e estuque projetado. O im\u00f3vel \u00e9 propriedade do Centro Social de Salgueiro do Campo, que pediu apoio para a constru\u00e7\u00e3o do lar e a reabilita\u00e7\u00e3o do centro de dia. O protocolo foi assinado pelo presidente da C\u00e2mara, Leopoldo Rodrigues, e pelos membros da dire\u00e7\u00e3o do Centro Social de Salgueiro do Campo, Ant\u00f3nio Silva (presidente) e Fernanda Mendes (tesoureira).","og_url":"https:\/\/portaltela.pt\/noticias\/2026\/01\/28\/autarquia-apoia-lar-e-reabilitacao-do-centro-de-dia-em-salgueiro-do-campo\/","og_site_name":"Portal Tela Portugal","article_published_time":"2026-01-28T14:50:59+00:00","author":"Telinha","twitter_card":"summary_large_image","twitter_misc":{"Escrito por":"Telinha","Tempo estimado de leitura":"1 minuto"},"schema":{"@context":"https:\/\/schema.org","@graph":[{"@type":"Article","@id":"https:\/\/portaltela.pt\/noticias\/2026\/01\/28\/autarquia-apoia-lar-e-reabilitacao-do-centro-de-dia-em-salgueiro-do-campo\/#article","isPartOf":{"@id":"https:\/\/portaltela.pt\/noticias\/2026\/01\/28\/autarquia-apoia-lar-e-reabilitacao-do-centro-de-dia-em-salgueiro-do-campo\/"},"author":{"name":"Telinha","@id":"https:\/\/portaltela.pt\/#\/schema\/person\/c4278d4a6028830caff9ee44b42d32ed"},"headline":"Autarquia apoia lar e reabilita\u00e7\u00e3o do Centro de Dia em Salgueiro do Campo","datePublished":"2026-01-28T14:50:59+00:00","mainEntityOfPage":{"@id":"https:\/\/portaltela.pt\/noticias\/2026\/01\/28\/autarquia-apoia-lar-e-reabilitacao-do-centro-de-dia-em-salgueiro-do-campo\/"},"wordCount":261,"image":{"@id":"https:\/\/portaltela.pt\/noticias\/2026\/01\/28\/autarquia-apoia-lar-e-reabilitacao-do-centro-de-dia-em-salgueiro-do-campo\/#primaryimage"},"thumbnailUrl":"https:\/\/portaltela.pt\/s.01k8rhncp4jt1\/2026\/01\/unnamed-file-5635.jpg","keywords":["Apoio Social","assist\u00eancia social","Castelo Branco","habita\u00e7\u00e3o social","idosos","resposta social"],"articleSection":["Not\u00edcias"],"inLanguage":"pt-PT"},{"@type":"WebPage","@id":"https:\/\/portaltela.pt\/noticias\/2026\/01\/28\/autarquia-apoia-lar-e-reabilitacao-do-centro-de-dia-em-salgueiro-do-campo\/","url":"https:\/\/portaltela.pt\/noticias\/2026\/01\/28\/autarquia-apoia-lar-e-reabilitacao-do-centro-de-dia-em-salgueiro-do-campo\/","name":"Autarquia apoia lar e reabilita\u00e7\u00e3o do Centro de Dia em Salgueiro do Campo - Portal Tela Portugal","isPartOf":{"@id":"https:\/\/portaltela.pt\/#website"},"primaryImageOfPage":{"@id":"https:\/\/portaltela.pt\/noticias\/2026\/01\/28\/autarquia-apoia-lar-e-reabilitacao-do-centro-de-dia-em-salgueiro-do-campo\/#primaryimage"},"image":{"@id":"https:\/\/portaltela.pt\/noticias\/2026\/01\/28\/autarquia-apoia-lar-e-reabilitacao-do-centro-de-dia-em-salgueiro-do-campo\/#primaryimage"},"thumbnailUrl":"https:\/\/portaltela.pt\/s.01k8rhncp4jt1\/2026\/01\/unnamed-file-5635.jpg","datePublished":"2026-01-28T14:50:59+00:00","author":{"@id":"https:\/\/portaltela.pt\/#\/schema\/person\/c4278d4a6028830caff9ee44b42d32ed"},"breadcrumb":{"@id":"https:\/\/portaltela.pt\/noticias\/2026\/01\/28\/autarquia-apoia-lar-e-reabilitacao-do-centro-de-dia-em-salgueiro-do-campo\/#breadcrumb"},"inLanguage":"pt-PT","potentialAction":[{"@type":"ReadAction","target":["https:\/\/portaltela.pt\/noticias\/2026\/01\/28\/autarquia-apoia-lar-e-reabilitacao-do-centro-de-dia-em-salgueiro-do-campo\/"]}]},{"@type":"ImageObject","inLanguage":"pt-PT","@id":"https:\/\/portaltela.pt\/noticias\/2026\/01\/28\/autarquia-apoia-lar-e-reabilitacao-do-centro-de-dia-em-salgueiro-do-campo\/#primaryimage","url":"https:\/\/portaltela.pt\/s.01k8rhncp4jt1\/2026\/01\/unnamed-file-5635.jpg","contentUrl":"https:\/\/portaltela.pt\/s.01k8rhncp4jt1\/2026\/01\/unnamed-file-5635.jpg","width":796,"height":448,"caption":"Autarquia apoia constru\u00e7\u00e3o do Lar e reabilita\u00e7\u00e3o do Centro de Dia de Salgueiro do Campo"},{"@type":"BreadcrumbList","@id":"https:\/\/portaltela.pt\/noticias\/2026\/01\/28\/autarquia-apoia-lar-e-reabilitacao-do-centro-de-dia-em-salgueiro-do-campo\/#breadcrumb","itemListElement":[{"@type":"ListItem","position":1,"name":"In\u00edcio","item":"https:\/\/portaltela.pt\/"},{"@type":"ListItem","position":2,"name":"Autarquia apoia lar e reabilita\u00e7\u00e3o do Centro de Dia em Salgueiro do Campo"}]},{"@type":"WebSite","@id":"https:\/\/portaltela.pt\/#website","url":"https:\/\/portaltela.pt\/","name":"Portal Tela Portugal","description":"","potentialAction":[{"@type":"SearchAction","target":{"@type":"EntryPoint","urlTemplate":"https:\/\/portaltela.pt\/?s={search_term_string}"},"query-input":{"@type":"PropertyValueSpecification","valueRequired":true,"valueName":"search_term_string"}}],"inLanguage":"pt-PT"},{"@type":"Person","@id":"https:\/\/portaltela.pt\/#\/schema\/person\/c4278d4a6028830caff9ee44b42d32ed","name":"Telinha","image":{"@type":"ImageObject","inLanguage":"pt-PT","@id":"https:\/\/portaltela.pt\/s.01k8rhncp4jt1\/2025\/11\/talking-bot-125x125.png","url":"https:\/\/portaltela.pt\/s.01k8rhncp4jt1\/2025\/11\/talking-bot-125x125.png","contentUrl":"https:\/\/portaltela.pt\/s.01k8rhncp4jt1\/2025\/11\/talking-bot-125x125.png","caption":"Telinha"},"sameAs":["https:\/\/portaltela.pt\/"],"url":"https:\/\/portaltela.pt\/por\/367410592786\/"}]}},"_links":{"self":[{"href":"https:\/\/portaltela.pt\/api\/wp\/v2\/posts\/179123","targetHints":{"allow":["GET"]}}],"collection":[{"href":"https:\/\/portaltela.pt\/api\/wp\/v2\/posts"}],"about":[{"href":"https:\/\/portaltela.pt\/api\/wp\/v2\/types\/post"}],"author":[{"embeddable":true,"href":"https:\/\/portaltela.pt\/api\/wp\/v2\/users\/2"}],"replies":[{"embeddable":true,"href":"https:\/\/portaltela.pt\/api\/wp\/v2\/comments?post=179123"}],"version-history":[{"count":0,"href":"https:\/\/portaltela.pt\/api\/wp\/v2\/posts\/179123\/revisions"}],"wp:featuredmedia":[{"embeddable":true,"href":"https:\/\/portaltela.pt\/api\/wp\/v2\/media\/179132"}],"wp:attachment":[{"href":"https:\/\/portaltela.pt\/api\/wp\/v2\/media?parent=179123"}],"wp:term":[{"taxonomy":"category","embeddable":true,"href":"https:\/\/portaltela.pt\/api\/wp\/v2\/categories?post=179123"},{"taxonomy":"post_tag","embeddable":true,"href":"https:\/\/portaltela.pt\/api\/wp\/v2\/tags?post=179123"}],"curies":[{"name":"wp","href":"https:\/\/api.w.org\/{rel}","templated":true}]}}