{"id":179112,"date":"2026-01-28T11:56:00","date_gmt":"2026-01-28T14:56:00","guid":{"rendered":"https:\/\/portaltela.pt\/noticias\/2026\/01\/28\/jovem-detido-por-alegado-abuso-de-vizinha-de-12-anos-em-vila-franca-de-xira\/"},"modified":"2026-01-28T11:56:00","modified_gmt":"2026-01-28T14:56:00","slug":"jovem-detido-por-alegado-abuso-de-vizinha-de-12-anos-em-vila-franca-de-xira","status":"publish","type":"post","link":"https:\/\/portaltela.pt\/noticias\/2026\/01\/28\/jovem-detido-por-alegado-abuso-de-vizinha-de-12-anos-em-vila-franca-de-xira\/","title":{"rendered":"Jovem detido por alegado abuso de vizinha de 12 anos em Vila Franca de Xira"},"content":{"rendered":"<p>Um jovem de 20 anos foi detido por abuso sexual de uma menina de 12 anos em Vila Franca de Xira, no distrito de Lisboa, durante o ver\u00e3o de 2025. A deten\u00e7\u00e3o ocorreu na sequ\u00eancia de investiga\u00e7\u00f5es da Pol\u00edcia Judici\u00e1ria (PJ), segundo o designated.<\/p>\n<p>A PJ aponta que o arguido est\u00e1 fortemente indiciado por crimes de abuso sexual de menores agravado e pornografia de menores, praticados contra a v\u00edtima que reside no mesmo pr\u00e9dio, lado a lado com a fam\u00edlia do suspeito. O contexto de vizinhan\u00e7a facilita o contacto.<\/p>\n<p>Segundo os elementos da investiga\u00e7\u00e3o, o homem criou uma rela\u00e7\u00e3o de confian\u00e7a ao longo dos anos e aproveitou a vulnerabilidade da menor para a seduzir e consumar os abusos, inicialmente em segredo. Os factos chegaram ao conhecimento escolar e foram reportados ao piquete da PJ.<\/p>\n<p>A instru\u00e7\u00e3o aponta para a exist\u00eancia de um perfil de abusador sexual e de pornografia de menores, o que levou \u00e0 ativa\u00e7\u00e3o de mandados de busca domicili\u00e1ria e de deten\u00e7\u00e3o. O detido ser\u00e1 apresentado hoje a primeiro interrogat\u00f3rio de arguido detido para aplica\u00e7\u00e3o de medidas de coa\u00e7\u00e3o, com possibilidade de surgirem novas v\u00edtimas online.<\/p>\n","protected":false},"excerpt":{"rendered":"<ul>\n<li>Um homem de 20 anos foi detido por abuso sexual de uma menina de 12 anos, ocorrido no ver\u00e3o de 2025, em Vila Franca de Xira, distrito de Lisboa.<\/li>\n<li>A Pol\u00edcia Judici\u00e1ria indica que o suspeito est\u00e1 fortemente indiciado por crimes de abuso sexual de menores agravado e pornografia de menores, cometidos contra a menor no contexto de vizinhan\u00e7a.<\/li>\n<li>Os factos ocorreram na resid\u00eancia do suspeito, que mora no mesmo pr\u00e9dio da v\u00edtima e da sua fam\u00edlia, permitindo-lhe conhecer rotinas e din\u00e2micas familiares.<\/li>\n<li>A PJ refere ter-se baseado numa rela\u00e7\u00e3o de confian\u00e7a entre o suspeito e a v\u00edtima para a seduzir e concretizar v\u00e1rios crimes contra a sua autodetermina\u00e7\u00e3o sexual, com a menor a manter segredo inicialmente.<\/li>\n<li>Foi poss\u00edvel confirmar a suspeita ap\u00f3s dilig\u00eancias da PJ, com mandados de busca domicili\u00e1ria e de deten\u00e7\u00e3o, e j\u00e1 se identifica a exist\u00eancia de outras potenciais v\u00edtimas online; o detido ser\u00e1 apresentado ao interrogat\u00f3rio de arguido no dia de hoje.<\/li>\n<\/ul>\n","protected":false},"author":2,"featured_media":179127,"comment_status":"closed","ping_status":"closed","sticky":false,"template":"","format":"standard","meta":{"footnotes":""},"categories":[1],"tags":[1796,2089,4139,215,1802,1432],"class_list":["post-179112","post","type-post","status-publish","format-standard","has-post-thumbnail","hentry","category-noticias","tag-abuso-sexual-de-menor-dependente","tag-crimes-sexuais-contra-criancas","tag-detencao","tag-investigacao","tag-policia-judiciaria","tag-pornografia-de-menores"],"yoast_head":"<!-- This site is optimized with the Yoast SEO plugin v27.2 - https:\/\/yoast.com\/product\/yoast-seo-wordpress\/ -->\n<title>Jovem detido por alegado abuso de vizinha de 12 anos em Vila Franca de Xira - Portal Tela Portugal<\/title>\n<meta name=\"robots\" content=\"index, follow, max-snippet:-1, max-image-preview:large, max-video-preview:-1\" \/>\n<meta property=\"og:locale\" content=\"pt_PT\" \/>\n<meta property=\"og:type\" content=\"article\" \/>\n<meta property=\"og:title\" content=\"Jovem detido por alegado abuso de vizinha de 12 anos em Vila Franca de Xira - Portal Tela Portugal\" \/>\n<meta property=\"og:description\" content=\"Um homem de 20 anos foi detido por abuso sexual de uma menina de 12 anos, ocorrido no ver\u00e3o de 2025, em Vila Franca de Xira, distrito de Lisboa. A Pol\u00edcia Judici\u00e1ria indica que o suspeito est\u00e1 fortemente indiciado por crimes de abuso sexual de menores agravado e pornografia de menores, cometidos contra a menor no contexto de vizinhan\u00e7a. Os factos ocorreram na resid\u00eancia do suspeito, que mora no mesmo pr\u00e9dio da v\u00edtima e da sua fam\u00edlia, permitindo-lhe conhecer rotinas e din\u00e2micas familiares. A PJ refere ter-se baseado numa rela\u00e7\u00e3o de confian\u00e7a entre o suspeito e a v\u00edtima para a seduzir e concretizar v\u00e1rios crimes contra a sua autodetermina\u00e7\u00e3o sexual, com a menor a manter segredo inicialmente. Foi poss\u00edvel confirmar a suspeita ap\u00f3s dilig\u00eancias da PJ, com mandados de busca domicili\u00e1ria e de deten\u00e7\u00e3o, e j\u00e1 se identifica a exist\u00eancia de outras potenciais v\u00edtimas online; o detido ser\u00e1 apresentado ao interrogat\u00f3rio de arguido no dia de hoje.\" \/>\n<meta property=\"og:url\" content=\"https:\/\/portaltela.pt\/noticias\/2026\/01\/28\/jovem-detido-por-alegado-abuso-de-vizinha-de-12-anos-em-vila-franca-de-xira\/\" \/>\n<meta property=\"og:site_name\" content=\"Portal Tela Portugal\" \/>\n<meta property=\"article:published_time\" content=\"2026-01-28T14:56:00+00:00\" \/>\n<meta name=\"author\" content=\"Telinha\" \/>\n<meta name=\"twitter:card\" content=\"summary_large_image\" \/>\n<meta name=\"twitter:label1\" content=\"Escrito por\" \/>\n\t<meta name=\"twitter:data1\" content=\"Telinha\" \/>\n\t<meta name=\"twitter:label2\" content=\"Tempo estimado de leitura\" \/>\n\t<meta name=\"twitter:data2\" content=\"1 minuto\" \/>\n<script type=\"application\/ld+json\" class=\"yoast-schema-graph\">{\"@context\":\"https:\/\/schema.org\",\"@graph\":[{\"@type\":\"Article\",\"@id\":\"https:\/\/portaltela.pt\/noticias\/2026\/01\/28\/jovem-detido-por-alegado-abuso-de-vizinha-de-12-anos-em-vila-franca-de-xira\/#article\",\"isPartOf\":{\"@id\":\"https:\/\/portaltela.pt\/noticias\/2026\/01\/28\/jovem-detido-por-alegado-abuso-de-vizinha-de-12-anos-em-vila-franca-de-xira\/\"},\"author\":{\"name\":\"Telinha\",\"@id\":\"https:\/\/portaltela.pt\/#\/schema\/person\/c4278d4a6028830caff9ee44b42d32ed\"},\"headline\":\"Jovem detido por alegado abuso de vizinha de 12 anos em Vila Franca de Xira\",\"datePublished\":\"2026-01-28T14:56:00+00:00\",\"mainEntityOfPage\":{\"@id\":\"https:\/\/portaltela.pt\/noticias\/2026\/01\/28\/jovem-detido-por-alegado-abuso-de-vizinha-de-12-anos-em-vila-franca-de-xira\/\"},\"wordCount\":220,\"image\":{\"@id\":\"https:\/\/portaltela.pt\/noticias\/2026\/01\/28\/jovem-detido-por-alegado-abuso-de-vizinha-de-12-anos-em-vila-franca-de-xira\/#primaryimage\"},\"thumbnailUrl\":\"https:\/\/portaltela.pt\/s.01k8rhncp4jt1\/2026\/01\/image-1968.jpg\",\"keywords\":[\"abuso sexual de menor dependente\",\"crimes sexuais contra crian\u00e7as\",\"deten\u00e7\u00e3o\",\"investiga\u00e7\u00e3o\",\"Pol\u00edcia Judici\u00e1ria\",\"pornografia de menores\"],\"articleSection\":[\"Not\u00edcias\"],\"inLanguage\":\"pt-PT\"},{\"@type\":\"WebPage\",\"@id\":\"https:\/\/portaltela.pt\/noticias\/2026\/01\/28\/jovem-detido-por-alegado-abuso-de-vizinha-de-12-anos-em-vila-franca-de-xira\/\",\"url\":\"https:\/\/portaltela.pt\/noticias\/2026\/01\/28\/jovem-detido-por-alegado-abuso-de-vizinha-de-12-anos-em-vila-franca-de-xira\/\",\"name\":\"Jovem detido por alegado abuso de vizinha de 12 anos em Vila Franca de Xira - Portal Tela Portugal\",\"isPartOf\":{\"@id\":\"https:\/\/portaltela.pt\/#website\"},\"primaryImageOfPage\":{\"@id\":\"https:\/\/portaltela.pt\/noticias\/2026\/01\/28\/jovem-detido-por-alegado-abuso-de-vizinha-de-12-anos-em-vila-franca-de-xira\/#primaryimage\"},\"image\":{\"@id\":\"https:\/\/portaltela.pt\/noticias\/2026\/01\/28\/jovem-detido-por-alegado-abuso-de-vizinha-de-12-anos-em-vila-franca-de-xira\/#primaryimage\"},\"thumbnailUrl\":\"https:\/\/portaltela.pt\/s.01k8rhncp4jt1\/2026\/01\/image-1968.jpg\",\"datePublished\":\"2026-01-28T14:56:00+00:00\",\"author\":{\"@id\":\"https:\/\/portaltela.pt\/#\/schema\/person\/c4278d4a6028830caff9ee44b42d32ed\"},\"breadcrumb\":{\"@id\":\"https:\/\/portaltela.pt\/noticias\/2026\/01\/28\/jovem-detido-por-alegado-abuso-de-vizinha-de-12-anos-em-vila-franca-de-xira\/#breadcrumb\"},\"inLanguage\":\"pt-PT\",\"potentialAction\":[{\"@type\":\"ReadAction\",\"target\":[\"https:\/\/portaltela.pt\/noticias\/2026\/01\/28\/jovem-detido-por-alegado-abuso-de-vizinha-de-12-anos-em-vila-franca-de-xira\/\"]}]},{\"@type\":\"ImageObject\",\"inLanguage\":\"pt-PT\",\"@id\":\"https:\/\/portaltela.pt\/noticias\/2026\/01\/28\/jovem-detido-por-alegado-abuso-de-vizinha-de-12-anos-em-vila-franca-de-xira\/#primaryimage\",\"url\":\"https:\/\/portaltela.pt\/s.01k8rhncp4jt1\/2026\/01\/image-1968.jpg\",\"contentUrl\":\"https:\/\/portaltela.pt\/s.01k8rhncp4jt1\/2026\/01\/image-1968.jpg\",\"width\":796,\"height\":448,\"caption\":\"Foto: Pedro Correia\/Arquivo\"},{\"@type\":\"BreadcrumbList\",\"@id\":\"https:\/\/portaltela.pt\/noticias\/2026\/01\/28\/jovem-detido-por-alegado-abuso-de-vizinha-de-12-anos-em-vila-franca-de-xira\/#breadcrumb\",\"itemListElement\":[{\"@type\":\"ListItem\",\"position\":1,\"name\":\"In\u00edcio\",\"item\":\"https:\/\/portaltela.pt\/\"},{\"@type\":\"ListItem\",\"position\":2,\"name\":\"Jovem detido por alegado abuso de vizinha de 12 anos em Vila Franca de Xira\"}]},{\"@type\":\"WebSite\",\"@id\":\"https:\/\/portaltela.pt\/#website\",\"url\":\"https:\/\/portaltela.pt\/\",\"name\":\"Portal Tela Portugal\",\"description\":\"\",\"potentialAction\":[{\"@type\":\"SearchAction\",\"target\":{\"@type\":\"EntryPoint\",\"urlTemplate\":\"https:\/\/portaltela.pt\/?s={search_term_string}\"},\"query-input\":{\"@type\":\"PropertyValueSpecification\",\"valueRequired\":true,\"valueName\":\"search_term_string\"}}],\"inLanguage\":\"pt-PT\"},{\"@type\":\"Person\",\"@id\":\"https:\/\/portaltela.pt\/#\/schema\/person\/c4278d4a6028830caff9ee44b42d32ed\",\"name\":\"Telinha\",\"image\":{\"@type\":\"ImageObject\",\"inLanguage\":\"pt-PT\",\"@id\":\"https:\/\/portaltela.pt\/s.01k8rhncp4jt1\/2025\/11\/talking-bot-125x125.png\",\"url\":\"https:\/\/portaltela.pt\/s.01k8rhncp4jt1\/2025\/11\/talking-bot-125x125.png\",\"contentUrl\":\"https:\/\/portaltela.pt\/s.01k8rhncp4jt1\/2025\/11\/talking-bot-125x125.png\",\"caption\":\"Telinha\"},\"sameAs\":[\"https:\/\/portaltela.pt\/\"],\"url\":\"https:\/\/portaltela.pt\/por\/367410592786\/\"}]}<\/script>\n<!-- \/ Yoast SEO plugin. -->","yoast_head_json":{"title":"Jovem detido por alegado abuso de vizinha de 12 anos em Vila Franca de Xira - Portal Tela Portugal","robots":{"index":"index","follow":"follow","max-snippet":"max-snippet:-1","max-image-preview":"max-image-preview:large","max-video-preview":"max-video-preview:-1"},"og_locale":"pt_PT","og_type":"article","og_title":"Jovem detido por alegado abuso de vizinha de 12 anos em Vila Franca de Xira - Portal Tela Portugal","og_description":"Um homem de 20 anos foi detido por abuso sexual de uma menina de 12 anos, ocorrido no ver\u00e3o de 2025, em Vila Franca de Xira, distrito de Lisboa. A Pol\u00edcia Judici\u00e1ria indica que o suspeito est\u00e1 fortemente indiciado por crimes de abuso sexual de menores agravado e pornografia de menores, cometidos contra a menor no contexto de vizinhan\u00e7a. Os factos ocorreram na resid\u00eancia do suspeito, que mora no mesmo pr\u00e9dio da v\u00edtima e da sua fam\u00edlia, permitindo-lhe conhecer rotinas e din\u00e2micas familiares. A PJ refere ter-se baseado numa rela\u00e7\u00e3o de confian\u00e7a entre o suspeito e a v\u00edtima para a seduzir e concretizar v\u00e1rios crimes contra a sua autodetermina\u00e7\u00e3o sexual, com a menor a manter segredo inicialmente. Foi poss\u00edvel confirmar a suspeita ap\u00f3s dilig\u00eancias da PJ, com mandados de busca domicili\u00e1ria e de deten\u00e7\u00e3o, e j\u00e1 se identifica a exist\u00eancia de outras potenciais v\u00edtimas online; o detido ser\u00e1 apresentado ao interrogat\u00f3rio de arguido no dia de hoje.","og_url":"https:\/\/portaltela.pt\/noticias\/2026\/01\/28\/jovem-detido-por-alegado-abuso-de-vizinha-de-12-anos-em-vila-franca-de-xira\/","og_site_name":"Portal Tela Portugal","article_published_time":"2026-01-28T14:56:00+00:00","author":"Telinha","twitter_card":"summary_large_image","twitter_misc":{"Escrito por":"Telinha","Tempo estimado de leitura":"1 minuto"},"schema":{"@context":"https:\/\/schema.org","@graph":[{"@type":"Article","@id":"https:\/\/portaltela.pt\/noticias\/2026\/01\/28\/jovem-detido-por-alegado-abuso-de-vizinha-de-12-anos-em-vila-franca-de-xira\/#article","isPartOf":{"@id":"https:\/\/portaltela.pt\/noticias\/2026\/01\/28\/jovem-detido-por-alegado-abuso-de-vizinha-de-12-anos-em-vila-franca-de-xira\/"},"author":{"name":"Telinha","@id":"https:\/\/portaltela.pt\/#\/schema\/person\/c4278d4a6028830caff9ee44b42d32ed"},"headline":"Jovem detido por alegado abuso de vizinha de 12 anos em Vila Franca de Xira","datePublished":"2026-01-28T14:56:00+00:00","mainEntityOfPage":{"@id":"https:\/\/portaltela.pt\/noticias\/2026\/01\/28\/jovem-detido-por-alegado-abuso-de-vizinha-de-12-anos-em-vila-franca-de-xira\/"},"wordCount":220,"image":{"@id":"https:\/\/portaltela.pt\/noticias\/2026\/01\/28\/jovem-detido-por-alegado-abuso-de-vizinha-de-12-anos-em-vila-franca-de-xira\/#primaryimage"},"thumbnailUrl":"https:\/\/portaltela.pt\/s.01k8rhncp4jt1\/2026\/01\/image-1968.jpg","keywords":["abuso sexual de menor dependente","crimes sexuais contra crian\u00e7as","deten\u00e7\u00e3o","investiga\u00e7\u00e3o","Pol\u00edcia Judici\u00e1ria","pornografia de menores"],"articleSection":["Not\u00edcias"],"inLanguage":"pt-PT"},{"@type":"WebPage","@id":"https:\/\/portaltela.pt\/noticias\/2026\/01\/28\/jovem-detido-por-alegado-abuso-de-vizinha-de-12-anos-em-vila-franca-de-xira\/","url":"https:\/\/portaltela.pt\/noticias\/2026\/01\/28\/jovem-detido-por-alegado-abuso-de-vizinha-de-12-anos-em-vila-franca-de-xira\/","name":"Jovem detido por alegado abuso de vizinha de 12 anos em Vila Franca de Xira - Portal Tela Portugal","isPartOf":{"@id":"https:\/\/portaltela.pt\/#website"},"primaryImageOfPage":{"@id":"https:\/\/portaltela.pt\/noticias\/2026\/01\/28\/jovem-detido-por-alegado-abuso-de-vizinha-de-12-anos-em-vila-franca-de-xira\/#primaryimage"},"image":{"@id":"https:\/\/portaltela.pt\/noticias\/2026\/01\/28\/jovem-detido-por-alegado-abuso-de-vizinha-de-12-anos-em-vila-franca-de-xira\/#primaryimage"},"thumbnailUrl":"https:\/\/portaltela.pt\/s.01k8rhncp4jt1\/2026\/01\/image-1968.jpg","datePublished":"2026-01-28T14:56:00+00:00","author":{"@id":"https:\/\/portaltela.pt\/#\/schema\/person\/c4278d4a6028830caff9ee44b42d32ed"},"breadcrumb":{"@id":"https:\/\/portaltela.pt\/noticias\/2026\/01\/28\/jovem-detido-por-alegado-abuso-de-vizinha-de-12-anos-em-vila-franca-de-xira\/#breadcrumb"},"inLanguage":"pt-PT","potentialAction":[{"@type":"ReadAction","target":["https:\/\/portaltela.pt\/noticias\/2026\/01\/28\/jovem-detido-por-alegado-abuso-de-vizinha-de-12-anos-em-vila-franca-de-xira\/"]}]},{"@type":"ImageObject","inLanguage":"pt-PT","@id":"https:\/\/portaltela.pt\/noticias\/2026\/01\/28\/jovem-detido-por-alegado-abuso-de-vizinha-de-12-anos-em-vila-franca-de-xira\/#primaryimage","url":"https:\/\/portaltela.pt\/s.01k8rhncp4jt1\/2026\/01\/image-1968.jpg","contentUrl":"https:\/\/portaltela.pt\/s.01k8rhncp4jt1\/2026\/01\/image-1968.jpg","width":796,"height":448,"caption":"Foto: Pedro Correia\/Arquivo"},{"@type":"BreadcrumbList","@id":"https:\/\/portaltela.pt\/noticias\/2026\/01\/28\/jovem-detido-por-alegado-abuso-de-vizinha-de-12-anos-em-vila-franca-de-xira\/#breadcrumb","itemListElement":[{"@type":"ListItem","position":1,"name":"In\u00edcio","item":"https:\/\/portaltela.pt\/"},{"@type":"ListItem","position":2,"name":"Jovem detido por alegado abuso de vizinha de 12 anos em Vila Franca de Xira"}]},{"@type":"WebSite","@id":"https:\/\/portaltela.pt\/#website","url":"https:\/\/portaltela.pt\/","name":"Portal Tela Portugal","description":"","potentialAction":[{"@type":"SearchAction","target":{"@type":"EntryPoint","urlTemplate":"https:\/\/portaltela.pt\/?s={search_term_string}"},"query-input":{"@type":"PropertyValueSpecification","valueRequired":true,"valueName":"search_term_string"}}],"inLanguage":"pt-PT"},{"@type":"Person","@id":"https:\/\/portaltela.pt\/#\/schema\/person\/c4278d4a6028830caff9ee44b42d32ed","name":"Telinha","image":{"@type":"ImageObject","inLanguage":"pt-PT","@id":"https:\/\/portaltela.pt\/s.01k8rhncp4jt1\/2025\/11\/talking-bot-125x125.png","url":"https:\/\/portaltela.pt\/s.01k8rhncp4jt1\/2025\/11\/talking-bot-125x125.png","contentUrl":"https:\/\/portaltela.pt\/s.01k8rhncp4jt1\/2025\/11\/talking-bot-125x125.png","caption":"Telinha"},"sameAs":["https:\/\/portaltela.pt\/"],"url":"https:\/\/portaltela.pt\/por\/367410592786\/"}]}},"_links":{"self":[{"href":"https:\/\/portaltela.pt\/api\/wp\/v2\/posts\/179112","targetHints":{"allow":["GET"]}}],"collection":[{"href":"https:\/\/portaltela.pt\/api\/wp\/v2\/posts"}],"about":[{"href":"https:\/\/portaltela.pt\/api\/wp\/v2\/types\/post"}],"author":[{"embeddable":true,"href":"https:\/\/portaltela.pt\/api\/wp\/v2\/users\/2"}],"replies":[{"embeddable":true,"href":"https:\/\/portaltela.pt\/api\/wp\/v2\/comments?post=179112"}],"version-history":[{"count":0,"href":"https:\/\/portaltela.pt\/api\/wp\/v2\/posts\/179112\/revisions"}],"wp:featuredmedia":[{"embeddable":true,"href":"https:\/\/portaltela.pt\/api\/wp\/v2\/media\/179127"}],"wp:attachment":[{"href":"https:\/\/portaltela.pt\/api\/wp\/v2\/media?parent=179112"}],"wp:term":[{"taxonomy":"category","embeddable":true,"href":"https:\/\/portaltela.pt\/api\/wp\/v2\/categories?post=179112"},{"taxonomy":"post_tag","embeddable":true,"href":"https:\/\/portaltela.pt\/api\/wp\/v2\/tags?post=179112"}],"curies":[{"name":"wp","href":"https:\/\/api.w.org\/{rel}","templated":true}]}}