{"id":179065,"date":"2026-01-28T11:37:44","date_gmt":"2026-01-28T14:37:44","guid":{"rendered":"https:\/\/portaltela.pt\/noticias\/2026\/01\/28\/associacao-do-budo-do-marco-soma-cinco-podios-em-karate\/"},"modified":"2026-01-28T11:37:44","modified_gmt":"2026-01-28T14:37:44","slug":"associacao-do-budo-do-marco-soma-cinco-podios-em-karate","status":"publish","type":"post","link":"https:\/\/portaltela.pt\/desporto\/2026\/01\/28\/associacao-do-budo-do-marco-soma-cinco-podios-em-karate\/","title":{"rendered":"Associa\u00e7\u00e3o do Budo do Marco soma cinco p\u00f3dios em karate"},"content":{"rendered":"<p>A Associa\u00e7\u00e3o do Budo do Marco (ABM) conquistou cinco trof\u00e9us no 31.\u00ba Grande Torneio de Karate de Vila das Aves, em Santo Tirso, a 17 de janeiro. A prova reuniu perto de 800 atletas, com a ABM a levar 11 elementos, apoiados por dois treinadores.<\/p>\n<p>No conjunto de resultados da ABM, destacam-se dois segundos lugares: Carolina Teixeira, kumite feminino 10-11 anos, -37 kg; Rita Ferreira, feminino 14-15 anos, -54 kg; e Diogo Alves, masculino 16-17 anos, -76 kg. Entre os terceiros lugares ficaram Diogo, kumite masculino +18 anos, -75 kg, e Lara Gomes, feminino 14-15 anos, -61 kg.<\/p>\n<p>O treinador Davide Fernandes referiu que ainda h\u00e1 muito a melhorar, mas destacou a consist\u00eancia e o empenho dos atletas, mostrando confian\u00e7a na obten\u00e7\u00e3o de resultados mais regulares no futuro. A dire\u00e7\u00e3o da ABM felicitou todos os participantes e treinadores, com um agradecimento especial aos pais pelo apoio.<\/p>\n","protected":false},"excerpt":{"rendered":"<ul>\n<li>A Associa\u00e7\u00e3o do Budo do Marco conquistou cinco trof\u00e9us no 31.\u00ba Grande Torneio de Karate de Vila das Aves, em Santo Tirso, no dia 17 de janeiro, com cerca de 800 atletas.<\/li>\n<li>Participaram 11 atletas da ABM, acompanhados por dois treinadores.<\/li>\n<li>Segundos lugares ficaram com Carolina Teixeira (kumite feminino 10-11 anos, -37 kg), Rita Ferreira (feminino 14-15 anos, -54 kg) e Diogo Alves (masculino 16-17 anos, -76 kg).<\/li>\n<li>Terceiros lugares foram obtidos por Diogo (kumite masculino +18 anos, -75 kg) e Lara Gomes (feminino 14-15 anos, -61 kg).<\/li>\n<li>O treinador Davide Fernandes afirmou que ainda h\u00e1 muito a melhorar, destacando consist\u00eancia e empenho, e a dire\u00e7\u00e3o agradeceu aos participantes, treinadores e aos pais.<\/li>\n<\/ul>\n","protected":false},"author":2,"featured_media":179072,"comment_status":"closed","ping_status":"closed","sticky":false,"template":"","format":"standard","meta":{"footnotes":""},"categories":[21],"tags":[1264,252,152,2738,2928,1146],"class_list":["post-179065","post","type-post","status-publish","format-standard","has-post-thumbnail","hentry","category-desporto","tag-associacao-desportiva","tag-atletas","tag-desporto","tag-infantis","tag-juvenis","tag-santo-tirso"],"yoast_head":"<!-- This site is optimized with the Yoast SEO plugin v27.2 - https:\/\/yoast.com\/product\/yoast-seo-wordpress\/ -->\n<title>Associa\u00e7\u00e3o do Budo do Marco soma cinco p\u00f3dios em karate - Portal Tela Portugal<\/title>\n<meta name=\"robots\" content=\"index, follow, max-snippet:-1, max-image-preview:large, max-video-preview:-1\" \/>\n<meta property=\"og:locale\" content=\"pt_PT\" \/>\n<meta property=\"og:type\" content=\"article\" \/>\n<meta property=\"og:title\" content=\"Associa\u00e7\u00e3o do Budo do Marco soma cinco p\u00f3dios em karate - Portal Tela Portugal\" \/>\n<meta property=\"og:description\" content=\"A Associa\u00e7\u00e3o do Budo do Marco conquistou cinco trof\u00e9us no 31.\u00ba Grande Torneio de Karate de Vila das Aves, em Santo Tirso, no dia 17 de janeiro, com cerca de 800 atletas. Participaram 11 atletas da ABM, acompanhados por dois treinadores. Segundos lugares ficaram com Carolina Teixeira (kumite feminino 10-11 anos, -37 kg), Rita Ferreira (feminino 14-15 anos, -54 kg) e Diogo Alves (masculino 16-17 anos, -76 kg). Terceiros lugares foram obtidos por Diogo (kumite masculino +18 anos, -75 kg) e Lara Gomes (feminino 14-15 anos, -61 kg). O treinador Davide Fernandes afirmou que ainda h\u00e1 muito a melhorar, destacando consist\u00eancia e empenho, e a dire\u00e7\u00e3o agradeceu aos participantes, treinadores e aos pais.\" \/>\n<meta property=\"og:url\" content=\"https:\/\/portaltela.pt\/noticias\/2026\/01\/28\/associacao-do-budo-do-marco-soma-cinco-podios-em-karate\/\" \/>\n<meta property=\"og:site_name\" content=\"Portal Tela Portugal\" \/>\n<meta property=\"article:published_time\" content=\"2026-01-28T14:37:44+00:00\" \/>\n<meta name=\"author\" content=\"Telinha\" \/>\n<meta name=\"twitter:card\" content=\"summary_large_image\" \/>\n<meta name=\"twitter:label1\" content=\"Escrito por\" \/>\n\t<meta name=\"twitter:data1\" content=\"Telinha\" \/>\n\t<meta name=\"twitter:label2\" content=\"Tempo estimado de leitura\" \/>\n\t<meta name=\"twitter:data2\" content=\"1 minuto\" \/>\n<script type=\"application\/ld+json\" class=\"yoast-schema-graph\">{\"@context\":\"https:\/\/schema.org\",\"@graph\":[{\"@type\":\"Article\",\"@id\":\"https:\/\/portaltela.pt\/noticias\/2026\/01\/28\/associacao-do-budo-do-marco-soma-cinco-podios-em-karate\/#article\",\"isPartOf\":{\"@id\":\"https:\/\/portaltela.pt\/noticias\/2026\/01\/28\/associacao-do-budo-do-marco-soma-cinco-podios-em-karate\/\"},\"author\":{\"name\":\"Telinha\",\"@id\":\"https:\/\/portaltela.pt\/#\/schema\/person\/c4278d4a6028830caff9ee44b42d32ed\"},\"headline\":\"Associa\u00e7\u00e3o do Budo do Marco soma cinco p\u00f3dios em karate\",\"datePublished\":\"2026-01-28T14:37:44+00:00\",\"mainEntityOfPage\":{\"@id\":\"https:\/\/portaltela.pt\/noticias\/2026\/01\/28\/associacao-do-budo-do-marco-soma-cinco-podios-em-karate\/\"},\"wordCount\":159,\"image\":{\"@id\":\"https:\/\/portaltela.pt\/noticias\/2026\/01\/28\/associacao-do-budo-do-marco-soma-cinco-podios-em-karate\/#primaryimage\"},\"thumbnailUrl\":\"https:\/\/portaltela.pt\/s.01k8rhncp4jt1\/2026\/01\/unnamed-file-5629.jpg\",\"keywords\":[\"associa\u00e7\u00e3o desportiva\",\"atletas\",\"desporto\",\"infantis\",\"Juvenis\",\"Santo Tirso\"],\"articleSection\":[\"Desporto\"],\"inLanguage\":\"pt-PT\"},{\"@type\":\"WebPage\",\"@id\":\"https:\/\/portaltela.pt\/noticias\/2026\/01\/28\/associacao-do-budo-do-marco-soma-cinco-podios-em-karate\/\",\"url\":\"https:\/\/portaltela.pt\/noticias\/2026\/01\/28\/associacao-do-budo-do-marco-soma-cinco-podios-em-karate\/\",\"name\":\"Associa\u00e7\u00e3o do Budo do Marco soma cinco p\u00f3dios em karate - Portal Tela Portugal\",\"isPartOf\":{\"@id\":\"https:\/\/portaltela.pt\/#website\"},\"primaryImageOfPage\":{\"@id\":\"https:\/\/portaltela.pt\/noticias\/2026\/01\/28\/associacao-do-budo-do-marco-soma-cinco-podios-em-karate\/#primaryimage\"},\"image\":{\"@id\":\"https:\/\/portaltela.pt\/noticias\/2026\/01\/28\/associacao-do-budo-do-marco-soma-cinco-podios-em-karate\/#primaryimage\"},\"thumbnailUrl\":\"https:\/\/portaltela.pt\/s.01k8rhncp4jt1\/2026\/01\/unnamed-file-5629.jpg\",\"datePublished\":\"2026-01-28T14:37:44+00:00\",\"author\":{\"@id\":\"https:\/\/portaltela.pt\/#\/schema\/person\/c4278d4a6028830caff9ee44b42d32ed\"},\"breadcrumb\":{\"@id\":\"https:\/\/portaltela.pt\/noticias\/2026\/01\/28\/associacao-do-budo-do-marco-soma-cinco-podios-em-karate\/#breadcrumb\"},\"inLanguage\":\"pt-PT\",\"potentialAction\":[{\"@type\":\"ReadAction\",\"target\":[\"https:\/\/portaltela.pt\/noticias\/2026\/01\/28\/associacao-do-budo-do-marco-soma-cinco-podios-em-karate\/\"]}]},{\"@type\":\"ImageObject\",\"inLanguage\":\"pt-PT\",\"@id\":\"https:\/\/portaltela.pt\/noticias\/2026\/01\/28\/associacao-do-budo-do-marco-soma-cinco-podios-em-karate\/#primaryimage\",\"url\":\"https:\/\/portaltela.pt\/s.01k8rhncp4jt1\/2026\/01\/unnamed-file-5629.jpg\",\"contentUrl\":\"https:\/\/portaltela.pt\/s.01k8rhncp4jt1\/2026\/01\/unnamed-file-5629.jpg\",\"width\":796,\"height\":448,\"caption\":\"Associa\u00e7\u00e3o do Budo do Marco conquista cinco p\u00f3dios em torneio de karate de Santo Tirso\"},{\"@type\":\"BreadcrumbList\",\"@id\":\"https:\/\/portaltela.pt\/noticias\/2026\/01\/28\/associacao-do-budo-do-marco-soma-cinco-podios-em-karate\/#breadcrumb\",\"itemListElement\":[{\"@type\":\"ListItem\",\"position\":1,\"name\":\"In\u00edcio\",\"item\":\"https:\/\/portaltela.pt\/\"},{\"@type\":\"ListItem\",\"position\":2,\"name\":\"Associa\u00e7\u00e3o do Budo do Marco soma cinco p\u00f3dios em karate\"}]},{\"@type\":\"WebSite\",\"@id\":\"https:\/\/portaltela.pt\/#website\",\"url\":\"https:\/\/portaltela.pt\/\",\"name\":\"Portal Tela Portugal\",\"description\":\"\",\"potentialAction\":[{\"@type\":\"SearchAction\",\"target\":{\"@type\":\"EntryPoint\",\"urlTemplate\":\"https:\/\/portaltela.pt\/?s={search_term_string}\"},\"query-input\":{\"@type\":\"PropertyValueSpecification\",\"valueRequired\":true,\"valueName\":\"search_term_string\"}}],\"inLanguage\":\"pt-PT\"},{\"@type\":\"Person\",\"@id\":\"https:\/\/portaltela.pt\/#\/schema\/person\/c4278d4a6028830caff9ee44b42d32ed\",\"name\":\"Telinha\",\"image\":{\"@type\":\"ImageObject\",\"inLanguage\":\"pt-PT\",\"@id\":\"https:\/\/portaltela.pt\/s.01k8rhncp4jt1\/2025\/11\/talking-bot-125x125.png\",\"url\":\"https:\/\/portaltela.pt\/s.01k8rhncp4jt1\/2025\/11\/talking-bot-125x125.png\",\"contentUrl\":\"https:\/\/portaltela.pt\/s.01k8rhncp4jt1\/2025\/11\/talking-bot-125x125.png\",\"caption\":\"Telinha\"},\"sameAs\":[\"https:\/\/portaltela.pt\/\"],\"url\":\"https:\/\/portaltela.pt\/por\/367410592786\/\"}]}<\/script>\n<!-- \/ Yoast SEO plugin. -->","yoast_head_json":{"title":"Associa\u00e7\u00e3o do Budo do Marco soma cinco p\u00f3dios em karate - Portal Tela Portugal","robots":{"index":"index","follow":"follow","max-snippet":"max-snippet:-1","max-image-preview":"max-image-preview:large","max-video-preview":"max-video-preview:-1"},"og_locale":"pt_PT","og_type":"article","og_title":"Associa\u00e7\u00e3o do Budo do Marco soma cinco p\u00f3dios em karate - Portal Tela Portugal","og_description":"A Associa\u00e7\u00e3o do Budo do Marco conquistou cinco trof\u00e9us no 31.\u00ba Grande Torneio de Karate de Vila das Aves, em Santo Tirso, no dia 17 de janeiro, com cerca de 800 atletas. Participaram 11 atletas da ABM, acompanhados por dois treinadores. Segundos lugares ficaram com Carolina Teixeira (kumite feminino 10-11 anos, -37 kg), Rita Ferreira (feminino 14-15 anos, -54 kg) e Diogo Alves (masculino 16-17 anos, -76 kg). Terceiros lugares foram obtidos por Diogo (kumite masculino +18 anos, -75 kg) e Lara Gomes (feminino 14-15 anos, -61 kg). O treinador Davide Fernandes afirmou que ainda h\u00e1 muito a melhorar, destacando consist\u00eancia e empenho, e a dire\u00e7\u00e3o agradeceu aos participantes, treinadores e aos pais.","og_url":"https:\/\/portaltela.pt\/noticias\/2026\/01\/28\/associacao-do-budo-do-marco-soma-cinco-podios-em-karate\/","og_site_name":"Portal Tela Portugal","article_published_time":"2026-01-28T14:37:44+00:00","author":"Telinha","twitter_card":"summary_large_image","twitter_misc":{"Escrito por":"Telinha","Tempo estimado de leitura":"1 minuto"},"schema":{"@context":"https:\/\/schema.org","@graph":[{"@type":"Article","@id":"https:\/\/portaltela.pt\/noticias\/2026\/01\/28\/associacao-do-budo-do-marco-soma-cinco-podios-em-karate\/#article","isPartOf":{"@id":"https:\/\/portaltela.pt\/noticias\/2026\/01\/28\/associacao-do-budo-do-marco-soma-cinco-podios-em-karate\/"},"author":{"name":"Telinha","@id":"https:\/\/portaltela.pt\/#\/schema\/person\/c4278d4a6028830caff9ee44b42d32ed"},"headline":"Associa\u00e7\u00e3o do Budo do Marco soma cinco p\u00f3dios em karate","datePublished":"2026-01-28T14:37:44+00:00","mainEntityOfPage":{"@id":"https:\/\/portaltela.pt\/noticias\/2026\/01\/28\/associacao-do-budo-do-marco-soma-cinco-podios-em-karate\/"},"wordCount":159,"image":{"@id":"https:\/\/portaltela.pt\/noticias\/2026\/01\/28\/associacao-do-budo-do-marco-soma-cinco-podios-em-karate\/#primaryimage"},"thumbnailUrl":"https:\/\/portaltela.pt\/s.01k8rhncp4jt1\/2026\/01\/unnamed-file-5629.jpg","keywords":["associa\u00e7\u00e3o desportiva","atletas","desporto","infantis","Juvenis","Santo Tirso"],"articleSection":["Desporto"],"inLanguage":"pt-PT"},{"@type":"WebPage","@id":"https:\/\/portaltela.pt\/noticias\/2026\/01\/28\/associacao-do-budo-do-marco-soma-cinco-podios-em-karate\/","url":"https:\/\/portaltela.pt\/noticias\/2026\/01\/28\/associacao-do-budo-do-marco-soma-cinco-podios-em-karate\/","name":"Associa\u00e7\u00e3o do Budo do Marco soma cinco p\u00f3dios em karate - Portal Tela Portugal","isPartOf":{"@id":"https:\/\/portaltela.pt\/#website"},"primaryImageOfPage":{"@id":"https:\/\/portaltela.pt\/noticias\/2026\/01\/28\/associacao-do-budo-do-marco-soma-cinco-podios-em-karate\/#primaryimage"},"image":{"@id":"https:\/\/portaltela.pt\/noticias\/2026\/01\/28\/associacao-do-budo-do-marco-soma-cinco-podios-em-karate\/#primaryimage"},"thumbnailUrl":"https:\/\/portaltela.pt\/s.01k8rhncp4jt1\/2026\/01\/unnamed-file-5629.jpg","datePublished":"2026-01-28T14:37:44+00:00","author":{"@id":"https:\/\/portaltela.pt\/#\/schema\/person\/c4278d4a6028830caff9ee44b42d32ed"},"breadcrumb":{"@id":"https:\/\/portaltela.pt\/noticias\/2026\/01\/28\/associacao-do-budo-do-marco-soma-cinco-podios-em-karate\/#breadcrumb"},"inLanguage":"pt-PT","potentialAction":[{"@type":"ReadAction","target":["https:\/\/portaltela.pt\/noticias\/2026\/01\/28\/associacao-do-budo-do-marco-soma-cinco-podios-em-karate\/"]}]},{"@type":"ImageObject","inLanguage":"pt-PT","@id":"https:\/\/portaltela.pt\/noticias\/2026\/01\/28\/associacao-do-budo-do-marco-soma-cinco-podios-em-karate\/#primaryimage","url":"https:\/\/portaltela.pt\/s.01k8rhncp4jt1\/2026\/01\/unnamed-file-5629.jpg","contentUrl":"https:\/\/portaltela.pt\/s.01k8rhncp4jt1\/2026\/01\/unnamed-file-5629.jpg","width":796,"height":448,"caption":"Associa\u00e7\u00e3o do Budo do Marco conquista cinco p\u00f3dios em torneio de karate de Santo Tirso"},{"@type":"BreadcrumbList","@id":"https:\/\/portaltela.pt\/noticias\/2026\/01\/28\/associacao-do-budo-do-marco-soma-cinco-podios-em-karate\/#breadcrumb","itemListElement":[{"@type":"ListItem","position":1,"name":"In\u00edcio","item":"https:\/\/portaltela.pt\/"},{"@type":"ListItem","position":2,"name":"Associa\u00e7\u00e3o do Budo do Marco soma cinco p\u00f3dios em karate"}]},{"@type":"WebSite","@id":"https:\/\/portaltela.pt\/#website","url":"https:\/\/portaltela.pt\/","name":"Portal Tela Portugal","description":"","potentialAction":[{"@type":"SearchAction","target":{"@type":"EntryPoint","urlTemplate":"https:\/\/portaltela.pt\/?s={search_term_string}"},"query-input":{"@type":"PropertyValueSpecification","valueRequired":true,"valueName":"search_term_string"}}],"inLanguage":"pt-PT"},{"@type":"Person","@id":"https:\/\/portaltela.pt\/#\/schema\/person\/c4278d4a6028830caff9ee44b42d32ed","name":"Telinha","image":{"@type":"ImageObject","inLanguage":"pt-PT","@id":"https:\/\/portaltela.pt\/s.01k8rhncp4jt1\/2025\/11\/talking-bot-125x125.png","url":"https:\/\/portaltela.pt\/s.01k8rhncp4jt1\/2025\/11\/talking-bot-125x125.png","contentUrl":"https:\/\/portaltela.pt\/s.01k8rhncp4jt1\/2025\/11\/talking-bot-125x125.png","caption":"Telinha"},"sameAs":["https:\/\/portaltela.pt\/"],"url":"https:\/\/portaltela.pt\/por\/367410592786\/"}]}},"_links":{"self":[{"href":"https:\/\/portaltela.pt\/api\/wp\/v2\/posts\/179065","targetHints":{"allow":["GET"]}}],"collection":[{"href":"https:\/\/portaltela.pt\/api\/wp\/v2\/posts"}],"about":[{"href":"https:\/\/portaltela.pt\/api\/wp\/v2\/types\/post"}],"author":[{"embeddable":true,"href":"https:\/\/portaltela.pt\/api\/wp\/v2\/users\/2"}],"replies":[{"embeddable":true,"href":"https:\/\/portaltela.pt\/api\/wp\/v2\/comments?post=179065"}],"version-history":[{"count":0,"href":"https:\/\/portaltela.pt\/api\/wp\/v2\/posts\/179065\/revisions"}],"wp:featuredmedia":[{"embeddable":true,"href":"https:\/\/portaltela.pt\/api\/wp\/v2\/media\/179072"}],"wp:attachment":[{"href":"https:\/\/portaltela.pt\/api\/wp\/v2\/media?parent=179065"}],"wp:term":[{"taxonomy":"category","embeddable":true,"href":"https:\/\/portaltela.pt\/api\/wp\/v2\/categories?post=179065"},{"taxonomy":"post_tag","embeddable":true,"href":"https:\/\/portaltela.pt\/api\/wp\/v2\/tags?post=179065"}],"curies":[{"name":"wp","href":"https:\/\/api.w.org\/{rel}","templated":true}]}}