{"id":179055,"date":"2026-01-28T11:38:29","date_gmt":"2026-01-28T14:38:29","guid":{"rendered":"https:\/\/portaltela.pt\/noticias\/2026\/01\/28\/tertulia-tauromaquica-de-estremoz-mantem-lideranca-na-praca-de-touros\/"},"modified":"2026-01-28T11:38:29","modified_gmt":"2026-01-28T14:38:29","slug":"tertulia-tauromaquica-de-estremoz-mantem-lideranca-na-praca-de-touros","status":"publish","type":"post","link":"https:\/\/portaltela.pt\/desporto\/2026\/01\/28\/tertulia-tauromaquica-de-estremoz-mantem-lideranca-na-praca-de-touros\/","title":{"rendered":"Tert\u00falia Taurom\u00e1quica de Estremoz mant\u00e9m lideran\u00e7a na Pra\u00e7a de Touros"},"content":{"rendered":"<p>Foi assinado nesta quarta-feira, 28, no Sal\u00e3o Nobre da C\u00e2mara Municipal de Estremoz, o contrato de explora\u00e7\u00e3o da Pra\u00e7a de Touros da cidade. O acordo tem vig\u00eancia at\u00e9 ao final de janeiro de 2030.<\/p>\n<p>O Munic\u00edpio de Estremoz foi representado pelo presidente da autarquia, Jos\u00e9 Daniel Sadio, e a TTE \u2013 Tert\u00falia Taurom\u00e1quica de Estremoz pela presidente da Direc\u00e7\u00e3o, Marco Faneco. A assinatura ocorreu ap\u00f3s a adjudica\u00e7\u00e3o p\u00fablica.<\/p>\n<p>A TTE foi a vencedora do procedimento concursal lan\u00e7ado pela C\u00e2mara no m\u00eas de dezembro. A adjudica\u00e7\u00e3o foi aprovada pela C\u00e2mara Municipal estremocense no dia 21 de janeiro.<\/p>\n<p>Tal como nos anos anteriores, a organiza\u00e7\u00e3o das corridas de touros ficar\u00e1 a cargo de uma parceria com a empresa Touros e Tauromaquia, gerida por Ant\u00f3nio Cardoso e Margarida Cardoso.<\/p>\n","protected":false},"excerpt":{"rendered":"<ul>\n<li>Foi assinado, nesta quarta-feira, 28, o contrato de explora\u00e7\u00e3o da Pra\u00e7a de Touros de Estremoz, at\u00e9 ao final de janeiro de 2030.<\/li>\n<li>O acordo foi celebrado entre o Munic\u00edpio de Estremoz (presidente Jos\u00e9 Daniel Sadio) e a TTE \u2013 Tert\u00falia Taurom\u00e1quica de Estremoz (presidente Marco Faneco).<\/li>\n<li>A TTE foi a vencedora do procedimento concursal lan\u00e7ado pela c\u00e2mara em dezembro, cuja adjudica\u00e7\u00e3o foi aprovada em 21 de janeiro.<\/li>\n<li>Como nos \u00faltimos anos, a organiza\u00e7\u00e3o das corridas de touros ser\u00e1 feita em parceria com a empresa Touros e Tauromaquia, gerida por Ant\u00f3nio e Margarida Cardoso.<\/li>\n<li>O contrato vigora at\u00e9 ao final de janeiro de 2030.<\/li>\n<\/ul>\n","protected":false},"author":2,"featured_media":179067,"comment_status":"closed","ping_status":"closed","sticky":false,"template":"","format":"standard","meta":{"footnotes":""},"categories":[21],"tags":[164,4121,1098,2093,4579],"class_list":["post-179055","post","type-post","status-publish","format-standard","has-post-thumbnail","hentry","category-desporto","tag-concurso","tag-concursos","tag-estremoz","tag-municipios","tag-touros"],"yoast_head":"<!-- This site is optimized with the Yoast SEO plugin v27.2 - https:\/\/yoast.com\/product\/yoast-seo-wordpress\/ -->\n<title>Tert\u00falia Taurom\u00e1quica de Estremoz mant\u00e9m lideran\u00e7a na Pra\u00e7a de Touros - Portal Tela Portugal<\/title>\n<meta name=\"robots\" content=\"index, follow, max-snippet:-1, max-image-preview:large, max-video-preview:-1\" \/>\n<meta property=\"og:locale\" content=\"pt_PT\" \/>\n<meta property=\"og:type\" content=\"article\" \/>\n<meta property=\"og:title\" content=\"Tert\u00falia Taurom\u00e1quica de Estremoz mant\u00e9m lideran\u00e7a na Pra\u00e7a de Touros - Portal Tela Portugal\" \/>\n<meta property=\"og:description\" content=\"Foi assinado, nesta quarta-feira, 28, o contrato de explora\u00e7\u00e3o da Pra\u00e7a de Touros de Estremoz, at\u00e9 ao final de janeiro de 2030. O acordo foi celebrado entre o Munic\u00edpio de Estremoz (presidente Jos\u00e9 Daniel Sadio) e a TTE \u2013 Tert\u00falia Taurom\u00e1quica de Estremoz (presidente Marco Faneco). A TTE foi a vencedora do procedimento concursal lan\u00e7ado pela c\u00e2mara em dezembro, cuja adjudica\u00e7\u00e3o foi aprovada em 21 de janeiro. Como nos \u00faltimos anos, a organiza\u00e7\u00e3o das corridas de touros ser\u00e1 feita em parceria com a empresa Touros e Tauromaquia, gerida por Ant\u00f3nio e Margarida Cardoso. O contrato vigora at\u00e9 ao final de janeiro de 2030.\" \/>\n<meta property=\"og:url\" content=\"https:\/\/portaltela.pt\/noticias\/2026\/01\/28\/tertulia-tauromaquica-de-estremoz-mantem-lideranca-na-praca-de-touros\/\" \/>\n<meta property=\"og:site_name\" content=\"Portal Tela Portugal\" \/>\n<meta property=\"article:published_time\" content=\"2026-01-28T14:38:29+00:00\" \/>\n<meta name=\"author\" content=\"Telinha\" \/>\n<meta name=\"twitter:card\" content=\"summary_large_image\" \/>\n<meta name=\"twitter:label1\" content=\"Escrito por\" \/>\n\t<meta name=\"twitter:data1\" content=\"Telinha\" \/>\n\t<meta name=\"twitter:label2\" content=\"Tempo estimado de leitura\" \/>\n\t<meta name=\"twitter:data2\" content=\"1 minuto\" \/>\n<script type=\"application\/ld+json\" class=\"yoast-schema-graph\">{\"@context\":\"https:\/\/schema.org\",\"@graph\":[{\"@type\":\"Article\",\"@id\":\"https:\/\/portaltela.pt\/noticias\/2026\/01\/28\/tertulia-tauromaquica-de-estremoz-mantem-lideranca-na-praca-de-touros\/#article\",\"isPartOf\":{\"@id\":\"https:\/\/portaltela.pt\/noticias\/2026\/01\/28\/tertulia-tauromaquica-de-estremoz-mantem-lideranca-na-praca-de-touros\/\"},\"author\":{\"name\":\"Telinha\",\"@id\":\"https:\/\/portaltela.pt\/#\/schema\/person\/c4278d4a6028830caff9ee44b42d32ed\"},\"headline\":\"Tert\u00falia Taurom\u00e1quica de Estremoz mant\u00e9m lideran\u00e7a na Pra\u00e7a de Touros\",\"datePublished\":\"2026-01-28T14:38:29+00:00\",\"mainEntityOfPage\":{\"@id\":\"https:\/\/portaltela.pt\/noticias\/2026\/01\/28\/tertulia-tauromaquica-de-estremoz-mantem-lideranca-na-praca-de-touros\/\"},\"wordCount\":156,\"image\":{\"@id\":\"https:\/\/portaltela.pt\/noticias\/2026\/01\/28\/tertulia-tauromaquica-de-estremoz-mantem-lideranca-na-praca-de-touros\/#primaryimage\"},\"thumbnailUrl\":\"https:\/\/portaltela.pt\/s.01k8rhncp4jt1\/2026\/01\/unnamed-file-5628.jpg\",\"keywords\":[\"concurso\",\"concursos\",\"Estremoz\",\"munic\u00edpios\",\"Touros\"],\"articleSection\":[\"Desporto\"],\"inLanguage\":\"pt-PT\"},{\"@type\":\"WebPage\",\"@id\":\"https:\/\/portaltela.pt\/noticias\/2026\/01\/28\/tertulia-tauromaquica-de-estremoz-mantem-lideranca-na-praca-de-touros\/\",\"url\":\"https:\/\/portaltela.pt\/noticias\/2026\/01\/28\/tertulia-tauromaquica-de-estremoz-mantem-lideranca-na-praca-de-touros\/\",\"name\":\"Tert\u00falia Taurom\u00e1quica de Estremoz mant\u00e9m lideran\u00e7a na Pra\u00e7a de Touros - Portal Tela Portugal\",\"isPartOf\":{\"@id\":\"https:\/\/portaltela.pt\/#website\"},\"primaryImageOfPage\":{\"@id\":\"https:\/\/portaltela.pt\/noticias\/2026\/01\/28\/tertulia-tauromaquica-de-estremoz-mantem-lideranca-na-praca-de-touros\/#primaryimage\"},\"image\":{\"@id\":\"https:\/\/portaltela.pt\/noticias\/2026\/01\/28\/tertulia-tauromaquica-de-estremoz-mantem-lideranca-na-praca-de-touros\/#primaryimage\"},\"thumbnailUrl\":\"https:\/\/portaltela.pt\/s.01k8rhncp4jt1\/2026\/01\/unnamed-file-5628.jpg\",\"datePublished\":\"2026-01-28T14:38:29+00:00\",\"author\":{\"@id\":\"https:\/\/portaltela.pt\/#\/schema\/person\/c4278d4a6028830caff9ee44b42d32ed\"},\"breadcrumb\":{\"@id\":\"https:\/\/portaltela.pt\/noticias\/2026\/01\/28\/tertulia-tauromaquica-de-estremoz-mantem-lideranca-na-praca-de-touros\/#breadcrumb\"},\"inLanguage\":\"pt-PT\",\"potentialAction\":[{\"@type\":\"ReadAction\",\"target\":[\"https:\/\/portaltela.pt\/noticias\/2026\/01\/28\/tertulia-tauromaquica-de-estremoz-mantem-lideranca-na-praca-de-touros\/\"]}]},{\"@type\":\"ImageObject\",\"inLanguage\":\"pt-PT\",\"@id\":\"https:\/\/portaltela.pt\/noticias\/2026\/01\/28\/tertulia-tauromaquica-de-estremoz-mantem-lideranca-na-praca-de-touros\/#primaryimage\",\"url\":\"https:\/\/portaltela.pt\/s.01k8rhncp4jt1\/2026\/01\/unnamed-file-5628.jpg\",\"contentUrl\":\"https:\/\/portaltela.pt\/s.01k8rhncp4jt1\/2026\/01\/unnamed-file-5628.jpg\",\"width\":796,\"height\":448,\"caption\":\"Tert\u00falia Taurom\u00e1quica de Estremoz continua \u00e0 frente dos destinos da Pra\u00e7a de Touros de Estremoz\"},{\"@type\":\"BreadcrumbList\",\"@id\":\"https:\/\/portaltela.pt\/noticias\/2026\/01\/28\/tertulia-tauromaquica-de-estremoz-mantem-lideranca-na-praca-de-touros\/#breadcrumb\",\"itemListElement\":[{\"@type\":\"ListItem\",\"position\":1,\"name\":\"In\u00edcio\",\"item\":\"https:\/\/portaltela.pt\/\"},{\"@type\":\"ListItem\",\"position\":2,\"name\":\"Tert\u00falia Taurom\u00e1quica de Estremoz mant\u00e9m lideran\u00e7a na Pra\u00e7a de Touros\"}]},{\"@type\":\"WebSite\",\"@id\":\"https:\/\/portaltela.pt\/#website\",\"url\":\"https:\/\/portaltela.pt\/\",\"name\":\"Portal Tela Portugal\",\"description\":\"\",\"potentialAction\":[{\"@type\":\"SearchAction\",\"target\":{\"@type\":\"EntryPoint\",\"urlTemplate\":\"https:\/\/portaltela.pt\/?s={search_term_string}\"},\"query-input\":{\"@type\":\"PropertyValueSpecification\",\"valueRequired\":true,\"valueName\":\"search_term_string\"}}],\"inLanguage\":\"pt-PT\"},{\"@type\":\"Person\",\"@id\":\"https:\/\/portaltela.pt\/#\/schema\/person\/c4278d4a6028830caff9ee44b42d32ed\",\"name\":\"Telinha\",\"image\":{\"@type\":\"ImageObject\",\"inLanguage\":\"pt-PT\",\"@id\":\"https:\/\/portaltela.pt\/s.01k8rhncp4jt1\/2025\/11\/talking-bot-125x125.png\",\"url\":\"https:\/\/portaltela.pt\/s.01k8rhncp4jt1\/2025\/11\/talking-bot-125x125.png\",\"contentUrl\":\"https:\/\/portaltela.pt\/s.01k8rhncp4jt1\/2025\/11\/talking-bot-125x125.png\",\"caption\":\"Telinha\"},\"sameAs\":[\"https:\/\/portaltela.pt\/\"],\"url\":\"https:\/\/portaltela.pt\/por\/367410592786\/\"}]}<\/script>\n<!-- \/ Yoast SEO plugin. -->","yoast_head_json":{"title":"Tert\u00falia Taurom\u00e1quica de Estremoz mant\u00e9m lideran\u00e7a na Pra\u00e7a de Touros - Portal Tela Portugal","robots":{"index":"index","follow":"follow","max-snippet":"max-snippet:-1","max-image-preview":"max-image-preview:large","max-video-preview":"max-video-preview:-1"},"og_locale":"pt_PT","og_type":"article","og_title":"Tert\u00falia Taurom\u00e1quica de Estremoz mant\u00e9m lideran\u00e7a na Pra\u00e7a de Touros - Portal Tela Portugal","og_description":"Foi assinado, nesta quarta-feira, 28, o contrato de explora\u00e7\u00e3o da Pra\u00e7a de Touros de Estremoz, at\u00e9 ao final de janeiro de 2030. O acordo foi celebrado entre o Munic\u00edpio de Estremoz (presidente Jos\u00e9 Daniel Sadio) e a TTE \u2013 Tert\u00falia Taurom\u00e1quica de Estremoz (presidente Marco Faneco). A TTE foi a vencedora do procedimento concursal lan\u00e7ado pela c\u00e2mara em dezembro, cuja adjudica\u00e7\u00e3o foi aprovada em 21 de janeiro. Como nos \u00faltimos anos, a organiza\u00e7\u00e3o das corridas de touros ser\u00e1 feita em parceria com a empresa Touros e Tauromaquia, gerida por Ant\u00f3nio e Margarida Cardoso. O contrato vigora at\u00e9 ao final de janeiro de 2030.","og_url":"https:\/\/portaltela.pt\/noticias\/2026\/01\/28\/tertulia-tauromaquica-de-estremoz-mantem-lideranca-na-praca-de-touros\/","og_site_name":"Portal Tela Portugal","article_published_time":"2026-01-28T14:38:29+00:00","author":"Telinha","twitter_card":"summary_large_image","twitter_misc":{"Escrito por":"Telinha","Tempo estimado de leitura":"1 minuto"},"schema":{"@context":"https:\/\/schema.org","@graph":[{"@type":"Article","@id":"https:\/\/portaltela.pt\/noticias\/2026\/01\/28\/tertulia-tauromaquica-de-estremoz-mantem-lideranca-na-praca-de-touros\/#article","isPartOf":{"@id":"https:\/\/portaltela.pt\/noticias\/2026\/01\/28\/tertulia-tauromaquica-de-estremoz-mantem-lideranca-na-praca-de-touros\/"},"author":{"name":"Telinha","@id":"https:\/\/portaltela.pt\/#\/schema\/person\/c4278d4a6028830caff9ee44b42d32ed"},"headline":"Tert\u00falia Taurom\u00e1quica de Estremoz mant\u00e9m lideran\u00e7a na Pra\u00e7a de Touros","datePublished":"2026-01-28T14:38:29+00:00","mainEntityOfPage":{"@id":"https:\/\/portaltela.pt\/noticias\/2026\/01\/28\/tertulia-tauromaquica-de-estremoz-mantem-lideranca-na-praca-de-touros\/"},"wordCount":156,"image":{"@id":"https:\/\/portaltela.pt\/noticias\/2026\/01\/28\/tertulia-tauromaquica-de-estremoz-mantem-lideranca-na-praca-de-touros\/#primaryimage"},"thumbnailUrl":"https:\/\/portaltela.pt\/s.01k8rhncp4jt1\/2026\/01\/unnamed-file-5628.jpg","keywords":["concurso","concursos","Estremoz","munic\u00edpios","Touros"],"articleSection":["Desporto"],"inLanguage":"pt-PT"},{"@type":"WebPage","@id":"https:\/\/portaltela.pt\/noticias\/2026\/01\/28\/tertulia-tauromaquica-de-estremoz-mantem-lideranca-na-praca-de-touros\/","url":"https:\/\/portaltela.pt\/noticias\/2026\/01\/28\/tertulia-tauromaquica-de-estremoz-mantem-lideranca-na-praca-de-touros\/","name":"Tert\u00falia Taurom\u00e1quica de Estremoz mant\u00e9m lideran\u00e7a na Pra\u00e7a de Touros - Portal Tela Portugal","isPartOf":{"@id":"https:\/\/portaltela.pt\/#website"},"primaryImageOfPage":{"@id":"https:\/\/portaltela.pt\/noticias\/2026\/01\/28\/tertulia-tauromaquica-de-estremoz-mantem-lideranca-na-praca-de-touros\/#primaryimage"},"image":{"@id":"https:\/\/portaltela.pt\/noticias\/2026\/01\/28\/tertulia-tauromaquica-de-estremoz-mantem-lideranca-na-praca-de-touros\/#primaryimage"},"thumbnailUrl":"https:\/\/portaltela.pt\/s.01k8rhncp4jt1\/2026\/01\/unnamed-file-5628.jpg","datePublished":"2026-01-28T14:38:29+00:00","author":{"@id":"https:\/\/portaltela.pt\/#\/schema\/person\/c4278d4a6028830caff9ee44b42d32ed"},"breadcrumb":{"@id":"https:\/\/portaltela.pt\/noticias\/2026\/01\/28\/tertulia-tauromaquica-de-estremoz-mantem-lideranca-na-praca-de-touros\/#breadcrumb"},"inLanguage":"pt-PT","potentialAction":[{"@type":"ReadAction","target":["https:\/\/portaltela.pt\/noticias\/2026\/01\/28\/tertulia-tauromaquica-de-estremoz-mantem-lideranca-na-praca-de-touros\/"]}]},{"@type":"ImageObject","inLanguage":"pt-PT","@id":"https:\/\/portaltela.pt\/noticias\/2026\/01\/28\/tertulia-tauromaquica-de-estremoz-mantem-lideranca-na-praca-de-touros\/#primaryimage","url":"https:\/\/portaltela.pt\/s.01k8rhncp4jt1\/2026\/01\/unnamed-file-5628.jpg","contentUrl":"https:\/\/portaltela.pt\/s.01k8rhncp4jt1\/2026\/01\/unnamed-file-5628.jpg","width":796,"height":448,"caption":"Tert\u00falia Taurom\u00e1quica de Estremoz continua \u00e0 frente dos destinos da Pra\u00e7a de Touros de Estremoz"},{"@type":"BreadcrumbList","@id":"https:\/\/portaltela.pt\/noticias\/2026\/01\/28\/tertulia-tauromaquica-de-estremoz-mantem-lideranca-na-praca-de-touros\/#breadcrumb","itemListElement":[{"@type":"ListItem","position":1,"name":"In\u00edcio","item":"https:\/\/portaltela.pt\/"},{"@type":"ListItem","position":2,"name":"Tert\u00falia Taurom\u00e1quica de Estremoz mant\u00e9m lideran\u00e7a na Pra\u00e7a de Touros"}]},{"@type":"WebSite","@id":"https:\/\/portaltela.pt\/#website","url":"https:\/\/portaltela.pt\/","name":"Portal Tela Portugal","description":"","potentialAction":[{"@type":"SearchAction","target":{"@type":"EntryPoint","urlTemplate":"https:\/\/portaltela.pt\/?s={search_term_string}"},"query-input":{"@type":"PropertyValueSpecification","valueRequired":true,"valueName":"search_term_string"}}],"inLanguage":"pt-PT"},{"@type":"Person","@id":"https:\/\/portaltela.pt\/#\/schema\/person\/c4278d4a6028830caff9ee44b42d32ed","name":"Telinha","image":{"@type":"ImageObject","inLanguage":"pt-PT","@id":"https:\/\/portaltela.pt\/s.01k8rhncp4jt1\/2025\/11\/talking-bot-125x125.png","url":"https:\/\/portaltela.pt\/s.01k8rhncp4jt1\/2025\/11\/talking-bot-125x125.png","contentUrl":"https:\/\/portaltela.pt\/s.01k8rhncp4jt1\/2025\/11\/talking-bot-125x125.png","caption":"Telinha"},"sameAs":["https:\/\/portaltela.pt\/"],"url":"https:\/\/portaltela.pt\/por\/367410592786\/"}]}},"_links":{"self":[{"href":"https:\/\/portaltela.pt\/api\/wp\/v2\/posts\/179055","targetHints":{"allow":["GET"]}}],"collection":[{"href":"https:\/\/portaltela.pt\/api\/wp\/v2\/posts"}],"about":[{"href":"https:\/\/portaltela.pt\/api\/wp\/v2\/types\/post"}],"author":[{"embeddable":true,"href":"https:\/\/portaltela.pt\/api\/wp\/v2\/users\/2"}],"replies":[{"embeddable":true,"href":"https:\/\/portaltela.pt\/api\/wp\/v2\/comments?post=179055"}],"version-history":[{"count":0,"href":"https:\/\/portaltela.pt\/api\/wp\/v2\/posts\/179055\/revisions"}],"wp:featuredmedia":[{"embeddable":true,"href":"https:\/\/portaltela.pt\/api\/wp\/v2\/media\/179067"}],"wp:attachment":[{"href":"https:\/\/portaltela.pt\/api\/wp\/v2\/media?parent=179055"}],"wp:term":[{"taxonomy":"category","embeddable":true,"href":"https:\/\/portaltela.pt\/api\/wp\/v2\/categories?post=179055"},{"taxonomy":"post_tag","embeddable":true,"href":"https:\/\/portaltela.pt\/api\/wp\/v2\/tags?post=179055"}],"curies":[{"name":"wp","href":"https:\/\/api.w.org\/{rel}","templated":true}]}}