{"id":179032,"date":"2026-01-28T11:30:01","date_gmt":"2026-01-28T14:30:01","guid":{"rendered":"https:\/\/portaltela.pt\/noticias\/2026\/01\/28\/avanca-empreitada-de-regeneracao-e-mobilidade-urbana-no-vale-do-cabroeiro\/"},"modified":"2026-01-28T11:30:01","modified_gmt":"2026-01-28T14:30:01","slug":"avanca-empreitada-de-regeneracao-e-mobilidade-urbana-no-vale-do-cabroeiro","status":"publish","type":"post","link":"https:\/\/portaltela.pt\/noticias\/2026\/01\/28\/avanca-empreitada-de-regeneracao-e-mobilidade-urbana-no-vale-do-cabroeiro\/","title":{"rendered":"Avan\u00e7a empreitada de regenera\u00e7\u00e3o e mobilidade urbana no Vale do Cabroeiro"},"content":{"rendered":"<p>A ter\u00e7a-feira, 27 de janeiro marcou a assinatura do contrato da Empreitada da Regenera\u00e7\u00e3o e Mobilidade Urbana do Vale do Cabroeiro. O projeto cria um novo acesso entre o centro da cidade e a Via de Cintura Externa da Guarda, com liga\u00e7\u00e3o \u00e0 malha urbana dos bairros circundantes.<\/p>\n<p>A C\u00e2mara Municipal da Guarda, presidida por S\u00e9rgio Costa, formalizou o acordo com um cons\u00f3rcio composto por tr\u00eas empresas da cidade. O valor do investimento \u00e9 de 12,8 milh\u00f5es de euros, financiando toda a interven\u00e7\u00e3o.<\/p>\n<p>A sess\u00e3o decorreu nos Pa\u00e7os do Concelho, onde foi apresentado o projeto que se divide em cinco fases. A obra visa reduzir o isolamento entre o centro e a periferia, conectando o cora\u00e7\u00e3o da cidade \u00e0 VICEG e ao Parque Industrial da Guarda.<\/p>\n<p>Integrada no Plano Estrat\u00e9gico Guarda 2040, a interven\u00e7\u00e3o n\u00e3o se resume a vias de circula\u00e7\u00e3o. Pretende fixar pessoas, criar at\u00e9 500 novos fogos e alargar a cidade em dire\u00e7\u00e3o ao Vale do Cabroeiro, com espa\u00e7o p\u00fablico moderno.<\/p>\n<p>O trajeto inclui uma estrutura verde, percursos pedonais e cicl\u00e1veis, bem como corredores de autocarro. O desenho privilegia ecologia, espa\u00e7os de lazer e uma mobilidade mais eficiente para residentes e empres\u00e1rios.<\/p>\n<p>A empreitada refor\u00e7a a aposta local, com o cons\u00f3rcio a representar empresas da Guarda. A autarquia v\u00ea o contrato como um sinal de confian\u00e7a no tecido empresarial do concelho e no desenvolvimento sustent\u00e1vel da regi\u00e3o.<\/p>\n","protected":false},"excerpt":{"rendered":"<ul>\n<li>Assinatura, a 27 de janeiro, do contrato de Empreitada da Regenera\u00e7\u00e3o e Mobilidade Urbana do Vale do Cabroeiro, ligando o centro da Guarda \u00e0 Via de Cintura Externa.<\/li>\n<li>Or\u00e7amento de 12,8 milh\u00f5es de euros, com liga\u00e7\u00e3o \u00e0 rede vi\u00e1ria dos bairros envolventes e ao Parque Industrial da Guarda.<\/li>\n<li>Obra considerada central no Plano Estrat\u00e9gico Guarda 2040, com vista a desbloquear o vale, fixar pessoas e permitir a constru\u00e7\u00e3o de 500 fogos habitacionais.<\/li>\n<li>Projeto dividido em cinco fases, com uma estrutura verde, percursos pedonais e cicl\u00e1veis, corredores de autocarro e respeito pela ecologia.<\/li>\n<li>Empreitada atribu\u00edda a um cons\u00f3rcio de tr\u00eas empresas da Guarda, mantendo investimento, emprego e riqueza no concelho; sess\u00e3o realizada nos Pa\u00e7os do Concelho.<\/li>\n<\/ul>\n","protected":false},"author":2,"featured_media":179046,"comment_status":"closed","ping_status":"closed","sticky":false,"template":"","format":"standard","meta":{"footnotes":""},"categories":[1],"tags":[3769,3724,1113,1615,3263,1563],"class_list":["post-179032","post","type-post","status-publish","format-standard","has-post-thumbnail","hentry","category-noticias","tag-autocarros","tag-desenvolvimento-urbano-sustentavel","tag-guarda","tag-infraestrutura","tag-mobilidade-urbana","tag-regeneracao-urbana"],"yoast_head":"<!-- This site is optimized with the Yoast SEO plugin v27.2 - https:\/\/yoast.com\/product\/yoast-seo-wordpress\/ -->\n<title>Avan\u00e7a empreitada de regenera\u00e7\u00e3o e mobilidade urbana no Vale do Cabroeiro - Portal Tela Portugal<\/title>\n<meta name=\"robots\" content=\"index, follow, max-snippet:-1, max-image-preview:large, max-video-preview:-1\" \/>\n<meta property=\"og:locale\" content=\"pt_PT\" \/>\n<meta property=\"og:type\" content=\"article\" \/>\n<meta property=\"og:title\" content=\"Avan\u00e7a empreitada de regenera\u00e7\u00e3o e mobilidade urbana no Vale do Cabroeiro - Portal Tela Portugal\" \/>\n<meta property=\"og:description\" content=\"Assinatura, a 27 de janeiro, do contrato de Empreitada da Regenera\u00e7\u00e3o e Mobilidade Urbana do Vale do Cabroeiro, ligando o centro da Guarda \u00e0 Via de Cintura Externa. Or\u00e7amento de 12,8 milh\u00f5es de euros, com liga\u00e7\u00e3o \u00e0 rede vi\u00e1ria dos bairros envolventes e ao Parque Industrial da Guarda. Obra considerada central no Plano Estrat\u00e9gico Guarda 2040, com vista a desbloquear o vale, fixar pessoas e permitir a constru\u00e7\u00e3o de 500 fogos habitacionais. Projeto dividido em cinco fases, com uma estrutura verde, percursos pedonais e cicl\u00e1veis, corredores de autocarro e respeito pela ecologia. Empreitada atribu\u00edda a um cons\u00f3rcio de tr\u00eas empresas da Guarda, mantendo investimento, emprego e riqueza no concelho; sess\u00e3o realizada nos Pa\u00e7os do Concelho.\" \/>\n<meta property=\"og:url\" content=\"https:\/\/portaltela.pt\/noticias\/2026\/01\/28\/avanca-empreitada-de-regeneracao-e-mobilidade-urbana-no-vale-do-cabroeiro\/\" \/>\n<meta property=\"og:site_name\" content=\"Portal Tela Portugal\" \/>\n<meta property=\"article:published_time\" content=\"2026-01-28T14:30:01+00:00\" \/>\n<meta name=\"author\" content=\"Telinha\" \/>\n<meta name=\"twitter:card\" content=\"summary_large_image\" \/>\n<meta name=\"twitter:label1\" content=\"Escrito por\" \/>\n\t<meta name=\"twitter:data1\" content=\"Telinha\" \/>\n\t<meta name=\"twitter:label2\" content=\"Tempo estimado de leitura\" \/>\n\t<meta name=\"twitter:data2\" content=\"1 minuto\" \/>\n<script type=\"application\/ld+json\" class=\"yoast-schema-graph\">{\"@context\":\"https:\/\/schema.org\",\"@graph\":[{\"@type\":\"Article\",\"@id\":\"https:\/\/portaltela.pt\/noticias\/2026\/01\/28\/avanca-empreitada-de-regeneracao-e-mobilidade-urbana-no-vale-do-cabroeiro\/#article\",\"isPartOf\":{\"@id\":\"https:\/\/portaltela.pt\/noticias\/2026\/01\/28\/avanca-empreitada-de-regeneracao-e-mobilidade-urbana-no-vale-do-cabroeiro\/\"},\"author\":{\"name\":\"Telinha\",\"@id\":\"https:\/\/portaltela.pt\/#\/schema\/person\/c4278d4a6028830caff9ee44b42d32ed\"},\"headline\":\"Avan\u00e7a empreitada de regenera\u00e7\u00e3o e mobilidade urbana no Vale do Cabroeiro\",\"datePublished\":\"2026-01-28T14:30:01+00:00\",\"mainEntityOfPage\":{\"@id\":\"https:\/\/portaltela.pt\/noticias\/2026\/01\/28\/avanca-empreitada-de-regeneracao-e-mobilidade-urbana-no-vale-do-cabroeiro\/\"},\"wordCount\":262,\"image\":{\"@id\":\"https:\/\/portaltela.pt\/noticias\/2026\/01\/28\/avanca-empreitada-de-regeneracao-e-mobilidade-urbana-no-vale-do-cabroeiro\/#primaryimage\"},\"thumbnailUrl\":\"https:\/\/portaltela.pt\/s.01k8rhncp4jt1\/2026\/01\/unnamed-file-5626.jpg\",\"keywords\":[\"autocarros\",\"desenvolvimento urbano sustent\u00e1vel\",\"Guarda\",\"infraestrutura\",\"mobilidade urbana\",\"Regenera\u00e7\u00e3o Urbana\"],\"articleSection\":[\"Not\u00edcias\"],\"inLanguage\":\"pt-PT\"},{\"@type\":\"WebPage\",\"@id\":\"https:\/\/portaltela.pt\/noticias\/2026\/01\/28\/avanca-empreitada-de-regeneracao-e-mobilidade-urbana-no-vale-do-cabroeiro\/\",\"url\":\"https:\/\/portaltela.pt\/noticias\/2026\/01\/28\/avanca-empreitada-de-regeneracao-e-mobilidade-urbana-no-vale-do-cabroeiro\/\",\"name\":\"Avan\u00e7a empreitada de regenera\u00e7\u00e3o e mobilidade urbana no Vale do Cabroeiro - Portal Tela Portugal\",\"isPartOf\":{\"@id\":\"https:\/\/portaltela.pt\/#website\"},\"primaryImageOfPage\":{\"@id\":\"https:\/\/portaltela.pt\/noticias\/2026\/01\/28\/avanca-empreitada-de-regeneracao-e-mobilidade-urbana-no-vale-do-cabroeiro\/#primaryimage\"},\"image\":{\"@id\":\"https:\/\/portaltela.pt\/noticias\/2026\/01\/28\/avanca-empreitada-de-regeneracao-e-mobilidade-urbana-no-vale-do-cabroeiro\/#primaryimage\"},\"thumbnailUrl\":\"https:\/\/portaltela.pt\/s.01k8rhncp4jt1\/2026\/01\/unnamed-file-5626.jpg\",\"datePublished\":\"2026-01-28T14:30:01+00:00\",\"author\":{\"@id\":\"https:\/\/portaltela.pt\/#\/schema\/person\/c4278d4a6028830caff9ee44b42d32ed\"},\"breadcrumb\":{\"@id\":\"https:\/\/portaltela.pt\/noticias\/2026\/01\/28\/avanca-empreitada-de-regeneracao-e-mobilidade-urbana-no-vale-do-cabroeiro\/#breadcrumb\"},\"inLanguage\":\"pt-PT\",\"potentialAction\":[{\"@type\":\"ReadAction\",\"target\":[\"https:\/\/portaltela.pt\/noticias\/2026\/01\/28\/avanca-empreitada-de-regeneracao-e-mobilidade-urbana-no-vale-do-cabroeiro\/\"]}]},{\"@type\":\"ImageObject\",\"inLanguage\":\"pt-PT\",\"@id\":\"https:\/\/portaltela.pt\/noticias\/2026\/01\/28\/avanca-empreitada-de-regeneracao-e-mobilidade-urbana-no-vale-do-cabroeiro\/#primaryimage\",\"url\":\"https:\/\/portaltela.pt\/s.01k8rhncp4jt1\/2026\/01\/unnamed-file-5626.jpg\",\"contentUrl\":\"https:\/\/portaltela.pt\/s.01k8rhncp4jt1\/2026\/01\/unnamed-file-5626.jpg\",\"width\":796,\"height\":448,\"caption\":\"Avan\u00e7a empreitada da \\\"Regenera\u00e7\u00e3o e Mobilidade Urbana do Vale do Cabroeiro\\\"\"},{\"@type\":\"BreadcrumbList\",\"@id\":\"https:\/\/portaltela.pt\/noticias\/2026\/01\/28\/avanca-empreitada-de-regeneracao-e-mobilidade-urbana-no-vale-do-cabroeiro\/#breadcrumb\",\"itemListElement\":[{\"@type\":\"ListItem\",\"position\":1,\"name\":\"In\u00edcio\",\"item\":\"https:\/\/portaltela.pt\/\"},{\"@type\":\"ListItem\",\"position\":2,\"name\":\"Avan\u00e7a empreitada de regenera\u00e7\u00e3o e mobilidade urbana no Vale do Cabroeiro\"}]},{\"@type\":\"WebSite\",\"@id\":\"https:\/\/portaltela.pt\/#website\",\"url\":\"https:\/\/portaltela.pt\/\",\"name\":\"Portal Tela Portugal\",\"description\":\"\",\"potentialAction\":[{\"@type\":\"SearchAction\",\"target\":{\"@type\":\"EntryPoint\",\"urlTemplate\":\"https:\/\/portaltela.pt\/?s={search_term_string}\"},\"query-input\":{\"@type\":\"PropertyValueSpecification\",\"valueRequired\":true,\"valueName\":\"search_term_string\"}}],\"inLanguage\":\"pt-PT\"},{\"@type\":\"Person\",\"@id\":\"https:\/\/portaltela.pt\/#\/schema\/person\/c4278d4a6028830caff9ee44b42d32ed\",\"name\":\"Telinha\",\"image\":{\"@type\":\"ImageObject\",\"inLanguage\":\"pt-PT\",\"@id\":\"https:\/\/portaltela.pt\/s.01k8rhncp4jt1\/2025\/11\/talking-bot-125x125.png\",\"url\":\"https:\/\/portaltela.pt\/s.01k8rhncp4jt1\/2025\/11\/talking-bot-125x125.png\",\"contentUrl\":\"https:\/\/portaltela.pt\/s.01k8rhncp4jt1\/2025\/11\/talking-bot-125x125.png\",\"caption\":\"Telinha\"},\"sameAs\":[\"https:\/\/portaltela.pt\/\"],\"url\":\"https:\/\/portaltela.pt\/por\/367410592786\/\"}]}<\/script>\n<!-- \/ Yoast SEO plugin. -->","yoast_head_json":{"title":"Avan\u00e7a empreitada de regenera\u00e7\u00e3o e mobilidade urbana no Vale do Cabroeiro - Portal Tela Portugal","robots":{"index":"index","follow":"follow","max-snippet":"max-snippet:-1","max-image-preview":"max-image-preview:large","max-video-preview":"max-video-preview:-1"},"og_locale":"pt_PT","og_type":"article","og_title":"Avan\u00e7a empreitada de regenera\u00e7\u00e3o e mobilidade urbana no Vale do Cabroeiro - Portal Tela Portugal","og_description":"Assinatura, a 27 de janeiro, do contrato de Empreitada da Regenera\u00e7\u00e3o e Mobilidade Urbana do Vale do Cabroeiro, ligando o centro da Guarda \u00e0 Via de Cintura Externa. Or\u00e7amento de 12,8 milh\u00f5es de euros, com liga\u00e7\u00e3o \u00e0 rede vi\u00e1ria dos bairros envolventes e ao Parque Industrial da Guarda. Obra considerada central no Plano Estrat\u00e9gico Guarda 2040, com vista a desbloquear o vale, fixar pessoas e permitir a constru\u00e7\u00e3o de 500 fogos habitacionais. Projeto dividido em cinco fases, com uma estrutura verde, percursos pedonais e cicl\u00e1veis, corredores de autocarro e respeito pela ecologia. Empreitada atribu\u00edda a um cons\u00f3rcio de tr\u00eas empresas da Guarda, mantendo investimento, emprego e riqueza no concelho; sess\u00e3o realizada nos Pa\u00e7os do Concelho.","og_url":"https:\/\/portaltela.pt\/noticias\/2026\/01\/28\/avanca-empreitada-de-regeneracao-e-mobilidade-urbana-no-vale-do-cabroeiro\/","og_site_name":"Portal Tela Portugal","article_published_time":"2026-01-28T14:30:01+00:00","author":"Telinha","twitter_card":"summary_large_image","twitter_misc":{"Escrito por":"Telinha","Tempo estimado de leitura":"1 minuto"},"schema":{"@context":"https:\/\/schema.org","@graph":[{"@type":"Article","@id":"https:\/\/portaltela.pt\/noticias\/2026\/01\/28\/avanca-empreitada-de-regeneracao-e-mobilidade-urbana-no-vale-do-cabroeiro\/#article","isPartOf":{"@id":"https:\/\/portaltela.pt\/noticias\/2026\/01\/28\/avanca-empreitada-de-regeneracao-e-mobilidade-urbana-no-vale-do-cabroeiro\/"},"author":{"name":"Telinha","@id":"https:\/\/portaltela.pt\/#\/schema\/person\/c4278d4a6028830caff9ee44b42d32ed"},"headline":"Avan\u00e7a empreitada de regenera\u00e7\u00e3o e mobilidade urbana no Vale do Cabroeiro","datePublished":"2026-01-28T14:30:01+00:00","mainEntityOfPage":{"@id":"https:\/\/portaltela.pt\/noticias\/2026\/01\/28\/avanca-empreitada-de-regeneracao-e-mobilidade-urbana-no-vale-do-cabroeiro\/"},"wordCount":262,"image":{"@id":"https:\/\/portaltela.pt\/noticias\/2026\/01\/28\/avanca-empreitada-de-regeneracao-e-mobilidade-urbana-no-vale-do-cabroeiro\/#primaryimage"},"thumbnailUrl":"https:\/\/portaltela.pt\/s.01k8rhncp4jt1\/2026\/01\/unnamed-file-5626.jpg","keywords":["autocarros","desenvolvimento urbano sustent\u00e1vel","Guarda","infraestrutura","mobilidade urbana","Regenera\u00e7\u00e3o Urbana"],"articleSection":["Not\u00edcias"],"inLanguage":"pt-PT"},{"@type":"WebPage","@id":"https:\/\/portaltela.pt\/noticias\/2026\/01\/28\/avanca-empreitada-de-regeneracao-e-mobilidade-urbana-no-vale-do-cabroeiro\/","url":"https:\/\/portaltela.pt\/noticias\/2026\/01\/28\/avanca-empreitada-de-regeneracao-e-mobilidade-urbana-no-vale-do-cabroeiro\/","name":"Avan\u00e7a empreitada de regenera\u00e7\u00e3o e mobilidade urbana no Vale do Cabroeiro - Portal Tela Portugal","isPartOf":{"@id":"https:\/\/portaltela.pt\/#website"},"primaryImageOfPage":{"@id":"https:\/\/portaltela.pt\/noticias\/2026\/01\/28\/avanca-empreitada-de-regeneracao-e-mobilidade-urbana-no-vale-do-cabroeiro\/#primaryimage"},"image":{"@id":"https:\/\/portaltela.pt\/noticias\/2026\/01\/28\/avanca-empreitada-de-regeneracao-e-mobilidade-urbana-no-vale-do-cabroeiro\/#primaryimage"},"thumbnailUrl":"https:\/\/portaltela.pt\/s.01k8rhncp4jt1\/2026\/01\/unnamed-file-5626.jpg","datePublished":"2026-01-28T14:30:01+00:00","author":{"@id":"https:\/\/portaltela.pt\/#\/schema\/person\/c4278d4a6028830caff9ee44b42d32ed"},"breadcrumb":{"@id":"https:\/\/portaltela.pt\/noticias\/2026\/01\/28\/avanca-empreitada-de-regeneracao-e-mobilidade-urbana-no-vale-do-cabroeiro\/#breadcrumb"},"inLanguage":"pt-PT","potentialAction":[{"@type":"ReadAction","target":["https:\/\/portaltela.pt\/noticias\/2026\/01\/28\/avanca-empreitada-de-regeneracao-e-mobilidade-urbana-no-vale-do-cabroeiro\/"]}]},{"@type":"ImageObject","inLanguage":"pt-PT","@id":"https:\/\/portaltela.pt\/noticias\/2026\/01\/28\/avanca-empreitada-de-regeneracao-e-mobilidade-urbana-no-vale-do-cabroeiro\/#primaryimage","url":"https:\/\/portaltela.pt\/s.01k8rhncp4jt1\/2026\/01\/unnamed-file-5626.jpg","contentUrl":"https:\/\/portaltela.pt\/s.01k8rhncp4jt1\/2026\/01\/unnamed-file-5626.jpg","width":796,"height":448,"caption":"Avan\u00e7a empreitada da \"Regenera\u00e7\u00e3o e Mobilidade Urbana do Vale do Cabroeiro\""},{"@type":"BreadcrumbList","@id":"https:\/\/portaltela.pt\/noticias\/2026\/01\/28\/avanca-empreitada-de-regeneracao-e-mobilidade-urbana-no-vale-do-cabroeiro\/#breadcrumb","itemListElement":[{"@type":"ListItem","position":1,"name":"In\u00edcio","item":"https:\/\/portaltela.pt\/"},{"@type":"ListItem","position":2,"name":"Avan\u00e7a empreitada de regenera\u00e7\u00e3o e mobilidade urbana no Vale do Cabroeiro"}]},{"@type":"WebSite","@id":"https:\/\/portaltela.pt\/#website","url":"https:\/\/portaltela.pt\/","name":"Portal Tela Portugal","description":"","potentialAction":[{"@type":"SearchAction","target":{"@type":"EntryPoint","urlTemplate":"https:\/\/portaltela.pt\/?s={search_term_string}"},"query-input":{"@type":"PropertyValueSpecification","valueRequired":true,"valueName":"search_term_string"}}],"inLanguage":"pt-PT"},{"@type":"Person","@id":"https:\/\/portaltela.pt\/#\/schema\/person\/c4278d4a6028830caff9ee44b42d32ed","name":"Telinha","image":{"@type":"ImageObject","inLanguage":"pt-PT","@id":"https:\/\/portaltela.pt\/s.01k8rhncp4jt1\/2025\/11\/talking-bot-125x125.png","url":"https:\/\/portaltela.pt\/s.01k8rhncp4jt1\/2025\/11\/talking-bot-125x125.png","contentUrl":"https:\/\/portaltela.pt\/s.01k8rhncp4jt1\/2025\/11\/talking-bot-125x125.png","caption":"Telinha"},"sameAs":["https:\/\/portaltela.pt\/"],"url":"https:\/\/portaltela.pt\/por\/367410592786\/"}]}},"_links":{"self":[{"href":"https:\/\/portaltela.pt\/api\/wp\/v2\/posts\/179032","targetHints":{"allow":["GET"]}}],"collection":[{"href":"https:\/\/portaltela.pt\/api\/wp\/v2\/posts"}],"about":[{"href":"https:\/\/portaltela.pt\/api\/wp\/v2\/types\/post"}],"author":[{"embeddable":true,"href":"https:\/\/portaltela.pt\/api\/wp\/v2\/users\/2"}],"replies":[{"embeddable":true,"href":"https:\/\/portaltela.pt\/api\/wp\/v2\/comments?post=179032"}],"version-history":[{"count":0,"href":"https:\/\/portaltela.pt\/api\/wp\/v2\/posts\/179032\/revisions"}],"wp:featuredmedia":[{"embeddable":true,"href":"https:\/\/portaltela.pt\/api\/wp\/v2\/media\/179046"}],"wp:attachment":[{"href":"https:\/\/portaltela.pt\/api\/wp\/v2\/media?parent=179032"}],"wp:term":[{"taxonomy":"category","embeddable":true,"href":"https:\/\/portaltela.pt\/api\/wp\/v2\/categories?post=179032"},{"taxonomy":"post_tag","embeddable":true,"href":"https:\/\/portaltela.pt\/api\/wp\/v2\/tags?post=179032"}],"curies":[{"name":"wp","href":"https:\/\/api.w.org\/{rel}","templated":true}]}}