{"id":179030,"date":"2026-01-28T11:32:00","date_gmt":"2026-01-28T14:32:00","guid":{"rendered":"https:\/\/portaltela.pt\/noticias\/2026\/01\/28\/napoles-pretende-alisson-fc-porto-busca-avancado-em-franca\/"},"modified":"2026-01-28T11:32:00","modified_gmt":"2026-01-28T14:32:00","slug":"napoles-pretende-alisson-fc-porto-busca-avancado-em-franca","status":"publish","type":"post","link":"https:\/\/portaltela.pt\/desporto\/futebol\/2026\/01\/28\/napoles-pretende-alisson-fc-porto-busca-avancado-em-franca\/","title":{"rendered":"N\u00e1poles pretende Alisson; FC Porto busca avan\u00e7ado em Fran\u00e7a"},"content":{"rendered":"<p>Alisson pode deixar o Sporting rumo ao Napoli, campe\u00e3o italiano, num neg\u00f3cio que pode avan\u00e7ar por empr\u00e9stimo com op\u00e7\u00e3o de compra. O neg\u00f3cio envolve o jogador brasileiro, com a avalia\u00e7\u00e3o de ambas as partes ainda em aberto. A not\u00edcia foi veiculada por fontes pr\u00f3ximas aos clubes.<\/p>\n<p>Na mesma crista de movimentos, o F C Porto mant\u00e9m negocia\u00e7\u00f5es para refor\u00e7ar o ataque com o objetivo de encontrar um substituto para Luuk de Jong. O clube portugu\u00eas est\u00e1 em conversa\u00e7\u00f5es com o Nice, para o empr\u00e9stimo de Terem Moffi, de 26 anos, competindo com o Besiktas pela aquisi\u00e7\u00e3o.<\/p>\n<p>O Benfica n\u00e3o avan\u00e7ar\u00e1 para refor\u00e7os no mercado de inverno. Segundo informa\u00e7\u00f5es da Sky Sports, Stije Resink, m\u00e9dio de 22 anos, n\u00e3o seguir\u00e1 para as \u00e1guias, ap\u00f3s o Groningen n\u00e3o aceitar as condi\u00e7\u00f5es apresentadas. O diretor-desportivo do Groningen confirmou a posi\u00e7\u00e3o do clube.<\/p>\n<p>Dizem tamb\u00e9m as informa\u00e7\u00f5es que o futebol franc\u00eas pode ficar mais atrativo para o franc\u00eas Ousmane Demb\u00e9l\u00e9. A Sky Sports reporta que o PSG recebeu contacto da Ar\u00e1bia Saudita e que h\u00e1 interesse de explorar a possibilidade, embora o jogador tenha contrato at\u00e9 meio de 2027 com o clube parisiense.<\/p>\n<p>Adama Traor\u00e9 muda de clube, mantendo liga\u00e7\u00e3o com um treinador portugu\u00eas. O extremo espanhol foi confirmado como refor\u00e7o de West Ham, reunindo-se a Nuno Esp\u00edrito Santo, com quem j\u00e1 colaborou no Wolverhampton, ao longo de per\u00edodos recentes.<\/p>\n<p>No mesmo sentido, a liga saudita surge como poss\u00edvel destino para talentos europeus. A janela de mercados acena com movimentos relevantes, incluindo atletas com contrato vigente em grandes clubes, que podem considerar novas oportunidades fora do continente.<\/p>\n","protected":false},"excerpt":{"rendered":"<ul>\n<li>Alisson pode deixar o Sporting para seguir para o Napoli, num empr\u00e9stimo com op\u00e7\u00e3o de compra, conforme avan\u00e7a o jornalista Gianluca Di Marzio.<\/li>\n<li>O Sporting aguarda acordo entre as duas equipas para a transfer\u00eancia ficar confirmada, com a op\u00e7\u00e3o de compra no final da \u00e9poca em cima da mesa.<\/li>\n<li>O FC Porto procura refor\u00e7ar o ataque e est\u00e1 a negociar com o Nice o empr\u00e9stimo de Terem Moffi, competindo com o Besiktas.<\/li>\n<li>o Benfica n\u00e3o vai refor\u00e7ar-se neste m\u00eas, com a desist\u00eancia da contrata\u00e7\u00e3o de Stije Resink junto do Groningen.<\/li>\n<li>Ousmane Demb\u00e9l\u00e9 poder\u00e1 deixar o PSG para a liga saudita, estando o interesse j\u00e1 em estudo pela liga da Ar\u00e1bia Saudita.<\/li>\n<li>Adama Traor\u00e9 \u00e9 anunciado pelo West Ham, regressando a trabalhar com o treinador portugu\u00eas Nuno Esp\u00edrito Santo.<\/li>\n<\/ul>\n","protected":false},"author":2,"featured_media":179042,"comment_status":"closed","ping_status":"closed","sticky":false,"template":"","format":"standard","meta":{"footnotes":""},"categories":[21,24],"tags":[3492,2457,2028,1236,2050,1633],"class_list":["post-179030","post","type-post","status-publish","format-standard","has-post-thumbnail","hentry","category-desporto","category-futebol","tag-dembele","tag-emprestimos","tag-fc-porto","tag-napoles","tag-transferencias","tag-transferencias-internacionais"],"yoast_head":"<!-- This site is optimized with the Yoast SEO plugin v27.2 - https:\/\/yoast.com\/product\/yoast-seo-wordpress\/ -->\n<title>N\u00e1poles pretende Alisson; FC Porto busca avan\u00e7ado em Fran\u00e7a - Portal Tela Portugal<\/title>\n<meta name=\"robots\" content=\"index, follow, max-snippet:-1, max-image-preview:large, max-video-preview:-1\" \/>\n<meta property=\"og:locale\" content=\"pt_PT\" \/>\n<meta property=\"og:type\" content=\"article\" \/>\n<meta property=\"og:title\" content=\"N\u00e1poles pretende Alisson; FC Porto busca avan\u00e7ado em Fran\u00e7a - Portal Tela Portugal\" \/>\n<meta property=\"og:description\" content=\"Alisson pode deixar o Sporting para seguir para o Napoli, num empr\u00e9stimo com op\u00e7\u00e3o de compra, conforme avan\u00e7a o jornalista Gianluca Di Marzio. O Sporting aguarda acordo entre as duas equipas para a transfer\u00eancia ficar confirmada, com a op\u00e7\u00e3o de compra no final da \u00e9poca em cima da mesa. O FC Porto procura refor\u00e7ar o ataque e est\u00e1 a negociar com o Nice o empr\u00e9stimo de Terem Moffi, competindo com o Besiktas. o Benfica n\u00e3o vai refor\u00e7ar-se neste m\u00eas, com a desist\u00eancia da contrata\u00e7\u00e3o de Stije Resink junto do Groningen. Ousmane Demb\u00e9l\u00e9 poder\u00e1 deixar o PSG para a liga saudita, estando o interesse j\u00e1 em estudo pela liga da Ar\u00e1bia Saudita. Adama Traor\u00e9 \u00e9 anunciado pelo West Ham, regressando a trabalhar com o treinador portugu\u00eas Nuno Esp\u00edrito Santo.\" \/>\n<meta property=\"og:url\" content=\"https:\/\/portaltela.pt\/noticias\/2026\/01\/28\/napoles-pretende-alisson-fc-porto-busca-avancado-em-franca\/\" \/>\n<meta property=\"og:site_name\" content=\"Portal Tela Portugal\" \/>\n<meta property=\"article:published_time\" content=\"2026-01-28T14:32:00+00:00\" \/>\n<meta name=\"author\" content=\"Telinha\" \/>\n<meta name=\"twitter:card\" content=\"summary_large_image\" \/>\n<meta name=\"twitter:label1\" content=\"Escrito por\" \/>\n\t<meta name=\"twitter:data1\" content=\"Telinha\" \/>\n\t<meta name=\"twitter:label2\" content=\"Tempo estimado de leitura\" \/>\n\t<meta name=\"twitter:data2\" content=\"1 minuto\" \/>\n<script type=\"application\/ld+json\" class=\"yoast-schema-graph\">{\"@context\":\"https:\/\/schema.org\",\"@graph\":[{\"@type\":\"Article\",\"@id\":\"https:\/\/portaltela.pt\/noticias\/2026\/01\/28\/napoles-pretende-alisson-fc-porto-busca-avancado-em-franca\/#article\",\"isPartOf\":{\"@id\":\"https:\/\/portaltela.pt\/noticias\/2026\/01\/28\/napoles-pretende-alisson-fc-porto-busca-avancado-em-franca\/\"},\"author\":{\"name\":\"Telinha\",\"@id\":\"https:\/\/portaltela.pt\/#\/schema\/person\/c4278d4a6028830caff9ee44b42d32ed\"},\"headline\":\"N\u00e1poles pretende Alisson; FC Porto busca avan\u00e7ado em Fran\u00e7a\",\"datePublished\":\"2026-01-28T14:32:00+00:00\",\"mainEntityOfPage\":{\"@id\":\"https:\/\/portaltela.pt\/noticias\/2026\/01\/28\/napoles-pretende-alisson-fc-porto-busca-avancado-em-franca\/\"},\"wordCount\":310,\"image\":{\"@id\":\"https:\/\/portaltela.pt\/noticias\/2026\/01\/28\/napoles-pretende-alisson-fc-porto-busca-avancado-em-franca\/#primaryimage\"},\"thumbnailUrl\":\"https:\/\/portaltela.pt\/s.01k8rhncp4jt1\/2026\/01\/image-1965.jpg\",\"keywords\":[\"Demb\u00e9l\u00e9\",\"empr\u00e9stimos\",\"FC Porto\",\"N\u00e1poles\",\"transfer\u00eancias\",\"transfer\u00eancias internacionais\"],\"articleSection\":[\"Desporto\",\"Futebol\"],\"inLanguage\":\"pt-PT\"},{\"@type\":\"WebPage\",\"@id\":\"https:\/\/portaltela.pt\/noticias\/2026\/01\/28\/napoles-pretende-alisson-fc-porto-busca-avancado-em-franca\/\",\"url\":\"https:\/\/portaltela.pt\/noticias\/2026\/01\/28\/napoles-pretende-alisson-fc-porto-busca-avancado-em-franca\/\",\"name\":\"N\u00e1poles pretende Alisson; FC Porto busca avan\u00e7ado em Fran\u00e7a - Portal Tela Portugal\",\"isPartOf\":{\"@id\":\"https:\/\/portaltela.pt\/#website\"},\"primaryImageOfPage\":{\"@id\":\"https:\/\/portaltela.pt\/noticias\/2026\/01\/28\/napoles-pretende-alisson-fc-porto-busca-avancado-em-franca\/#primaryimage\"},\"image\":{\"@id\":\"https:\/\/portaltela.pt\/noticias\/2026\/01\/28\/napoles-pretende-alisson-fc-porto-busca-avancado-em-franca\/#primaryimage\"},\"thumbnailUrl\":\"https:\/\/portaltela.pt\/s.01k8rhncp4jt1\/2026\/01\/image-1965.jpg\",\"datePublished\":\"2026-01-28T14:32:00+00:00\",\"author\":{\"@id\":\"https:\/\/portaltela.pt\/#\/schema\/person\/c4278d4a6028830caff9ee44b42d32ed\"},\"breadcrumb\":{\"@id\":\"https:\/\/portaltela.pt\/noticias\/2026\/01\/28\/napoles-pretende-alisson-fc-porto-busca-avancado-em-franca\/#breadcrumb\"},\"inLanguage\":\"pt-PT\",\"potentialAction\":[{\"@type\":\"ReadAction\",\"target\":[\"https:\/\/portaltela.pt\/noticias\/2026\/01\/28\/napoles-pretende-alisson-fc-porto-busca-avancado-em-franca\/\"]}]},{\"@type\":\"ImageObject\",\"inLanguage\":\"pt-PT\",\"@id\":\"https:\/\/portaltela.pt\/noticias\/2026\/01\/28\/napoles-pretende-alisson-fc-porto-busca-avancado-em-franca\/#primaryimage\",\"url\":\"https:\/\/portaltela.pt\/s.01k8rhncp4jt1\/2026\/01\/image-1965.jpg\",\"contentUrl\":\"https:\/\/portaltela.pt\/s.01k8rhncp4jt1\/2026\/01\/image-1965.jpg\",\"width\":796,\"height\":448,\"caption\":\"Alisson pode trocar o Sporting pelo N\u00e1poles\"},{\"@type\":\"BreadcrumbList\",\"@id\":\"https:\/\/portaltela.pt\/noticias\/2026\/01\/28\/napoles-pretende-alisson-fc-porto-busca-avancado-em-franca\/#breadcrumb\",\"itemListElement\":[{\"@type\":\"ListItem\",\"position\":1,\"name\":\"In\u00edcio\",\"item\":\"https:\/\/portaltela.pt\/\"},{\"@type\":\"ListItem\",\"position\":2,\"name\":\"N\u00e1poles pretende Alisson; FC Porto busca avan\u00e7ado em Fran\u00e7a\"}]},{\"@type\":\"WebSite\",\"@id\":\"https:\/\/portaltela.pt\/#website\",\"url\":\"https:\/\/portaltela.pt\/\",\"name\":\"Portal Tela Portugal\",\"description\":\"\",\"potentialAction\":[{\"@type\":\"SearchAction\",\"target\":{\"@type\":\"EntryPoint\",\"urlTemplate\":\"https:\/\/portaltela.pt\/?s={search_term_string}\"},\"query-input\":{\"@type\":\"PropertyValueSpecification\",\"valueRequired\":true,\"valueName\":\"search_term_string\"}}],\"inLanguage\":\"pt-PT\"},{\"@type\":\"Person\",\"@id\":\"https:\/\/portaltela.pt\/#\/schema\/person\/c4278d4a6028830caff9ee44b42d32ed\",\"name\":\"Telinha\",\"image\":{\"@type\":\"ImageObject\",\"inLanguage\":\"pt-PT\",\"@id\":\"https:\/\/portaltela.pt\/s.01k8rhncp4jt1\/2025\/11\/talking-bot-125x125.png\",\"url\":\"https:\/\/portaltela.pt\/s.01k8rhncp4jt1\/2025\/11\/talking-bot-125x125.png\",\"contentUrl\":\"https:\/\/portaltela.pt\/s.01k8rhncp4jt1\/2025\/11\/talking-bot-125x125.png\",\"caption\":\"Telinha\"},\"sameAs\":[\"https:\/\/portaltela.pt\/\"],\"url\":\"https:\/\/portaltela.pt\/por\/367410592786\/\"}]}<\/script>\n<!-- \/ Yoast SEO plugin. -->","yoast_head_json":{"title":"N\u00e1poles pretende Alisson; FC Porto busca avan\u00e7ado em Fran\u00e7a - Portal Tela Portugal","robots":{"index":"index","follow":"follow","max-snippet":"max-snippet:-1","max-image-preview":"max-image-preview:large","max-video-preview":"max-video-preview:-1"},"og_locale":"pt_PT","og_type":"article","og_title":"N\u00e1poles pretende Alisson; FC Porto busca avan\u00e7ado em Fran\u00e7a - Portal Tela Portugal","og_description":"Alisson pode deixar o Sporting para seguir para o Napoli, num empr\u00e9stimo com op\u00e7\u00e3o de compra, conforme avan\u00e7a o jornalista Gianluca Di Marzio. O Sporting aguarda acordo entre as duas equipas para a transfer\u00eancia ficar confirmada, com a op\u00e7\u00e3o de compra no final da \u00e9poca em cima da mesa. O FC Porto procura refor\u00e7ar o ataque e est\u00e1 a negociar com o Nice o empr\u00e9stimo de Terem Moffi, competindo com o Besiktas. o Benfica n\u00e3o vai refor\u00e7ar-se neste m\u00eas, com a desist\u00eancia da contrata\u00e7\u00e3o de Stije Resink junto do Groningen. Ousmane Demb\u00e9l\u00e9 poder\u00e1 deixar o PSG para a liga saudita, estando o interesse j\u00e1 em estudo pela liga da Ar\u00e1bia Saudita. Adama Traor\u00e9 \u00e9 anunciado pelo West Ham, regressando a trabalhar com o treinador portugu\u00eas Nuno Esp\u00edrito Santo.","og_url":"https:\/\/portaltela.pt\/noticias\/2026\/01\/28\/napoles-pretende-alisson-fc-porto-busca-avancado-em-franca\/","og_site_name":"Portal Tela Portugal","article_published_time":"2026-01-28T14:32:00+00:00","author":"Telinha","twitter_card":"summary_large_image","twitter_misc":{"Escrito por":"Telinha","Tempo estimado de leitura":"1 minuto"},"schema":{"@context":"https:\/\/schema.org","@graph":[{"@type":"Article","@id":"https:\/\/portaltela.pt\/noticias\/2026\/01\/28\/napoles-pretende-alisson-fc-porto-busca-avancado-em-franca\/#article","isPartOf":{"@id":"https:\/\/portaltela.pt\/noticias\/2026\/01\/28\/napoles-pretende-alisson-fc-porto-busca-avancado-em-franca\/"},"author":{"name":"Telinha","@id":"https:\/\/portaltela.pt\/#\/schema\/person\/c4278d4a6028830caff9ee44b42d32ed"},"headline":"N\u00e1poles pretende Alisson; FC Porto busca avan\u00e7ado em Fran\u00e7a","datePublished":"2026-01-28T14:32:00+00:00","mainEntityOfPage":{"@id":"https:\/\/portaltela.pt\/noticias\/2026\/01\/28\/napoles-pretende-alisson-fc-porto-busca-avancado-em-franca\/"},"wordCount":310,"image":{"@id":"https:\/\/portaltela.pt\/noticias\/2026\/01\/28\/napoles-pretende-alisson-fc-porto-busca-avancado-em-franca\/#primaryimage"},"thumbnailUrl":"https:\/\/portaltela.pt\/s.01k8rhncp4jt1\/2026\/01\/image-1965.jpg","keywords":["Demb\u00e9l\u00e9","empr\u00e9stimos","FC Porto","N\u00e1poles","transfer\u00eancias","transfer\u00eancias internacionais"],"articleSection":["Desporto","Futebol"],"inLanguage":"pt-PT"},{"@type":"WebPage","@id":"https:\/\/portaltela.pt\/noticias\/2026\/01\/28\/napoles-pretende-alisson-fc-porto-busca-avancado-em-franca\/","url":"https:\/\/portaltela.pt\/noticias\/2026\/01\/28\/napoles-pretende-alisson-fc-porto-busca-avancado-em-franca\/","name":"N\u00e1poles pretende Alisson; FC Porto busca avan\u00e7ado em Fran\u00e7a - Portal Tela Portugal","isPartOf":{"@id":"https:\/\/portaltela.pt\/#website"},"primaryImageOfPage":{"@id":"https:\/\/portaltela.pt\/noticias\/2026\/01\/28\/napoles-pretende-alisson-fc-porto-busca-avancado-em-franca\/#primaryimage"},"image":{"@id":"https:\/\/portaltela.pt\/noticias\/2026\/01\/28\/napoles-pretende-alisson-fc-porto-busca-avancado-em-franca\/#primaryimage"},"thumbnailUrl":"https:\/\/portaltela.pt\/s.01k8rhncp4jt1\/2026\/01\/image-1965.jpg","datePublished":"2026-01-28T14:32:00+00:00","author":{"@id":"https:\/\/portaltela.pt\/#\/schema\/person\/c4278d4a6028830caff9ee44b42d32ed"},"breadcrumb":{"@id":"https:\/\/portaltela.pt\/noticias\/2026\/01\/28\/napoles-pretende-alisson-fc-porto-busca-avancado-em-franca\/#breadcrumb"},"inLanguage":"pt-PT","potentialAction":[{"@type":"ReadAction","target":["https:\/\/portaltela.pt\/noticias\/2026\/01\/28\/napoles-pretende-alisson-fc-porto-busca-avancado-em-franca\/"]}]},{"@type":"ImageObject","inLanguage":"pt-PT","@id":"https:\/\/portaltela.pt\/noticias\/2026\/01\/28\/napoles-pretende-alisson-fc-porto-busca-avancado-em-franca\/#primaryimage","url":"https:\/\/portaltela.pt\/s.01k8rhncp4jt1\/2026\/01\/image-1965.jpg","contentUrl":"https:\/\/portaltela.pt\/s.01k8rhncp4jt1\/2026\/01\/image-1965.jpg","width":796,"height":448,"caption":"Alisson pode trocar o Sporting pelo N\u00e1poles"},{"@type":"BreadcrumbList","@id":"https:\/\/portaltela.pt\/noticias\/2026\/01\/28\/napoles-pretende-alisson-fc-porto-busca-avancado-em-franca\/#breadcrumb","itemListElement":[{"@type":"ListItem","position":1,"name":"In\u00edcio","item":"https:\/\/portaltela.pt\/"},{"@type":"ListItem","position":2,"name":"N\u00e1poles pretende Alisson; FC Porto busca avan\u00e7ado em Fran\u00e7a"}]},{"@type":"WebSite","@id":"https:\/\/portaltela.pt\/#website","url":"https:\/\/portaltela.pt\/","name":"Portal Tela Portugal","description":"","potentialAction":[{"@type":"SearchAction","target":{"@type":"EntryPoint","urlTemplate":"https:\/\/portaltela.pt\/?s={search_term_string}"},"query-input":{"@type":"PropertyValueSpecification","valueRequired":true,"valueName":"search_term_string"}}],"inLanguage":"pt-PT"},{"@type":"Person","@id":"https:\/\/portaltela.pt\/#\/schema\/person\/c4278d4a6028830caff9ee44b42d32ed","name":"Telinha","image":{"@type":"ImageObject","inLanguage":"pt-PT","@id":"https:\/\/portaltela.pt\/s.01k8rhncp4jt1\/2025\/11\/talking-bot-125x125.png","url":"https:\/\/portaltela.pt\/s.01k8rhncp4jt1\/2025\/11\/talking-bot-125x125.png","contentUrl":"https:\/\/portaltela.pt\/s.01k8rhncp4jt1\/2025\/11\/talking-bot-125x125.png","caption":"Telinha"},"sameAs":["https:\/\/portaltela.pt\/"],"url":"https:\/\/portaltela.pt\/por\/367410592786\/"}]}},"_links":{"self":[{"href":"https:\/\/portaltela.pt\/api\/wp\/v2\/posts\/179030","targetHints":{"allow":["GET"]}}],"collection":[{"href":"https:\/\/portaltela.pt\/api\/wp\/v2\/posts"}],"about":[{"href":"https:\/\/portaltela.pt\/api\/wp\/v2\/types\/post"}],"author":[{"embeddable":true,"href":"https:\/\/portaltela.pt\/api\/wp\/v2\/users\/2"}],"replies":[{"embeddable":true,"href":"https:\/\/portaltela.pt\/api\/wp\/v2\/comments?post=179030"}],"version-history":[{"count":0,"href":"https:\/\/portaltela.pt\/api\/wp\/v2\/posts\/179030\/revisions"}],"wp:featuredmedia":[{"embeddable":true,"href":"https:\/\/portaltela.pt\/api\/wp\/v2\/media\/179042"}],"wp:attachment":[{"href":"https:\/\/portaltela.pt\/api\/wp\/v2\/media?parent=179030"}],"wp:term":[{"taxonomy":"category","embeddable":true,"href":"https:\/\/portaltela.pt\/api\/wp\/v2\/categories?post=179030"},{"taxonomy":"post_tag","embeddable":true,"href":"https:\/\/portaltela.pt\/api\/wp\/v2\/tags?post=179030"}],"curies":[{"name":"wp","href":"https:\/\/api.w.org\/{rel}","templated":true}]}}