{"id":179001,"date":"2026-01-28T10:58:38","date_gmt":"2026-01-28T13:58:38","guid":{"rendered":"https:\/\/portaltela.pt\/noticias\/2026\/01\/28\/mulher-condenada-por-nao-tratar-gata-apos-filha-a-ter-colocado-no-forno-em-barcelos\/"},"modified":"2026-01-28T10:58:38","modified_gmt":"2026-01-28T13:58:38","slug":"mulher-condenada-por-nao-tratar-gata-apos-filha-a-ter-colocado-no-forno-em-barcelos","status":"publish","type":"post","link":"https:\/\/portaltela.pt\/noticias\/2026\/01\/28\/mulher-condenada-por-nao-tratar-gata-apos-filha-a-ter-colocado-no-forno-em-barcelos\/","title":{"rendered":"Mulher condenada por n\u00e3o tratar gata ap\u00f3s filha a ter colocado no forno em Barcelos"},"content":{"rendered":"<p>O Tribunal de Barcelos condenou hoje uma mulher de 51 anos, oper\u00e1ria t\u00eaxtil, a uma multa de 720 euros por maus-tratos a animais de companhia. A decis\u00e3o envolve a gata Ariel, que a filha da arguida, ent\u00e3o com 3 anos, colocou num forno ligado, provocando queimaduras graves.<\/p>\n<p>A senten\u00e7a considera o crime de morte e maus-tratos a animais agravado por ter sido um ato especialmente cruel. A arguida foi ainda condenada a uma pena acess\u00f3ria de priva\u00e7\u00e3o do direito de deten\u00e7\u00e3o de animais por 2,5 anos.<\/p>\n<h3>Contexto do caso<\/h3>\n<p>A gata Ariel tinha sido adotada em setembro de 2022, com dois meses de idade, por uma fam\u00edlia de Barcelos. Em novembro seguinte, a filha da arguida colocou-a no forno, causando queimaduras de segundo e terceiro grau.<\/p>\n<p>Apesar do ocorrido, Ariel ficou na garagem durante cerca de uma semana, sem os cuidados adequados. A SOS Bigodes informou a situa\u00e7\u00e3o e a arguida foi\u2011se mobilizando para obter atendimento veterin\u00e1rio.<\/p>\n<p>O animal s\u00f3 recebeu tratamento ap\u00f3s interven\u00e7\u00e3o da SOS Bigodes, que financiou o atendimento. Ariel foi sedada, submetida a cirurgia e permaneceu dois meses no hospital veterin\u00e1rio, antes de ser entregue a uma fam\u00edlia de acolhimento.<\/p>\n<p>Segundo a associa\u00e7\u00e3o, a gata ainda apresenta marcas na pele, resist\u00eancia ao toque e viveu com traumas. A leitura da senten\u00e7a aponta que a m\u00e3e tinha o dever de garantir cuidados m\u00e9dicos \u00e0 animal para evitar agravamentos.<\/p>\n","protected":false},"excerpt":{"rendered":"<ul>\n<li>O Tribunal de Barcelos condenou uma mulher de cinquenta e uma anos a uma multa de 720 euros por maus-tratos a animal de companhia e crime de morte, agravado por crueldade.<\/li>\n<li>A gata Ariel, adotada em setembro de 2022, foi colocada pela filha de tr\u00eas anos num forno ligado, causando queimaduras de segundo e terceiro graus no rosto, orelhas, dorso, patas e cauda.<\/li>\n<li>A m\u00e3e manteve a gata na garagem cerca de uma semana, sem lhe prestar os cuidados necess\u00e1rios, ap\u00f3s o epis\u00f3dio.<\/li>\n<li>A SOS Bigodes interveio e, apesar de a arguida ter contactado um centro veterin\u00e1rio, a gata recebeu tratamento apenas ap\u00f3s a interven\u00e7\u00e3o da associa\u00e7\u00e3o; Ariel permaneceu internada dois meses e foi entregue a uma fam\u00edlia de acolhimento.<\/li>\n<li>O tribunal n\u00e3o apurou exatamente as circunst\u00e2ncias de coloca\u00e7\u00e3o no forno, mas considerou que a m\u00e3e, como adotante, falhou no dever de garantir a sa\u00fade da animais, decretando tamb\u00e9m uma pena acess\u00f3ria de dois anos e meio de proibi\u00e7\u00e3o de deten\u00e7\u00e3o de animais.<\/li>\n<\/ul>\n","protected":false},"author":2,"featured_media":179014,"comment_status":"closed","ping_status":"closed","sticky":false,"template":"","format":"standard","meta":{"footnotes":""},"categories":[1],"tags":[3091,4577,1027,147,3365],"class_list":["post-179001","post","type-post","status-publish","format-standard","has-post-thumbnail","hentry","category-noticias","tag-animais","tag-animais-de-companhia","tag-barcelos","tag-crime","tag-maus-tratos-a-animais-de-companhia"],"yoast_head":"<!-- This site is optimized with the Yoast SEO plugin v27.2 - https:\/\/yoast.com\/product\/yoast-seo-wordpress\/ -->\n<title>Mulher condenada por n\u00e3o tratar gata ap\u00f3s filha a ter colocado no forno em Barcelos - Portal Tela Portugal<\/title>\n<meta name=\"robots\" content=\"index, follow, max-snippet:-1, max-image-preview:large, max-video-preview:-1\" \/>\n<meta property=\"og:locale\" content=\"pt_PT\" \/>\n<meta property=\"og:type\" content=\"article\" \/>\n<meta property=\"og:title\" content=\"Mulher condenada por n\u00e3o tratar gata ap\u00f3s filha a ter colocado no forno em Barcelos - Portal Tela Portugal\" \/>\n<meta property=\"og:description\" content=\"O Tribunal de Barcelos condenou uma mulher de cinquenta e uma anos a uma multa de 720 euros por maus-tratos a animal de companhia e crime de morte, agravado por crueldade. A gata Ariel, adotada em setembro de 2022, foi colocada pela filha de tr\u00eas anos num forno ligado, causando queimaduras de segundo e terceiro graus no rosto, orelhas, dorso, patas e cauda. A m\u00e3e manteve a gata na garagem cerca de uma semana, sem lhe prestar os cuidados necess\u00e1rios, ap\u00f3s o epis\u00f3dio. A SOS Bigodes interveio e, apesar de a arguida ter contactado um centro veterin\u00e1rio, a gata recebeu tratamento apenas ap\u00f3s a interven\u00e7\u00e3o da associa\u00e7\u00e3o; Ariel permaneceu internada dois meses e foi entregue a uma fam\u00edlia de acolhimento. O tribunal n\u00e3o apurou exatamente as circunst\u00e2ncias de coloca\u00e7\u00e3o no forno, mas considerou que a m\u00e3e, como adotante, falhou no dever de garantir a sa\u00fade da animais, decretando tamb\u00e9m uma pena acess\u00f3ria de dois anos e meio de proibi\u00e7\u00e3o de deten\u00e7\u00e3o de animais.\" \/>\n<meta property=\"og:url\" content=\"https:\/\/portaltela.pt\/noticias\/2026\/01\/28\/mulher-condenada-por-nao-tratar-gata-apos-filha-a-ter-colocado-no-forno-em-barcelos\/\" \/>\n<meta property=\"og:site_name\" content=\"Portal Tela Portugal\" \/>\n<meta property=\"article:published_time\" content=\"2026-01-28T13:58:38+00:00\" \/>\n<meta name=\"author\" content=\"Telinha\" \/>\n<meta name=\"twitter:card\" content=\"summary_large_image\" \/>\n<meta name=\"twitter:label1\" content=\"Escrito por\" \/>\n\t<meta name=\"twitter:data1\" content=\"Telinha\" \/>\n\t<meta name=\"twitter:label2\" content=\"Tempo estimado de leitura\" \/>\n\t<meta name=\"twitter:data2\" content=\"1 minuto\" \/>\n<script type=\"application\/ld+json\" class=\"yoast-schema-graph\">{\"@context\":\"https:\/\/schema.org\",\"@graph\":[{\"@type\":\"Article\",\"@id\":\"https:\/\/portaltela.pt\/noticias\/2026\/01\/28\/mulher-condenada-por-nao-tratar-gata-apos-filha-a-ter-colocado-no-forno-em-barcelos\/#article\",\"isPartOf\":{\"@id\":\"https:\/\/portaltela.pt\/noticias\/2026\/01\/28\/mulher-condenada-por-nao-tratar-gata-apos-filha-a-ter-colocado-no-forno-em-barcelos\/\"},\"author\":{\"name\":\"Telinha\",\"@id\":\"https:\/\/portaltela.pt\/#\/schema\/person\/c4278d4a6028830caff9ee44b42d32ed\"},\"headline\":\"Mulher condenada por n\u00e3o tratar gata ap\u00f3s filha a ter colocado no forno em Barcelos\",\"datePublished\":\"2026-01-28T13:58:38+00:00\",\"mainEntityOfPage\":{\"@id\":\"https:\/\/portaltela.pt\/noticias\/2026\/01\/28\/mulher-condenada-por-nao-tratar-gata-apos-filha-a-ter-colocado-no-forno-em-barcelos\/\"},\"wordCount\":262,\"image\":{\"@id\":\"https:\/\/portaltela.pt\/noticias\/2026\/01\/28\/mulher-condenada-por-nao-tratar-gata-apos-filha-a-ter-colocado-no-forno-em-barcelos\/#primaryimage\"},\"thumbnailUrl\":\"https:\/\/portaltela.pt\/s.01k8rhncp4jt1\/2026\/01\/unnamed-file-5625.jpg\",\"keywords\":[\"animais\",\"animais de companhia\",\"Barcelos\",\"crime\",\"maus-tratos a animais de companhia\"],\"articleSection\":[\"Not\u00edcias\"],\"inLanguage\":\"pt-PT\"},{\"@type\":\"WebPage\",\"@id\":\"https:\/\/portaltela.pt\/noticias\/2026\/01\/28\/mulher-condenada-por-nao-tratar-gata-apos-filha-a-ter-colocado-no-forno-em-barcelos\/\",\"url\":\"https:\/\/portaltela.pt\/noticias\/2026\/01\/28\/mulher-condenada-por-nao-tratar-gata-apos-filha-a-ter-colocado-no-forno-em-barcelos\/\",\"name\":\"Mulher condenada por n\u00e3o tratar gata ap\u00f3s filha a ter colocado no forno em Barcelos - Portal Tela Portugal\",\"isPartOf\":{\"@id\":\"https:\/\/portaltela.pt\/#website\"},\"primaryImageOfPage\":{\"@id\":\"https:\/\/portaltela.pt\/noticias\/2026\/01\/28\/mulher-condenada-por-nao-tratar-gata-apos-filha-a-ter-colocado-no-forno-em-barcelos\/#primaryimage\"},\"image\":{\"@id\":\"https:\/\/portaltela.pt\/noticias\/2026\/01\/28\/mulher-condenada-por-nao-tratar-gata-apos-filha-a-ter-colocado-no-forno-em-barcelos\/#primaryimage\"},\"thumbnailUrl\":\"https:\/\/portaltela.pt\/s.01k8rhncp4jt1\/2026\/01\/unnamed-file-5625.jpg\",\"datePublished\":\"2026-01-28T13:58:38+00:00\",\"author\":{\"@id\":\"https:\/\/portaltela.pt\/#\/schema\/person\/c4278d4a6028830caff9ee44b42d32ed\"},\"breadcrumb\":{\"@id\":\"https:\/\/portaltela.pt\/noticias\/2026\/01\/28\/mulher-condenada-por-nao-tratar-gata-apos-filha-a-ter-colocado-no-forno-em-barcelos\/#breadcrumb\"},\"inLanguage\":\"pt-PT\",\"potentialAction\":[{\"@type\":\"ReadAction\",\"target\":[\"https:\/\/portaltela.pt\/noticias\/2026\/01\/28\/mulher-condenada-por-nao-tratar-gata-apos-filha-a-ter-colocado-no-forno-em-barcelos\/\"]}]},{\"@type\":\"ImageObject\",\"inLanguage\":\"pt-PT\",\"@id\":\"https:\/\/portaltela.pt\/noticias\/2026\/01\/28\/mulher-condenada-por-nao-tratar-gata-apos-filha-a-ter-colocado-no-forno-em-barcelos\/#primaryimage\",\"url\":\"https:\/\/portaltela.pt\/s.01k8rhncp4jt1\/2026\/01\/unnamed-file-5625.jpg\",\"contentUrl\":\"https:\/\/portaltela.pt\/s.01k8rhncp4jt1\/2026\/01\/unnamed-file-5625.jpg\",\"width\":796,\"height\":448,\"caption\":\"Mulher condenada por n\u00e3o tratar gata que filha meteu no forno em Barcelos\"},{\"@type\":\"BreadcrumbList\",\"@id\":\"https:\/\/portaltela.pt\/noticias\/2026\/01\/28\/mulher-condenada-por-nao-tratar-gata-apos-filha-a-ter-colocado-no-forno-em-barcelos\/#breadcrumb\",\"itemListElement\":[{\"@type\":\"ListItem\",\"position\":1,\"name\":\"In\u00edcio\",\"item\":\"https:\/\/portaltela.pt\/\"},{\"@type\":\"ListItem\",\"position\":2,\"name\":\"Mulher condenada por n\u00e3o tratar gata ap\u00f3s filha a ter colocado no forno em Barcelos\"}]},{\"@type\":\"WebSite\",\"@id\":\"https:\/\/portaltela.pt\/#website\",\"url\":\"https:\/\/portaltela.pt\/\",\"name\":\"Portal Tela Portugal\",\"description\":\"\",\"potentialAction\":[{\"@type\":\"SearchAction\",\"target\":{\"@type\":\"EntryPoint\",\"urlTemplate\":\"https:\/\/portaltela.pt\/?s={search_term_string}\"},\"query-input\":{\"@type\":\"PropertyValueSpecification\",\"valueRequired\":true,\"valueName\":\"search_term_string\"}}],\"inLanguage\":\"pt-PT\"},{\"@type\":\"Person\",\"@id\":\"https:\/\/portaltela.pt\/#\/schema\/person\/c4278d4a6028830caff9ee44b42d32ed\",\"name\":\"Telinha\",\"image\":{\"@type\":\"ImageObject\",\"inLanguage\":\"pt-PT\",\"@id\":\"https:\/\/portaltela.pt\/s.01k8rhncp4jt1\/2025\/11\/talking-bot-125x125.png\",\"url\":\"https:\/\/portaltela.pt\/s.01k8rhncp4jt1\/2025\/11\/talking-bot-125x125.png\",\"contentUrl\":\"https:\/\/portaltela.pt\/s.01k8rhncp4jt1\/2025\/11\/talking-bot-125x125.png\",\"caption\":\"Telinha\"},\"sameAs\":[\"https:\/\/portaltela.pt\/\"],\"url\":\"https:\/\/portaltela.pt\/por\/367410592786\/\"}]}<\/script>\n<!-- \/ Yoast SEO plugin. -->","yoast_head_json":{"title":"Mulher condenada por n\u00e3o tratar gata ap\u00f3s filha a ter colocado no forno em Barcelos - Portal Tela Portugal","robots":{"index":"index","follow":"follow","max-snippet":"max-snippet:-1","max-image-preview":"max-image-preview:large","max-video-preview":"max-video-preview:-1"},"og_locale":"pt_PT","og_type":"article","og_title":"Mulher condenada por n\u00e3o tratar gata ap\u00f3s filha a ter colocado no forno em Barcelos - Portal Tela Portugal","og_description":"O Tribunal de Barcelos condenou uma mulher de cinquenta e uma anos a uma multa de 720 euros por maus-tratos a animal de companhia e crime de morte, agravado por crueldade. A gata Ariel, adotada em setembro de 2022, foi colocada pela filha de tr\u00eas anos num forno ligado, causando queimaduras de segundo e terceiro graus no rosto, orelhas, dorso, patas e cauda. A m\u00e3e manteve a gata na garagem cerca de uma semana, sem lhe prestar os cuidados necess\u00e1rios, ap\u00f3s o epis\u00f3dio. A SOS Bigodes interveio e, apesar de a arguida ter contactado um centro veterin\u00e1rio, a gata recebeu tratamento apenas ap\u00f3s a interven\u00e7\u00e3o da associa\u00e7\u00e3o; Ariel permaneceu internada dois meses e foi entregue a uma fam\u00edlia de acolhimento. O tribunal n\u00e3o apurou exatamente as circunst\u00e2ncias de coloca\u00e7\u00e3o no forno, mas considerou que a m\u00e3e, como adotante, falhou no dever de garantir a sa\u00fade da animais, decretando tamb\u00e9m uma pena acess\u00f3ria de dois anos e meio de proibi\u00e7\u00e3o de deten\u00e7\u00e3o de animais.","og_url":"https:\/\/portaltela.pt\/noticias\/2026\/01\/28\/mulher-condenada-por-nao-tratar-gata-apos-filha-a-ter-colocado-no-forno-em-barcelos\/","og_site_name":"Portal Tela Portugal","article_published_time":"2026-01-28T13:58:38+00:00","author":"Telinha","twitter_card":"summary_large_image","twitter_misc":{"Escrito por":"Telinha","Tempo estimado de leitura":"1 minuto"},"schema":{"@context":"https:\/\/schema.org","@graph":[{"@type":"Article","@id":"https:\/\/portaltela.pt\/noticias\/2026\/01\/28\/mulher-condenada-por-nao-tratar-gata-apos-filha-a-ter-colocado-no-forno-em-barcelos\/#article","isPartOf":{"@id":"https:\/\/portaltela.pt\/noticias\/2026\/01\/28\/mulher-condenada-por-nao-tratar-gata-apos-filha-a-ter-colocado-no-forno-em-barcelos\/"},"author":{"name":"Telinha","@id":"https:\/\/portaltela.pt\/#\/schema\/person\/c4278d4a6028830caff9ee44b42d32ed"},"headline":"Mulher condenada por n\u00e3o tratar gata ap\u00f3s filha a ter colocado no forno em Barcelos","datePublished":"2026-01-28T13:58:38+00:00","mainEntityOfPage":{"@id":"https:\/\/portaltela.pt\/noticias\/2026\/01\/28\/mulher-condenada-por-nao-tratar-gata-apos-filha-a-ter-colocado-no-forno-em-barcelos\/"},"wordCount":262,"image":{"@id":"https:\/\/portaltela.pt\/noticias\/2026\/01\/28\/mulher-condenada-por-nao-tratar-gata-apos-filha-a-ter-colocado-no-forno-em-barcelos\/#primaryimage"},"thumbnailUrl":"https:\/\/portaltela.pt\/s.01k8rhncp4jt1\/2026\/01\/unnamed-file-5625.jpg","keywords":["animais","animais de companhia","Barcelos","crime","maus-tratos a animais de companhia"],"articleSection":["Not\u00edcias"],"inLanguage":"pt-PT"},{"@type":"WebPage","@id":"https:\/\/portaltela.pt\/noticias\/2026\/01\/28\/mulher-condenada-por-nao-tratar-gata-apos-filha-a-ter-colocado-no-forno-em-barcelos\/","url":"https:\/\/portaltela.pt\/noticias\/2026\/01\/28\/mulher-condenada-por-nao-tratar-gata-apos-filha-a-ter-colocado-no-forno-em-barcelos\/","name":"Mulher condenada por n\u00e3o tratar gata ap\u00f3s filha a ter colocado no forno em Barcelos - Portal Tela Portugal","isPartOf":{"@id":"https:\/\/portaltela.pt\/#website"},"primaryImageOfPage":{"@id":"https:\/\/portaltela.pt\/noticias\/2026\/01\/28\/mulher-condenada-por-nao-tratar-gata-apos-filha-a-ter-colocado-no-forno-em-barcelos\/#primaryimage"},"image":{"@id":"https:\/\/portaltela.pt\/noticias\/2026\/01\/28\/mulher-condenada-por-nao-tratar-gata-apos-filha-a-ter-colocado-no-forno-em-barcelos\/#primaryimage"},"thumbnailUrl":"https:\/\/portaltela.pt\/s.01k8rhncp4jt1\/2026\/01\/unnamed-file-5625.jpg","datePublished":"2026-01-28T13:58:38+00:00","author":{"@id":"https:\/\/portaltela.pt\/#\/schema\/person\/c4278d4a6028830caff9ee44b42d32ed"},"breadcrumb":{"@id":"https:\/\/portaltela.pt\/noticias\/2026\/01\/28\/mulher-condenada-por-nao-tratar-gata-apos-filha-a-ter-colocado-no-forno-em-barcelos\/#breadcrumb"},"inLanguage":"pt-PT","potentialAction":[{"@type":"ReadAction","target":["https:\/\/portaltela.pt\/noticias\/2026\/01\/28\/mulher-condenada-por-nao-tratar-gata-apos-filha-a-ter-colocado-no-forno-em-barcelos\/"]}]},{"@type":"ImageObject","inLanguage":"pt-PT","@id":"https:\/\/portaltela.pt\/noticias\/2026\/01\/28\/mulher-condenada-por-nao-tratar-gata-apos-filha-a-ter-colocado-no-forno-em-barcelos\/#primaryimage","url":"https:\/\/portaltela.pt\/s.01k8rhncp4jt1\/2026\/01\/unnamed-file-5625.jpg","contentUrl":"https:\/\/portaltela.pt\/s.01k8rhncp4jt1\/2026\/01\/unnamed-file-5625.jpg","width":796,"height":448,"caption":"Mulher condenada por n\u00e3o tratar gata que filha meteu no forno em Barcelos"},{"@type":"BreadcrumbList","@id":"https:\/\/portaltela.pt\/noticias\/2026\/01\/28\/mulher-condenada-por-nao-tratar-gata-apos-filha-a-ter-colocado-no-forno-em-barcelos\/#breadcrumb","itemListElement":[{"@type":"ListItem","position":1,"name":"In\u00edcio","item":"https:\/\/portaltela.pt\/"},{"@type":"ListItem","position":2,"name":"Mulher condenada por n\u00e3o tratar gata ap\u00f3s filha a ter colocado no forno em Barcelos"}]},{"@type":"WebSite","@id":"https:\/\/portaltela.pt\/#website","url":"https:\/\/portaltela.pt\/","name":"Portal Tela Portugal","description":"","potentialAction":[{"@type":"SearchAction","target":{"@type":"EntryPoint","urlTemplate":"https:\/\/portaltela.pt\/?s={search_term_string}"},"query-input":{"@type":"PropertyValueSpecification","valueRequired":true,"valueName":"search_term_string"}}],"inLanguage":"pt-PT"},{"@type":"Person","@id":"https:\/\/portaltela.pt\/#\/schema\/person\/c4278d4a6028830caff9ee44b42d32ed","name":"Telinha","image":{"@type":"ImageObject","inLanguage":"pt-PT","@id":"https:\/\/portaltela.pt\/s.01k8rhncp4jt1\/2025\/11\/talking-bot-125x125.png","url":"https:\/\/portaltela.pt\/s.01k8rhncp4jt1\/2025\/11\/talking-bot-125x125.png","contentUrl":"https:\/\/portaltela.pt\/s.01k8rhncp4jt1\/2025\/11\/talking-bot-125x125.png","caption":"Telinha"},"sameAs":["https:\/\/portaltela.pt\/"],"url":"https:\/\/portaltela.pt\/por\/367410592786\/"}]}},"_links":{"self":[{"href":"https:\/\/portaltela.pt\/api\/wp\/v2\/posts\/179001","targetHints":{"allow":["GET"]}}],"collection":[{"href":"https:\/\/portaltela.pt\/api\/wp\/v2\/posts"}],"about":[{"href":"https:\/\/portaltela.pt\/api\/wp\/v2\/types\/post"}],"author":[{"embeddable":true,"href":"https:\/\/portaltela.pt\/api\/wp\/v2\/users\/2"}],"replies":[{"embeddable":true,"href":"https:\/\/portaltela.pt\/api\/wp\/v2\/comments?post=179001"}],"version-history":[{"count":0,"href":"https:\/\/portaltela.pt\/api\/wp\/v2\/posts\/179001\/revisions"}],"wp:featuredmedia":[{"embeddable":true,"href":"https:\/\/portaltela.pt\/api\/wp\/v2\/media\/179014"}],"wp:attachment":[{"href":"https:\/\/portaltela.pt\/api\/wp\/v2\/media?parent=179001"}],"wp:term":[{"taxonomy":"category","embeddable":true,"href":"https:\/\/portaltela.pt\/api\/wp\/v2\/categories?post=179001"},{"taxonomy":"post_tag","embeddable":true,"href":"https:\/\/portaltela.pt\/api\/wp\/v2\/tags?post=179001"}],"curies":[{"name":"wp","href":"https:\/\/api.w.org\/{rel}","templated":true}]}}