{"id":178925,"date":"2026-01-28T11:04:00","date_gmt":"2026-01-28T14:04:00","guid":{"rendered":"https:\/\/portaltela.pt\/noticias\/2026\/01\/28\/mulher-condenada-por-nao-tratar-gata-que-filha-colocou-no-forno-em-barcelos\/"},"modified":"2026-01-28T11:04:00","modified_gmt":"2026-01-28T14:04:00","slug":"mulher-condenada-por-nao-tratar-gata-que-filha-colocou-no-forno-em-barcelos","status":"publish","type":"post","link":"https:\/\/portaltela.pt\/noticias\/2026\/01\/28\/mulher-condenada-por-nao-tratar-gata-que-filha-colocou-no-forno-em-barcelos\/","title":{"rendered":"Mulher condenada por n\u00e3o tratar gata que filha colocou no forno em Barcelos"},"content":{"rendered":"<p>O Tribunal de Barcelos condenou uma mulher de 51 anos, oper\u00e1ria t\u00eaxtil, a uma multa de 720 euros por maus-tratos a um animal de companhia, agravados pela natureza especialmente cruel do ato. A senten\u00e7a independe de culpa na origem do ocorrido, mas aponta para omiss\u00e3o de cuidados que prolongaram o sofrimento.<\/p>\n<p>A gata Ariel, adotada em setembro de 2022 com dois meses, ficou ferida gravemente ap\u00f3s ficar exposta a um forno ligado, em novembro do mesmo ano, quando a filha da arguida, de tr\u00eas anos, lhe colocou o animal no equipamento. O animal sofreu queimaduras de segunda e terceira degrau no rosto, orelhas, dorso, patas e cauda.<\/p>\n<p>A arguida manteve Ariel na garagem durante cerca de uma semana, sem os cuidados necess\u00e1rios, o que agravou o estado de sa\u00fade da gata. A SOS Bigodes, respons\u00e1vel pela ado\u00e7\u00e3o, pediu que a gata recebesse tratamento veterin\u00e1rio.<\/p>\n<p>Segundo relatas do processo, a arguida procurou um centro veterin\u00e1rio apenas para saber os procedimentos de abate, o que n\u00e3o ocorreu gra\u00e7as \u00e0 interven\u00e7\u00e3o da SOS Bigodes, que assegurou o tratamento. Ariel ficou internada cerca de dois meses.<\/p>\n<p>A gata recebeu cirurgia num centro veterin\u00e1rio e foi colocada em tratamento numa casa de acolhimento ap\u00f3s alta. Atualmente, Ariel permanece com pele danificada na zona das queimaduras e continua a apresentar resist\u00eancia ao toque.<\/p>\n<p>O tribunal considerou n\u00e3o estarem a\u00e7orados todos os elementos sobre como a gata foi colocada no forno, mas concluiu que a m\u00e3e da menina sabia que o animal estava ferido e precisava de cuidados m\u00e9dicos. Assim, foi julgada por maus-tratos por omiss\u00e3o, por n\u00e3o garantir a sa\u00fade e o bem-estar do animal.<\/p>\n<p>A ju\u00edza criticou a postura da arguida na audi\u00eancia, destacando a aus\u00eancia de arrependimento ou autocensura, e refor\u00e7ou que, como adotante, tinha o dever de assegurar tratamento adequado para evitar o agravamento da dor. A decis\u00e3o inclui ainda a priva\u00e7\u00e3o do direito de deten\u00e7\u00e3o de animais de companhia por dois anos e meio.<\/p>\n","protected":false},"excerpt":{"rendered":"<ul>\n<li>Mulher de 51 anos foi condenada a uma multa de 720 euros por maus-tratos a animal de companhia, agravados por se tratar de ato particularmente cruel, relacionado com uma gata que a filha de tr\u00eas anos meteu num forno ligado.<\/li>\n<li>Foi ainda aplicada a pena acess\u00f3ria de priva\u00e7\u00e3o do direito de deten\u00e7\u00e3o de animais de companhia por dois anos e meio.<\/li>\n<li>A gata Ariel tinha sido adotada em Barcelos em setembro de 2022; em novembro do mesmo ano sofreu queimaduras graves depois de ser colocada no forno pela filha.<\/li>\n<li>A arguida manteve a gata na garagem durante cerca de uma semana, antes de receber tratamento veterin\u00e1rio gra\u00e7as \u00e0 interven\u00e7\u00e3o da SOS Bigodes.<\/li>\n<li>O tribunal considerou que houve omiss\u00e3o de cuidados por parte da m\u00e3e adotante, destacando a crueldade do ato e a necessidade de prote\u00e7\u00e3o m\u00e9dica para a gata. A SOS Bigodes afirmou que Ariel continua a sofrer consequ\u00eancias f\u00edsicas e emocionais.<\/li>\n<\/ul>\n","protected":false},"author":2,"featured_media":178931,"comment_status":"closed","ping_status":"closed","sticky":false,"template":"","format":"standard","meta":{"footnotes":""},"categories":[1],"tags":[2865,3091,1027,4001,52],"class_list":["post-178925","post","type-post","status-publish","format-standard","has-post-thumbnail","hentry","category-noticias","tag-adocao","tag-animais","tag-barcelos","tag-maus-tratos-a-animais","tag-tribunal"],"yoast_head":"<!-- This site is optimized with the Yoast SEO plugin v27.2 - https:\/\/yoast.com\/product\/yoast-seo-wordpress\/ -->\n<title>Mulher condenada por n\u00e3o tratar gata que filha colocou no forno em Barcelos - Portal Tela Portugal<\/title>\n<meta name=\"robots\" content=\"index, follow, max-snippet:-1, max-image-preview:large, max-video-preview:-1\" \/>\n<meta property=\"og:locale\" content=\"pt_PT\" \/>\n<meta property=\"og:type\" content=\"article\" \/>\n<meta property=\"og:title\" content=\"Mulher condenada por n\u00e3o tratar gata que filha colocou no forno em Barcelos - Portal Tela Portugal\" \/>\n<meta property=\"og:description\" content=\"Mulher de 51 anos foi condenada a uma multa de 720 euros por maus-tratos a animal de companhia, agravados por se tratar de ato particularmente cruel, relacionado com uma gata que a filha de tr\u00eas anos meteu num forno ligado. Foi ainda aplicada a pena acess\u00f3ria de priva\u00e7\u00e3o do direito de deten\u00e7\u00e3o de animais de companhia por dois anos e meio. A gata Ariel tinha sido adotada em Barcelos em setembro de 2022; em novembro do mesmo ano sofreu queimaduras graves depois de ser colocada no forno pela filha. A arguida manteve a gata na garagem durante cerca de uma semana, antes de receber tratamento veterin\u00e1rio gra\u00e7as \u00e0 interven\u00e7\u00e3o da SOS Bigodes. O tribunal considerou que houve omiss\u00e3o de cuidados por parte da m\u00e3e adotante, destacando a crueldade do ato e a necessidade de prote\u00e7\u00e3o m\u00e9dica para a gata. A SOS Bigodes afirmou que Ariel continua a sofrer consequ\u00eancias f\u00edsicas e emocionais.\" \/>\n<meta property=\"og:url\" content=\"https:\/\/portaltela.pt\/noticias\/2026\/01\/28\/mulher-condenada-por-nao-tratar-gata-que-filha-colocou-no-forno-em-barcelos\/\" \/>\n<meta property=\"og:site_name\" content=\"Portal Tela Portugal\" \/>\n<meta property=\"article:published_time\" content=\"2026-01-28T14:04:00+00:00\" \/>\n<meta name=\"author\" content=\"Telinha\" \/>\n<meta name=\"twitter:card\" content=\"summary_large_image\" \/>\n<meta name=\"twitter:label1\" content=\"Escrito por\" \/>\n\t<meta name=\"twitter:data1\" content=\"Telinha\" \/>\n\t<meta name=\"twitter:label2\" content=\"Tempo estimado de leitura\" \/>\n\t<meta name=\"twitter:data2\" content=\"2 minutos\" \/>\n<script type=\"application\/ld+json\" class=\"yoast-schema-graph\">{\"@context\":\"https:\/\/schema.org\",\"@graph\":[{\"@type\":\"Article\",\"@id\":\"https:\/\/portaltela.pt\/noticias\/2026\/01\/28\/mulher-condenada-por-nao-tratar-gata-que-filha-colocou-no-forno-em-barcelos\/#article\",\"isPartOf\":{\"@id\":\"https:\/\/portaltela.pt\/noticias\/2026\/01\/28\/mulher-condenada-por-nao-tratar-gata-que-filha-colocou-no-forno-em-barcelos\/\"},\"author\":{\"name\":\"Telinha\",\"@id\":\"https:\/\/portaltela.pt\/#\/schema\/person\/c4278d4a6028830caff9ee44b42d32ed\"},\"headline\":\"Mulher condenada por n\u00e3o tratar gata que filha colocou no forno em Barcelos\",\"datePublished\":\"2026-01-28T14:04:00+00:00\",\"mainEntityOfPage\":{\"@id\":\"https:\/\/portaltela.pt\/noticias\/2026\/01\/28\/mulher-condenada-por-nao-tratar-gata-que-filha-colocou-no-forno-em-barcelos\/\"},\"wordCount\":364,\"image\":{\"@id\":\"https:\/\/portaltela.pt\/noticias\/2026\/01\/28\/mulher-condenada-por-nao-tratar-gata-que-filha-colocou-no-forno-em-barcelos\/#primaryimage\"},\"thumbnailUrl\":\"https:\/\/portaltela.pt\/s.01k8rhncp4jt1\/2026\/01\/img_1500x1000uu2026-01-28-14-03-51-2263078.jpg\",\"keywords\":[\"ado\u00e7\u00e3o\",\"animais\",\"Barcelos\",\"maus-tratos a animais\",\"tribunal\"],\"articleSection\":[\"Not\u00edcias\"],\"inLanguage\":\"pt-PT\"},{\"@type\":\"WebPage\",\"@id\":\"https:\/\/portaltela.pt\/noticias\/2026\/01\/28\/mulher-condenada-por-nao-tratar-gata-que-filha-colocou-no-forno-em-barcelos\/\",\"url\":\"https:\/\/portaltela.pt\/noticias\/2026\/01\/28\/mulher-condenada-por-nao-tratar-gata-que-filha-colocou-no-forno-em-barcelos\/\",\"name\":\"Mulher condenada por n\u00e3o tratar gata que filha colocou no forno em Barcelos - Portal Tela Portugal\",\"isPartOf\":{\"@id\":\"https:\/\/portaltela.pt\/#website\"},\"primaryImageOfPage\":{\"@id\":\"https:\/\/portaltela.pt\/noticias\/2026\/01\/28\/mulher-condenada-por-nao-tratar-gata-que-filha-colocou-no-forno-em-barcelos\/#primaryimage\"},\"image\":{\"@id\":\"https:\/\/portaltela.pt\/noticias\/2026\/01\/28\/mulher-condenada-por-nao-tratar-gata-que-filha-colocou-no-forno-em-barcelos\/#primaryimage\"},\"thumbnailUrl\":\"https:\/\/portaltela.pt\/s.01k8rhncp4jt1\/2026\/01\/img_1500x1000uu2026-01-28-14-03-51-2263078.jpg\",\"datePublished\":\"2026-01-28T14:04:00+00:00\",\"author\":{\"@id\":\"https:\/\/portaltela.pt\/#\/schema\/person\/c4278d4a6028830caff9ee44b42d32ed\"},\"breadcrumb\":{\"@id\":\"https:\/\/portaltela.pt\/noticias\/2026\/01\/28\/mulher-condenada-por-nao-tratar-gata-que-filha-colocou-no-forno-em-barcelos\/#breadcrumb\"},\"inLanguage\":\"pt-PT\",\"potentialAction\":[{\"@type\":\"ReadAction\",\"target\":[\"https:\/\/portaltela.pt\/noticias\/2026\/01\/28\/mulher-condenada-por-nao-tratar-gata-que-filha-colocou-no-forno-em-barcelos\/\"]}]},{\"@type\":\"ImageObject\",\"inLanguage\":\"pt-PT\",\"@id\":\"https:\/\/portaltela.pt\/noticias\/2026\/01\/28\/mulher-condenada-por-nao-tratar-gata-que-filha-colocou-no-forno-em-barcelos\/#primaryimage\",\"url\":\"https:\/\/portaltela.pt\/s.01k8rhncp4jt1\/2026\/01\/img_1500x1000uu2026-01-28-14-03-51-2263078.jpg\",\"contentUrl\":\"https:\/\/portaltela.pt\/s.01k8rhncp4jt1\/2026\/01\/img_1500x1000uu2026-01-28-14-03-51-2263078.jpg\",\"width\":796,\"height\":448,\"caption\":\"A gata Ariel, com apenas dois meses, foi adotada por uma fam\u00edlia de Barcelos em 2022\"},{\"@type\":\"BreadcrumbList\",\"@id\":\"https:\/\/portaltela.pt\/noticias\/2026\/01\/28\/mulher-condenada-por-nao-tratar-gata-que-filha-colocou-no-forno-em-barcelos\/#breadcrumb\",\"itemListElement\":[{\"@type\":\"ListItem\",\"position\":1,\"name\":\"In\u00edcio\",\"item\":\"https:\/\/portaltela.pt\/\"},{\"@type\":\"ListItem\",\"position\":2,\"name\":\"Mulher condenada por n\u00e3o tratar gata que filha colocou no forno em Barcelos\"}]},{\"@type\":\"WebSite\",\"@id\":\"https:\/\/portaltela.pt\/#website\",\"url\":\"https:\/\/portaltela.pt\/\",\"name\":\"Portal Tela Portugal\",\"description\":\"\",\"potentialAction\":[{\"@type\":\"SearchAction\",\"target\":{\"@type\":\"EntryPoint\",\"urlTemplate\":\"https:\/\/portaltela.pt\/?s={search_term_string}\"},\"query-input\":{\"@type\":\"PropertyValueSpecification\",\"valueRequired\":true,\"valueName\":\"search_term_string\"}}],\"inLanguage\":\"pt-PT\"},{\"@type\":\"Person\",\"@id\":\"https:\/\/portaltela.pt\/#\/schema\/person\/c4278d4a6028830caff9ee44b42d32ed\",\"name\":\"Telinha\",\"image\":{\"@type\":\"ImageObject\",\"inLanguage\":\"pt-PT\",\"@id\":\"https:\/\/portaltela.pt\/s.01k8rhncp4jt1\/2025\/11\/talking-bot-125x125.png\",\"url\":\"https:\/\/portaltela.pt\/s.01k8rhncp4jt1\/2025\/11\/talking-bot-125x125.png\",\"contentUrl\":\"https:\/\/portaltela.pt\/s.01k8rhncp4jt1\/2025\/11\/talking-bot-125x125.png\",\"caption\":\"Telinha\"},\"sameAs\":[\"https:\/\/portaltela.pt\/\"],\"url\":\"https:\/\/portaltela.pt\/por\/367410592786\/\"}]}<\/script>\n<!-- \/ Yoast SEO plugin. -->","yoast_head_json":{"title":"Mulher condenada por n\u00e3o tratar gata que filha colocou no forno em Barcelos - Portal Tela Portugal","robots":{"index":"index","follow":"follow","max-snippet":"max-snippet:-1","max-image-preview":"max-image-preview:large","max-video-preview":"max-video-preview:-1"},"og_locale":"pt_PT","og_type":"article","og_title":"Mulher condenada por n\u00e3o tratar gata que filha colocou no forno em Barcelos - Portal Tela Portugal","og_description":"Mulher de 51 anos foi condenada a uma multa de 720 euros por maus-tratos a animal de companhia, agravados por se tratar de ato particularmente cruel, relacionado com uma gata que a filha de tr\u00eas anos meteu num forno ligado. Foi ainda aplicada a pena acess\u00f3ria de priva\u00e7\u00e3o do direito de deten\u00e7\u00e3o de animais de companhia por dois anos e meio. A gata Ariel tinha sido adotada em Barcelos em setembro de 2022; em novembro do mesmo ano sofreu queimaduras graves depois de ser colocada no forno pela filha. A arguida manteve a gata na garagem durante cerca de uma semana, antes de receber tratamento veterin\u00e1rio gra\u00e7as \u00e0 interven\u00e7\u00e3o da SOS Bigodes. O tribunal considerou que houve omiss\u00e3o de cuidados por parte da m\u00e3e adotante, destacando a crueldade do ato e a necessidade de prote\u00e7\u00e3o m\u00e9dica para a gata. A SOS Bigodes afirmou que Ariel continua a sofrer consequ\u00eancias f\u00edsicas e emocionais.","og_url":"https:\/\/portaltela.pt\/noticias\/2026\/01\/28\/mulher-condenada-por-nao-tratar-gata-que-filha-colocou-no-forno-em-barcelos\/","og_site_name":"Portal Tela Portugal","article_published_time":"2026-01-28T14:04:00+00:00","author":"Telinha","twitter_card":"summary_large_image","twitter_misc":{"Escrito por":"Telinha","Tempo estimado de leitura":"2 minutos"},"schema":{"@context":"https:\/\/schema.org","@graph":[{"@type":"Article","@id":"https:\/\/portaltela.pt\/noticias\/2026\/01\/28\/mulher-condenada-por-nao-tratar-gata-que-filha-colocou-no-forno-em-barcelos\/#article","isPartOf":{"@id":"https:\/\/portaltela.pt\/noticias\/2026\/01\/28\/mulher-condenada-por-nao-tratar-gata-que-filha-colocou-no-forno-em-barcelos\/"},"author":{"name":"Telinha","@id":"https:\/\/portaltela.pt\/#\/schema\/person\/c4278d4a6028830caff9ee44b42d32ed"},"headline":"Mulher condenada por n\u00e3o tratar gata que filha colocou no forno em Barcelos","datePublished":"2026-01-28T14:04:00+00:00","mainEntityOfPage":{"@id":"https:\/\/portaltela.pt\/noticias\/2026\/01\/28\/mulher-condenada-por-nao-tratar-gata-que-filha-colocou-no-forno-em-barcelos\/"},"wordCount":364,"image":{"@id":"https:\/\/portaltela.pt\/noticias\/2026\/01\/28\/mulher-condenada-por-nao-tratar-gata-que-filha-colocou-no-forno-em-barcelos\/#primaryimage"},"thumbnailUrl":"https:\/\/portaltela.pt\/s.01k8rhncp4jt1\/2026\/01\/img_1500x1000uu2026-01-28-14-03-51-2263078.jpg","keywords":["ado\u00e7\u00e3o","animais","Barcelos","maus-tratos a animais","tribunal"],"articleSection":["Not\u00edcias"],"inLanguage":"pt-PT"},{"@type":"WebPage","@id":"https:\/\/portaltela.pt\/noticias\/2026\/01\/28\/mulher-condenada-por-nao-tratar-gata-que-filha-colocou-no-forno-em-barcelos\/","url":"https:\/\/portaltela.pt\/noticias\/2026\/01\/28\/mulher-condenada-por-nao-tratar-gata-que-filha-colocou-no-forno-em-barcelos\/","name":"Mulher condenada por n\u00e3o tratar gata que filha colocou no forno em Barcelos - Portal Tela Portugal","isPartOf":{"@id":"https:\/\/portaltela.pt\/#website"},"primaryImageOfPage":{"@id":"https:\/\/portaltela.pt\/noticias\/2026\/01\/28\/mulher-condenada-por-nao-tratar-gata-que-filha-colocou-no-forno-em-barcelos\/#primaryimage"},"image":{"@id":"https:\/\/portaltela.pt\/noticias\/2026\/01\/28\/mulher-condenada-por-nao-tratar-gata-que-filha-colocou-no-forno-em-barcelos\/#primaryimage"},"thumbnailUrl":"https:\/\/portaltela.pt\/s.01k8rhncp4jt1\/2026\/01\/img_1500x1000uu2026-01-28-14-03-51-2263078.jpg","datePublished":"2026-01-28T14:04:00+00:00","author":{"@id":"https:\/\/portaltela.pt\/#\/schema\/person\/c4278d4a6028830caff9ee44b42d32ed"},"breadcrumb":{"@id":"https:\/\/portaltela.pt\/noticias\/2026\/01\/28\/mulher-condenada-por-nao-tratar-gata-que-filha-colocou-no-forno-em-barcelos\/#breadcrumb"},"inLanguage":"pt-PT","potentialAction":[{"@type":"ReadAction","target":["https:\/\/portaltela.pt\/noticias\/2026\/01\/28\/mulher-condenada-por-nao-tratar-gata-que-filha-colocou-no-forno-em-barcelos\/"]}]},{"@type":"ImageObject","inLanguage":"pt-PT","@id":"https:\/\/portaltela.pt\/noticias\/2026\/01\/28\/mulher-condenada-por-nao-tratar-gata-que-filha-colocou-no-forno-em-barcelos\/#primaryimage","url":"https:\/\/portaltela.pt\/s.01k8rhncp4jt1\/2026\/01\/img_1500x1000uu2026-01-28-14-03-51-2263078.jpg","contentUrl":"https:\/\/portaltela.pt\/s.01k8rhncp4jt1\/2026\/01\/img_1500x1000uu2026-01-28-14-03-51-2263078.jpg","width":796,"height":448,"caption":"A gata Ariel, com apenas dois meses, foi adotada por uma fam\u00edlia de Barcelos em 2022"},{"@type":"BreadcrumbList","@id":"https:\/\/portaltela.pt\/noticias\/2026\/01\/28\/mulher-condenada-por-nao-tratar-gata-que-filha-colocou-no-forno-em-barcelos\/#breadcrumb","itemListElement":[{"@type":"ListItem","position":1,"name":"In\u00edcio","item":"https:\/\/portaltela.pt\/"},{"@type":"ListItem","position":2,"name":"Mulher condenada por n\u00e3o tratar gata que filha colocou no forno em Barcelos"}]},{"@type":"WebSite","@id":"https:\/\/portaltela.pt\/#website","url":"https:\/\/portaltela.pt\/","name":"Portal Tela Portugal","description":"","potentialAction":[{"@type":"SearchAction","target":{"@type":"EntryPoint","urlTemplate":"https:\/\/portaltela.pt\/?s={search_term_string}"},"query-input":{"@type":"PropertyValueSpecification","valueRequired":true,"valueName":"search_term_string"}}],"inLanguage":"pt-PT"},{"@type":"Person","@id":"https:\/\/portaltela.pt\/#\/schema\/person\/c4278d4a6028830caff9ee44b42d32ed","name":"Telinha","image":{"@type":"ImageObject","inLanguage":"pt-PT","@id":"https:\/\/portaltela.pt\/s.01k8rhncp4jt1\/2025\/11\/talking-bot-125x125.png","url":"https:\/\/portaltela.pt\/s.01k8rhncp4jt1\/2025\/11\/talking-bot-125x125.png","contentUrl":"https:\/\/portaltela.pt\/s.01k8rhncp4jt1\/2025\/11\/talking-bot-125x125.png","caption":"Telinha"},"sameAs":["https:\/\/portaltela.pt\/"],"url":"https:\/\/portaltela.pt\/por\/367410592786\/"}]}},"_links":{"self":[{"href":"https:\/\/portaltela.pt\/api\/wp\/v2\/posts\/178925","targetHints":{"allow":["GET"]}}],"collection":[{"href":"https:\/\/portaltela.pt\/api\/wp\/v2\/posts"}],"about":[{"href":"https:\/\/portaltela.pt\/api\/wp\/v2\/types\/post"}],"author":[{"embeddable":true,"href":"https:\/\/portaltela.pt\/api\/wp\/v2\/users\/2"}],"replies":[{"embeddable":true,"href":"https:\/\/portaltela.pt\/api\/wp\/v2\/comments?post=178925"}],"version-history":[{"count":0,"href":"https:\/\/portaltela.pt\/api\/wp\/v2\/posts\/178925\/revisions"}],"wp:featuredmedia":[{"embeddable":true,"href":"https:\/\/portaltela.pt\/api\/wp\/v2\/media\/178931"}],"wp:attachment":[{"href":"https:\/\/portaltela.pt\/api\/wp\/v2\/media?parent=178925"}],"wp:term":[{"taxonomy":"category","embeddable":true,"href":"https:\/\/portaltela.pt\/api\/wp\/v2\/categories?post=178925"},{"taxonomy":"post_tag","embeddable":true,"href":"https:\/\/portaltela.pt\/api\/wp\/v2\/tags?post=178925"}],"curies":[{"name":"wp","href":"https:\/\/api.w.org\/{rel}","templated":true}]}}