{"id":178920,"date":"2026-01-28T10:52:11","date_gmt":"2026-01-28T13:52:11","guid":{"rendered":"https:\/\/portaltela.pt\/noticias\/2026\/01\/28\/governo-pretende-criar-centros-de-crise-para-criancas-e-jovens\/"},"modified":"2026-01-28T10:52:11","modified_gmt":"2026-01-28T13:52:11","slug":"governo-pretende-criar-centros-de-crise-para-criancas-e-jovens","status":"publish","type":"post","link":"https:\/\/portaltela.pt\/noticias\/2026\/01\/28\/governo-pretende-criar-centros-de-crise-para-criancas-e-jovens\/","title":{"rendered":"Governo pretende criar centros de crise para crian\u00e7as e jovens"},"content":{"rendered":"<p>O Governo pretende criar at\u00e9 2027 centros de crise para crian\u00e7as e jovens v\u00edtimas de viol\u00eancia, com resposta imediata e confidencial. A medida foi anunciada pela ministra Margarida Balseiro Lopes durante uma audi\u00e7\u00e3o parlamentar sobre o trabalho dos \u00faltimos meses.<\/p>\n<p>Os centros acompanhar\u00e3o v\u00e1rias \u00e1reas num \u00fanico espa\u00e7o, no modelo de uma <strong>one stop shop<\/strong>, e contam com financiamento j\u00e1 assegurado de 1 milh\u00e3o de euros. O objetivo \u00e9 responder de forma especializada a v\u00edtimas de viol\u00eancia sexual.<\/p>\n<p>A implementa\u00e7\u00e3o est\u00e1 prevista para iniciar no come\u00e7o de 2027, em parceria com a \u00e1rea da sa\u00fade, e visa assegurar servi\u00e7os multidisciplinares rapidamente. O governo pretende ampliar tamb\u00e9m o apoio psicol\u00f3gico em casos de viol\u00eancia dom\u00e9stica com novas respostas.<\/p>\n<h3>Apoio psicol\u00f3gico e linha de atendimento<\/h3>\n<p>Ser\u00e3o criadas tr\u00eas novas respostas de apoio psicol\u00f3gico para crian\u00e7as e jovens em contexto de viol\u00eancia dom\u00e9stica, cobrindo Lisboa, Sintra, Amadora e Loures, garantindo cobertura nacional. Paralelamente, est\u00e1 criada uma linha nacional gratuita, confidencial e 24 horas, com custos anuais de 344 mil euros.<\/p>\n<p>A linha j\u00e1 funciona como recurso de apoio a v\u00edtimas de viol\u00eancia e deve estar operacional at\u00e9 setembro, tal como as tr\u00eas novas respostas de apoio psicol\u00f3gico. O objetivo \u00e9 facilitar o acesso r\u00e1pido a servi\u00e7os especializados.<\/p>\n<p>Al\u00e9m disso, o Governo est\u00e1 a investir 1 milh\u00e3o de euros na cria\u00e7\u00e3o de respostas multidisciplinares para atendimento a v\u00edtimas de viol\u00eancia dom\u00e9stica, mantendo o modelo <strong>one stop shop<\/strong> para atender diversas necessidades.<\/p>\n<p>Foi ainda anunciada a cria\u00e7\u00e3o de uma linha de apoio t\u00e9cnico e financeiro com 80 mil euros destinado a projetos de preven\u00e7\u00e3o e combate a pr\u00e1ticas prejudiciais, como mutila\u00e7\u00e3o genital feminina e casamentos infantis, precoces ou for\u00e7ados. Onze organiza\u00e7\u00f5es j\u00e1 foram financiadas para estas \u00e1reas.<\/p>\n","protected":false},"excerpt":{"rendered":"<ul>\n<li>O Governo quer criar at\u00e9 2027 centros de crise para crian\u00e7as e jovens v\u00edtimas de viol\u00eancia sexual, com novas respostas de apoio em viol\u00eancia dom\u00e9stica.<\/li>\n<li>O financiamento j\u00e1 est\u00e1 assegurado, no valor de um milh\u00e3o de euros, para um modelo de \u201cone stop shop\u201d que concentre v\u00e1rios servi\u00e7os num \u00fanico local.<\/li>\n<li>Ser\u00e1 criada uma linha telef\u00f3nica nacional gratuita, confidencial, multilingue e 24 horas por dia, com custo anual de 344 mil euros, com o objetivo de estar ativa at\u00e9 setembro.<\/li>\n<li>Ser\u00e3o criadas tr\u00eas novas respostas de apoio psicol\u00f3gico especializado para crian\u00e7as e jovens em contexto de viol\u00eancia dom\u00e9stica, abrangendo os concelhos de Lisboa, Sintra, Amadora e Loures, garantindo cobertura no territ\u00f3rio.<\/li>\n<li>Al\u00e9m disso, o Governo investe um milh\u00e3o de euros em respostas multidisciplinares para atendimento de v\u00edtimas de viol\u00eancia dom\u00e9stica, com uma linha de apoio t\u00e9cnico e financeiro de 80 mil euros para projetos de combate a pr\u00e1ticas tradicionais nefastas e financiamento a onze organiza\u00e7\u00f5es envolvidas em MGF (mutila\u00e7\u00e3o genital feminina) e casamentos infantis, precoces e for\u00e7ados.<\/li>\n<\/ul>\n","protected":false},"author":2,"featured_media":178935,"comment_status":"closed","ping_status":"closed","sticky":false,"template":"","format":"standard","meta":{"footnotes":""},"categories":[1],"tags":[1759,1414,2181,2249,214,1389],"class_list":["post-178920","post","type-post","status-publish","format-standard","has-post-thumbnail","hentry","category-noticias","tag-infancia","tag-mutilacao-genital-feminina","tag-protecao-de-menores","tag-psicologia","tag-violencia-domestica","tag-violencia-sexual-de-menor-dependente-ou-em-situacao-vulneravel"],"yoast_head":"<!-- This site is optimized with the Yoast SEO plugin v27.2 - https:\/\/yoast.com\/product\/yoast-seo-wordpress\/ -->\n<title>Governo pretende criar centros de crise para crian\u00e7as e jovens - Portal Tela Portugal<\/title>\n<meta name=\"robots\" content=\"index, follow, max-snippet:-1, max-image-preview:large, max-video-preview:-1\" \/>\n<meta property=\"og:locale\" content=\"pt_PT\" \/>\n<meta property=\"og:type\" content=\"article\" \/>\n<meta property=\"og:title\" content=\"Governo pretende criar centros de crise para crian\u00e7as e jovens - Portal Tela Portugal\" \/>\n<meta property=\"og:description\" content=\"O Governo quer criar at\u00e9 2027 centros de crise para crian\u00e7as e jovens v\u00edtimas de viol\u00eancia sexual, com novas respostas de apoio em viol\u00eancia dom\u00e9stica. O financiamento j\u00e1 est\u00e1 assegurado, no valor de um milh\u00e3o de euros, para um modelo de \u201cone stop shop\u201d que concentre v\u00e1rios servi\u00e7os num \u00fanico local. Ser\u00e1 criada uma linha telef\u00f3nica nacional gratuita, confidencial, multilingue e 24 horas por dia, com custo anual de 344 mil euros, com o objetivo de estar ativa at\u00e9 setembro. Ser\u00e3o criadas tr\u00eas novas respostas de apoio psicol\u00f3gico especializado para crian\u00e7as e jovens em contexto de viol\u00eancia dom\u00e9stica, abrangendo os concelhos de Lisboa, Sintra, Amadora e Loures, garantindo cobertura no territ\u00f3rio. Al\u00e9m disso, o Governo investe um milh\u00e3o de euros em respostas multidisciplinares para atendimento de v\u00edtimas de viol\u00eancia dom\u00e9stica, com uma linha de apoio t\u00e9cnico e financeiro de 80 mil euros para projetos de combate a pr\u00e1ticas tradicionais nefastas e financiamento a onze organiza\u00e7\u00f5es envolvidas em MGF (mutila\u00e7\u00e3o genital feminina) e casamentos infantis, precoces e for\u00e7ados.\" \/>\n<meta property=\"og:url\" content=\"https:\/\/portaltela.pt\/noticias\/2026\/01\/28\/governo-pretende-criar-centros-de-crise-para-criancas-e-jovens\/\" \/>\n<meta property=\"og:site_name\" content=\"Portal Tela Portugal\" \/>\n<meta property=\"article:published_time\" content=\"2026-01-28T13:52:11+00:00\" \/>\n<meta name=\"author\" content=\"Telinha\" \/>\n<meta name=\"twitter:card\" content=\"summary_large_image\" \/>\n<meta name=\"twitter:label1\" content=\"Escrito por\" \/>\n\t<meta name=\"twitter:data1\" content=\"Telinha\" \/>\n\t<meta name=\"twitter:label2\" content=\"Tempo estimado de leitura\" \/>\n\t<meta name=\"twitter:data2\" content=\"2 minutos\" \/>\n<script type=\"application\/ld+json\" class=\"yoast-schema-graph\">{\"@context\":\"https:\/\/schema.org\",\"@graph\":[{\"@type\":\"Article\",\"@id\":\"https:\/\/portaltela.pt\/noticias\/2026\/01\/28\/governo-pretende-criar-centros-de-crise-para-criancas-e-jovens\/#article\",\"isPartOf\":{\"@id\":\"https:\/\/portaltela.pt\/noticias\/2026\/01\/28\/governo-pretende-criar-centros-de-crise-para-criancas-e-jovens\/\"},\"author\":{\"name\":\"Telinha\",\"@id\":\"https:\/\/portaltela.pt\/#\/schema\/person\/c4278d4a6028830caff9ee44b42d32ed\"},\"headline\":\"Governo pretende criar centros de crise para crian\u00e7as e jovens\",\"datePublished\":\"2026-01-28T13:52:11+00:00\",\"mainEntityOfPage\":{\"@id\":\"https:\/\/portaltela.pt\/noticias\/2026\/01\/28\/governo-pretende-criar-centros-de-crise-para-criancas-e-jovens\/\"},\"wordCount\":328,\"image\":{\"@id\":\"https:\/\/portaltela.pt\/noticias\/2026\/01\/28\/governo-pretende-criar-centros-de-crise-para-criancas-e-jovens\/#primaryimage\"},\"thumbnailUrl\":\"https:\/\/portaltela.pt\/s.01k8rhncp4jt1\/2026\/01\/unnamed-file-5617.jpg\",\"keywords\":[\"inf\u00e2ncia\",\"mutila\u00e7\u00e3o genital feminina\",\"prote\u00e7\u00e3o de menores\",\"psicologia\",\"viol\u00eancia dom\u00e9stica\",\"viol\u00eancia sexual de menor dependente ou em situa\u00e7\u00e3o vulner\u00e1vel\"],\"articleSection\":[\"Not\u00edcias\"],\"inLanguage\":\"pt-PT\"},{\"@type\":\"WebPage\",\"@id\":\"https:\/\/portaltela.pt\/noticias\/2026\/01\/28\/governo-pretende-criar-centros-de-crise-para-criancas-e-jovens\/\",\"url\":\"https:\/\/portaltela.pt\/noticias\/2026\/01\/28\/governo-pretende-criar-centros-de-crise-para-criancas-e-jovens\/\",\"name\":\"Governo pretende criar centros de crise para crian\u00e7as e jovens - Portal Tela Portugal\",\"isPartOf\":{\"@id\":\"https:\/\/portaltela.pt\/#website\"},\"primaryImageOfPage\":{\"@id\":\"https:\/\/portaltela.pt\/noticias\/2026\/01\/28\/governo-pretende-criar-centros-de-crise-para-criancas-e-jovens\/#primaryimage\"},\"image\":{\"@id\":\"https:\/\/portaltela.pt\/noticias\/2026\/01\/28\/governo-pretende-criar-centros-de-crise-para-criancas-e-jovens\/#primaryimage\"},\"thumbnailUrl\":\"https:\/\/portaltela.pt\/s.01k8rhncp4jt1\/2026\/01\/unnamed-file-5617.jpg\",\"datePublished\":\"2026-01-28T13:52:11+00:00\",\"author\":{\"@id\":\"https:\/\/portaltela.pt\/#\/schema\/person\/c4278d4a6028830caff9ee44b42d32ed\"},\"breadcrumb\":{\"@id\":\"https:\/\/portaltela.pt\/noticias\/2026\/01\/28\/governo-pretende-criar-centros-de-crise-para-criancas-e-jovens\/#breadcrumb\"},\"inLanguage\":\"pt-PT\",\"potentialAction\":[{\"@type\":\"ReadAction\",\"target\":[\"https:\/\/portaltela.pt\/noticias\/2026\/01\/28\/governo-pretende-criar-centros-de-crise-para-criancas-e-jovens\/\"]}]},{\"@type\":\"ImageObject\",\"inLanguage\":\"pt-PT\",\"@id\":\"https:\/\/portaltela.pt\/noticias\/2026\/01\/28\/governo-pretende-criar-centros-de-crise-para-criancas-e-jovens\/#primaryimage\",\"url\":\"https:\/\/portaltela.pt\/s.01k8rhncp4jt1\/2026\/01\/unnamed-file-5617.jpg\",\"contentUrl\":\"https:\/\/portaltela.pt\/s.01k8rhncp4jt1\/2026\/01\/unnamed-file-5617.jpg\",\"width\":796,\"height\":448,\"caption\":\"Photo\"},{\"@type\":\"BreadcrumbList\",\"@id\":\"https:\/\/portaltela.pt\/noticias\/2026\/01\/28\/governo-pretende-criar-centros-de-crise-para-criancas-e-jovens\/#breadcrumb\",\"itemListElement\":[{\"@type\":\"ListItem\",\"position\":1,\"name\":\"In\u00edcio\",\"item\":\"https:\/\/portaltela.pt\/\"},{\"@type\":\"ListItem\",\"position\":2,\"name\":\"Governo pretende criar centros de crise para crian\u00e7as e jovens\"}]},{\"@type\":\"WebSite\",\"@id\":\"https:\/\/portaltela.pt\/#website\",\"url\":\"https:\/\/portaltela.pt\/\",\"name\":\"Portal Tela Portugal\",\"description\":\"\",\"potentialAction\":[{\"@type\":\"SearchAction\",\"target\":{\"@type\":\"EntryPoint\",\"urlTemplate\":\"https:\/\/portaltela.pt\/?s={search_term_string}\"},\"query-input\":{\"@type\":\"PropertyValueSpecification\",\"valueRequired\":true,\"valueName\":\"search_term_string\"}}],\"inLanguage\":\"pt-PT\"},{\"@type\":\"Person\",\"@id\":\"https:\/\/portaltela.pt\/#\/schema\/person\/c4278d4a6028830caff9ee44b42d32ed\",\"name\":\"Telinha\",\"image\":{\"@type\":\"ImageObject\",\"inLanguage\":\"pt-PT\",\"@id\":\"https:\/\/portaltela.pt\/s.01k8rhncp4jt1\/2025\/11\/talking-bot-125x125.png\",\"url\":\"https:\/\/portaltela.pt\/s.01k8rhncp4jt1\/2025\/11\/talking-bot-125x125.png\",\"contentUrl\":\"https:\/\/portaltela.pt\/s.01k8rhncp4jt1\/2025\/11\/talking-bot-125x125.png\",\"caption\":\"Telinha\"},\"sameAs\":[\"https:\/\/portaltela.pt\/\"],\"url\":\"https:\/\/portaltela.pt\/por\/367410592786\/\"}]}<\/script>\n<!-- \/ Yoast SEO plugin. -->","yoast_head_json":{"title":"Governo pretende criar centros de crise para crian\u00e7as e jovens - Portal Tela Portugal","robots":{"index":"index","follow":"follow","max-snippet":"max-snippet:-1","max-image-preview":"max-image-preview:large","max-video-preview":"max-video-preview:-1"},"og_locale":"pt_PT","og_type":"article","og_title":"Governo pretende criar centros de crise para crian\u00e7as e jovens - Portal Tela Portugal","og_description":"O Governo quer criar at\u00e9 2027 centros de crise para crian\u00e7as e jovens v\u00edtimas de viol\u00eancia sexual, com novas respostas de apoio em viol\u00eancia dom\u00e9stica. O financiamento j\u00e1 est\u00e1 assegurado, no valor de um milh\u00e3o de euros, para um modelo de \u201cone stop shop\u201d que concentre v\u00e1rios servi\u00e7os num \u00fanico local. Ser\u00e1 criada uma linha telef\u00f3nica nacional gratuita, confidencial, multilingue e 24 horas por dia, com custo anual de 344 mil euros, com o objetivo de estar ativa at\u00e9 setembro. Ser\u00e3o criadas tr\u00eas novas respostas de apoio psicol\u00f3gico especializado para crian\u00e7as e jovens em contexto de viol\u00eancia dom\u00e9stica, abrangendo os concelhos de Lisboa, Sintra, Amadora e Loures, garantindo cobertura no territ\u00f3rio. Al\u00e9m disso, o Governo investe um milh\u00e3o de euros em respostas multidisciplinares para atendimento de v\u00edtimas de viol\u00eancia dom\u00e9stica, com uma linha de apoio t\u00e9cnico e financeiro de 80 mil euros para projetos de combate a pr\u00e1ticas tradicionais nefastas e financiamento a onze organiza\u00e7\u00f5es envolvidas em MGF (mutila\u00e7\u00e3o genital feminina) e casamentos infantis, precoces e for\u00e7ados.","og_url":"https:\/\/portaltela.pt\/noticias\/2026\/01\/28\/governo-pretende-criar-centros-de-crise-para-criancas-e-jovens\/","og_site_name":"Portal Tela Portugal","article_published_time":"2026-01-28T13:52:11+00:00","author":"Telinha","twitter_card":"summary_large_image","twitter_misc":{"Escrito por":"Telinha","Tempo estimado de leitura":"2 minutos"},"schema":{"@context":"https:\/\/schema.org","@graph":[{"@type":"Article","@id":"https:\/\/portaltela.pt\/noticias\/2026\/01\/28\/governo-pretende-criar-centros-de-crise-para-criancas-e-jovens\/#article","isPartOf":{"@id":"https:\/\/portaltela.pt\/noticias\/2026\/01\/28\/governo-pretende-criar-centros-de-crise-para-criancas-e-jovens\/"},"author":{"name":"Telinha","@id":"https:\/\/portaltela.pt\/#\/schema\/person\/c4278d4a6028830caff9ee44b42d32ed"},"headline":"Governo pretende criar centros de crise para crian\u00e7as e jovens","datePublished":"2026-01-28T13:52:11+00:00","mainEntityOfPage":{"@id":"https:\/\/portaltela.pt\/noticias\/2026\/01\/28\/governo-pretende-criar-centros-de-crise-para-criancas-e-jovens\/"},"wordCount":328,"image":{"@id":"https:\/\/portaltela.pt\/noticias\/2026\/01\/28\/governo-pretende-criar-centros-de-crise-para-criancas-e-jovens\/#primaryimage"},"thumbnailUrl":"https:\/\/portaltela.pt\/s.01k8rhncp4jt1\/2026\/01\/unnamed-file-5617.jpg","keywords":["inf\u00e2ncia","mutila\u00e7\u00e3o genital feminina","prote\u00e7\u00e3o de menores","psicologia","viol\u00eancia dom\u00e9stica","viol\u00eancia sexual de menor dependente ou em situa\u00e7\u00e3o vulner\u00e1vel"],"articleSection":["Not\u00edcias"],"inLanguage":"pt-PT"},{"@type":"WebPage","@id":"https:\/\/portaltela.pt\/noticias\/2026\/01\/28\/governo-pretende-criar-centros-de-crise-para-criancas-e-jovens\/","url":"https:\/\/portaltela.pt\/noticias\/2026\/01\/28\/governo-pretende-criar-centros-de-crise-para-criancas-e-jovens\/","name":"Governo pretende criar centros de crise para crian\u00e7as e jovens - Portal Tela Portugal","isPartOf":{"@id":"https:\/\/portaltela.pt\/#website"},"primaryImageOfPage":{"@id":"https:\/\/portaltela.pt\/noticias\/2026\/01\/28\/governo-pretende-criar-centros-de-crise-para-criancas-e-jovens\/#primaryimage"},"image":{"@id":"https:\/\/portaltela.pt\/noticias\/2026\/01\/28\/governo-pretende-criar-centros-de-crise-para-criancas-e-jovens\/#primaryimage"},"thumbnailUrl":"https:\/\/portaltela.pt\/s.01k8rhncp4jt1\/2026\/01\/unnamed-file-5617.jpg","datePublished":"2026-01-28T13:52:11+00:00","author":{"@id":"https:\/\/portaltela.pt\/#\/schema\/person\/c4278d4a6028830caff9ee44b42d32ed"},"breadcrumb":{"@id":"https:\/\/portaltela.pt\/noticias\/2026\/01\/28\/governo-pretende-criar-centros-de-crise-para-criancas-e-jovens\/#breadcrumb"},"inLanguage":"pt-PT","potentialAction":[{"@type":"ReadAction","target":["https:\/\/portaltela.pt\/noticias\/2026\/01\/28\/governo-pretende-criar-centros-de-crise-para-criancas-e-jovens\/"]}]},{"@type":"ImageObject","inLanguage":"pt-PT","@id":"https:\/\/portaltela.pt\/noticias\/2026\/01\/28\/governo-pretende-criar-centros-de-crise-para-criancas-e-jovens\/#primaryimage","url":"https:\/\/portaltela.pt\/s.01k8rhncp4jt1\/2026\/01\/unnamed-file-5617.jpg","contentUrl":"https:\/\/portaltela.pt\/s.01k8rhncp4jt1\/2026\/01\/unnamed-file-5617.jpg","width":796,"height":448,"caption":"Photo"},{"@type":"BreadcrumbList","@id":"https:\/\/portaltela.pt\/noticias\/2026\/01\/28\/governo-pretende-criar-centros-de-crise-para-criancas-e-jovens\/#breadcrumb","itemListElement":[{"@type":"ListItem","position":1,"name":"In\u00edcio","item":"https:\/\/portaltela.pt\/"},{"@type":"ListItem","position":2,"name":"Governo pretende criar centros de crise para crian\u00e7as e jovens"}]},{"@type":"WebSite","@id":"https:\/\/portaltela.pt\/#website","url":"https:\/\/portaltela.pt\/","name":"Portal Tela Portugal","description":"","potentialAction":[{"@type":"SearchAction","target":{"@type":"EntryPoint","urlTemplate":"https:\/\/portaltela.pt\/?s={search_term_string}"},"query-input":{"@type":"PropertyValueSpecification","valueRequired":true,"valueName":"search_term_string"}}],"inLanguage":"pt-PT"},{"@type":"Person","@id":"https:\/\/portaltela.pt\/#\/schema\/person\/c4278d4a6028830caff9ee44b42d32ed","name":"Telinha","image":{"@type":"ImageObject","inLanguage":"pt-PT","@id":"https:\/\/portaltela.pt\/s.01k8rhncp4jt1\/2025\/11\/talking-bot-125x125.png","url":"https:\/\/portaltela.pt\/s.01k8rhncp4jt1\/2025\/11\/talking-bot-125x125.png","contentUrl":"https:\/\/portaltela.pt\/s.01k8rhncp4jt1\/2025\/11\/talking-bot-125x125.png","caption":"Telinha"},"sameAs":["https:\/\/portaltela.pt\/"],"url":"https:\/\/portaltela.pt\/por\/367410592786\/"}]}},"_links":{"self":[{"href":"https:\/\/portaltela.pt\/api\/wp\/v2\/posts\/178920","targetHints":{"allow":["GET"]}}],"collection":[{"href":"https:\/\/portaltela.pt\/api\/wp\/v2\/posts"}],"about":[{"href":"https:\/\/portaltela.pt\/api\/wp\/v2\/types\/post"}],"author":[{"embeddable":true,"href":"https:\/\/portaltela.pt\/api\/wp\/v2\/users\/2"}],"replies":[{"embeddable":true,"href":"https:\/\/portaltela.pt\/api\/wp\/v2\/comments?post=178920"}],"version-history":[{"count":0,"href":"https:\/\/portaltela.pt\/api\/wp\/v2\/posts\/178920\/revisions"}],"wp:featuredmedia":[{"embeddable":true,"href":"https:\/\/portaltela.pt\/api\/wp\/v2\/media\/178935"}],"wp:attachment":[{"href":"https:\/\/portaltela.pt\/api\/wp\/v2\/media?parent=178920"}],"wp:term":[{"taxonomy":"category","embeddable":true,"href":"https:\/\/portaltela.pt\/api\/wp\/v2\/categories?post=178920"},{"taxonomy":"post_tag","embeddable":true,"href":"https:\/\/portaltela.pt\/api\/wp\/v2\/tags?post=178920"}],"curies":[{"name":"wp","href":"https:\/\/api.w.org\/{rel}","templated":true}]}}