{"id":178882,"date":"2026-01-28T10:23:00","date_gmt":"2026-01-28T13:23:00","guid":{"rendered":"https:\/\/portaltela.pt\/noticias\/2026\/01\/28\/mau-tempo-em-portalegre-deixa-desalojado-e-mais-de-150-ocorrencias\/"},"modified":"2026-01-28T10:23:00","modified_gmt":"2026-01-28T13:23:00","slug":"mau-tempo-em-portalegre-deixa-desalojado-e-mais-de-150-ocorrencias","status":"publish","type":"post","link":"https:\/\/portaltela.pt\/noticias\/2026\/01\/28\/mau-tempo-em-portalegre-deixa-desalojado-e-mais-de-150-ocorrencias\/","title":{"rendered":"Mau tempo em Portalegre deixa desalojado e mais de 150 ocorr\u00eancias"},"content":{"rendered":"<p>Um desalojado e mais de 150 ocorr\u00eancias no distrito de Portalegre foram registados durante a madrugada de hoje, em consequ\u00eancia do mau tempo causado pela depress\u00e3o Kristin. No Crato, um homem de 60 anos ficou desalojado ap\u00f3s ventos fortes danificarem o telhado da habita\u00e7\u00e3o.<\/p>\n<p>O desalojado encontrou abrigo em casa de familiares, mas j\u00e1 foi encontrada uma nova habita\u00e7\u00e3o com colabora\u00e7\u00e3o entre familiares e prefeitura. As informa\u00e7\u00f5es foram confirmadas pela Prote\u00e7\u00e3o Civil e pela C\u00e2mara do Crato.<\/p>\n<p>Entre as 00:00 e as 08:00, a Prote\u00e7\u00e3o Civil contabilizou 154 ocorr\u00eancias no distrito, maioritariamente quedas de \u00e1rvores. Tamb\u00e9m se registaram 13 movimentos de massa, 14 limpezas de via e cinco inunda\u00e7\u00f5es, com n\u00fameros ainda preliminares.<\/p>\n<h3>Desloca\u00e7\u00e3o de escolas e estradas<\/h3>\n<p>A depress\u00e3o Kristin levou ao encerramento de escolas em Gavi\u00e3o e Avis, incluindo a Escola B\u00e1sica e Secund\u00e1ria Mestre de Avis, em Benavila, por falta de eletricidade e impossibilidade de servir refei\u00e7\u00f5es. Tamb\u00e9m Gavi\u00e3o encerrou as escolas do concelho.<\/p>\n<p>Em Nisa, quase todas as estradas municipais estavam obstru\u00eddas por quedas de ramos e \u00e1rvores, com trabalhos de desobstru\u00e7\u00e3o a decorrer. A EN18 entre Vila Velha de R\u00f3d\u00e3o e Nisa esteve cortada devido a queda de eucaliptos, com articula\u00e7\u00e3o entre o munic\u00edpio e IP.<\/p>\n<p>No centro de Portalegre, rajadas de vento derrubaram \u00e1rvores, cortaram vias e causaram danos em infraestruturas p\u00fablicas e privadas. No Atalai\u00e3o, parte das coberturas de v\u00e1rios pr\u00e9dios cederam, com destro\u00e7os a atingir ve\u00edculos estacionados.<\/p>\n<h3>Outros danos e balan\u00e7o nacional<\/h3>\n<p>Em Elvas, a C\u00e2mara informou estragos na cobertura das bancadas do Campo Semedo, levando ao encerramento do espa\u00e7o ao p\u00fablico. O mau tempo tamb\u00e9m provocou danos numa pe\u00e7a decorativa emblem\u00e1tica de Nisa, destru\u00edda pela for\u00e7a dos ventos.<\/p>\n<p>Ao n\u00edvel nacional, a depress\u00e3o Kristin provocou dois mortos e v\u00e1rios desalojados, com mais de 2.600 ocorr\u00eancias registadas pela Prote\u00e7\u00e3o Civil durante a madrugada e a manh\u00e3 de hoje.<\/p>\n","protected":false},"excerpt":{"rendered":"<ul>\n<li>Um homem de quarenta anos ficou desalojado no Crato (freguesia de G\u00e1fete) devido aos ventos fortes; foi realojado em casa de familiares e j\u00e1 foi encontrada uma nova casa para ele.<\/li>\n<li>O distrito de Portalegre registou 154 ocorr\u00eancias entre as 00:00 e as 08:00, a maioria relacionadas com quedas de \u00e1rvores.<\/li>\n<li>Entre as ocorr\u00eancias, destacam-se 80 quedas de \u00e1rvores, 13 movimentos de massa, 14 limpezas de via e 5 inunda\u00e7\u00f5es (valores preliminares).<\/li>\n<li>A depress\u00e3o Kristin levou ao encerramento de escolas em Gavi\u00e3o e Avis; a Escola B\u00e1sica e Secund\u00e1ria Mestre de Avis, em Benavila, ficou sem eletricidade, impossibilitando o fornecimento de refei\u00e7\u00f5es.<\/li>\n<li>Em Nisa, quase todas as estradas municipais estavam obstru\u00eddas por quedas de ramos e \u00e1rvores; a EN18 entre Vila Velha de R\u00f3d\u00e3o e Nisa ficou cortada. Tamb\u00e9m houve danos na vila de Portalegre e em Elvas.<\/li>\n<\/ul>\n","protected":false},"author":2,"featured_media":178888,"comment_status":"closed","ping_status":"closed","sticky":false,"template":"","format":"standard","meta":{"footnotes":""},"categories":[1],"tags":[2289,1089,2293,3854,4090,320],"class_list":["post-178882","post","type-post","status-publish","format-standard","has-post-thumbnail","hentry","category-noticias","tag-desabamentos","tag-elvas","tag-inundacoes","tag-nisa","tag-ocorrencias","tag-protecao-civil"],"yoast_head":"<!-- This site is optimized with the Yoast SEO plugin v27.2 - https:\/\/yoast.com\/product\/yoast-seo-wordpress\/ -->\n<title>Mau tempo em Portalegre deixa desalojado e mais de 150 ocorr\u00eancias - Portal Tela Portugal<\/title>\n<meta name=\"robots\" content=\"index, follow, max-snippet:-1, max-image-preview:large, max-video-preview:-1\" \/>\n<meta property=\"og:locale\" content=\"pt_PT\" \/>\n<meta property=\"og:type\" content=\"article\" \/>\n<meta property=\"og:title\" content=\"Mau tempo em Portalegre deixa desalojado e mais de 150 ocorr\u00eancias - Portal Tela Portugal\" \/>\n<meta property=\"og:description\" content=\"Um homem de quarenta anos ficou desalojado no Crato (freguesia de G\u00e1fete) devido aos ventos fortes; foi realojado em casa de familiares e j\u00e1 foi encontrada uma nova casa para ele. O distrito de Portalegre registou 154 ocorr\u00eancias entre as 00:00 e as 08:00, a maioria relacionadas com quedas de \u00e1rvores. Entre as ocorr\u00eancias, destacam-se 80 quedas de \u00e1rvores, 13 movimentos de massa, 14 limpezas de via e 5 inunda\u00e7\u00f5es (valores preliminares). A depress\u00e3o Kristin levou ao encerramento de escolas em Gavi\u00e3o e Avis; a Escola B\u00e1sica e Secund\u00e1ria Mestre de Avis, em Benavila, ficou sem eletricidade, impossibilitando o fornecimento de refei\u00e7\u00f5es. Em Nisa, quase todas as estradas municipais estavam obstru\u00eddas por quedas de ramos e \u00e1rvores; a EN18 entre Vila Velha de R\u00f3d\u00e3o e Nisa ficou cortada. Tamb\u00e9m houve danos na vila de Portalegre e em Elvas.\" \/>\n<meta property=\"og:url\" content=\"https:\/\/portaltela.pt\/noticias\/2026\/01\/28\/mau-tempo-em-portalegre-deixa-desalojado-e-mais-de-150-ocorrencias\/\" \/>\n<meta property=\"og:site_name\" content=\"Portal Tela Portugal\" \/>\n<meta property=\"article:published_time\" content=\"2026-01-28T13:23:00+00:00\" \/>\n<meta name=\"author\" content=\"Telinha\" \/>\n<meta name=\"twitter:card\" content=\"summary_large_image\" \/>\n<meta name=\"twitter:label1\" content=\"Escrito por\" \/>\n\t<meta name=\"twitter:data1\" content=\"Telinha\" \/>\n\t<meta name=\"twitter:label2\" content=\"Tempo estimado de leitura\" \/>\n\t<meta name=\"twitter:data2\" content=\"2 minutos\" \/>\n<script type=\"application\/ld+json\" class=\"yoast-schema-graph\">{\"@context\":\"https:\/\/schema.org\",\"@graph\":[{\"@type\":\"Article\",\"@id\":\"https:\/\/portaltela.pt\/noticias\/2026\/01\/28\/mau-tempo-em-portalegre-deixa-desalojado-e-mais-de-150-ocorrencias\/#article\",\"isPartOf\":{\"@id\":\"https:\/\/portaltela.pt\/noticias\/2026\/01\/28\/mau-tempo-em-portalegre-deixa-desalojado-e-mais-de-150-ocorrencias\/\"},\"author\":{\"name\":\"Telinha\",\"@id\":\"https:\/\/portaltela.pt\/#\/schema\/person\/c4278d4a6028830caff9ee44b42d32ed\"},\"headline\":\"Mau tempo em Portalegre deixa desalojado e mais de 150 ocorr\u00eancias\",\"datePublished\":\"2026-01-28T13:23:00+00:00\",\"mainEntityOfPage\":{\"@id\":\"https:\/\/portaltela.pt\/noticias\/2026\/01\/28\/mau-tempo-em-portalegre-deixa-desalojado-e-mais-de-150-ocorrencias\/\"},\"wordCount\":358,\"image\":{\"@id\":\"https:\/\/portaltela.pt\/noticias\/2026\/01\/28\/mau-tempo-em-portalegre-deixa-desalojado-e-mais-de-150-ocorrencias\/#primaryimage\"},\"thumbnailUrl\":\"https:\/\/portaltela.pt\/s.01k8rhncp4jt1\/2026\/01\/chuva.jpg\",\"keywords\":[\"desabamentos\",\"Elvas\",\"inunda\u00e7\u00f5es\",\"Nisa\",\"ocorr\u00eancias\",\"prote\u00e7\u00e3o civil\"],\"articleSection\":[\"Not\u00edcias\"],\"inLanguage\":\"pt-PT\"},{\"@type\":\"WebPage\",\"@id\":\"https:\/\/portaltela.pt\/noticias\/2026\/01\/28\/mau-tempo-em-portalegre-deixa-desalojado-e-mais-de-150-ocorrencias\/\",\"url\":\"https:\/\/portaltela.pt\/noticias\/2026\/01\/28\/mau-tempo-em-portalegre-deixa-desalojado-e-mais-de-150-ocorrencias\/\",\"name\":\"Mau tempo em Portalegre deixa desalojado e mais de 150 ocorr\u00eancias - Portal Tela Portugal\",\"isPartOf\":{\"@id\":\"https:\/\/portaltela.pt\/#website\"},\"primaryImageOfPage\":{\"@id\":\"https:\/\/portaltela.pt\/noticias\/2026\/01\/28\/mau-tempo-em-portalegre-deixa-desalojado-e-mais-de-150-ocorrencias\/#primaryimage\"},\"image\":{\"@id\":\"https:\/\/portaltela.pt\/noticias\/2026\/01\/28\/mau-tempo-em-portalegre-deixa-desalojado-e-mais-de-150-ocorrencias\/#primaryimage\"},\"thumbnailUrl\":\"https:\/\/portaltela.pt\/s.01k8rhncp4jt1\/2026\/01\/chuva.jpg\",\"datePublished\":\"2026-01-28T13:23:00+00:00\",\"author\":{\"@id\":\"https:\/\/portaltela.pt\/#\/schema\/person\/c4278d4a6028830caff9ee44b42d32ed\"},\"breadcrumb\":{\"@id\":\"https:\/\/portaltela.pt\/noticias\/2026\/01\/28\/mau-tempo-em-portalegre-deixa-desalojado-e-mais-de-150-ocorrencias\/#breadcrumb\"},\"inLanguage\":\"pt-PT\",\"potentialAction\":[{\"@type\":\"ReadAction\",\"target\":[\"https:\/\/portaltela.pt\/noticias\/2026\/01\/28\/mau-tempo-em-portalegre-deixa-desalojado-e-mais-de-150-ocorrencias\/\"]}]},{\"@type\":\"ImageObject\",\"inLanguage\":\"pt-PT\",\"@id\":\"https:\/\/portaltela.pt\/noticias\/2026\/01\/28\/mau-tempo-em-portalegre-deixa-desalojado-e-mais-de-150-ocorrencias\/#primaryimage\",\"url\":\"https:\/\/portaltela.pt\/s.01k8rhncp4jt1\/2026\/01\/chuva.jpg\",\"contentUrl\":\"https:\/\/portaltela.pt\/s.01k8rhncp4jt1\/2026\/01\/chuva.jpg\",\"width\":796,\"height\":448,\"caption\":\"Chuva intensa afeta duas habita\u00e7\u00f5es e deixa seis desalojados no concelho de Portel\"},{\"@type\":\"BreadcrumbList\",\"@id\":\"https:\/\/portaltela.pt\/noticias\/2026\/01\/28\/mau-tempo-em-portalegre-deixa-desalojado-e-mais-de-150-ocorrencias\/#breadcrumb\",\"itemListElement\":[{\"@type\":\"ListItem\",\"position\":1,\"name\":\"In\u00edcio\",\"item\":\"https:\/\/portaltela.pt\/\"},{\"@type\":\"ListItem\",\"position\":2,\"name\":\"Mau tempo em Portalegre deixa desalojado e mais de 150 ocorr\u00eancias\"}]},{\"@type\":\"WebSite\",\"@id\":\"https:\/\/portaltela.pt\/#website\",\"url\":\"https:\/\/portaltela.pt\/\",\"name\":\"Portal Tela Portugal\",\"description\":\"\",\"potentialAction\":[{\"@type\":\"SearchAction\",\"target\":{\"@type\":\"EntryPoint\",\"urlTemplate\":\"https:\/\/portaltela.pt\/?s={search_term_string}\"},\"query-input\":{\"@type\":\"PropertyValueSpecification\",\"valueRequired\":true,\"valueName\":\"search_term_string\"}}],\"inLanguage\":\"pt-PT\"},{\"@type\":\"Person\",\"@id\":\"https:\/\/portaltela.pt\/#\/schema\/person\/c4278d4a6028830caff9ee44b42d32ed\",\"name\":\"Telinha\",\"image\":{\"@type\":\"ImageObject\",\"inLanguage\":\"pt-PT\",\"@id\":\"https:\/\/portaltela.pt\/s.01k8rhncp4jt1\/2025\/11\/talking-bot-125x125.png\",\"url\":\"https:\/\/portaltela.pt\/s.01k8rhncp4jt1\/2025\/11\/talking-bot-125x125.png\",\"contentUrl\":\"https:\/\/portaltela.pt\/s.01k8rhncp4jt1\/2025\/11\/talking-bot-125x125.png\",\"caption\":\"Telinha\"},\"sameAs\":[\"https:\/\/portaltela.pt\/\"],\"url\":\"https:\/\/portaltela.pt\/por\/367410592786\/\"}]}<\/script>\n<!-- \/ Yoast SEO plugin. -->","yoast_head_json":{"title":"Mau tempo em Portalegre deixa desalojado e mais de 150 ocorr\u00eancias - Portal Tela Portugal","robots":{"index":"index","follow":"follow","max-snippet":"max-snippet:-1","max-image-preview":"max-image-preview:large","max-video-preview":"max-video-preview:-1"},"og_locale":"pt_PT","og_type":"article","og_title":"Mau tempo em Portalegre deixa desalojado e mais de 150 ocorr\u00eancias - Portal Tela Portugal","og_description":"Um homem de quarenta anos ficou desalojado no Crato (freguesia de G\u00e1fete) devido aos ventos fortes; foi realojado em casa de familiares e j\u00e1 foi encontrada uma nova casa para ele. O distrito de Portalegre registou 154 ocorr\u00eancias entre as 00:00 e as 08:00, a maioria relacionadas com quedas de \u00e1rvores. Entre as ocorr\u00eancias, destacam-se 80 quedas de \u00e1rvores, 13 movimentos de massa, 14 limpezas de via e 5 inunda\u00e7\u00f5es (valores preliminares). A depress\u00e3o Kristin levou ao encerramento de escolas em Gavi\u00e3o e Avis; a Escola B\u00e1sica e Secund\u00e1ria Mestre de Avis, em Benavila, ficou sem eletricidade, impossibilitando o fornecimento de refei\u00e7\u00f5es. Em Nisa, quase todas as estradas municipais estavam obstru\u00eddas por quedas de ramos e \u00e1rvores; a EN18 entre Vila Velha de R\u00f3d\u00e3o e Nisa ficou cortada. Tamb\u00e9m houve danos na vila de Portalegre e em Elvas.","og_url":"https:\/\/portaltela.pt\/noticias\/2026\/01\/28\/mau-tempo-em-portalegre-deixa-desalojado-e-mais-de-150-ocorrencias\/","og_site_name":"Portal Tela Portugal","article_published_time":"2026-01-28T13:23:00+00:00","author":"Telinha","twitter_card":"summary_large_image","twitter_misc":{"Escrito por":"Telinha","Tempo estimado de leitura":"2 minutos"},"schema":{"@context":"https:\/\/schema.org","@graph":[{"@type":"Article","@id":"https:\/\/portaltela.pt\/noticias\/2026\/01\/28\/mau-tempo-em-portalegre-deixa-desalojado-e-mais-de-150-ocorrencias\/#article","isPartOf":{"@id":"https:\/\/portaltela.pt\/noticias\/2026\/01\/28\/mau-tempo-em-portalegre-deixa-desalojado-e-mais-de-150-ocorrencias\/"},"author":{"name":"Telinha","@id":"https:\/\/portaltela.pt\/#\/schema\/person\/c4278d4a6028830caff9ee44b42d32ed"},"headline":"Mau tempo em Portalegre deixa desalojado e mais de 150 ocorr\u00eancias","datePublished":"2026-01-28T13:23:00+00:00","mainEntityOfPage":{"@id":"https:\/\/portaltela.pt\/noticias\/2026\/01\/28\/mau-tempo-em-portalegre-deixa-desalojado-e-mais-de-150-ocorrencias\/"},"wordCount":358,"image":{"@id":"https:\/\/portaltela.pt\/noticias\/2026\/01\/28\/mau-tempo-em-portalegre-deixa-desalojado-e-mais-de-150-ocorrencias\/#primaryimage"},"thumbnailUrl":"https:\/\/portaltela.pt\/s.01k8rhncp4jt1\/2026\/01\/chuva.jpg","keywords":["desabamentos","Elvas","inunda\u00e7\u00f5es","Nisa","ocorr\u00eancias","prote\u00e7\u00e3o civil"],"articleSection":["Not\u00edcias"],"inLanguage":"pt-PT"},{"@type":"WebPage","@id":"https:\/\/portaltela.pt\/noticias\/2026\/01\/28\/mau-tempo-em-portalegre-deixa-desalojado-e-mais-de-150-ocorrencias\/","url":"https:\/\/portaltela.pt\/noticias\/2026\/01\/28\/mau-tempo-em-portalegre-deixa-desalojado-e-mais-de-150-ocorrencias\/","name":"Mau tempo em Portalegre deixa desalojado e mais de 150 ocorr\u00eancias - Portal Tela Portugal","isPartOf":{"@id":"https:\/\/portaltela.pt\/#website"},"primaryImageOfPage":{"@id":"https:\/\/portaltela.pt\/noticias\/2026\/01\/28\/mau-tempo-em-portalegre-deixa-desalojado-e-mais-de-150-ocorrencias\/#primaryimage"},"image":{"@id":"https:\/\/portaltela.pt\/noticias\/2026\/01\/28\/mau-tempo-em-portalegre-deixa-desalojado-e-mais-de-150-ocorrencias\/#primaryimage"},"thumbnailUrl":"https:\/\/portaltela.pt\/s.01k8rhncp4jt1\/2026\/01\/chuva.jpg","datePublished":"2026-01-28T13:23:00+00:00","author":{"@id":"https:\/\/portaltela.pt\/#\/schema\/person\/c4278d4a6028830caff9ee44b42d32ed"},"breadcrumb":{"@id":"https:\/\/portaltela.pt\/noticias\/2026\/01\/28\/mau-tempo-em-portalegre-deixa-desalojado-e-mais-de-150-ocorrencias\/#breadcrumb"},"inLanguage":"pt-PT","potentialAction":[{"@type":"ReadAction","target":["https:\/\/portaltela.pt\/noticias\/2026\/01\/28\/mau-tempo-em-portalegre-deixa-desalojado-e-mais-de-150-ocorrencias\/"]}]},{"@type":"ImageObject","inLanguage":"pt-PT","@id":"https:\/\/portaltela.pt\/noticias\/2026\/01\/28\/mau-tempo-em-portalegre-deixa-desalojado-e-mais-de-150-ocorrencias\/#primaryimage","url":"https:\/\/portaltela.pt\/s.01k8rhncp4jt1\/2026\/01\/chuva.jpg","contentUrl":"https:\/\/portaltela.pt\/s.01k8rhncp4jt1\/2026\/01\/chuva.jpg","width":796,"height":448,"caption":"Chuva intensa afeta duas habita\u00e7\u00f5es e deixa seis desalojados no concelho de Portel"},{"@type":"BreadcrumbList","@id":"https:\/\/portaltela.pt\/noticias\/2026\/01\/28\/mau-tempo-em-portalegre-deixa-desalojado-e-mais-de-150-ocorrencias\/#breadcrumb","itemListElement":[{"@type":"ListItem","position":1,"name":"In\u00edcio","item":"https:\/\/portaltela.pt\/"},{"@type":"ListItem","position":2,"name":"Mau tempo em Portalegre deixa desalojado e mais de 150 ocorr\u00eancias"}]},{"@type":"WebSite","@id":"https:\/\/portaltela.pt\/#website","url":"https:\/\/portaltela.pt\/","name":"Portal Tela Portugal","description":"","potentialAction":[{"@type":"SearchAction","target":{"@type":"EntryPoint","urlTemplate":"https:\/\/portaltela.pt\/?s={search_term_string}"},"query-input":{"@type":"PropertyValueSpecification","valueRequired":true,"valueName":"search_term_string"}}],"inLanguage":"pt-PT"},{"@type":"Person","@id":"https:\/\/portaltela.pt\/#\/schema\/person\/c4278d4a6028830caff9ee44b42d32ed","name":"Telinha","image":{"@type":"ImageObject","inLanguage":"pt-PT","@id":"https:\/\/portaltela.pt\/s.01k8rhncp4jt1\/2025\/11\/talking-bot-125x125.png","url":"https:\/\/portaltela.pt\/s.01k8rhncp4jt1\/2025\/11\/talking-bot-125x125.png","contentUrl":"https:\/\/portaltela.pt\/s.01k8rhncp4jt1\/2025\/11\/talking-bot-125x125.png","caption":"Telinha"},"sameAs":["https:\/\/portaltela.pt\/"],"url":"https:\/\/portaltela.pt\/por\/367410592786\/"}]}},"_links":{"self":[{"href":"https:\/\/portaltela.pt\/api\/wp\/v2\/posts\/178882","targetHints":{"allow":["GET"]}}],"collection":[{"href":"https:\/\/portaltela.pt\/api\/wp\/v2\/posts"}],"about":[{"href":"https:\/\/portaltela.pt\/api\/wp\/v2\/types\/post"}],"author":[{"embeddable":true,"href":"https:\/\/portaltela.pt\/api\/wp\/v2\/users\/2"}],"replies":[{"embeddable":true,"href":"https:\/\/portaltela.pt\/api\/wp\/v2\/comments?post=178882"}],"version-history":[{"count":0,"href":"https:\/\/portaltela.pt\/api\/wp\/v2\/posts\/178882\/revisions"}],"wp:featuredmedia":[{"embeddable":true,"href":"https:\/\/portaltela.pt\/api\/wp\/v2\/media\/178888"}],"wp:attachment":[{"href":"https:\/\/portaltela.pt\/api\/wp\/v2\/media?parent=178882"}],"wp:term":[{"taxonomy":"category","embeddable":true,"href":"https:\/\/portaltela.pt\/api\/wp\/v2\/categories?post=178882"},{"taxonomy":"post_tag","embeddable":true,"href":"https:\/\/portaltela.pt\/api\/wp\/v2\/tags?post=178882"}],"curies":[{"name":"wp","href":"https:\/\/api.w.org\/{rel}","templated":true}]}}