{"id":178877,"date":"2026-01-28T10:58:00","date_gmt":"2026-01-28T13:58:00","guid":{"rendered":"https:\/\/portaltela.pt\/noticias\/2026\/01\/28\/maioria-dos-professores-colocados-no-concurso-extraordinario-ja-dava-aulas\/"},"modified":"2026-01-28T10:58:00","modified_gmt":"2026-01-28T13:58:00","slug":"maioria-dos-professores-colocados-no-concurso-extraordinario-ja-dava-aulas","status":"publish","type":"post","link":"https:\/\/portaltela.pt\/noticias\/2026\/01\/28\/maioria-dos-professores-colocados-no-concurso-extraordinario-ja-dava-aulas\/","title":{"rendered":"Maioria dos professores colocados no concurso extraordin\u00e1rio j\u00e1 dava aulas"},"content":{"rendered":"<p>A maioria dos mais de 1.600 professores colocados no \u00e2mbito do concurso externo extraordin\u00e1rio j\u00e1 estava a lecionar quando participou no processo. A Fenprof aponta que apenas 24,1% das coloca\u00e7\u00f5es correspondem a novas contrata\u00e7\u00f5es para as escolas, num total que n\u00e3o chega a 400 docentes.<\/p>\n<p>As listas definitivas foram tornadas p\u00fablicas na segunda-feira, confirmando a coloca\u00e7\u00e3o de 1.639 docentes para 1.800 vagas em quadros de zona pedag\u00f3gica a concurso. Apesar do volume, a federa\u00e7\u00e3o sustenta que o impacto em novas contrata\u00e7\u00f5es \u00e9 reduzido.<\/p>\n<p>Segundo a Fenprof, 75,9% das vincula\u00e7\u00f5es ocorreram com docentes que j\u00e1 exerciam atividade lectiva \u00e0 data da candidatura. A entidade alerta que, apesar da import\u00e2ncia do concurso, h\u00e1 pouca amplia\u00e7\u00e3o efetiva do corpo docente.<\/p>\n<p>Entre os n\u00fameros divulgados, destaca-se a coloca\u00e7\u00e3o de 697 docentes sem habilita\u00e7\u00e3o profissional, que ingressam na carreira de forma condicionada. O v\u00ednculo s\u00f3 fica consolidado ap\u00f3s conclu\u00edrem a sua profissionaliza\u00e7\u00e3o.<\/p>\n<p>A federa\u00e7\u00e3o sublinha a necessidade de assegurar vagas em cursos de profissionaliza\u00e7\u00e3o em servi\u00e7o para todos os que necessitam, afirmando que o ano anterior ficou centenas sem vaga, situa\u00e7\u00e3o que pode repetir-se com os atuais docentes provisoriamente vinculados.<\/p>\n<p>A an\u00e1lise aponta 13 grupos de recrutamento em que a maioria dos colocados n\u00e3o possui habilita\u00e7\u00e3o pr\u00f3pria. Isso seria indicativo de uma depend\u00eancia crescente de docentes sem habilita\u00e7\u00e3o profissional, segundo a Fenprof.<\/p>\n<p>Entre os grupos afetados est\u00e3o Portugu\u00eas e Ingl\u00eas do 2.\u00ba ciclo, Portugu\u00eas, Franc\u00eas, Electrotecnia e Inform\u00e1tica do 3.\u00ba ciclo e do ensino secund\u00e1rio. A situa\u00e7\u00e3o revela tens\u00e3o na oferta formativa em \u00e1reas-chave.<\/p>\n<p>H\u00e1 ainda vagas por preencher em 12 dos 28 quadros de zona pedag\u00f3gica a concurso. Destacam-se Inform\u00e1tica do 3.\u00ba ciclo e secund\u00e1rio, com 30 vagas por preencher de 180; Portugues e Ingl\u00eas do 2.\u00ba ciclo, e Franc\u00eas do 3.\u00ba ciclo e secund\u00e1rio, com 25 vagas por preencher cada um, correspondendo a 29% e 53% do total de lugares dispon\u00edveis, respetivamente.<\/p>\n<p>Representantes dos professores criticam a atua\u00e7\u00e3o governamental por abrir vagas apenas para um conjunto restrito de zonas. Alegam que o problema da falta de docentes \u00e9 nacional, n\u00e3o limitado a algumas regi\u00f5es, e exigem medidas mais abrangentes.<\/p>\n<p>Entre os quadros de zona pedag\u00f3gica a concurso, apenas um agrupamento \u2014 que abrange Alenquer, Azambuja, Cartaxo, Rio Maior e Santar\u00e9m \u2014 conseguiu preencher todos os lugares dispon\u00edveis, considerado pela Fenprof uma exce\u00e7\u00e3o no panorama nacional.<\/p>\n<p>A Federa\u00e7\u00e3o conclui que a resposta \u00e0 falta estrutural de docentes n\u00e3o se resolve com medidas avulsas ou concursos parciais. A valoriza\u00e7\u00e3o efetiva da profiss\u00e3o \u00e9 apresentada como condi\u00e7\u00e3o essencial para estabilizar o ensino no pa\u00eds.<\/p>\n","protected":false},"excerpt":{"rendered":"<ul>\n<li>Publicadas as listas definitivas com 1.639 professores colocados para 1.800 vagas em quadros de zona pedag\u00f3gica.<\/li>\n<li>Apenas 24,1% das coloca\u00e7\u00f5es correspondem a novas contrata\u00e7\u00f5es, ou seja, menos de quatro centenas; o restante j\u00e1 leccionava na altura da candidatura (\u224875,9%).<\/li>\n<li>H\u00e1 697 docentes sem habilita\u00e7\u00e3o profissional, que ingressam na carreira de forma condicionada e podem ter v\u00ednculos est\u00e1veis apenas ap\u00f3s a profissionaliza\u00e7\u00e3o.<\/li>\n<li>Em 12 dos 28 grupos de recrutamento ficaram vagas por preencher, destacando-se Inform\u00e1tica do 3.\u00ba ciclo e secund\u00e1rio, Portugu\u00eas e Ingl\u00eas do 2.\u00ba ciclo e Franc\u00eas do 3.\u00ba ciclo e secund\u00e1rio.<\/li>\n<li>Fenprof considera que o concurso tem impacto limitado e aponta para falta de vagas em zonas estrat\u00e9gicas, defendendo valoriza\u00e7\u00e3o da profiss\u00e3o como solu\u00e7\u00e3o.<\/li>\n<\/ul>\n","protected":false},"author":2,"featured_media":178885,"comment_status":"closed","ping_status":"closed","sticky":false,"template":"","format":"standard","meta":{"footnotes":""},"categories":[1],"tags":[164,2219,163,92,3389,97],"class_list":["post-178877","post","type-post","status-publish","format-standard","has-post-thumbnail","hentry","category-noticias","tag-concurso","tag-contratacoes","tag-educacao","tag-ensino","tag-falta-de-docentes","tag-professores"],"yoast_head":"<!-- This site is optimized with the Yoast SEO plugin v27.2 - https:\/\/yoast.com\/product\/yoast-seo-wordpress\/ -->\n<title>Maioria dos professores colocados no concurso extraordin\u00e1rio j\u00e1 dava aulas - Portal Tela Portugal<\/title>\n<meta name=\"robots\" content=\"index, follow, max-snippet:-1, max-image-preview:large, max-video-preview:-1\" \/>\n<meta property=\"og:locale\" content=\"pt_PT\" \/>\n<meta property=\"og:type\" content=\"article\" \/>\n<meta property=\"og:title\" content=\"Maioria dos professores colocados no concurso extraordin\u00e1rio j\u00e1 dava aulas - Portal Tela Portugal\" \/>\n<meta property=\"og:description\" content=\"Publicadas as listas definitivas com 1.639 professores colocados para 1.800 vagas em quadros de zona pedag\u00f3gica. Apenas 24,1% das coloca\u00e7\u00f5es correspondem a novas contrata\u00e7\u00f5es, ou seja, menos de quatro centenas; o restante j\u00e1 leccionava na altura da candidatura (\u224875,9%). H\u00e1 697 docentes sem habilita\u00e7\u00e3o profissional, que ingressam na carreira de forma condicionada e podem ter v\u00ednculos est\u00e1veis apenas ap\u00f3s a profissionaliza\u00e7\u00e3o. Em 12 dos 28 grupos de recrutamento ficaram vagas por preencher, destacando-se Inform\u00e1tica do 3.\u00ba ciclo e secund\u00e1rio, Portugu\u00eas e Ingl\u00eas do 2.\u00ba ciclo e Franc\u00eas do 3.\u00ba ciclo e secund\u00e1rio. Fenprof considera que o concurso tem impacto limitado e aponta para falta de vagas em zonas estrat\u00e9gicas, defendendo valoriza\u00e7\u00e3o da profiss\u00e3o como solu\u00e7\u00e3o.\" \/>\n<meta property=\"og:url\" content=\"https:\/\/portaltela.pt\/noticias\/2026\/01\/28\/maioria-dos-professores-colocados-no-concurso-extraordinario-ja-dava-aulas\/\" \/>\n<meta property=\"og:site_name\" content=\"Portal Tela Portugal\" \/>\n<meta property=\"article:published_time\" content=\"2026-01-28T13:58:00+00:00\" \/>\n<meta name=\"author\" content=\"Telinha\" \/>\n<meta name=\"twitter:card\" content=\"summary_large_image\" \/>\n<meta name=\"twitter:label1\" content=\"Escrito por\" \/>\n\t<meta name=\"twitter:data1\" content=\"Telinha\" \/>\n\t<meta name=\"twitter:label2\" content=\"Tempo estimado de leitura\" \/>\n\t<meta name=\"twitter:data2\" content=\"2 minutos\" \/>\n<script type=\"application\/ld+json\" class=\"yoast-schema-graph\">{\"@context\":\"https:\/\/schema.org\",\"@graph\":[{\"@type\":\"Article\",\"@id\":\"https:\/\/portaltela.pt\/noticias\/2026\/01\/28\/maioria-dos-professores-colocados-no-concurso-extraordinario-ja-dava-aulas\/#article\",\"isPartOf\":{\"@id\":\"https:\/\/portaltela.pt\/noticias\/2026\/01\/28\/maioria-dos-professores-colocados-no-concurso-extraordinario-ja-dava-aulas\/\"},\"author\":{\"name\":\"Telinha\",\"@id\":\"https:\/\/portaltela.pt\/#\/schema\/person\/c4278d4a6028830caff9ee44b42d32ed\"},\"headline\":\"Maioria dos professores colocados no concurso extraordin\u00e1rio j\u00e1 dava aulas\",\"datePublished\":\"2026-01-28T13:58:00+00:00\",\"mainEntityOfPage\":{\"@id\":\"https:\/\/portaltela.pt\/noticias\/2026\/01\/28\/maioria-dos-professores-colocados-no-concurso-extraordinario-ja-dava-aulas\/\"},\"wordCount\":460,\"image\":{\"@id\":\"https:\/\/portaltela.pt\/noticias\/2026\/01\/28\/maioria-dos-professores-colocados-no-concurso-extraordinario-ja-dava-aulas\/#primaryimage\"},\"thumbnailUrl\":\"https:\/\/portaltela.pt\/s.01k8rhncp4jt1\/2026\/01\/img_1500x1000uu2026-01-28-13-59-37-2179176.jpg\",\"keywords\":[\"concurso\",\"contrata\u00e7\u00f5es\",\"educa\u00e7\u00e3o\",\"ensino\",\"falta de docentes\",\"professores\"],\"articleSection\":[\"Not\u00edcias\"],\"inLanguage\":\"pt-PT\"},{\"@type\":\"WebPage\",\"@id\":\"https:\/\/portaltela.pt\/noticias\/2026\/01\/28\/maioria-dos-professores-colocados-no-concurso-extraordinario-ja-dava-aulas\/\",\"url\":\"https:\/\/portaltela.pt\/noticias\/2026\/01\/28\/maioria-dos-professores-colocados-no-concurso-extraordinario-ja-dava-aulas\/\",\"name\":\"Maioria dos professores colocados no concurso extraordin\u00e1rio j\u00e1 dava aulas - Portal Tela Portugal\",\"isPartOf\":{\"@id\":\"https:\/\/portaltela.pt\/#website\"},\"primaryImageOfPage\":{\"@id\":\"https:\/\/portaltela.pt\/noticias\/2026\/01\/28\/maioria-dos-professores-colocados-no-concurso-extraordinario-ja-dava-aulas\/#primaryimage\"},\"image\":{\"@id\":\"https:\/\/portaltela.pt\/noticias\/2026\/01\/28\/maioria-dos-professores-colocados-no-concurso-extraordinario-ja-dava-aulas\/#primaryimage\"},\"thumbnailUrl\":\"https:\/\/portaltela.pt\/s.01k8rhncp4jt1\/2026\/01\/img_1500x1000uu2026-01-28-13-59-37-2179176.jpg\",\"datePublished\":\"2026-01-28T13:58:00+00:00\",\"author\":{\"@id\":\"https:\/\/portaltela.pt\/#\/schema\/person\/c4278d4a6028830caff9ee44b42d32ed\"},\"breadcrumb\":{\"@id\":\"https:\/\/portaltela.pt\/noticias\/2026\/01\/28\/maioria-dos-professores-colocados-no-concurso-extraordinario-ja-dava-aulas\/#breadcrumb\"},\"inLanguage\":\"pt-PT\",\"potentialAction\":[{\"@type\":\"ReadAction\",\"target\":[\"https:\/\/portaltela.pt\/noticias\/2026\/01\/28\/maioria-dos-professores-colocados-no-concurso-extraordinario-ja-dava-aulas\/\"]}]},{\"@type\":\"ImageObject\",\"inLanguage\":\"pt-PT\",\"@id\":\"https:\/\/portaltela.pt\/noticias\/2026\/01\/28\/maioria-dos-professores-colocados-no-concurso-extraordinario-ja-dava-aulas\/#primaryimage\",\"url\":\"https:\/\/portaltela.pt\/s.01k8rhncp4jt1\/2026\/01\/img_1500x1000uu2026-01-28-13-59-37-2179176.jpg\",\"contentUrl\":\"https:\/\/portaltela.pt\/s.01k8rhncp4jt1\/2026\/01\/img_1500x1000uu2026-01-28-13-59-37-2179176.jpg\",\"width\":796,\"height\":448,\"caption\":\"Maioria dos professores colocados no concurso extraordin\u00e1rio j\u00e1 estava a dar aulas\"},{\"@type\":\"BreadcrumbList\",\"@id\":\"https:\/\/portaltela.pt\/noticias\/2026\/01\/28\/maioria-dos-professores-colocados-no-concurso-extraordinario-ja-dava-aulas\/#breadcrumb\",\"itemListElement\":[{\"@type\":\"ListItem\",\"position\":1,\"name\":\"In\u00edcio\",\"item\":\"https:\/\/portaltela.pt\/\"},{\"@type\":\"ListItem\",\"position\":2,\"name\":\"Maioria dos professores colocados no concurso extraordin\u00e1rio j\u00e1 dava aulas\"}]},{\"@type\":\"WebSite\",\"@id\":\"https:\/\/portaltela.pt\/#website\",\"url\":\"https:\/\/portaltela.pt\/\",\"name\":\"Portal Tela Portugal\",\"description\":\"\",\"potentialAction\":[{\"@type\":\"SearchAction\",\"target\":{\"@type\":\"EntryPoint\",\"urlTemplate\":\"https:\/\/portaltela.pt\/?s={search_term_string}\"},\"query-input\":{\"@type\":\"PropertyValueSpecification\",\"valueRequired\":true,\"valueName\":\"search_term_string\"}}],\"inLanguage\":\"pt-PT\"},{\"@type\":\"Person\",\"@id\":\"https:\/\/portaltela.pt\/#\/schema\/person\/c4278d4a6028830caff9ee44b42d32ed\",\"name\":\"Telinha\",\"image\":{\"@type\":\"ImageObject\",\"inLanguage\":\"pt-PT\",\"@id\":\"https:\/\/portaltela.pt\/s.01k8rhncp4jt1\/2025\/11\/talking-bot-125x125.png\",\"url\":\"https:\/\/portaltela.pt\/s.01k8rhncp4jt1\/2025\/11\/talking-bot-125x125.png\",\"contentUrl\":\"https:\/\/portaltela.pt\/s.01k8rhncp4jt1\/2025\/11\/talking-bot-125x125.png\",\"caption\":\"Telinha\"},\"sameAs\":[\"https:\/\/portaltela.pt\/\"],\"url\":\"https:\/\/portaltela.pt\/por\/367410592786\/\"}]}<\/script>\n<!-- \/ Yoast SEO plugin. -->","yoast_head_json":{"title":"Maioria dos professores colocados no concurso extraordin\u00e1rio j\u00e1 dava aulas - Portal Tela Portugal","robots":{"index":"index","follow":"follow","max-snippet":"max-snippet:-1","max-image-preview":"max-image-preview:large","max-video-preview":"max-video-preview:-1"},"og_locale":"pt_PT","og_type":"article","og_title":"Maioria dos professores colocados no concurso extraordin\u00e1rio j\u00e1 dava aulas - Portal Tela Portugal","og_description":"Publicadas as listas definitivas com 1.639 professores colocados para 1.800 vagas em quadros de zona pedag\u00f3gica. Apenas 24,1% das coloca\u00e7\u00f5es correspondem a novas contrata\u00e7\u00f5es, ou seja, menos de quatro centenas; o restante j\u00e1 leccionava na altura da candidatura (\u224875,9%). H\u00e1 697 docentes sem habilita\u00e7\u00e3o profissional, que ingressam na carreira de forma condicionada e podem ter v\u00ednculos est\u00e1veis apenas ap\u00f3s a profissionaliza\u00e7\u00e3o. Em 12 dos 28 grupos de recrutamento ficaram vagas por preencher, destacando-se Inform\u00e1tica do 3.\u00ba ciclo e secund\u00e1rio, Portugu\u00eas e Ingl\u00eas do 2.\u00ba ciclo e Franc\u00eas do 3.\u00ba ciclo e secund\u00e1rio. Fenprof considera que o concurso tem impacto limitado e aponta para falta de vagas em zonas estrat\u00e9gicas, defendendo valoriza\u00e7\u00e3o da profiss\u00e3o como solu\u00e7\u00e3o.","og_url":"https:\/\/portaltela.pt\/noticias\/2026\/01\/28\/maioria-dos-professores-colocados-no-concurso-extraordinario-ja-dava-aulas\/","og_site_name":"Portal Tela Portugal","article_published_time":"2026-01-28T13:58:00+00:00","author":"Telinha","twitter_card":"summary_large_image","twitter_misc":{"Escrito por":"Telinha","Tempo estimado de leitura":"2 minutos"},"schema":{"@context":"https:\/\/schema.org","@graph":[{"@type":"Article","@id":"https:\/\/portaltela.pt\/noticias\/2026\/01\/28\/maioria-dos-professores-colocados-no-concurso-extraordinario-ja-dava-aulas\/#article","isPartOf":{"@id":"https:\/\/portaltela.pt\/noticias\/2026\/01\/28\/maioria-dos-professores-colocados-no-concurso-extraordinario-ja-dava-aulas\/"},"author":{"name":"Telinha","@id":"https:\/\/portaltela.pt\/#\/schema\/person\/c4278d4a6028830caff9ee44b42d32ed"},"headline":"Maioria dos professores colocados no concurso extraordin\u00e1rio j\u00e1 dava aulas","datePublished":"2026-01-28T13:58:00+00:00","mainEntityOfPage":{"@id":"https:\/\/portaltela.pt\/noticias\/2026\/01\/28\/maioria-dos-professores-colocados-no-concurso-extraordinario-ja-dava-aulas\/"},"wordCount":460,"image":{"@id":"https:\/\/portaltela.pt\/noticias\/2026\/01\/28\/maioria-dos-professores-colocados-no-concurso-extraordinario-ja-dava-aulas\/#primaryimage"},"thumbnailUrl":"https:\/\/portaltela.pt\/s.01k8rhncp4jt1\/2026\/01\/img_1500x1000uu2026-01-28-13-59-37-2179176.jpg","keywords":["concurso","contrata\u00e7\u00f5es","educa\u00e7\u00e3o","ensino","falta de docentes","professores"],"articleSection":["Not\u00edcias"],"inLanguage":"pt-PT"},{"@type":"WebPage","@id":"https:\/\/portaltela.pt\/noticias\/2026\/01\/28\/maioria-dos-professores-colocados-no-concurso-extraordinario-ja-dava-aulas\/","url":"https:\/\/portaltela.pt\/noticias\/2026\/01\/28\/maioria-dos-professores-colocados-no-concurso-extraordinario-ja-dava-aulas\/","name":"Maioria dos professores colocados no concurso extraordin\u00e1rio j\u00e1 dava aulas - Portal Tela Portugal","isPartOf":{"@id":"https:\/\/portaltela.pt\/#website"},"primaryImageOfPage":{"@id":"https:\/\/portaltela.pt\/noticias\/2026\/01\/28\/maioria-dos-professores-colocados-no-concurso-extraordinario-ja-dava-aulas\/#primaryimage"},"image":{"@id":"https:\/\/portaltela.pt\/noticias\/2026\/01\/28\/maioria-dos-professores-colocados-no-concurso-extraordinario-ja-dava-aulas\/#primaryimage"},"thumbnailUrl":"https:\/\/portaltela.pt\/s.01k8rhncp4jt1\/2026\/01\/img_1500x1000uu2026-01-28-13-59-37-2179176.jpg","datePublished":"2026-01-28T13:58:00+00:00","author":{"@id":"https:\/\/portaltela.pt\/#\/schema\/person\/c4278d4a6028830caff9ee44b42d32ed"},"breadcrumb":{"@id":"https:\/\/portaltela.pt\/noticias\/2026\/01\/28\/maioria-dos-professores-colocados-no-concurso-extraordinario-ja-dava-aulas\/#breadcrumb"},"inLanguage":"pt-PT","potentialAction":[{"@type":"ReadAction","target":["https:\/\/portaltela.pt\/noticias\/2026\/01\/28\/maioria-dos-professores-colocados-no-concurso-extraordinario-ja-dava-aulas\/"]}]},{"@type":"ImageObject","inLanguage":"pt-PT","@id":"https:\/\/portaltela.pt\/noticias\/2026\/01\/28\/maioria-dos-professores-colocados-no-concurso-extraordinario-ja-dava-aulas\/#primaryimage","url":"https:\/\/portaltela.pt\/s.01k8rhncp4jt1\/2026\/01\/img_1500x1000uu2026-01-28-13-59-37-2179176.jpg","contentUrl":"https:\/\/portaltela.pt\/s.01k8rhncp4jt1\/2026\/01\/img_1500x1000uu2026-01-28-13-59-37-2179176.jpg","width":796,"height":448,"caption":"Maioria dos professores colocados no concurso extraordin\u00e1rio j\u00e1 estava a dar aulas"},{"@type":"BreadcrumbList","@id":"https:\/\/portaltela.pt\/noticias\/2026\/01\/28\/maioria-dos-professores-colocados-no-concurso-extraordinario-ja-dava-aulas\/#breadcrumb","itemListElement":[{"@type":"ListItem","position":1,"name":"In\u00edcio","item":"https:\/\/portaltela.pt\/"},{"@type":"ListItem","position":2,"name":"Maioria dos professores colocados no concurso extraordin\u00e1rio j\u00e1 dava aulas"}]},{"@type":"WebSite","@id":"https:\/\/portaltela.pt\/#website","url":"https:\/\/portaltela.pt\/","name":"Portal Tela Portugal","description":"","potentialAction":[{"@type":"SearchAction","target":{"@type":"EntryPoint","urlTemplate":"https:\/\/portaltela.pt\/?s={search_term_string}"},"query-input":{"@type":"PropertyValueSpecification","valueRequired":true,"valueName":"search_term_string"}}],"inLanguage":"pt-PT"},{"@type":"Person","@id":"https:\/\/portaltela.pt\/#\/schema\/person\/c4278d4a6028830caff9ee44b42d32ed","name":"Telinha","image":{"@type":"ImageObject","inLanguage":"pt-PT","@id":"https:\/\/portaltela.pt\/s.01k8rhncp4jt1\/2025\/11\/talking-bot-125x125.png","url":"https:\/\/portaltela.pt\/s.01k8rhncp4jt1\/2025\/11\/talking-bot-125x125.png","contentUrl":"https:\/\/portaltela.pt\/s.01k8rhncp4jt1\/2025\/11\/talking-bot-125x125.png","caption":"Telinha"},"sameAs":["https:\/\/portaltela.pt\/"],"url":"https:\/\/portaltela.pt\/por\/367410592786\/"}]}},"_links":{"self":[{"href":"https:\/\/portaltela.pt\/api\/wp\/v2\/posts\/178877","targetHints":{"allow":["GET"]}}],"collection":[{"href":"https:\/\/portaltela.pt\/api\/wp\/v2\/posts"}],"about":[{"href":"https:\/\/portaltela.pt\/api\/wp\/v2\/types\/post"}],"author":[{"embeddable":true,"href":"https:\/\/portaltela.pt\/api\/wp\/v2\/users\/2"}],"replies":[{"embeddable":true,"href":"https:\/\/portaltela.pt\/api\/wp\/v2\/comments?post=178877"}],"version-history":[{"count":0,"href":"https:\/\/portaltela.pt\/api\/wp\/v2\/posts\/178877\/revisions"}],"wp:featuredmedia":[{"embeddable":true,"href":"https:\/\/portaltela.pt\/api\/wp\/v2\/media\/178885"}],"wp:attachment":[{"href":"https:\/\/portaltela.pt\/api\/wp\/v2\/media?parent=178877"}],"wp:term":[{"taxonomy":"category","embeddable":true,"href":"https:\/\/portaltela.pt\/api\/wp\/v2\/categories?post=178877"},{"taxonomy":"post_tag","embeddable":true,"href":"https:\/\/portaltela.pt\/api\/wp\/v2\/tags?post=178877"}],"curies":[{"name":"wp","href":"https:\/\/api.w.org\/{rel}","templated":true}]}}