{"id":178873,"date":"2026-01-28T10:45:23","date_gmt":"2026-01-28T13:45:23","guid":{"rendered":"https:\/\/portaltela.pt\/noticias\/2026\/01\/28\/carlos-paula-cardoso-lembra-fernando-mamede-como-atleta-excecional\/"},"modified":"2026-01-28T10:45:23","modified_gmt":"2026-01-28T13:45:23","slug":"carlos-paula-cardoso-lembra-fernando-mamede-como-atleta-excecional","status":"publish","type":"post","link":"https:\/\/portaltela.pt\/desporto\/2026\/01\/28\/carlos-paula-cardoso-lembra-fernando-mamede-como-atleta-excecional\/","title":{"rendered":"Carlos Paula Cardoso lembra Fernando Mamede como atleta excecional"},"content":{"rendered":"<p>O antigo presidente da Federa\u00e7\u00e3o Portuguesa de Atletismo (FPA) e atual l\u00edder da Mesa da Assembleia Geral (MAG) da institui\u00e7\u00e3o, Carlos Paula Cardoso, descreveu Fernando Mamede como um atleta excecional e com um legado enorme para o desporto portugu\u00eas. As declara\u00e7\u00f5es foram feitas nesta quarta-feira.<\/p>\n<p>Mamede foi um dos maiores nomes do atletismo em Portugal, detentor do recorde mundial dos 10.000 metros durante cinco anos. O falecimento do fundista aos 74 anos foi anunciado pelo Sporting, clube por onde passou, e ocorreu na ter\u00e7a-feira.<\/p>\n<p>Cardoso recordou a carreira de Mamede, destacando a qualidade da sua gera\u00e7\u00e3o dos anos 80 e o excelente desempenho em provas de fundo. O respons\u00e1vel acompanhou v\u00e1rias sele\u00e7\u00f5es mundiais nos anos 1980 e recorda provas em que Mamede mostrou estar entre os melhores do mundo.<\/p>\n<p>Entre as provas lembradas, o antigo dirigente falou de uma corrida nos campeonatos ibero-americanos de Barcelona (1983), em que Mamede partiu de forma agressiva nos 10.000 metros e ganhou vantagem significativa a partir dos 5.000 metros. Essa atua\u00e7\u00e3o \u00e9 apontada como exemplo do seu elevado n\u00edvel.<\/p>\n<p>O atual presidente da MAG da FPA afirmou ainda que Mamede poderia ter atingido uma carreira ainda maior com um t\u00edtulo mundial, mas sublinhou que o percurso do atleta foi extraordin\u00e1rio, com resultados a n\u00edvel europeu e mundial, incluindo recordes e presen\u00e7as ol\u00edmpicas.<\/p>\n<p>Mamede, nascido em Beja, participou em tr\u00eas Jogos Ol\u00edmpicos: Munique 1972, Montreal 1976 e Los Angeles 1984. O recorde mundial de 10.000 metros, com a marca de 27.13,81 minutos, ficou vigente at\u00e9 1989, quando Barrios fixou 27.08,23.<\/p>\n<p>Segundo a comunica\u00e7\u00e3o social portuguesa, citando fontes da FPA, Mamede ter\u00e1 morrido por complica\u00e7\u00f5es card\u00edacas. Al\u00e9m do recorde mundial, o atleta conquistou uma medalha de bronze no Campeonato do Mundo de corta-mato de 1981, em Madrid.<\/p>\n","protected":false},"excerpt":{"rendered":"<ul>\n<li>Fernando Mamede, antigo recordista mundial dos 10.000 metros, morreu na ter\u00e7a-feira aos 74 anos, segundo o Sporting.<\/li>\n<li>O ex-presidente da Federa\u00e7\u00e3o Portuguesa de Atletismo e atual l\u00edder da Mesa da Assembleia Geral enalteceu-o como atleta excecional, com um legado enorme para o desporto portugu\u00eas.<\/li>\n<li>Cardoso destacou Mamede como um atleta de n\u00edvel mundial, lembrando provas onde se evidenciou entre os melhores, nomeadamente nos 10.000 metros em Barcelona, em 1983.<\/li>\n<li>Mamede participou em tr\u00eas Jogos Ol\u00edmpicos: Munique 1972, Montreal 1976 e Los Angeles 1984, e manteve o recorde mundial dos 10.000 metros entre 1984 e 1989.<\/li>\n<li>Al\u00e9m do recorde, marcou presen\u00e7a no Mundial de corta-mato de 1981, em Madrid, onde conquistou a medalha de bronze; a causa de falecimento aponta para complica\u00e7\u00f5es card\u00edacas.<\/li>\n<\/ul>\n","protected":false},"author":2,"featured_media":178886,"comment_status":"closed","ping_status":"closed","sticky":false,"template":"","format":"standard","meta":{"footnotes":""},"categories":[21],"tags":[137,943,4527,152,84,1014],"class_list":["post-178873","post","type-post","status-publish","format-standard","has-post-thumbnail","hentry","category-desporto","tag-atletismo","tag-beja","tag-corta-mato","tag-desporto","tag-olimpiadas","tag-portugal"],"yoast_head":"<!-- This site is optimized with the Yoast SEO plugin v27.2 - https:\/\/yoast.com\/product\/yoast-seo-wordpress\/ -->\n<title>Carlos Paula Cardoso lembra Fernando Mamede como atleta excecional - Portal Tela Portugal<\/title>\n<meta name=\"robots\" content=\"index, follow, max-snippet:-1, max-image-preview:large, max-video-preview:-1\" \/>\n<meta property=\"og:locale\" content=\"pt_PT\" \/>\n<meta property=\"og:type\" content=\"article\" \/>\n<meta property=\"og:title\" content=\"Carlos Paula Cardoso lembra Fernando Mamede como atleta excecional - Portal Tela Portugal\" \/>\n<meta property=\"og:description\" content=\"Fernando Mamede, antigo recordista mundial dos 10.000 metros, morreu na ter\u00e7a-feira aos 74 anos, segundo o Sporting. O ex-presidente da Federa\u00e7\u00e3o Portuguesa de Atletismo e atual l\u00edder da Mesa da Assembleia Geral enalteceu-o como atleta excecional, com um legado enorme para o desporto portugu\u00eas. Cardoso destacou Mamede como um atleta de n\u00edvel mundial, lembrando provas onde se evidenciou entre os melhores, nomeadamente nos 10.000 metros em Barcelona, em 1983. Mamede participou em tr\u00eas Jogos Ol\u00edmpicos: Munique 1972, Montreal 1976 e Los Angeles 1984, e manteve o recorde mundial dos 10.000 metros entre 1984 e 1989. Al\u00e9m do recorde, marcou presen\u00e7a no Mundial de corta-mato de 1981, em Madrid, onde conquistou a medalha de bronze; a causa de falecimento aponta para complica\u00e7\u00f5es card\u00edacas.\" \/>\n<meta property=\"og:url\" content=\"https:\/\/portaltela.pt\/noticias\/2026\/01\/28\/carlos-paula-cardoso-lembra-fernando-mamede-como-atleta-excecional\/\" \/>\n<meta property=\"og:site_name\" content=\"Portal Tela Portugal\" \/>\n<meta property=\"article:published_time\" content=\"2026-01-28T13:45:23+00:00\" \/>\n<meta name=\"author\" content=\"Telinha\" \/>\n<meta name=\"twitter:card\" content=\"summary_large_image\" \/>\n<meta name=\"twitter:label1\" content=\"Escrito por\" \/>\n\t<meta name=\"twitter:data1\" content=\"Telinha\" \/>\n\t<meta name=\"twitter:label2\" content=\"Tempo estimado de leitura\" \/>\n\t<meta name=\"twitter:data2\" content=\"1 minuto\" \/>\n<script type=\"application\/ld+json\" class=\"yoast-schema-graph\">{\"@context\":\"https:\/\/schema.org\",\"@graph\":[{\"@type\":\"Article\",\"@id\":\"https:\/\/portaltela.pt\/noticias\/2026\/01\/28\/carlos-paula-cardoso-lembra-fernando-mamede-como-atleta-excecional\/#article\",\"isPartOf\":{\"@id\":\"https:\/\/portaltela.pt\/noticias\/2026\/01\/28\/carlos-paula-cardoso-lembra-fernando-mamede-como-atleta-excecional\/\"},\"author\":{\"name\":\"Telinha\",\"@id\":\"https:\/\/portaltela.pt\/#\/schema\/person\/c4278d4a6028830caff9ee44b42d32ed\"},\"headline\":\"Carlos Paula Cardoso lembra Fernando Mamede como atleta excecional\",\"datePublished\":\"2026-01-28T13:45:23+00:00\",\"mainEntityOfPage\":{\"@id\":\"https:\/\/portaltela.pt\/noticias\/2026\/01\/28\/carlos-paula-cardoso-lembra-fernando-mamede-como-atleta-excecional\/\"},\"wordCount\":307,\"image\":{\"@id\":\"https:\/\/portaltela.pt\/noticias\/2026\/01\/28\/carlos-paula-cardoso-lembra-fernando-mamede-como-atleta-excecional\/#primaryimage\"},\"thumbnailUrl\":\"https:\/\/portaltela.pt\/s.01k8rhncp4jt1\/2026\/01\/img_920x518uu2026-01-27-23-13-09-2417825-2.jpg\",\"keywords\":[\"atletismo\",\"Beja\",\"corta-mato\",\"desporto\",\"olimp\u00edadas\",\"Portugal\"],\"articleSection\":[\"Desporto\"],\"inLanguage\":\"pt-PT\"},{\"@type\":\"WebPage\",\"@id\":\"https:\/\/portaltela.pt\/noticias\/2026\/01\/28\/carlos-paula-cardoso-lembra-fernando-mamede-como-atleta-excecional\/\",\"url\":\"https:\/\/portaltela.pt\/noticias\/2026\/01\/28\/carlos-paula-cardoso-lembra-fernando-mamede-como-atleta-excecional\/\",\"name\":\"Carlos Paula Cardoso lembra Fernando Mamede como atleta excecional - Portal Tela Portugal\",\"isPartOf\":{\"@id\":\"https:\/\/portaltela.pt\/#website\"},\"primaryImageOfPage\":{\"@id\":\"https:\/\/portaltela.pt\/noticias\/2026\/01\/28\/carlos-paula-cardoso-lembra-fernando-mamede-como-atleta-excecional\/#primaryimage\"},\"image\":{\"@id\":\"https:\/\/portaltela.pt\/noticias\/2026\/01\/28\/carlos-paula-cardoso-lembra-fernando-mamede-como-atleta-excecional\/#primaryimage\"},\"thumbnailUrl\":\"https:\/\/portaltela.pt\/s.01k8rhncp4jt1\/2026\/01\/img_920x518uu2026-01-27-23-13-09-2417825-2.jpg\",\"datePublished\":\"2026-01-28T13:45:23+00:00\",\"author\":{\"@id\":\"https:\/\/portaltela.pt\/#\/schema\/person\/c4278d4a6028830caff9ee44b42d32ed\"},\"breadcrumb\":{\"@id\":\"https:\/\/portaltela.pt\/noticias\/2026\/01\/28\/carlos-paula-cardoso-lembra-fernando-mamede-como-atleta-excecional\/#breadcrumb\"},\"inLanguage\":\"pt-PT\",\"potentialAction\":[{\"@type\":\"ReadAction\",\"target\":[\"https:\/\/portaltela.pt\/noticias\/2026\/01\/28\/carlos-paula-cardoso-lembra-fernando-mamede-como-atleta-excecional\/\"]}]},{\"@type\":\"ImageObject\",\"inLanguage\":\"pt-PT\",\"@id\":\"https:\/\/portaltela.pt\/noticias\/2026\/01\/28\/carlos-paula-cardoso-lembra-fernando-mamede-como-atleta-excecional\/#primaryimage\",\"url\":\"https:\/\/portaltela.pt\/s.01k8rhncp4jt1\/2026\/01\/img_920x518uu2026-01-27-23-13-09-2417825-2.jpg\",\"contentUrl\":\"https:\/\/portaltela.pt\/s.01k8rhncp4jt1\/2026\/01\/img_920x518uu2026-01-27-23-13-09-2417825-2.jpg\",\"width\":796,\"height\":448,\"caption\":\"Fernando Mamede lembrado por Carlos Paula Cardoso\"},{\"@type\":\"BreadcrumbList\",\"@id\":\"https:\/\/portaltela.pt\/noticias\/2026\/01\/28\/carlos-paula-cardoso-lembra-fernando-mamede-como-atleta-excecional\/#breadcrumb\",\"itemListElement\":[{\"@type\":\"ListItem\",\"position\":1,\"name\":\"In\u00edcio\",\"item\":\"https:\/\/portaltela.pt\/\"},{\"@type\":\"ListItem\",\"position\":2,\"name\":\"Carlos Paula Cardoso lembra Fernando Mamede como atleta excecional\"}]},{\"@type\":\"WebSite\",\"@id\":\"https:\/\/portaltela.pt\/#website\",\"url\":\"https:\/\/portaltela.pt\/\",\"name\":\"Portal Tela Portugal\",\"description\":\"\",\"potentialAction\":[{\"@type\":\"SearchAction\",\"target\":{\"@type\":\"EntryPoint\",\"urlTemplate\":\"https:\/\/portaltela.pt\/?s={search_term_string}\"},\"query-input\":{\"@type\":\"PropertyValueSpecification\",\"valueRequired\":true,\"valueName\":\"search_term_string\"}}],\"inLanguage\":\"pt-PT\"},{\"@type\":\"Person\",\"@id\":\"https:\/\/portaltela.pt\/#\/schema\/person\/c4278d4a6028830caff9ee44b42d32ed\",\"name\":\"Telinha\",\"image\":{\"@type\":\"ImageObject\",\"inLanguage\":\"pt-PT\",\"@id\":\"https:\/\/portaltela.pt\/s.01k8rhncp4jt1\/2025\/11\/talking-bot-125x125.png\",\"url\":\"https:\/\/portaltela.pt\/s.01k8rhncp4jt1\/2025\/11\/talking-bot-125x125.png\",\"contentUrl\":\"https:\/\/portaltela.pt\/s.01k8rhncp4jt1\/2025\/11\/talking-bot-125x125.png\",\"caption\":\"Telinha\"},\"sameAs\":[\"https:\/\/portaltela.pt\/\"],\"url\":\"https:\/\/portaltela.pt\/por\/367410592786\/\"}]}<\/script>\n<!-- \/ Yoast SEO plugin. -->","yoast_head_json":{"title":"Carlos Paula Cardoso lembra Fernando Mamede como atleta excecional - Portal Tela Portugal","robots":{"index":"index","follow":"follow","max-snippet":"max-snippet:-1","max-image-preview":"max-image-preview:large","max-video-preview":"max-video-preview:-1"},"og_locale":"pt_PT","og_type":"article","og_title":"Carlos Paula Cardoso lembra Fernando Mamede como atleta excecional - Portal Tela Portugal","og_description":"Fernando Mamede, antigo recordista mundial dos 10.000 metros, morreu na ter\u00e7a-feira aos 74 anos, segundo o Sporting. O ex-presidente da Federa\u00e7\u00e3o Portuguesa de Atletismo e atual l\u00edder da Mesa da Assembleia Geral enalteceu-o como atleta excecional, com um legado enorme para o desporto portugu\u00eas. Cardoso destacou Mamede como um atleta de n\u00edvel mundial, lembrando provas onde se evidenciou entre os melhores, nomeadamente nos 10.000 metros em Barcelona, em 1983. Mamede participou em tr\u00eas Jogos Ol\u00edmpicos: Munique 1972, Montreal 1976 e Los Angeles 1984, e manteve o recorde mundial dos 10.000 metros entre 1984 e 1989. Al\u00e9m do recorde, marcou presen\u00e7a no Mundial de corta-mato de 1981, em Madrid, onde conquistou a medalha de bronze; a causa de falecimento aponta para complica\u00e7\u00f5es card\u00edacas.","og_url":"https:\/\/portaltela.pt\/noticias\/2026\/01\/28\/carlos-paula-cardoso-lembra-fernando-mamede-como-atleta-excecional\/","og_site_name":"Portal Tela Portugal","article_published_time":"2026-01-28T13:45:23+00:00","author":"Telinha","twitter_card":"summary_large_image","twitter_misc":{"Escrito por":"Telinha","Tempo estimado de leitura":"1 minuto"},"schema":{"@context":"https:\/\/schema.org","@graph":[{"@type":"Article","@id":"https:\/\/portaltela.pt\/noticias\/2026\/01\/28\/carlos-paula-cardoso-lembra-fernando-mamede-como-atleta-excecional\/#article","isPartOf":{"@id":"https:\/\/portaltela.pt\/noticias\/2026\/01\/28\/carlos-paula-cardoso-lembra-fernando-mamede-como-atleta-excecional\/"},"author":{"name":"Telinha","@id":"https:\/\/portaltela.pt\/#\/schema\/person\/c4278d4a6028830caff9ee44b42d32ed"},"headline":"Carlos Paula Cardoso lembra Fernando Mamede como atleta excecional","datePublished":"2026-01-28T13:45:23+00:00","mainEntityOfPage":{"@id":"https:\/\/portaltela.pt\/noticias\/2026\/01\/28\/carlos-paula-cardoso-lembra-fernando-mamede-como-atleta-excecional\/"},"wordCount":307,"image":{"@id":"https:\/\/portaltela.pt\/noticias\/2026\/01\/28\/carlos-paula-cardoso-lembra-fernando-mamede-como-atleta-excecional\/#primaryimage"},"thumbnailUrl":"https:\/\/portaltela.pt\/s.01k8rhncp4jt1\/2026\/01\/img_920x518uu2026-01-27-23-13-09-2417825-2.jpg","keywords":["atletismo","Beja","corta-mato","desporto","olimp\u00edadas","Portugal"],"articleSection":["Desporto"],"inLanguage":"pt-PT"},{"@type":"WebPage","@id":"https:\/\/portaltela.pt\/noticias\/2026\/01\/28\/carlos-paula-cardoso-lembra-fernando-mamede-como-atleta-excecional\/","url":"https:\/\/portaltela.pt\/noticias\/2026\/01\/28\/carlos-paula-cardoso-lembra-fernando-mamede-como-atleta-excecional\/","name":"Carlos Paula Cardoso lembra Fernando Mamede como atleta excecional - Portal Tela Portugal","isPartOf":{"@id":"https:\/\/portaltela.pt\/#website"},"primaryImageOfPage":{"@id":"https:\/\/portaltela.pt\/noticias\/2026\/01\/28\/carlos-paula-cardoso-lembra-fernando-mamede-como-atleta-excecional\/#primaryimage"},"image":{"@id":"https:\/\/portaltela.pt\/noticias\/2026\/01\/28\/carlos-paula-cardoso-lembra-fernando-mamede-como-atleta-excecional\/#primaryimage"},"thumbnailUrl":"https:\/\/portaltela.pt\/s.01k8rhncp4jt1\/2026\/01\/img_920x518uu2026-01-27-23-13-09-2417825-2.jpg","datePublished":"2026-01-28T13:45:23+00:00","author":{"@id":"https:\/\/portaltela.pt\/#\/schema\/person\/c4278d4a6028830caff9ee44b42d32ed"},"breadcrumb":{"@id":"https:\/\/portaltela.pt\/noticias\/2026\/01\/28\/carlos-paula-cardoso-lembra-fernando-mamede-como-atleta-excecional\/#breadcrumb"},"inLanguage":"pt-PT","potentialAction":[{"@type":"ReadAction","target":["https:\/\/portaltela.pt\/noticias\/2026\/01\/28\/carlos-paula-cardoso-lembra-fernando-mamede-como-atleta-excecional\/"]}]},{"@type":"ImageObject","inLanguage":"pt-PT","@id":"https:\/\/portaltela.pt\/noticias\/2026\/01\/28\/carlos-paula-cardoso-lembra-fernando-mamede-como-atleta-excecional\/#primaryimage","url":"https:\/\/portaltela.pt\/s.01k8rhncp4jt1\/2026\/01\/img_920x518uu2026-01-27-23-13-09-2417825-2.jpg","contentUrl":"https:\/\/portaltela.pt\/s.01k8rhncp4jt1\/2026\/01\/img_920x518uu2026-01-27-23-13-09-2417825-2.jpg","width":796,"height":448,"caption":"Fernando Mamede lembrado por Carlos Paula Cardoso"},{"@type":"BreadcrumbList","@id":"https:\/\/portaltela.pt\/noticias\/2026\/01\/28\/carlos-paula-cardoso-lembra-fernando-mamede-como-atleta-excecional\/#breadcrumb","itemListElement":[{"@type":"ListItem","position":1,"name":"In\u00edcio","item":"https:\/\/portaltela.pt\/"},{"@type":"ListItem","position":2,"name":"Carlos Paula Cardoso lembra Fernando Mamede como atleta excecional"}]},{"@type":"WebSite","@id":"https:\/\/portaltela.pt\/#website","url":"https:\/\/portaltela.pt\/","name":"Portal Tela Portugal","description":"","potentialAction":[{"@type":"SearchAction","target":{"@type":"EntryPoint","urlTemplate":"https:\/\/portaltela.pt\/?s={search_term_string}"},"query-input":{"@type":"PropertyValueSpecification","valueRequired":true,"valueName":"search_term_string"}}],"inLanguage":"pt-PT"},{"@type":"Person","@id":"https:\/\/portaltela.pt\/#\/schema\/person\/c4278d4a6028830caff9ee44b42d32ed","name":"Telinha","image":{"@type":"ImageObject","inLanguage":"pt-PT","@id":"https:\/\/portaltela.pt\/s.01k8rhncp4jt1\/2025\/11\/talking-bot-125x125.png","url":"https:\/\/portaltela.pt\/s.01k8rhncp4jt1\/2025\/11\/talking-bot-125x125.png","contentUrl":"https:\/\/portaltela.pt\/s.01k8rhncp4jt1\/2025\/11\/talking-bot-125x125.png","caption":"Telinha"},"sameAs":["https:\/\/portaltela.pt\/"],"url":"https:\/\/portaltela.pt\/por\/367410592786\/"}]}},"_links":{"self":[{"href":"https:\/\/portaltela.pt\/api\/wp\/v2\/posts\/178873","targetHints":{"allow":["GET"]}}],"collection":[{"href":"https:\/\/portaltela.pt\/api\/wp\/v2\/posts"}],"about":[{"href":"https:\/\/portaltela.pt\/api\/wp\/v2\/types\/post"}],"author":[{"embeddable":true,"href":"https:\/\/portaltela.pt\/api\/wp\/v2\/users\/2"}],"replies":[{"embeddable":true,"href":"https:\/\/portaltela.pt\/api\/wp\/v2\/comments?post=178873"}],"version-history":[{"count":0,"href":"https:\/\/portaltela.pt\/api\/wp\/v2\/posts\/178873\/revisions"}],"wp:featuredmedia":[{"embeddable":true,"href":"https:\/\/portaltela.pt\/api\/wp\/v2\/media\/178886"}],"wp:attachment":[{"href":"https:\/\/portaltela.pt\/api\/wp\/v2\/media?parent=178873"}],"wp:term":[{"taxonomy":"category","embeddable":true,"href":"https:\/\/portaltela.pt\/api\/wp\/v2\/categories?post=178873"},{"taxonomy":"post_tag","embeddable":true,"href":"https:\/\/portaltela.pt\/api\/wp\/v2\/tags?post=178873"}],"curies":[{"name":"wp","href":"https:\/\/api.w.org\/{rel}","templated":true}]}}