{"id":178865,"date":"2026-01-28T10:27:11","date_gmt":"2026-01-28T13:27:11","guid":{"rendered":"https:\/\/portaltela.pt\/noticias\/2026\/01\/28\/n26-lanca-cartao-de-debito-para-criancas\/"},"modified":"2026-01-28T10:27:11","modified_gmt":"2026-01-28T13:27:11","slug":"n26-lanca-cartao-de-debito-para-criancas","status":"publish","type":"post","link":"https:\/\/portaltela.pt\/noticias\/economia\/2026\/01\/28\/n26-lanca-cartao-de-debito-para-criancas\/","title":{"rendered":"N26 lan\u00e7a cart\u00e3o de d\u00e9bito para crian\u00e7as"},"content":{"rendered":"<p>O banco digital alem\u00e3o N26 anunciou o lan\u00e7amento de um cart\u00e3o de d\u00e9bito destinado a crian\u00e7as e adolescentes entre os 7 e os 17 anos. O produto permite aos pais manter o controlo total, definindo limites, regras do cart\u00e3o e monitorizando a atividade da conta.<\/p>\n<p>A abertura de uma conta N26 para menores de 18 anos \u00e9 poss\u00edvel apenas para clientes eleg\u00edveis na Alemanha e na \u00c1ustria. \u00c9 necess\u00e1rio que os pais j\u00e1 tenham uma conta ativa na N26 e apresentem uma certid\u00e3o de nascimento v\u00e1lida para verifica\u00e7\u00e3o. Os jovens podem escolher entre sete modelos de cart\u00e3o.<\/p>\n<p>Os respons\u00e1veis pela N26 destacam que os pagamentos digitais j\u00e1 s\u00e3o parte do quotidiano, mesmo em mercados com maior uso de dinheiro. O objetivo \u00e9 capacitar os filhos para desenvolver compet\u00eancias modernas de gest\u00e3o financeira desde cedo, mantendo a supervis\u00e3o dos pais.<\/p>\n<h3>Condi\u00e7\u00f5es de acesso<\/h3>\n<p>A oferta destina-se a clientes eleg\u00edveis na Alemanha e na \u00c1ustria e est\u00e1 sujeita a confirma\u00e7\u00e3o de identidade. A conta para menores de 18 anos requer a titularidade pr\u00e9via de uma conta N26 pelos pais.<\/p>\n<h3>Detalhes do cart\u00e3o<\/h3>\n<p>Os menores podem optar por um dos sete modelos de cart\u00e3o dispon\u00edveis. A gest\u00e3o parental inclui defini\u00e7\u00e3o de limites de gasto, configura\u00e7\u00f5es do cart\u00e3o e monitoriza\u00e7\u00e3o cont\u00ednua da atividade da conta.<\/p>\n","protected":false},"excerpt":{"rendered":"<ul>\n<li>O banco digital alem\u00e3o N26 vai lan\u00e7ar um cart\u00e3o de d\u00e9bito para crian\u00e7as e adolescentes entre os 7 e os 17 anos.<\/li>\n<li>O cart\u00e3o est\u00e1 dispon\u00edvel para clientes eleg\u00edveis na Alemanha e na \u00c1ustria, e a abertura de conta para menores exige uma conta N26 ativa dos pais e uma certid\u00e3o de nascimento v\u00e1lida para verifica\u00e7\u00e3o.<\/li>\n<li>As crian\u00e7as podem escolher entre sete modelos de cart\u00e3o, ficando os pais respons\u00e1veis por definir limites de gastos, configura\u00e7\u00f5es do cart\u00e3o e pela monitoriza\u00e7\u00e3o da atividade da conta.<\/li>\n<li>O objetivo \u00e9 proporcionar uma primeira experi\u00eancia de independ\u00eancia financeira, mantendo controlo parental.<\/li>\n<li>O co-CEO Marcus Mosen destaca que pagamentos digitais s\u00e3o j\u00e1 uma parte central do dia a dia, mesmo em mercados com maior uso de dinheiro, e o produto visa ajudar os filhos a desenvolver compet\u00eancias modernas de gest\u00e3o financeira.<\/li>\n<\/ul>\n","protected":false},"author":2,"featured_media":178891,"comment_status":"closed","ping_status":"closed","sticky":false,"template":"","format":"standard","meta":{"footnotes":""},"categories":[2,1],"tags":[1603,2322,2584,175,33,153],"class_list":["post-178865","post","type-post","status-publish","format-standard","has-post-thumbnail","hentry","category-economia","category-noticias","tag-alemanha","tag-cartoes-de-credito","tag-financas","tag-financas-pessoais","tag-inovacao","tag-tecnologia"],"yoast_head":"<!-- This site is optimized with the Yoast SEO plugin v27.2 - https:\/\/yoast.com\/product\/yoast-seo-wordpress\/ -->\n<title>N26 lan\u00e7a cart\u00e3o de d\u00e9bito para crian\u00e7as - Portal Tela Portugal<\/title>\n<meta name=\"robots\" content=\"index, follow, max-snippet:-1, max-image-preview:large, max-video-preview:-1\" \/>\n<meta property=\"og:locale\" content=\"pt_PT\" \/>\n<meta property=\"og:type\" content=\"article\" \/>\n<meta property=\"og:title\" content=\"N26 lan\u00e7a cart\u00e3o de d\u00e9bito para crian\u00e7as - Portal Tela Portugal\" \/>\n<meta property=\"og:description\" content=\"O banco digital alem\u00e3o N26 vai lan\u00e7ar um cart\u00e3o de d\u00e9bito para crian\u00e7as e adolescentes entre os 7 e os 17 anos. O cart\u00e3o est\u00e1 dispon\u00edvel para clientes eleg\u00edveis na Alemanha e na \u00c1ustria, e a abertura de conta para menores exige uma conta N26 ativa dos pais e uma certid\u00e3o de nascimento v\u00e1lida para verifica\u00e7\u00e3o. As crian\u00e7as podem escolher entre sete modelos de cart\u00e3o, ficando os pais respons\u00e1veis por definir limites de gastos, configura\u00e7\u00f5es do cart\u00e3o e pela monitoriza\u00e7\u00e3o da atividade da conta. O objetivo \u00e9 proporcionar uma primeira experi\u00eancia de independ\u00eancia financeira, mantendo controlo parental. O co-CEO Marcus Mosen destaca que pagamentos digitais s\u00e3o j\u00e1 uma parte central do dia a dia, mesmo em mercados com maior uso de dinheiro, e o produto visa ajudar os filhos a desenvolver compet\u00eancias modernas de gest\u00e3o financeira.\" \/>\n<meta property=\"og:url\" content=\"https:\/\/portaltela.pt\/noticias\/2026\/01\/28\/n26-lanca-cartao-de-debito-para-criancas\/\" \/>\n<meta property=\"og:site_name\" content=\"Portal Tela Portugal\" \/>\n<meta property=\"article:published_time\" content=\"2026-01-28T13:27:11+00:00\" \/>\n<meta name=\"author\" content=\"Telinha\" \/>\n<meta name=\"twitter:card\" content=\"summary_large_image\" \/>\n<meta name=\"twitter:label1\" content=\"Escrito por\" \/>\n\t<meta name=\"twitter:data1\" content=\"Telinha\" \/>\n\t<meta name=\"twitter:label2\" content=\"Tempo estimado de leitura\" \/>\n\t<meta name=\"twitter:data2\" content=\"1 minuto\" \/>\n<script type=\"application\/ld+json\" class=\"yoast-schema-graph\">{\"@context\":\"https:\/\/schema.org\",\"@graph\":[{\"@type\":\"Article\",\"@id\":\"https:\/\/portaltela.pt\/noticias\/2026\/01\/28\/n26-lanca-cartao-de-debito-para-criancas\/#article\",\"isPartOf\":{\"@id\":\"https:\/\/portaltela.pt\/noticias\/2026\/01\/28\/n26-lanca-cartao-de-debito-para-criancas\/\"},\"author\":{\"name\":\"Telinha\",\"@id\":\"https:\/\/portaltela.pt\/#\/schema\/person\/c4278d4a6028830caff9ee44b42d32ed\"},\"headline\":\"N26 lan\u00e7a cart\u00e3o de d\u00e9bito para crian\u00e7as\",\"datePublished\":\"2026-01-28T13:27:11+00:00\",\"mainEntityOfPage\":{\"@id\":\"https:\/\/portaltela.pt\/noticias\/2026\/01\/28\/n26-lanca-cartao-de-debito-para-criancas\/\"},\"wordCount\":246,\"image\":{\"@id\":\"https:\/\/portaltela.pt\/noticias\/2026\/01\/28\/n26-lanca-cartao-de-debito-para-criancas\/#primaryimage\"},\"thumbnailUrl\":\"https:\/\/portaltela.pt\/s.01k8rhncp4jt1\/2026\/01\/unnamed-file-5612.jpg\",\"keywords\":[\"Alemanha\",\"Cart\u00f5es de Cr\u00e9dito\",\"finan\u00e7as\",\"finan\u00e7as pessoais\",\"inova\u00e7\u00e3o\",\"tecnologia\"],\"articleSection\":[\"Economia\",\"Not\u00edcias\"],\"inLanguage\":\"pt-PT\"},{\"@type\":\"WebPage\",\"@id\":\"https:\/\/portaltela.pt\/noticias\/2026\/01\/28\/n26-lanca-cartao-de-debito-para-criancas\/\",\"url\":\"https:\/\/portaltela.pt\/noticias\/2026\/01\/28\/n26-lanca-cartao-de-debito-para-criancas\/\",\"name\":\"N26 lan\u00e7a cart\u00e3o de d\u00e9bito para crian\u00e7as - Portal Tela Portugal\",\"isPartOf\":{\"@id\":\"https:\/\/portaltela.pt\/#website\"},\"primaryImageOfPage\":{\"@id\":\"https:\/\/portaltela.pt\/noticias\/2026\/01\/28\/n26-lanca-cartao-de-debito-para-criancas\/#primaryimage\"},\"image\":{\"@id\":\"https:\/\/portaltela.pt\/noticias\/2026\/01\/28\/n26-lanca-cartao-de-debito-para-criancas\/#primaryimage\"},\"thumbnailUrl\":\"https:\/\/portaltela.pt\/s.01k8rhncp4jt1\/2026\/01\/unnamed-file-5612.jpg\",\"datePublished\":\"2026-01-28T13:27:11+00:00\",\"author\":{\"@id\":\"https:\/\/portaltela.pt\/#\/schema\/person\/c4278d4a6028830caff9ee44b42d32ed\"},\"breadcrumb\":{\"@id\":\"https:\/\/portaltela.pt\/noticias\/2026\/01\/28\/n26-lanca-cartao-de-debito-para-criancas\/#breadcrumb\"},\"inLanguage\":\"pt-PT\",\"potentialAction\":[{\"@type\":\"ReadAction\",\"target\":[\"https:\/\/portaltela.pt\/noticias\/2026\/01\/28\/n26-lanca-cartao-de-debito-para-criancas\/\"]}]},{\"@type\":\"ImageObject\",\"inLanguage\":\"pt-PT\",\"@id\":\"https:\/\/portaltela.pt\/noticias\/2026\/01\/28\/n26-lanca-cartao-de-debito-para-criancas\/#primaryimage\",\"url\":\"https:\/\/portaltela.pt\/s.01k8rhncp4jt1\/2026\/01\/unnamed-file-5612.jpg\",\"contentUrl\":\"https:\/\/portaltela.pt\/s.01k8rhncp4jt1\/2026\/01\/unnamed-file-5612.jpg\",\"width\":796,\"height\":448,\"caption\":\"N26 lan\u00e7a cart\u00e3o de d\u00e9bito infantil\"},{\"@type\":\"BreadcrumbList\",\"@id\":\"https:\/\/portaltela.pt\/noticias\/2026\/01\/28\/n26-lanca-cartao-de-debito-para-criancas\/#breadcrumb\",\"itemListElement\":[{\"@type\":\"ListItem\",\"position\":1,\"name\":\"In\u00edcio\",\"item\":\"https:\/\/portaltela.pt\/\"},{\"@type\":\"ListItem\",\"position\":2,\"name\":\"N26 lan\u00e7a cart\u00e3o de d\u00e9bito para crian\u00e7as\"}]},{\"@type\":\"WebSite\",\"@id\":\"https:\/\/portaltela.pt\/#website\",\"url\":\"https:\/\/portaltela.pt\/\",\"name\":\"Portal Tela Portugal\",\"description\":\"\",\"potentialAction\":[{\"@type\":\"SearchAction\",\"target\":{\"@type\":\"EntryPoint\",\"urlTemplate\":\"https:\/\/portaltela.pt\/?s={search_term_string}\"},\"query-input\":{\"@type\":\"PropertyValueSpecification\",\"valueRequired\":true,\"valueName\":\"search_term_string\"}}],\"inLanguage\":\"pt-PT\"},{\"@type\":\"Person\",\"@id\":\"https:\/\/portaltela.pt\/#\/schema\/person\/c4278d4a6028830caff9ee44b42d32ed\",\"name\":\"Telinha\",\"image\":{\"@type\":\"ImageObject\",\"inLanguage\":\"pt-PT\",\"@id\":\"https:\/\/portaltela.pt\/s.01k8rhncp4jt1\/2025\/11\/talking-bot-125x125.png\",\"url\":\"https:\/\/portaltela.pt\/s.01k8rhncp4jt1\/2025\/11\/talking-bot-125x125.png\",\"contentUrl\":\"https:\/\/portaltela.pt\/s.01k8rhncp4jt1\/2025\/11\/talking-bot-125x125.png\",\"caption\":\"Telinha\"},\"sameAs\":[\"https:\/\/portaltela.pt\/\"],\"url\":\"https:\/\/portaltela.pt\/por\/367410592786\/\"}]}<\/script>\n<!-- \/ Yoast SEO plugin. -->","yoast_head_json":{"title":"N26 lan\u00e7a cart\u00e3o de d\u00e9bito para crian\u00e7as - Portal Tela Portugal","robots":{"index":"index","follow":"follow","max-snippet":"max-snippet:-1","max-image-preview":"max-image-preview:large","max-video-preview":"max-video-preview:-1"},"og_locale":"pt_PT","og_type":"article","og_title":"N26 lan\u00e7a cart\u00e3o de d\u00e9bito para crian\u00e7as - Portal Tela Portugal","og_description":"O banco digital alem\u00e3o N26 vai lan\u00e7ar um cart\u00e3o de d\u00e9bito para crian\u00e7as e adolescentes entre os 7 e os 17 anos. O cart\u00e3o est\u00e1 dispon\u00edvel para clientes eleg\u00edveis na Alemanha e na \u00c1ustria, e a abertura de conta para menores exige uma conta N26 ativa dos pais e uma certid\u00e3o de nascimento v\u00e1lida para verifica\u00e7\u00e3o. As crian\u00e7as podem escolher entre sete modelos de cart\u00e3o, ficando os pais respons\u00e1veis por definir limites de gastos, configura\u00e7\u00f5es do cart\u00e3o e pela monitoriza\u00e7\u00e3o da atividade da conta. O objetivo \u00e9 proporcionar uma primeira experi\u00eancia de independ\u00eancia financeira, mantendo controlo parental. O co-CEO Marcus Mosen destaca que pagamentos digitais s\u00e3o j\u00e1 uma parte central do dia a dia, mesmo em mercados com maior uso de dinheiro, e o produto visa ajudar os filhos a desenvolver compet\u00eancias modernas de gest\u00e3o financeira.","og_url":"https:\/\/portaltela.pt\/noticias\/2026\/01\/28\/n26-lanca-cartao-de-debito-para-criancas\/","og_site_name":"Portal Tela Portugal","article_published_time":"2026-01-28T13:27:11+00:00","author":"Telinha","twitter_card":"summary_large_image","twitter_misc":{"Escrito por":"Telinha","Tempo estimado de leitura":"1 minuto"},"schema":{"@context":"https:\/\/schema.org","@graph":[{"@type":"Article","@id":"https:\/\/portaltela.pt\/noticias\/2026\/01\/28\/n26-lanca-cartao-de-debito-para-criancas\/#article","isPartOf":{"@id":"https:\/\/portaltela.pt\/noticias\/2026\/01\/28\/n26-lanca-cartao-de-debito-para-criancas\/"},"author":{"name":"Telinha","@id":"https:\/\/portaltela.pt\/#\/schema\/person\/c4278d4a6028830caff9ee44b42d32ed"},"headline":"N26 lan\u00e7a cart\u00e3o de d\u00e9bito para crian\u00e7as","datePublished":"2026-01-28T13:27:11+00:00","mainEntityOfPage":{"@id":"https:\/\/portaltela.pt\/noticias\/2026\/01\/28\/n26-lanca-cartao-de-debito-para-criancas\/"},"wordCount":246,"image":{"@id":"https:\/\/portaltela.pt\/noticias\/2026\/01\/28\/n26-lanca-cartao-de-debito-para-criancas\/#primaryimage"},"thumbnailUrl":"https:\/\/portaltela.pt\/s.01k8rhncp4jt1\/2026\/01\/unnamed-file-5612.jpg","keywords":["Alemanha","Cart\u00f5es de Cr\u00e9dito","finan\u00e7as","finan\u00e7as pessoais","inova\u00e7\u00e3o","tecnologia"],"articleSection":["Economia","Not\u00edcias"],"inLanguage":"pt-PT"},{"@type":"WebPage","@id":"https:\/\/portaltela.pt\/noticias\/2026\/01\/28\/n26-lanca-cartao-de-debito-para-criancas\/","url":"https:\/\/portaltela.pt\/noticias\/2026\/01\/28\/n26-lanca-cartao-de-debito-para-criancas\/","name":"N26 lan\u00e7a cart\u00e3o de d\u00e9bito para crian\u00e7as - Portal Tela Portugal","isPartOf":{"@id":"https:\/\/portaltela.pt\/#website"},"primaryImageOfPage":{"@id":"https:\/\/portaltela.pt\/noticias\/2026\/01\/28\/n26-lanca-cartao-de-debito-para-criancas\/#primaryimage"},"image":{"@id":"https:\/\/portaltela.pt\/noticias\/2026\/01\/28\/n26-lanca-cartao-de-debito-para-criancas\/#primaryimage"},"thumbnailUrl":"https:\/\/portaltela.pt\/s.01k8rhncp4jt1\/2026\/01\/unnamed-file-5612.jpg","datePublished":"2026-01-28T13:27:11+00:00","author":{"@id":"https:\/\/portaltela.pt\/#\/schema\/person\/c4278d4a6028830caff9ee44b42d32ed"},"breadcrumb":{"@id":"https:\/\/portaltela.pt\/noticias\/2026\/01\/28\/n26-lanca-cartao-de-debito-para-criancas\/#breadcrumb"},"inLanguage":"pt-PT","potentialAction":[{"@type":"ReadAction","target":["https:\/\/portaltela.pt\/noticias\/2026\/01\/28\/n26-lanca-cartao-de-debito-para-criancas\/"]}]},{"@type":"ImageObject","inLanguage":"pt-PT","@id":"https:\/\/portaltela.pt\/noticias\/2026\/01\/28\/n26-lanca-cartao-de-debito-para-criancas\/#primaryimage","url":"https:\/\/portaltela.pt\/s.01k8rhncp4jt1\/2026\/01\/unnamed-file-5612.jpg","contentUrl":"https:\/\/portaltela.pt\/s.01k8rhncp4jt1\/2026\/01\/unnamed-file-5612.jpg","width":796,"height":448,"caption":"N26 lan\u00e7a cart\u00e3o de d\u00e9bito infantil"},{"@type":"BreadcrumbList","@id":"https:\/\/portaltela.pt\/noticias\/2026\/01\/28\/n26-lanca-cartao-de-debito-para-criancas\/#breadcrumb","itemListElement":[{"@type":"ListItem","position":1,"name":"In\u00edcio","item":"https:\/\/portaltela.pt\/"},{"@type":"ListItem","position":2,"name":"N26 lan\u00e7a cart\u00e3o de d\u00e9bito para crian\u00e7as"}]},{"@type":"WebSite","@id":"https:\/\/portaltela.pt\/#website","url":"https:\/\/portaltela.pt\/","name":"Portal Tela Portugal","description":"","potentialAction":[{"@type":"SearchAction","target":{"@type":"EntryPoint","urlTemplate":"https:\/\/portaltela.pt\/?s={search_term_string}"},"query-input":{"@type":"PropertyValueSpecification","valueRequired":true,"valueName":"search_term_string"}}],"inLanguage":"pt-PT"},{"@type":"Person","@id":"https:\/\/portaltela.pt\/#\/schema\/person\/c4278d4a6028830caff9ee44b42d32ed","name":"Telinha","image":{"@type":"ImageObject","inLanguage":"pt-PT","@id":"https:\/\/portaltela.pt\/s.01k8rhncp4jt1\/2025\/11\/talking-bot-125x125.png","url":"https:\/\/portaltela.pt\/s.01k8rhncp4jt1\/2025\/11\/talking-bot-125x125.png","contentUrl":"https:\/\/portaltela.pt\/s.01k8rhncp4jt1\/2025\/11\/talking-bot-125x125.png","caption":"Telinha"},"sameAs":["https:\/\/portaltela.pt\/"],"url":"https:\/\/portaltela.pt\/por\/367410592786\/"}]}},"_links":{"self":[{"href":"https:\/\/portaltela.pt\/api\/wp\/v2\/posts\/178865","targetHints":{"allow":["GET"]}}],"collection":[{"href":"https:\/\/portaltela.pt\/api\/wp\/v2\/posts"}],"about":[{"href":"https:\/\/portaltela.pt\/api\/wp\/v2\/types\/post"}],"author":[{"embeddable":true,"href":"https:\/\/portaltela.pt\/api\/wp\/v2\/users\/2"}],"replies":[{"embeddable":true,"href":"https:\/\/portaltela.pt\/api\/wp\/v2\/comments?post=178865"}],"version-history":[{"count":0,"href":"https:\/\/portaltela.pt\/api\/wp\/v2\/posts\/178865\/revisions"}],"wp:featuredmedia":[{"embeddable":true,"href":"https:\/\/portaltela.pt\/api\/wp\/v2\/media\/178891"}],"wp:attachment":[{"href":"https:\/\/portaltela.pt\/api\/wp\/v2\/media?parent=178865"}],"wp:term":[{"taxonomy":"category","embeddable":true,"href":"https:\/\/portaltela.pt\/api\/wp\/v2\/categories?post=178865"},{"taxonomy":"post_tag","embeddable":true,"href":"https:\/\/portaltela.pt\/api\/wp\/v2\/tags?post=178865"}],"curies":[{"name":"wp","href":"https:\/\/api.w.org\/{rel}","templated":true}]}}